{"id":2745,"date":"2024-11-06T09:28:28","date_gmt":"2024-11-06T09:28:28","guid":{"rendered":"https:\/\/stourm.news\/?p=2745"},"modified":"2024-11-06T19:05:14","modified_gmt":"2024-11-06T19:05:14","slug":"editorial-la-fermeture-de-michelin-a-vannes-plaidoyer-pour-une-independance-bretonne-et-une-souverainete-industrielle-immediate","status":"publish","type":"post","link":"https:\/\/stourm.news\/?p=2745","title":{"rendered":"\u00c9ditorial : \u00ab\u00a0La fermeture de Michelin \u00e0 Vannes : Plaidoyer pour une ind\u00e9pendance bretonne et une souverainet\u00e9 industrielle imm\u00e9diate\u00a0\u00bb"},"content":{"rendered":"<p style=\"text-align: justify;\">Pour un ind\u00e9pendantiste breton convaincu que seule la souverainet\u00e9 compl\u00e8te de la Bretagne permettra de mettre fin aux fermetures d\u2019usines dict\u00e9es depuis Paris ou par des multinationales \u00e9trang\u00e8res, la fermeture du site Michelin de Vannes incarne l&rsquo;\u00e9chec d\u2019un syst\u00e8me o\u00f9 la Bretagne est rel\u00e9gu\u00e9e au rang de p\u00e9riph\u00e9rie. Cette situation exige une prise de contr\u00f4le imm\u00e9diate des moyens de production et une strat\u00e9gie \u00e9conomique ancr\u00e9e dans un futur \u00e9tat breton ind\u00e9pendant.<\/p>\n<p style=\"text-align: justify;\"><strong>Solutions \u00e9conomiques imm\u00e9diates dans un cadre d&rsquo;\u00c9tat breton<\/strong><\/p>\n<p style=\"text-align: justify;\"><strong>Premi\u00e8rement, la nationalisation des actifs industriels essentiels.<\/strong> Dans un contexte d&rsquo;ind\u00e9pendance bretonne, l\u2019\u00c9tat breton reprendrait imm\u00e9diatement possession du site Michelin de Vannes et de ses installations. Ce site, essentiel pour l&#8217;emploi et l\u2019\u00e9conomie locale, pourrait \u00eatre nationalis\u00e9 et int\u00e9gr\u00e9 dans un programme industriel breton, cr\u00e9ant ainsi des emplois sous l&rsquo;\u00e9gide d&rsquo;une nouvelle entreprise nationale bretonne de fabrication ou de transformation industrielle.<\/p>\n<p style=\"text-align: justify;\"><strong>Deuxi\u00e8mement, la cr\u00e9ation d&rsquo;une banque nationale bretonne pour financer le tissu industriel de la Bretagne.<\/strong> Un \u00c9tat breton aurait la capacit\u00e9 de cr\u00e9er une banque nationale d\u00e9di\u00e9e au financement de projets bretons. Cette institution serait charg\u00e9e de financer les PME, coop\u00e9ratives, et industries strat\u00e9giques \u00e0 taux r\u00e9duits, sans passer par les r\u00e9seaux bancaires fran\u00e7ais. Cette banque publique bretonne investirait d\u2019abord dans la r\u00e9habilitation et la modernisation du site de Vannes pour relancer l\u2019emploi imm\u00e9diatement, avec une priorit\u00e9 donn\u00e9e aux projets cr\u00e9ateurs de valeur ajout\u00e9e et respectueux des ressources locales.<\/p>\n<p style=\"text-align: justify;\"><strong>Troisi\u00e8mement, la cr\u00e9ation d\u2019une zone franche bretonne pour les industries strat\u00e9giques.<\/strong> Pour attirer des industries et des technologies essentielles, un \u00c9tat breton pourrait transformer la Bretagne en une zone franche pour certains secteurs d&rsquo;importance strat\u00e9gique : \u00e9nergies renouvelables, technologies marines et transformation alimentaire de haute qualit\u00e9. En exemptant d&rsquo;imp\u00f4ts les entreprises locales de ces secteurs, le gouvernement breton inciterait les acteurs \u00e0 investir sur des sites industriels comme celui de Vannes.<\/p>\n<p style=\"text-align: justify;\"><strong>Quatri\u00e8mement, renforcer la souverainet\u00e9 sur les exportations et relocalisation des cha\u00eenes d&rsquo;approvisionnement.<\/strong> Un \u00c9tat breton pourrait contr\u00f4ler directement ses \u00e9changes \u00e9conomiques, en misant sur les exportations de produits bretons \u00e0 forte valeur ajout\u00e9e et en instaurant une politique de relocalisation pour les cha\u00eenes d\u2019approvisionnement. Le site de Vannes, parmi d&rsquo;autres, pourrait accueillir des entreprises bretonnes de transformation et de fabrication, afin de r\u00e9duire la d\u00e9pendance aux importations et de promouvoir une \u00e9conomie de circuit court, o\u00f9 les produits bretons sont con\u00e7us, transform\u00e9s et distribu\u00e9s directement depuis la Bretagne.<\/p>\n<div class=\"flex max-w-full flex-col flex-grow\">\n<div class=\"min-h-8 text-message flex w-full flex-col items-end gap-2 whitespace-normal break-words [.text-message+&amp;]:mt-5\" dir=\"auto\" data-message-author-role=\"assistant\" data-message-id=\"9c1c54e5-b5f2-44b8-9409-3542267fd84d\" data-message-model-slug=\"gpt-4o\">\n<div class=\"flex w-full flex-col gap-1 empty:hidden first:pt-[3px]\">\n<div class=\"markdown prose w-full break-words dark:prose-invert light\">\n<p><strong>Solutions politiques imm\u00e9diates<\/strong><\/p>\n<p style=\"text-align: justify;\"><strong>La proclamation de l\u2019ind\u00e9pendance bretonne pour reprendre le contr\u00f4le des politiques \u00e9conomiques.<\/strong>\u00a0La situation actuelle exige des mesures d\u00e9cisives. Un \u00c9tat breton ind\u00e9pendant aurait la possibilit\u00e9 d\u2019intervenir directement dans les affaires \u00e9conomiques et industrielles sans l\u2019aval de Paris, permettant ainsi de transformer la Bretagne en une nation \u00e9conomiquement souveraine et socialement responsable.<\/p>\n<p style=\"text-align: justify;\"><strong>La cr\u00e9ation d\u2019un minist\u00e8re breton de l&rsquo;Industrie et de l&rsquo;Innovation.<\/strong> Ce minist\u00e8re se concentrerait sp\u00e9cifiquement sur les besoins industriels bretons, en prenant en main le d\u00e9veloppement d&rsquo;infrastructures, l&rsquo;encouragement \u00e0 la cr\u00e9ation d&rsquo;entreprises et la conversion des sites industriels laiss\u00e9s vacants par des multinationales. Ce minist\u00e8re agirait pour relancer imm\u00e9diatement l\u2019emploi dans en Bretagne, sans d\u00e9pendre de d\u00e9cisions ext\u00e9rieures.<\/p>\n<p style=\"text-align: justify;\"><strong>Le contr\u00f4le direct des ressources et du budget breton.<\/strong> Un \u00c9tat breton ind\u00e9pendant prendrait le contr\u00f4le de ses finances, rendant possible une mobilisation directe des ressources fiscales pour rediriger les fonds vers des projets industriels strat\u00e9giques en Bretagne. En r\u00e9cup\u00e9rant la ma\u00eetrise du budget, la Bretagne pourrait investir sans interm\u00e9diaire dans des secteurs porteurs d\u2019emplois et de richesses pour la nation.<\/p>\n<p style=\"text-align: justify;\">La fermeture de Michelin \u00e0 Vannes montre bien que l\u2019avenir de la Bretagne ne peut plus \u00eatre d\u00e9cid\u00e9 par des conseils d\u2019administration \u00e9trangers ni par un \u00c9tat centralis\u00e9 fran\u00e7ais, mais par les Bretons eux-m\u00eames, dans un cadre d&rsquo;\u00c9tat souverain qui prot\u00e8ge, d\u00e9veloppe et renforce son industrie.<\/p>\n<p style=\"text-align: right;\"><strong>Maelgwn Penhou\u00ebt<\/strong><\/p>\n<\/div>\n<\/div>\n<\/div>\n<\/div>\n","protected":false},"excerpt":{"rendered":"<p>Pour un ind\u00e9pendantiste breton convaincu que seule la souverainet\u00e9 compl\u00e8te de la Bretagne permettra de mettre fin aux fermetures d\u2019usines dict\u00e9es depuis Paris ou par des multinationales \u00e9trang\u00e8res, la fermeture du site Michelin de Vannes incarne l&rsquo;\u00e9chec d\u2019un syst\u00e8me o\u00f9 la Bretagne est rel\u00e9gu\u00e9e au rang de p\u00e9riph\u00e9rie. Cette situation exige une prise de contr\u00f4le [&hellip;]<\/p>\n","protected":false},"author":1,"featured_media":2747,"comment_status":"open","ping_status":"open","sticky":false,"template":"","format":"standard","meta":{"sb_editor_width":"","footnotes":""},"categories":[63,40,65],"tags":[],"class_list":["post-2745","post","type-post","status-publish","format-standard","has-post-thumbnail","hentry","category-editorial","category-morbihan","category-principale"],"relative_dates":{"created":"1 an ago","modified":"1 an ago"},"yoast_head":"<!-- This site is optimized with the Yoast SEO plugin v26.3 - https:\/\/yoast.com\/wordpress\/plugins\/seo\/ -->\n<title>\u00c9ditorial : &quot;La fermeture de Michelin \u00e0 Vannes : Plaidoyer pour une ind\u00e9pendance bretonne et une souverainet\u00e9 industrielle imm\u00e9diate&quot; - STOURM<\/title>\n<meta name=\"robots\" content=\"index, follow, max-snippet:-1, max-image-preview:large, max-video-preview:-1\" \/>\n<link rel=\"canonical\" href=\"https:\/\/stourm.news\/?p=2745\" \/>\n<meta property=\"og:locale\" content=\"fr_FR\" \/>\n<meta property=\"og:type\" content=\"article\" \/>\n<meta property=\"og:title\" content=\"\u00c9ditorial : &quot;La fermeture de Michelin \u00e0 Vannes : Plaidoyer pour une ind\u00e9pendance bretonne et une souverainet\u00e9 industrielle imm\u00e9diate&quot; - STOURM\" \/>\n<meta property=\"og:description\" content=\"Pour un ind\u00e9pendantiste breton convaincu que seule la souverainet\u00e9 compl\u00e8te de la Bretagne permettra de mettre fin aux fermetures d\u2019usines dict\u00e9es depuis Paris ou par des multinationales \u00e9trang\u00e8res, la fermeture du site Michelin de Vannes incarne l&rsquo;\u00e9chec d\u2019un syst\u00e8me o\u00f9 la Bretagne est rel\u00e9gu\u00e9e au rang de p\u00e9riph\u00e9rie. Cette situation exige une prise de contr\u00f4le [&hellip;]\" \/>\n<meta property=\"og:url\" content=\"https:\/\/stourm.news\/?p=2745\" \/>\n<meta property=\"og:site_name\" content=\"STOURM\" \/>\n<meta property=\"article:publisher\" content=\"https:\/\/www.facebook.com\/stourmnews\/\" \/>\n<meta property=\"article:published_time\" content=\"2024-11-06T09:28:28+00:00\" \/>\n<meta property=\"article:modified_time\" content=\"2024-11-06T19:05:14+00:00\" \/>\n<meta property=\"og:image\" content=\"https:\/\/stourm.news\/wp-content\/uploads\/2024\/11\/1200x680_sc_whatsapp-image-2024-11-05-at-11-13-33.jpg\" \/>\n\t<meta property=\"og:image:width\" content=\"1200\" \/>\n\t<meta property=\"og:image:height\" content=\"680\" \/>\n\t<meta property=\"og:image:type\" content=\"image\/jpeg\" \/>\n<meta name=\"author\" content=\"La r\u00e9daction\" \/>\n<meta name=\"twitter:card\" content=\"summary_large_image\" \/>\n<meta name=\"twitter:label1\" content=\"\u00c9crit par\" \/>\n\t<meta name=\"twitter:data1\" content=\"La r\u00e9daction\" \/>\n\t<meta name=\"twitter:label2\" content=\"Dur\u00e9e de lecture estim\u00e9e\" \/>\n\t<meta name=\"twitter:data2\" content=\"4 minutes\" \/>\n<script type=\"application\/ld+json\" class=\"yoast-schema-graph\">{\"@context\":\"https:\/\/schema.org\",\"@graph\":[{\"@type\":\"Article\",\"@id\":\"https:\/\/stourm.news\/?p=2745#article\",\"isPartOf\":{\"@id\":\"https:\/\/stourm.news\/?p=2745\"},\"author\":{\"name\":\"La r\u00e9daction\",\"@id\":\"https:\/\/stourm.news\/#\/schema\/person\/c3e1dc65988632e190969234ef046cf9\"},\"headline\":\"\u00c9ditorial : \u00ab\u00a0La fermeture de Michelin \u00e0 Vannes : Plaidoyer pour une ind\u00e9pendance bretonne et une souverainet\u00e9 industrielle imm\u00e9diate\u00a0\u00bb\",\"datePublished\":\"2024-11-06T09:28:28+00:00\",\"dateModified\":\"2024-11-06T19:05:14+00:00\",\"mainEntityOfPage\":{\"@id\":\"https:\/\/stourm.news\/?p=2745\"},\"wordCount\":737,\"commentCount\":0,\"publisher\":{\"@id\":\"https:\/\/stourm.news\/#organization\"},\"image\":{\"@id\":\"https:\/\/stourm.news\/?p=2745#primaryimage\"},\"thumbnailUrl\":\"https:\/\/stourm.news\/wp-content\/uploads\/2024\/11\/1200x680_sc_whatsapp-image-2024-11-05-at-11-13-33.jpg\",\"articleSection\":[\"Editorial\",\"Morbihan\",\"Principale\"],\"inLanguage\":\"fr-FR\",\"potentialAction\":[{\"@type\":\"CommentAction\",\"name\":\"Comment\",\"target\":[\"https:\/\/stourm.news\/?p=2745#respond\"]}]},{\"@type\":\"WebPage\",\"@id\":\"https:\/\/stourm.news\/?p=2745\",\"url\":\"https:\/\/stourm.news\/?p=2745\",\"name\":\"\u00c9ditorial : \\\"La fermeture de Michelin \u00e0 Vannes : Plaidoyer pour une ind\u00e9pendance bretonne et une souverainet\u00e9 industrielle imm\u00e9diate\\\" - STOURM\",\"isPartOf\":{\"@id\":\"https:\/\/stourm.news\/#website\"},\"primaryImageOfPage\":{\"@id\":\"https:\/\/stourm.news\/?p=2745#primaryimage\"},\"image\":{\"@id\":\"https:\/\/stourm.news\/?p=2745#primaryimage\"},\"thumbnailUrl\":\"https:\/\/stourm.news\/wp-content\/uploads\/2024\/11\/1200x680_sc_whatsapp-image-2024-11-05-at-11-13-33.jpg\",\"datePublished\":\"2024-11-06T09:28:28+00:00\",\"dateModified\":\"2024-11-06T19:05:14+00:00\",\"breadcrumb\":{\"@id\":\"https:\/\/stourm.news\/?p=2745#breadcrumb\"},\"inLanguage\":\"fr-FR\",\"potentialAction\":[{\"@type\":\"ReadAction\",\"target\":[\"https:\/\/stourm.news\/?p=2745\"]}]},{\"@type\":\"ImageObject\",\"inLanguage\":\"fr-FR\",\"@id\":\"https:\/\/stourm.news\/?p=2745#primaryimage\",\"url\":\"https:\/\/stourm.news\/wp-content\/uploads\/2024\/11\/1200x680_sc_whatsapp-image-2024-11-05-at-11-13-33.jpg\",\"contentUrl\":\"https:\/\/stourm.news\/wp-content\/uploads\/2024\/11\/1200x680_sc_whatsapp-image-2024-11-05-at-11-13-33.jpg\",\"width\":1200,\"height\":680},{\"@type\":\"BreadcrumbList\",\"@id\":\"https:\/\/stourm.news\/?p=2745#breadcrumb\",\"itemListElement\":[{\"@type\":\"ListItem\",\"position\":1,\"name\":\"Accueil\",\"item\":\"https:\/\/stourm.news\/\"},{\"@type\":\"ListItem\",\"position\":2,\"name\":\"\u00c9ditorial : \u00ab\u00a0La fermeture de Michelin \u00e0 Vannes : Plaidoyer pour une ind\u00e9pendance bretonne et une souverainet\u00e9 industrielle imm\u00e9diate\u00a0\u00bb\"}]},{\"@type\":\"WebSite\",\"@id\":\"https:\/\/stourm.news\/#website\",\"url\":\"https:\/\/stourm.news\/\",\"name\":\"Stourm\",\"description\":\"Kazetenn Strollad Broadel Breizh\",\"publisher\":{\"@id\":\"https:\/\/stourm.news\/#organization\"},\"potentialAction\":[{\"@type\":\"SearchAction\",\"target\":{\"@type\":\"EntryPoint\",\"urlTemplate\":\"https:\/\/stourm.news\/?s={search_term_string}\"},\"query-input\":{\"@type\":\"PropertyValueSpecification\",\"valueRequired\":true,\"valueName\":\"search_term_string\"}}],\"inLanguage\":\"fr-FR\"},{\"@type\":\"Organization\",\"@id\":\"https:\/\/stourm.news\/#organization\",\"name\":\"Stourm\",\"url\":\"https:\/\/stourm.news\/\",\"logo\":{\"@type\":\"ImageObject\",\"inLanguage\":\"fr-FR\",\"@id\":\"https:\/\/stourm.news\/#\/schema\/logo\/image\/\",\"url\":\"https:\/\/stourm.news\/wp-content\/uploads\/2025\/11\/cropped-Capture-decran-2025-11-28-a-15.19.07.png\",\"contentUrl\":\"https:\/\/stourm.news\/wp-content\/uploads\/2025\/11\/cropped-Capture-decran-2025-11-28-a-15.19.07.png\",\"width\":1855,\"height\":383,\"caption\":\"Stourm\"},\"image\":{\"@id\":\"https:\/\/stourm.news\/#\/schema\/logo\/image\/\"},\"sameAs\":[\"https:\/\/www.facebook.com\/stourmnews\/\"]},{\"@type\":\"Person\",\"@id\":\"https:\/\/stourm.news\/#\/schema\/person\/c3e1dc65988632e190969234ef046cf9\",\"name\":\"La r\u00e9daction\",\"image\":{\"@type\":\"ImageObject\",\"inLanguage\":\"fr-FR\",\"@id\":\"https:\/\/stourm.news\/#\/schema\/person\/image\/\",\"url\":\"https:\/\/secure.gravatar.com\/avatar\/7463443f194b6b5fb706b074ca0ef59a0cfcfd720cb47764b0ec5a952ce422b3?s=96&d=mm&r=g\",\"contentUrl\":\"https:\/\/secure.gravatar.com\/avatar\/7463443f194b6b5fb706b074ca0ef59a0cfcfd720cb47764b0ec5a952ce422b3?s=96&d=mm&r=g\",\"caption\":\"La r\u00e9daction\"},\"sameAs\":[\"https:\/\/stourm.news\"],\"url\":\"https:\/\/stourm.news\/?author=1\"}]}<\/script>\n<!-- \/ Yoast SEO plugin. -->","yoast_head_json":{"title":"\u00c9ditorial : \"La fermeture de Michelin \u00e0 Vannes : Plaidoyer pour une ind\u00e9pendance bretonne et une souverainet\u00e9 industrielle imm\u00e9diate\" - STOURM","robots":{"index":"index","follow":"follow","max-snippet":"max-snippet:-1","max-image-preview":"max-image-preview:large","max-video-preview":"max-video-preview:-1"},"canonical":"https:\/\/stourm.news\/?p=2745","og_locale":"fr_FR","og_type":"article","og_title":"\u00c9ditorial : \"La fermeture de Michelin \u00e0 Vannes : Plaidoyer pour une ind\u00e9pendance bretonne et une souverainet\u00e9 industrielle imm\u00e9diate\" - STOURM","og_description":"Pour un ind\u00e9pendantiste breton convaincu que seule la souverainet\u00e9 compl\u00e8te de la Bretagne permettra de mettre fin aux fermetures d\u2019usines dict\u00e9es depuis Paris ou par des multinationales \u00e9trang\u00e8res, la fermeture du site Michelin de Vannes incarne l&rsquo;\u00e9chec d\u2019un syst\u00e8me o\u00f9 la Bretagne est rel\u00e9gu\u00e9e au rang de p\u00e9riph\u00e9rie. Cette situation exige une prise de contr\u00f4le [&hellip;]","og_url":"https:\/\/stourm.news\/?p=2745","og_site_name":"STOURM","article_publisher":"https:\/\/www.facebook.com\/stourmnews\/","article_published_time":"2024-11-06T09:28:28+00:00","article_modified_time":"2024-11-06T19:05:14+00:00","og_image":[{"width":1200,"height":680,"url":"https:\/\/stourm.news\/wp-content\/uploads\/2024\/11\/1200x680_sc_whatsapp-image-2024-11-05-at-11-13-33.jpg","type":"image\/jpeg"}],"author":"La r\u00e9daction","twitter_card":"summary_large_image","twitter_misc":{"\u00c9crit par":"La r\u00e9daction","Dur\u00e9e de lecture estim\u00e9e":"4 minutes"},"schema":{"@context":"https:\/\/schema.org","@graph":[{"@type":"Article","@id":"https:\/\/stourm.news\/?p=2745#article","isPartOf":{"@id":"https:\/\/stourm.news\/?p=2745"},"author":{"name":"La r\u00e9daction","@id":"https:\/\/stourm.news\/#\/schema\/person\/c3e1dc65988632e190969234ef046cf9"},"headline":"\u00c9ditorial : \u00ab\u00a0La fermeture de Michelin \u00e0 Vannes : Plaidoyer pour une ind\u00e9pendance bretonne et une souverainet\u00e9 industrielle imm\u00e9diate\u00a0\u00bb","datePublished":"2024-11-06T09:28:28+00:00","dateModified":"2024-11-06T19:05:14+00:00","mainEntityOfPage":{"@id":"https:\/\/stourm.news\/?p=2745"},"wordCount":737,"commentCount":0,"publisher":{"@id":"https:\/\/stourm.news\/#organization"},"image":{"@id":"https:\/\/stourm.news\/?p=2745#primaryimage"},"thumbnailUrl":"https:\/\/stourm.news\/wp-content\/uploads\/2024\/11\/1200x680_sc_whatsapp-image-2024-11-05-at-11-13-33.jpg","articleSection":["Editorial","Morbihan","Principale"],"inLanguage":"fr-FR","potentialAction":[{"@type":"CommentAction","name":"Comment","target":["https:\/\/stourm.news\/?p=2745#respond"]}]},{"@type":"WebPage","@id":"https:\/\/stourm.news\/?p=2745","url":"https:\/\/stourm.news\/?p=2745","name":"\u00c9ditorial : \"La fermeture de Michelin \u00e0 Vannes : Plaidoyer pour une ind\u00e9pendance bretonne et une souverainet\u00e9 industrielle imm\u00e9diate\" - STOURM","isPartOf":{"@id":"https:\/\/stourm.news\/#website"},"primaryImageOfPage":{"@id":"https:\/\/stourm.news\/?p=2745#primaryimage"},"image":{"@id":"https:\/\/stourm.news\/?p=2745#primaryimage"},"thumbnailUrl":"https:\/\/stourm.news\/wp-content\/uploads\/2024\/11\/1200x680_sc_whatsapp-image-2024-11-05-at-11-13-33.jpg","datePublished":"2024-11-06T09:28:28+00:00","dateModified":"2024-11-06T19:05:14+00:00","breadcrumb":{"@id":"https:\/\/stourm.news\/?p=2745#breadcrumb"},"inLanguage":"fr-FR","potentialAction":[{"@type":"ReadAction","target":["https:\/\/stourm.news\/?p=2745"]}]},{"@type":"ImageObject","inLanguage":"fr-FR","@id":"https:\/\/stourm.news\/?p=2745#primaryimage","url":"https:\/\/stourm.news\/wp-content\/uploads\/2024\/11\/1200x680_sc_whatsapp-image-2024-11-05-at-11-13-33.jpg","contentUrl":"https:\/\/stourm.news\/wp-content\/uploads\/2024\/11\/1200x680_sc_whatsapp-image-2024-11-05-at-11-13-33.jpg","width":1200,"height":680},{"@type":"BreadcrumbList","@id":"https:\/\/stourm.news\/?p=2745#breadcrumb","itemListElement":[{"@type":"ListItem","position":1,"name":"Accueil","item":"https:\/\/stourm.news\/"},{"@type":"ListItem","position":2,"name":"\u00c9ditorial : \u00ab\u00a0La fermeture de Michelin \u00e0 Vannes : Plaidoyer pour une ind\u00e9pendance bretonne et une souverainet\u00e9 industrielle imm\u00e9diate\u00a0\u00bb"}]},{"@type":"WebSite","@id":"https:\/\/stourm.news\/#website","url":"https:\/\/stourm.news\/","name":"Stourm","description":"Kazetenn Strollad Broadel Breizh","publisher":{"@id":"https:\/\/stourm.news\/#organization"},"potentialAction":[{"@type":"SearchAction","target":{"@type":"EntryPoint","urlTemplate":"https:\/\/stourm.news\/?s={search_term_string}"},"query-input":{"@type":"PropertyValueSpecification","valueRequired":true,"valueName":"search_term_string"}}],"inLanguage":"fr-FR"},{"@type":"Organization","@id":"https:\/\/stourm.news\/#organization","name":"Stourm","url":"https:\/\/stourm.news\/","logo":{"@type":"ImageObject","inLanguage":"fr-FR","@id":"https:\/\/stourm.news\/#\/schema\/logo\/image\/","url":"https:\/\/stourm.news\/wp-content\/uploads\/2025\/11\/cropped-Capture-decran-2025-11-28-a-15.19.07.png","contentUrl":"https:\/\/stourm.news\/wp-content\/uploads\/2025\/11\/cropped-Capture-decran-2025-11-28-a-15.19.07.png","width":1855,"height":383,"caption":"Stourm"},"image":{"@id":"https:\/\/stourm.news\/#\/schema\/logo\/image\/"},"sameAs":["https:\/\/www.facebook.com\/stourmnews\/"]},{"@type":"Person","@id":"https:\/\/stourm.news\/#\/schema\/person\/c3e1dc65988632e190969234ef046cf9","name":"La r\u00e9daction","image":{"@type":"ImageObject","inLanguage":"fr-FR","@id":"https:\/\/stourm.news\/#\/schema\/person\/image\/","url":"https:\/\/secure.gravatar.com\/avatar\/7463443f194b6b5fb706b074ca0ef59a0cfcfd720cb47764b0ec5a952ce422b3?s=96&d=mm&r=g","contentUrl":"https:\/\/secure.gravatar.com\/avatar\/7463443f194b6b5fb706b074ca0ef59a0cfcfd720cb47764b0ec5a952ce422b3?s=96&d=mm&r=g","caption":"La r\u00e9daction"},"sameAs":["https:\/\/stourm.news"],"url":"https:\/\/stourm.news\/?author=1"}]}},"_links":{"self":[{"href":"https:\/\/stourm.news\/index.php?rest_route=\/wp\/v2\/posts\/2745","targetHints":{"allow":["GET"]}}],"collection":[{"href":"https:\/\/stourm.news\/index.php?rest_route=\/wp\/v2\/posts"}],"about":[{"href":"https:\/\/stourm.news\/index.php?rest_route=\/wp\/v2\/types\/post"}],"author":[{"embeddable":true,"href":"https:\/\/stourm.news\/index.php?rest_route=\/wp\/v2\/users\/1"}],"replies":[{"embeddable":true,"href":"https:\/\/stourm.news\/index.php?rest_route=%2Fwp%2Fv2%2Fcomments&post=2745"}],"version-history":[{"count":3,"href":"https:\/\/stourm.news\/index.php?rest_route=\/wp\/v2\/posts\/2745\/revisions"}],"predecessor-version":[{"id":2761,"href":"https:\/\/stourm.news\/index.php?rest_route=\/wp\/v2\/posts\/2745\/revisions\/2761"}],"wp:featuredmedia":[{"embeddable":true,"href":"https:\/\/stourm.news\/index.php?rest_route=\/wp\/v2\/media\/2747"}],"wp:attachment":[{"href":"https:\/\/stourm.news\/index.php?rest_route=%2Fwp%2Fv2%2Fmedia&parent=2745"}],"wp:term":[{"taxonomy":"category","embeddable":true,"href":"https:\/\/stourm.news\/index.php?rest_route=%2Fwp%2Fv2%2Fcategories&post=2745"},{"taxonomy":"post_tag","embeddable":true,"href":"https:\/\/stourm.news\/index.php?rest_route=%2Fwp%2Fv2%2Ftags&post=2745"}],"curies":[{"name":"wp","href":"https:\/\/api.w.org\/{rel}","templated":true}]}}