{"id":2749,"date":"2025-11-06T01:03:13","date_gmt":"2025-11-06T01:03:13","guid":{"rendered":"https:\/\/stourm.news\/?p=2749"},"modified":"2025-11-06T08:58:28","modified_gmt":"2025-11-06T08:58:28","slug":"emsav-6-novembre-1885-naissance-de-labbe-per-mari-lechvien-defenseur-de-la-bretagne-assassine-par-les-bandits-communistes","status":"publish","type":"post","link":"https:\/\/stourm.news\/?p=2749","title":{"rendered":"Emsav : 6 novembre 1885, naissance de l&rsquo;abb\u00e9 Per-Mari Lec&rsquo;hvien, d\u00e9fenseur de la Bretagne assassin\u00e9 par les terroristes du Parti communiste"},"content":{"rendered":"<p style=\"text-align: justify;\"><strong>EMSAV &#8211;<\/strong> N\u00e9 \u00e0 Ploubazlanec le 6 novembre 1885, Per-Mari Lec&rsquo;hvien est ordonn\u00e9 pr\u00eatre le 05 juillet 1914. Mobilis\u00e9 dans l&rsquo;arm\u00e9e fran\u00e7aise lors de la Premi\u00e8re guerre mondiale, il est brancardier et aum\u00f4nier durant le conflit. Il sera d\u00e9cor\u00e9 de la croix de guerre en 1919.<\/p>\n<p style=\"text-align: justify;\">Per-Mari Lec&rsquo;hvien est vicaire \u00e0 Plou\u00e9zec de 1919 \u00e0 1925, aum\u00f4nier des Filles de la Croix \u00e0 Tr\u00e9guier de1925 \u00e01932, recteur de Tr\u00e9glamus de 1932 \u00e0 1937, puis ecteur de Quemper-Gu\u00e9zennec de 1937 \u00e0 1944. Ami et admirateur de l&rsquo;abb\u00e9 Yann-Vari Perrot, il devient membre du Parti National Breton. Ardent militant de la cause nationale bretonne, il d\u00e9fend la langue, l&rsquo;histoire et les traditions du pays au sein du Bleun Brug.<\/p>\n<p style=\"text-align: justify;\">Lors de la Seconde guerre mondiale, il met en garde les jeunes Bretons dans ses sermons contre les bandes arm\u00e9es rouges qui s\u00e8ment la terreur et pr\u00e9parent un coup d&rsquo;\u00e9tat r\u00e9volutionnaire. Suite \u00e0 ces avertissements, il re\u00e7ut la visite d&rsquo;un \u00e9l\u00e9ment de l&rsquo;insurrection communiste qui le mena\u00e7a. Dans la nuit du 10 au 11 ao\u00fbt 1944 l&rsquo;abb\u00e9 lec&rsquo;hvien fut enlev\u00e9 par le groupe de maquisards communistes de Portrieux, dont Joseph Le Roux, dirig\u00e9 par le bandit stalinien D\u00e9sir\u00e9 Camus.\u00a0Sur la route d&rsquo;Yvias, il fut abattu de deux balles de r\u00e9volver dans la t\u00eate.<\/p>\n<p style=\"text-align: justify;\">Le 10 ao\u00fbt 1944 les allemands avaient d\u00e9j\u00e0 quitt\u00e9 le secteur. Imm\u00e9diatement interpell\u00e9s par des habitants sur les lieux du meurtre, les assassins du Parti communiste r\u00e9pondirent pour se justifier que les Am\u00e9ricains auraient lib\u00e9r\u00e9 imm\u00e9diatement le pr\u00eatre s&rsquo;ils ne l&rsquo;avaient pas assassin\u00e9 avant leur arriv\u00e9e. L&rsquo;abb\u00e9 Per-Mari Lec&rsquo;hvien partage le sort du martyr Yann-Vari Perrot, lui assassin\u00e9 par les bandes communistes en haine de la Bretagne.<\/p>\n<article id=\"post-2466\" class=\"post-2466 post type-post status-publish format-standard has-post-thumbnail hentry category-emsav category-histoire-de-bretagne category-principale\">\n<div class=\"entry-wrapper\">\n<div class=\"entry-content\">\n<p style=\"text-align: right;\"><strong>Olwen Kerdrel<\/strong><\/p>\n<\/div>\n<\/div>\n<\/article>\n<div class=\"viral-mag-author-info\"><\/div>\n","protected":false},"excerpt":{"rendered":"<p>EMSAV &#8211; N\u00e9 \u00e0 Ploubazlanec le 6 novembre 1885, Per-Mari Lec&rsquo;hvien est ordonn\u00e9 pr\u00eatre le 05 juillet 1914. Mobilis\u00e9 dans l&rsquo;arm\u00e9e fran\u00e7aise lors de la Premi\u00e8re guerre mondiale, il est brancardier et aum\u00f4nier durant le conflit. Il sera d\u00e9cor\u00e9 de la croix de guerre en 1919. Per-Mari Lec&rsquo;hvien est vicaire \u00e0 Plou\u00e9zec de 1919 \u00e0 [&hellip;]<\/p>\n","protected":false},"author":1,"featured_media":2750,"comment_status":"open","ping_status":"open","sticky":false,"template":"","format":"standard","meta":{"sb_editor_width":"","footnotes":""},"categories":[74,50,65],"tags":[],"class_list":["post-2749","post","type-post","status-publish","format-standard","has-post-thumbnail","hentry","category-emsav","category-histoire-de-bretagne","category-principale"],"relative_dates":{"created":"6 mois ago","modified":"6 mois ago"},"yoast_head":"<!-- This site is optimized with the Yoast SEO plugin v26.3 - https:\/\/yoast.com\/wordpress\/plugins\/seo\/ -->\n<title>Emsav : 6 novembre 1885, naissance de l&#039;abb\u00e9 Per-Mari Lec&#039;hvien, d\u00e9fenseur de la Bretagne assassin\u00e9 par les terroristes du Parti communiste - STOURM<\/title>\n<meta name=\"robots\" content=\"index, follow, max-snippet:-1, max-image-preview:large, max-video-preview:-1\" \/>\n<link rel=\"canonical\" href=\"https:\/\/stourm.news\/?p=2749\" \/>\n<meta property=\"og:locale\" content=\"fr_FR\" \/>\n<meta property=\"og:type\" content=\"article\" \/>\n<meta property=\"og:title\" content=\"Emsav : 6 novembre 1885, naissance de l&#039;abb\u00e9 Per-Mari Lec&#039;hvien, d\u00e9fenseur de la Bretagne assassin\u00e9 par les terroristes du Parti communiste - STOURM\" \/>\n<meta property=\"og:description\" content=\"EMSAV &#8211; N\u00e9 \u00e0 Ploubazlanec le 6 novembre 1885, Per-Mari Lec&rsquo;hvien est ordonn\u00e9 pr\u00eatre le 05 juillet 1914. Mobilis\u00e9 dans l&rsquo;arm\u00e9e fran\u00e7aise lors de la Premi\u00e8re guerre mondiale, il est brancardier et aum\u00f4nier durant le conflit. Il sera d\u00e9cor\u00e9 de la croix de guerre en 1919. Per-Mari Lec&rsquo;hvien est vicaire \u00e0 Plou\u00e9zec de 1919 \u00e0 [&hellip;]\" \/>\n<meta property=\"og:url\" content=\"https:\/\/stourm.news\/?p=2749\" \/>\n<meta property=\"og:site_name\" content=\"STOURM\" \/>\n<meta property=\"article:publisher\" content=\"https:\/\/www.facebook.com\/stourmnews\/\" \/>\n<meta property=\"article:published_time\" content=\"2025-11-06T01:03:13+00:00\" \/>\n<meta property=\"article:modified_time\" content=\"2025-11-06T08:58:28+00:00\" \/>\n<meta property=\"og:image\" content=\"https:\/\/stourm.news\/wp-content\/uploads\/2024\/11\/Koun_al_lun_Fask_e_Koad_kev.jpg\" \/>\n\t<meta property=\"og:image:width\" content=\"1100\" \/>\n\t<meta property=\"og:image:height\" content=\"825\" \/>\n\t<meta property=\"og:image:type\" content=\"image\/jpeg\" \/>\n<meta name=\"author\" content=\"La r\u00e9daction\" \/>\n<meta name=\"twitter:card\" content=\"summary_large_image\" \/>\n<meta name=\"twitter:label1\" content=\"\u00c9crit par\" \/>\n\t<meta name=\"twitter:data1\" content=\"La r\u00e9daction\" \/>\n\t<meta name=\"twitter:label2\" content=\"Dur\u00e9e de lecture estim\u00e9e\" \/>\n\t<meta name=\"twitter:data2\" content=\"2 minutes\" \/>\n<script type=\"application\/ld+json\" class=\"yoast-schema-graph\">{\"@context\":\"https:\/\/schema.org\",\"@graph\":[{\"@type\":\"Article\",\"@id\":\"https:\/\/stourm.news\/?p=2749#article\",\"isPartOf\":{\"@id\":\"https:\/\/stourm.news\/?p=2749\"},\"author\":{\"name\":\"La r\u00e9daction\",\"@id\":\"https:\/\/stourm.news\/#\/schema\/person\/c3e1dc65988632e190969234ef046cf9\"},\"headline\":\"Emsav : 6 novembre 1885, naissance de l&rsquo;abb\u00e9 Per-Mari Lec&rsquo;hvien, d\u00e9fenseur de la Bretagne assassin\u00e9 par les terroristes du Parti communiste\",\"datePublished\":\"2025-11-06T01:03:13+00:00\",\"dateModified\":\"2025-11-06T08:58:28+00:00\",\"mainEntityOfPage\":{\"@id\":\"https:\/\/stourm.news\/?p=2749\"},\"wordCount\":325,\"commentCount\":0,\"publisher\":{\"@id\":\"https:\/\/stourm.news\/#organization\"},\"image\":{\"@id\":\"https:\/\/stourm.news\/?p=2749#primaryimage\"},\"thumbnailUrl\":\"https:\/\/stourm.news\/wp-content\/uploads\/2024\/11\/Koun_al_lun_Fask_e_Koad_kev.jpg\",\"articleSection\":[\"Emsav\",\"Histoire de Bretagne\",\"Principale\"],\"inLanguage\":\"fr-FR\",\"potentialAction\":[{\"@type\":\"CommentAction\",\"name\":\"Comment\",\"target\":[\"https:\/\/stourm.news\/?p=2749#respond\"]}]},{\"@type\":\"WebPage\",\"@id\":\"https:\/\/stourm.news\/?p=2749\",\"url\":\"https:\/\/stourm.news\/?p=2749\",\"name\":\"Emsav : 6 novembre 1885, naissance de l'abb\u00e9 Per-Mari Lec'hvien, d\u00e9fenseur de la Bretagne assassin\u00e9 par les terroristes du Parti communiste - STOURM\",\"isPartOf\":{\"@id\":\"https:\/\/stourm.news\/#website\"},\"primaryImageOfPage\":{\"@id\":\"https:\/\/stourm.news\/?p=2749#primaryimage\"},\"image\":{\"@id\":\"https:\/\/stourm.news\/?p=2749#primaryimage\"},\"thumbnailUrl\":\"https:\/\/stourm.news\/wp-content\/uploads\/2024\/11\/Koun_al_lun_Fask_e_Koad_kev.jpg\",\"datePublished\":\"2025-11-06T01:03:13+00:00\",\"dateModified\":\"2025-11-06T08:58:28+00:00\",\"breadcrumb\":{\"@id\":\"https:\/\/stourm.news\/?p=2749#breadcrumb\"},\"inLanguage\":\"fr-FR\",\"potentialAction\":[{\"@type\":\"ReadAction\",\"target\":[\"https:\/\/stourm.news\/?p=2749\"]}]},{\"@type\":\"ImageObject\",\"inLanguage\":\"fr-FR\",\"@id\":\"https:\/\/stourm.news\/?p=2749#primaryimage\",\"url\":\"https:\/\/stourm.news\/wp-content\/uploads\/2024\/11\/Koun_al_lun_Fask_e_Koad_kev.jpg\",\"contentUrl\":\"https:\/\/stourm.news\/wp-content\/uploads\/2024\/11\/Koun_al_lun_Fask_e_Koad_kev.jpg\",\"width\":1100,\"height\":825,\"caption\":\"SANYO DIGITAL CAMERA\"},{\"@type\":\"BreadcrumbList\",\"@id\":\"https:\/\/stourm.news\/?p=2749#breadcrumb\",\"itemListElement\":[{\"@type\":\"ListItem\",\"position\":1,\"name\":\"Accueil\",\"item\":\"https:\/\/stourm.news\/\"},{\"@type\":\"ListItem\",\"position\":2,\"name\":\"Emsav : 6 novembre 1885, naissance de l&rsquo;abb\u00e9 Per-Mari Lec&rsquo;hvien, d\u00e9fenseur de la Bretagne assassin\u00e9 par les terroristes du Parti communiste\"}]},{\"@type\":\"WebSite\",\"@id\":\"https:\/\/stourm.news\/#website\",\"url\":\"https:\/\/stourm.news\/\",\"name\":\"Stourm\",\"description\":\"Kazetenn Strollad Broadel Breizh\",\"publisher\":{\"@id\":\"https:\/\/stourm.news\/#organization\"},\"potentialAction\":[{\"@type\":\"SearchAction\",\"target\":{\"@type\":\"EntryPoint\",\"urlTemplate\":\"https:\/\/stourm.news\/?s={search_term_string}\"},\"query-input\":{\"@type\":\"PropertyValueSpecification\",\"valueRequired\":true,\"valueName\":\"search_term_string\"}}],\"inLanguage\":\"fr-FR\"},{\"@type\":\"Organization\",\"@id\":\"https:\/\/stourm.news\/#organization\",\"name\":\"Stourm\",\"url\":\"https:\/\/stourm.news\/\",\"logo\":{\"@type\":\"ImageObject\",\"inLanguage\":\"fr-FR\",\"@id\":\"https:\/\/stourm.news\/#\/schema\/logo\/image\/\",\"url\":\"https:\/\/stourm.news\/wp-content\/uploads\/2025\/11\/cropped-Capture-decran-2025-11-28-a-15.19.07.png\",\"contentUrl\":\"https:\/\/stourm.news\/wp-content\/uploads\/2025\/11\/cropped-Capture-decran-2025-11-28-a-15.19.07.png\",\"width\":1855,\"height\":383,\"caption\":\"Stourm\"},\"image\":{\"@id\":\"https:\/\/stourm.news\/#\/schema\/logo\/image\/\"},\"sameAs\":[\"https:\/\/www.facebook.com\/stourmnews\/\"]},{\"@type\":\"Person\",\"@id\":\"https:\/\/stourm.news\/#\/schema\/person\/c3e1dc65988632e190969234ef046cf9\",\"name\":\"La r\u00e9daction\",\"image\":{\"@type\":\"ImageObject\",\"inLanguage\":\"fr-FR\",\"@id\":\"https:\/\/stourm.news\/#\/schema\/person\/image\/\",\"url\":\"https:\/\/secure.gravatar.com\/avatar\/7463443f194b6b5fb706b074ca0ef59a0cfcfd720cb47764b0ec5a952ce422b3?s=96&d=mm&r=g\",\"contentUrl\":\"https:\/\/secure.gravatar.com\/avatar\/7463443f194b6b5fb706b074ca0ef59a0cfcfd720cb47764b0ec5a952ce422b3?s=96&d=mm&r=g\",\"caption\":\"La r\u00e9daction\"},\"sameAs\":[\"https:\/\/stourm.news\"],\"url\":\"https:\/\/stourm.news\/?author=1\"}]}<\/script>\n<!-- \/ Yoast SEO plugin. -->","yoast_head_json":{"title":"Emsav : 6 novembre 1885, naissance de l'abb\u00e9 Per-Mari Lec'hvien, d\u00e9fenseur de la Bretagne assassin\u00e9 par les terroristes du Parti communiste - STOURM","robots":{"index":"index","follow":"follow","max-snippet":"max-snippet:-1","max-image-preview":"max-image-preview:large","max-video-preview":"max-video-preview:-1"},"canonical":"https:\/\/stourm.news\/?p=2749","og_locale":"fr_FR","og_type":"article","og_title":"Emsav : 6 novembre 1885, naissance de l'abb\u00e9 Per-Mari Lec'hvien, d\u00e9fenseur de la Bretagne assassin\u00e9 par les terroristes du Parti communiste - STOURM","og_description":"EMSAV &#8211; N\u00e9 \u00e0 Ploubazlanec le 6 novembre 1885, Per-Mari Lec&rsquo;hvien est ordonn\u00e9 pr\u00eatre le 05 juillet 1914. Mobilis\u00e9 dans l&rsquo;arm\u00e9e fran\u00e7aise lors de la Premi\u00e8re guerre mondiale, il est brancardier et aum\u00f4nier durant le conflit. Il sera d\u00e9cor\u00e9 de la croix de guerre en 1919. Per-Mari Lec&rsquo;hvien est vicaire \u00e0 Plou\u00e9zec de 1919 \u00e0 [&hellip;]","og_url":"https:\/\/stourm.news\/?p=2749","og_site_name":"STOURM","article_publisher":"https:\/\/www.facebook.com\/stourmnews\/","article_published_time":"2025-11-06T01:03:13+00:00","article_modified_time":"2025-11-06T08:58:28+00:00","og_image":[{"width":1100,"height":825,"url":"https:\/\/stourm.news\/wp-content\/uploads\/2024\/11\/Koun_al_lun_Fask_e_Koad_kev.jpg","type":"image\/jpeg"}],"author":"La r\u00e9daction","twitter_card":"summary_large_image","twitter_misc":{"\u00c9crit par":"La r\u00e9daction","Dur\u00e9e de lecture estim\u00e9e":"2 minutes"},"schema":{"@context":"https:\/\/schema.org","@graph":[{"@type":"Article","@id":"https:\/\/stourm.news\/?p=2749#article","isPartOf":{"@id":"https:\/\/stourm.news\/?p=2749"},"author":{"name":"La r\u00e9daction","@id":"https:\/\/stourm.news\/#\/schema\/person\/c3e1dc65988632e190969234ef046cf9"},"headline":"Emsav : 6 novembre 1885, naissance de l&rsquo;abb\u00e9 Per-Mari Lec&rsquo;hvien, d\u00e9fenseur de la Bretagne assassin\u00e9 par les terroristes du Parti communiste","datePublished":"2025-11-06T01:03:13+00:00","dateModified":"2025-11-06T08:58:28+00:00","mainEntityOfPage":{"@id":"https:\/\/stourm.news\/?p=2749"},"wordCount":325,"commentCount":0,"publisher":{"@id":"https:\/\/stourm.news\/#organization"},"image":{"@id":"https:\/\/stourm.news\/?p=2749#primaryimage"},"thumbnailUrl":"https:\/\/stourm.news\/wp-content\/uploads\/2024\/11\/Koun_al_lun_Fask_e_Koad_kev.jpg","articleSection":["Emsav","Histoire de Bretagne","Principale"],"inLanguage":"fr-FR","potentialAction":[{"@type":"CommentAction","name":"Comment","target":["https:\/\/stourm.news\/?p=2749#respond"]}]},{"@type":"WebPage","@id":"https:\/\/stourm.news\/?p=2749","url":"https:\/\/stourm.news\/?p=2749","name":"Emsav : 6 novembre 1885, naissance de l'abb\u00e9 Per-Mari Lec'hvien, d\u00e9fenseur de la Bretagne assassin\u00e9 par les terroristes du Parti communiste - STOURM","isPartOf":{"@id":"https:\/\/stourm.news\/#website"},"primaryImageOfPage":{"@id":"https:\/\/stourm.news\/?p=2749#primaryimage"},"image":{"@id":"https:\/\/stourm.news\/?p=2749#primaryimage"},"thumbnailUrl":"https:\/\/stourm.news\/wp-content\/uploads\/2024\/11\/Koun_al_lun_Fask_e_Koad_kev.jpg","datePublished":"2025-11-06T01:03:13+00:00","dateModified":"2025-11-06T08:58:28+00:00","breadcrumb":{"@id":"https:\/\/stourm.news\/?p=2749#breadcrumb"},"inLanguage":"fr-FR","potentialAction":[{"@type":"ReadAction","target":["https:\/\/stourm.news\/?p=2749"]}]},{"@type":"ImageObject","inLanguage":"fr-FR","@id":"https:\/\/stourm.news\/?p=2749#primaryimage","url":"https:\/\/stourm.news\/wp-content\/uploads\/2024\/11\/Koun_al_lun_Fask_e_Koad_kev.jpg","contentUrl":"https:\/\/stourm.news\/wp-content\/uploads\/2024\/11\/Koun_al_lun_Fask_e_Koad_kev.jpg","width":1100,"height":825,"caption":"SANYO DIGITAL CAMERA"},{"@type":"BreadcrumbList","@id":"https:\/\/stourm.news\/?p=2749#breadcrumb","itemListElement":[{"@type":"ListItem","position":1,"name":"Accueil","item":"https:\/\/stourm.news\/"},{"@type":"ListItem","position":2,"name":"Emsav : 6 novembre 1885, naissance de l&rsquo;abb\u00e9 Per-Mari Lec&rsquo;hvien, d\u00e9fenseur de la Bretagne assassin\u00e9 par les terroristes du Parti communiste"}]},{"@type":"WebSite","@id":"https:\/\/stourm.news\/#website","url":"https:\/\/stourm.news\/","name":"Stourm","description":"Kazetenn Strollad Broadel Breizh","publisher":{"@id":"https:\/\/stourm.news\/#organization"},"potentialAction":[{"@type":"SearchAction","target":{"@type":"EntryPoint","urlTemplate":"https:\/\/stourm.news\/?s={search_term_string}"},"query-input":{"@type":"PropertyValueSpecification","valueRequired":true,"valueName":"search_term_string"}}],"inLanguage":"fr-FR"},{"@type":"Organization","@id":"https:\/\/stourm.news\/#organization","name":"Stourm","url":"https:\/\/stourm.news\/","logo":{"@type":"ImageObject","inLanguage":"fr-FR","@id":"https:\/\/stourm.news\/#\/schema\/logo\/image\/","url":"https:\/\/stourm.news\/wp-content\/uploads\/2025\/11\/cropped-Capture-decran-2025-11-28-a-15.19.07.png","contentUrl":"https:\/\/stourm.news\/wp-content\/uploads\/2025\/11\/cropped-Capture-decran-2025-11-28-a-15.19.07.png","width":1855,"height":383,"caption":"Stourm"},"image":{"@id":"https:\/\/stourm.news\/#\/schema\/logo\/image\/"},"sameAs":["https:\/\/www.facebook.com\/stourmnews\/"]},{"@type":"Person","@id":"https:\/\/stourm.news\/#\/schema\/person\/c3e1dc65988632e190969234ef046cf9","name":"La r\u00e9daction","image":{"@type":"ImageObject","inLanguage":"fr-FR","@id":"https:\/\/stourm.news\/#\/schema\/person\/image\/","url":"https:\/\/secure.gravatar.com\/avatar\/7463443f194b6b5fb706b074ca0ef59a0cfcfd720cb47764b0ec5a952ce422b3?s=96&d=mm&r=g","contentUrl":"https:\/\/secure.gravatar.com\/avatar\/7463443f194b6b5fb706b074ca0ef59a0cfcfd720cb47764b0ec5a952ce422b3?s=96&d=mm&r=g","caption":"La r\u00e9daction"},"sameAs":["https:\/\/stourm.news"],"url":"https:\/\/stourm.news\/?author=1"}]}},"_links":{"self":[{"href":"https:\/\/stourm.news\/index.php?rest_route=\/wp\/v2\/posts\/2749","targetHints":{"allow":["GET"]}}],"collection":[{"href":"https:\/\/stourm.news\/index.php?rest_route=\/wp\/v2\/posts"}],"about":[{"href":"https:\/\/stourm.news\/index.php?rest_route=\/wp\/v2\/types\/post"}],"author":[{"embeddable":true,"href":"https:\/\/stourm.news\/index.php?rest_route=\/wp\/v2\/users\/1"}],"replies":[{"embeddable":true,"href":"https:\/\/stourm.news\/index.php?rest_route=%2Fwp%2Fv2%2Fcomments&post=2749"}],"version-history":[{"count":3,"href":"https:\/\/stourm.news\/index.php?rest_route=\/wp\/v2\/posts\/2749\/revisions"}],"predecessor-version":[{"id":4950,"href":"https:\/\/stourm.news\/index.php?rest_route=\/wp\/v2\/posts\/2749\/revisions\/4950"}],"wp:featuredmedia":[{"embeddable":true,"href":"https:\/\/stourm.news\/index.php?rest_route=\/wp\/v2\/media\/2750"}],"wp:attachment":[{"href":"https:\/\/stourm.news\/index.php?rest_route=%2Fwp%2Fv2%2Fmedia&parent=2749"}],"wp:term":[{"taxonomy":"category","embeddable":true,"href":"https:\/\/stourm.news\/index.php?rest_route=%2Fwp%2Fv2%2Fcategories&post=2749"},{"taxonomy":"post_tag","embeddable":true,"href":"https:\/\/stourm.news\/index.php?rest_route=%2Fwp%2Fv2%2Ftags&post=2749"}],"curies":[{"name":"wp","href":"https:\/\/api.w.org\/{rel}","templated":true}]}}