{"id":2753,"date":"2024-11-06T14:00:52","date_gmt":"2024-11-06T14:00:52","guid":{"rendered":"https:\/\/stourm.news\/?p=2753"},"modified":"2024-11-06T14:00:52","modified_gmt":"2024-11-06T14:00:52","slug":"quimper-le-reseau-de-bus-de-la-ville-diffusera-ses-annonces-en-langue-bretonne","status":"publish","type":"post","link":"https:\/\/stourm.news\/?p=2753","title":{"rendered":"Quimper : le r\u00e9seau de bus de la ville diffusera ses annonces en langue bretonne"},"content":{"rendered":"<p style=\"text-align: justify;\">Il va y avoir du changement pour ceux qui prennent le bus dans l&rsquo;agglom\u00e9ration de Quimper ! Le r\u00e9seau, op\u00e9r\u00e9 jusqu&rsquo;ici par Keolis, vient d&rsquo;\u00eatre repris par RATP Dev au 1er novembre 2024. La soci\u00e9t\u00e9 qui op\u00e8re aussi \u00e0 Brest a remport\u00e9 l&rsquo;appel d&rsquo;offres avec un plan repens\u00e9 au niveau des lignes, des fr\u00e9quences, des quartiers et des villes desservies.<\/p>\n<p style=\"text-align: justify;\">Du nouveau \u00e0 l&rsquo;int\u00e9rieur des bus, puisque aujourd&rsquo;hui les annonces sont exclusivement en langue fran\u00e7aise. Les messages seront trilingues en 2025, fran\u00e7ais, anglais <strong>et breton<\/strong>. L&rsquo;enregistrement des voix se fera courant 2025.<\/p>\n<p style=\"text-align: justify;\">Source : <a href=\"https:\/\/www.francebleu.fr\/infos\/transports\/grand-bouleversement-sur-les-lignes-de-bus-de-l-agglomeration-de-quimper-9503610\">France Bleu Breizh Izel<\/a><\/p>\n","protected":false},"excerpt":{"rendered":"<p>Il va y avoir du changement pour ceux qui prennent le bus dans l&rsquo;agglom\u00e9ration de Quimper ! Le r\u00e9seau, op\u00e9r\u00e9 jusqu&rsquo;ici par Keolis, vient d&rsquo;\u00eatre repris par RATP Dev au 1er novembre 2024. La soci\u00e9t\u00e9 qui op\u00e8re aussi \u00e0 Brest a remport\u00e9 l&rsquo;appel d&rsquo;offres avec un plan repens\u00e9 au niveau des lignes, des fr\u00e9quences, des [&hellip;]<\/p>\n","protected":false},"author":1,"featured_media":2754,"comment_status":"open","ping_status":"open","sticky":false,"template":"","format":"standard","meta":{"sb_editor_width":"","footnotes":""},"categories":[58,65,54],"tags":[],"class_list":["post-2753","post","type-post","status-publish","format-standard","has-post-thumbnail","hentry","category-breizh","category-principale","category-societe"],"relative_dates":{"created":"1 an ago","modified":"1 an ago"},"yoast_head":"<!-- This site is optimized with the Yoast SEO plugin v26.3 - https:\/\/yoast.com\/wordpress\/plugins\/seo\/ -->\n<title>Quimper : le r\u00e9seau de bus de la ville diffusera ses annonces en langue bretonne - STOURM<\/title>\n<meta name=\"robots\" content=\"index, follow, max-snippet:-1, max-image-preview:large, max-video-preview:-1\" \/>\n<link rel=\"canonical\" href=\"https:\/\/stourm.news\/?p=2753\" \/>\n<meta property=\"og:locale\" content=\"fr_FR\" \/>\n<meta property=\"og:type\" content=\"article\" \/>\n<meta property=\"og:title\" content=\"Quimper : le r\u00e9seau de bus de la ville diffusera ses annonces en langue bretonne - STOURM\" \/>\n<meta property=\"og:description\" content=\"Il va y avoir du changement pour ceux qui prennent le bus dans l&rsquo;agglom\u00e9ration de Quimper ! Le r\u00e9seau, op\u00e9r\u00e9 jusqu&rsquo;ici par Keolis, vient d&rsquo;\u00eatre repris par RATP Dev au 1er novembre 2024. La soci\u00e9t\u00e9 qui op\u00e8re aussi \u00e0 Brest a remport\u00e9 l&rsquo;appel d&rsquo;offres avec un plan repens\u00e9 au niveau des lignes, des fr\u00e9quences, des [&hellip;]\" \/>\n<meta property=\"og:url\" content=\"https:\/\/stourm.news\/?p=2753\" \/>\n<meta property=\"og:site_name\" content=\"STOURM\" \/>\n<meta property=\"article:publisher\" content=\"https:\/\/www.facebook.com\/stourmnews\/\" \/>\n<meta property=\"article:published_time\" content=\"2024-11-06T14:00:52+00:00\" \/>\n<meta name=\"author\" content=\"La r\u00e9daction\" \/>\n<meta name=\"twitter:card\" content=\"summary_large_image\" \/>\n<meta name=\"twitter:label1\" content=\"\u00c9crit par\" \/>\n\t<meta name=\"twitter:data1\" content=\"La r\u00e9daction\" \/>\n\t<meta name=\"twitter:label2\" content=\"Dur\u00e9e de lecture estim\u00e9e\" \/>\n\t<meta name=\"twitter:data2\" content=\"1 minute\" \/>\n<script type=\"application\/ld+json\" class=\"yoast-schema-graph\">{\"@context\":\"https:\/\/schema.org\",\"@graph\":[{\"@type\":\"Article\",\"@id\":\"https:\/\/stourm.news\/?p=2753#article\",\"isPartOf\":{\"@id\":\"https:\/\/stourm.news\/?p=2753\"},\"author\":{\"name\":\"La r\u00e9daction\",\"@id\":\"https:\/\/stourm.news\/#\/schema\/person\/c3e1dc65988632e190969234ef046cf9\"},\"headline\":\"Quimper : le r\u00e9seau de bus de la ville diffusera ses annonces en langue bretonne\",\"datePublished\":\"2024-11-06T14:00:52+00:00\",\"mainEntityOfPage\":{\"@id\":\"https:\/\/stourm.news\/?p=2753\"},\"wordCount\":123,\"commentCount\":0,\"publisher\":{\"@id\":\"https:\/\/stourm.news\/#organization\"},\"image\":{\"@id\":\"https:\/\/stourm.news\/?p=2753#primaryimage\"},\"thumbnailUrl\":\"https:\/\/stourm.news\/wp-content\/uploads\/2024\/11\/MjAyMzEyYzgzYjZlMTZmYjE5YTA5NTA2N2I4NDM2NGEzNTU2MDk.avif\",\"articleSection\":[\"Breizh\",\"Principale\",\"Soci\u00e9t\u00e9\"],\"inLanguage\":\"fr-FR\",\"potentialAction\":[{\"@type\":\"CommentAction\",\"name\":\"Comment\",\"target\":[\"https:\/\/stourm.news\/?p=2753#respond\"]}]},{\"@type\":\"WebPage\",\"@id\":\"https:\/\/stourm.news\/?p=2753\",\"url\":\"https:\/\/stourm.news\/?p=2753\",\"name\":\"Quimper : le r\u00e9seau de bus de la ville diffusera ses annonces en langue bretonne - STOURM\",\"isPartOf\":{\"@id\":\"https:\/\/stourm.news\/#website\"},\"primaryImageOfPage\":{\"@id\":\"https:\/\/stourm.news\/?p=2753#primaryimage\"},\"image\":{\"@id\":\"https:\/\/stourm.news\/?p=2753#primaryimage\"},\"thumbnailUrl\":\"https:\/\/stourm.news\/wp-content\/uploads\/2024\/11\/MjAyMzEyYzgzYjZlMTZmYjE5YTA5NTA2N2I4NDM2NGEzNTU2MDk.avif\",\"datePublished\":\"2024-11-06T14:00:52+00:00\",\"breadcrumb\":{\"@id\":\"https:\/\/stourm.news\/?p=2753#breadcrumb\"},\"inLanguage\":\"fr-FR\",\"potentialAction\":[{\"@type\":\"ReadAction\",\"target\":[\"https:\/\/stourm.news\/?p=2753\"]}]},{\"@type\":\"ImageObject\",\"inLanguage\":\"fr-FR\",\"@id\":\"https:\/\/stourm.news\/?p=2753#primaryimage\",\"url\":\"https:\/\/stourm.news\/wp-content\/uploads\/2024\/11\/MjAyMzEyYzgzYjZlMTZmYjE5YTA5NTA2N2I4NDM2NGEzNTU2MDk.avif\",\"contentUrl\":\"https:\/\/stourm.news\/wp-content\/uploads\/2024\/11\/MjAyMzEyYzgzYjZlMTZmYjE5YTA5NTA2N2I4NDM2NGEzNTU2MDk.avif\",\"width\":1260,\"height\":708},{\"@type\":\"BreadcrumbList\",\"@id\":\"https:\/\/stourm.news\/?p=2753#breadcrumb\",\"itemListElement\":[{\"@type\":\"ListItem\",\"position\":1,\"name\":\"Accueil\",\"item\":\"https:\/\/stourm.news\/\"},{\"@type\":\"ListItem\",\"position\":2,\"name\":\"Quimper : le r\u00e9seau de bus de la ville diffusera ses annonces en langue bretonne\"}]},{\"@type\":\"WebSite\",\"@id\":\"https:\/\/stourm.news\/#website\",\"url\":\"https:\/\/stourm.news\/\",\"name\":\"Stourm\",\"description\":\"Kazetenn Strollad Broadel Breizh\",\"publisher\":{\"@id\":\"https:\/\/stourm.news\/#organization\"},\"potentialAction\":[{\"@type\":\"SearchAction\",\"target\":{\"@type\":\"EntryPoint\",\"urlTemplate\":\"https:\/\/stourm.news\/?s={search_term_string}\"},\"query-input\":{\"@type\":\"PropertyValueSpecification\",\"valueRequired\":true,\"valueName\":\"search_term_string\"}}],\"inLanguage\":\"fr-FR\"},{\"@type\":\"Organization\",\"@id\":\"https:\/\/stourm.news\/#organization\",\"name\":\"Stourm\",\"url\":\"https:\/\/stourm.news\/\",\"logo\":{\"@type\":\"ImageObject\",\"inLanguage\":\"fr-FR\",\"@id\":\"https:\/\/stourm.news\/#\/schema\/logo\/image\/\",\"url\":\"https:\/\/stourm.news\/wp-content\/uploads\/2025\/11\/cropped-Capture-decran-2025-11-28-a-15.19.07.png\",\"contentUrl\":\"https:\/\/stourm.news\/wp-content\/uploads\/2025\/11\/cropped-Capture-decran-2025-11-28-a-15.19.07.png\",\"width\":1855,\"height\":383,\"caption\":\"Stourm\"},\"image\":{\"@id\":\"https:\/\/stourm.news\/#\/schema\/logo\/image\/\"},\"sameAs\":[\"https:\/\/www.facebook.com\/stourmnews\/\"]},{\"@type\":\"Person\",\"@id\":\"https:\/\/stourm.news\/#\/schema\/person\/c3e1dc65988632e190969234ef046cf9\",\"name\":\"La r\u00e9daction\",\"image\":{\"@type\":\"ImageObject\",\"inLanguage\":\"fr-FR\",\"@id\":\"https:\/\/stourm.news\/#\/schema\/person\/image\/\",\"url\":\"https:\/\/secure.gravatar.com\/avatar\/7463443f194b6b5fb706b074ca0ef59a0cfcfd720cb47764b0ec5a952ce422b3?s=96&d=mm&r=g\",\"contentUrl\":\"https:\/\/secure.gravatar.com\/avatar\/7463443f194b6b5fb706b074ca0ef59a0cfcfd720cb47764b0ec5a952ce422b3?s=96&d=mm&r=g\",\"caption\":\"La r\u00e9daction\"},\"sameAs\":[\"https:\/\/stourm.news\"],\"url\":\"https:\/\/stourm.news\/?author=1\"}]}<\/script>\n<!-- \/ Yoast SEO plugin. -->","yoast_head_json":{"title":"Quimper : le r\u00e9seau de bus de la ville diffusera ses annonces en langue bretonne - STOURM","robots":{"index":"index","follow":"follow","max-snippet":"max-snippet:-1","max-image-preview":"max-image-preview:large","max-video-preview":"max-video-preview:-1"},"canonical":"https:\/\/stourm.news\/?p=2753","og_locale":"fr_FR","og_type":"article","og_title":"Quimper : le r\u00e9seau de bus de la ville diffusera ses annonces en langue bretonne - STOURM","og_description":"Il va y avoir du changement pour ceux qui prennent le bus dans l&rsquo;agglom\u00e9ration de Quimper ! Le r\u00e9seau, op\u00e9r\u00e9 jusqu&rsquo;ici par Keolis, vient d&rsquo;\u00eatre repris par RATP Dev au 1er novembre 2024. La soci\u00e9t\u00e9 qui op\u00e8re aussi \u00e0 Brest a remport\u00e9 l&rsquo;appel d&rsquo;offres avec un plan repens\u00e9 au niveau des lignes, des fr\u00e9quences, des [&hellip;]","og_url":"https:\/\/stourm.news\/?p=2753","og_site_name":"STOURM","article_publisher":"https:\/\/www.facebook.com\/stourmnews\/","article_published_time":"2024-11-06T14:00:52+00:00","author":"La r\u00e9daction","twitter_card":"summary_large_image","twitter_misc":{"\u00c9crit par":"La r\u00e9daction","Dur\u00e9e de lecture estim\u00e9e":"1 minute"},"schema":{"@context":"https:\/\/schema.org","@graph":[{"@type":"Article","@id":"https:\/\/stourm.news\/?p=2753#article","isPartOf":{"@id":"https:\/\/stourm.news\/?p=2753"},"author":{"name":"La r\u00e9daction","@id":"https:\/\/stourm.news\/#\/schema\/person\/c3e1dc65988632e190969234ef046cf9"},"headline":"Quimper : le r\u00e9seau de bus de la ville diffusera ses annonces en langue bretonne","datePublished":"2024-11-06T14:00:52+00:00","mainEntityOfPage":{"@id":"https:\/\/stourm.news\/?p=2753"},"wordCount":123,"commentCount":0,"publisher":{"@id":"https:\/\/stourm.news\/#organization"},"image":{"@id":"https:\/\/stourm.news\/?p=2753#primaryimage"},"thumbnailUrl":"https:\/\/stourm.news\/wp-content\/uploads\/2024\/11\/MjAyMzEyYzgzYjZlMTZmYjE5YTA5NTA2N2I4NDM2NGEzNTU2MDk.avif","articleSection":["Breizh","Principale","Soci\u00e9t\u00e9"],"inLanguage":"fr-FR","potentialAction":[{"@type":"CommentAction","name":"Comment","target":["https:\/\/stourm.news\/?p=2753#respond"]}]},{"@type":"WebPage","@id":"https:\/\/stourm.news\/?p=2753","url":"https:\/\/stourm.news\/?p=2753","name":"Quimper : le r\u00e9seau de bus de la ville diffusera ses annonces en langue bretonne - STOURM","isPartOf":{"@id":"https:\/\/stourm.news\/#website"},"primaryImageOfPage":{"@id":"https:\/\/stourm.news\/?p=2753#primaryimage"},"image":{"@id":"https:\/\/stourm.news\/?p=2753#primaryimage"},"thumbnailUrl":"https:\/\/stourm.news\/wp-content\/uploads\/2024\/11\/MjAyMzEyYzgzYjZlMTZmYjE5YTA5NTA2N2I4NDM2NGEzNTU2MDk.avif","datePublished":"2024-11-06T14:00:52+00:00","breadcrumb":{"@id":"https:\/\/stourm.news\/?p=2753#breadcrumb"},"inLanguage":"fr-FR","potentialAction":[{"@type":"ReadAction","target":["https:\/\/stourm.news\/?p=2753"]}]},{"@type":"ImageObject","inLanguage":"fr-FR","@id":"https:\/\/stourm.news\/?p=2753#primaryimage","url":"https:\/\/stourm.news\/wp-content\/uploads\/2024\/11\/MjAyMzEyYzgzYjZlMTZmYjE5YTA5NTA2N2I4NDM2NGEzNTU2MDk.avif","contentUrl":"https:\/\/stourm.news\/wp-content\/uploads\/2024\/11\/MjAyMzEyYzgzYjZlMTZmYjE5YTA5NTA2N2I4NDM2NGEzNTU2MDk.avif","width":1260,"height":708},{"@type":"BreadcrumbList","@id":"https:\/\/stourm.news\/?p=2753#breadcrumb","itemListElement":[{"@type":"ListItem","position":1,"name":"Accueil","item":"https:\/\/stourm.news\/"},{"@type":"ListItem","position":2,"name":"Quimper : le r\u00e9seau de bus de la ville diffusera ses annonces en langue bretonne"}]},{"@type":"WebSite","@id":"https:\/\/stourm.news\/#website","url":"https:\/\/stourm.news\/","name":"Stourm","description":"Kazetenn Strollad Broadel Breizh","publisher":{"@id":"https:\/\/stourm.news\/#organization"},"potentialAction":[{"@type":"SearchAction","target":{"@type":"EntryPoint","urlTemplate":"https:\/\/stourm.news\/?s={search_term_string}"},"query-input":{"@type":"PropertyValueSpecification","valueRequired":true,"valueName":"search_term_string"}}],"inLanguage":"fr-FR"},{"@type":"Organization","@id":"https:\/\/stourm.news\/#organization","name":"Stourm","url":"https:\/\/stourm.news\/","logo":{"@type":"ImageObject","inLanguage":"fr-FR","@id":"https:\/\/stourm.news\/#\/schema\/logo\/image\/","url":"https:\/\/stourm.news\/wp-content\/uploads\/2025\/11\/cropped-Capture-decran-2025-11-28-a-15.19.07.png","contentUrl":"https:\/\/stourm.news\/wp-content\/uploads\/2025\/11\/cropped-Capture-decran-2025-11-28-a-15.19.07.png","width":1855,"height":383,"caption":"Stourm"},"image":{"@id":"https:\/\/stourm.news\/#\/schema\/logo\/image\/"},"sameAs":["https:\/\/www.facebook.com\/stourmnews\/"]},{"@type":"Person","@id":"https:\/\/stourm.news\/#\/schema\/person\/c3e1dc65988632e190969234ef046cf9","name":"La r\u00e9daction","image":{"@type":"ImageObject","inLanguage":"fr-FR","@id":"https:\/\/stourm.news\/#\/schema\/person\/image\/","url":"https:\/\/secure.gravatar.com\/avatar\/7463443f194b6b5fb706b074ca0ef59a0cfcfd720cb47764b0ec5a952ce422b3?s=96&d=mm&r=g","contentUrl":"https:\/\/secure.gravatar.com\/avatar\/7463443f194b6b5fb706b074ca0ef59a0cfcfd720cb47764b0ec5a952ce422b3?s=96&d=mm&r=g","caption":"La r\u00e9daction"},"sameAs":["https:\/\/stourm.news"],"url":"https:\/\/stourm.news\/?author=1"}]}},"_links":{"self":[{"href":"https:\/\/stourm.news\/index.php?rest_route=\/wp\/v2\/posts\/2753","targetHints":{"allow":["GET"]}}],"collection":[{"href":"https:\/\/stourm.news\/index.php?rest_route=\/wp\/v2\/posts"}],"about":[{"href":"https:\/\/stourm.news\/index.php?rest_route=\/wp\/v2\/types\/post"}],"author":[{"embeddable":true,"href":"https:\/\/stourm.news\/index.php?rest_route=\/wp\/v2\/users\/1"}],"replies":[{"embeddable":true,"href":"https:\/\/stourm.news\/index.php?rest_route=%2Fwp%2Fv2%2Fcomments&post=2753"}],"version-history":[{"count":1,"href":"https:\/\/stourm.news\/index.php?rest_route=\/wp\/v2\/posts\/2753\/revisions"}],"predecessor-version":[{"id":2755,"href":"https:\/\/stourm.news\/index.php?rest_route=\/wp\/v2\/posts\/2753\/revisions\/2755"}],"wp:featuredmedia":[{"embeddable":true,"href":"https:\/\/stourm.news\/index.php?rest_route=\/wp\/v2\/media\/2754"}],"wp:attachment":[{"href":"https:\/\/stourm.news\/index.php?rest_route=%2Fwp%2Fv2%2Fmedia&parent=2753"}],"wp:term":[{"taxonomy":"category","embeddable":true,"href":"https:\/\/stourm.news\/index.php?rest_route=%2Fwp%2Fv2%2Fcategories&post=2753"},{"taxonomy":"post_tag","embeddable":true,"href":"https:\/\/stourm.news\/index.php?rest_route=%2Fwp%2Fv2%2Ftags&post=2753"}],"curies":[{"name":"wp","href":"https:\/\/api.w.org\/{rel}","templated":true}]}}