{"id":2756,"date":"2024-11-06T16:15:05","date_gmt":"2024-11-06T16:15:05","guid":{"rendered":"https:\/\/stourm.news\/?p=2756"},"modified":"2024-11-06T16:26:04","modified_gmt":"2024-11-06T16:26:04","slug":"les-cornouailles-demandent-leur-autonomie-nationale","status":"publish","type":"post","link":"https:\/\/stourm.news\/?p=2756","title":{"rendered":"Royaume-Uni : les Cornouailles demandent leur autonomie nationale"},"content":{"rendered":"<p style=\"text-align: justify;\">Les maires et les secr\u00e9taires de certaines des plus grandes villes de Cornouailles ont publi\u00e9 une d\u00e9claration apr\u00e8s s&rsquo;\u00eatre r\u00e9unis pour discuter de l&rsquo;appel lanc\u00e9 par la vice-premi\u00e8re ministre Angela Rayner en faveur d&rsquo;une \u00ab r\u00e9volution de la d\u00e9centralisation \u00bb dans l&rsquo;ensemble du Royaume-Uni.<\/p>\n<p style=\"text-align: justify;\">Ils ont convenu qu&rsquo;aucun accord ne devrait obliger la Cornouailles \u00e0 adopter des maires de style londonien ou \u00e0 partager des pouvoirs avec le Devon ou le Sud-Ouest &#8211; et demandent \u00e0 tous les conseils municipaux et paroissiaux de les soutenir formellement.<\/p>\n<p style=\"text-align: justify;\">Le groupe a d\u00e9clar\u00e9 que la Cornouailles avait <strong>\u00ab une grande affinit\u00e9 avec l&rsquo;histoire, la culture et l&rsquo;identit\u00e9 de l&rsquo;endroit que nous appelons chez nous \u00bb<\/strong>, ainsi qu&rsquo;un statut de <strong>minorit\u00e9 nationale<\/strong> prot\u00e9g\u00e9e, ce qui signifie que le partage des pouvoirs avec d&rsquo;autres r\u00e9gions \u00ab risquerait de saper la d\u00e9mocratie locale \u00bb.<\/p>\n<p style=\"text-align: justify;\">La d\u00e9claration pr\u00e9cise que le paysage \u00e9conomique de la Cornouailles nous est propre et n&rsquo;est pas partag\u00e9 avec nos voisins de Plymouth, du Devon ou du \u00ab Grand Sud-Ouest \u00bb.<\/p>\n<p><img fetchpriority=\"high\" decoding=\"async\" class=\"alignnone size-medium\" src=\"https:\/\/cdn.britannica.com\/63\/241463-050-9D01892D\/Locator-map-Cornwall.jpg\" width=\"2000\" height=\"2000\" \/><\/p>\n<p style=\"text-align: justify;\"><strong>\u00ab Bien que nous soyons confront\u00e9s \u00e0 de s\u00e9rieux d\u00e9fis, nous disposons \u00e9galement de nombreuses opportunit\u00e9s, telles que nos richesses min\u00e9rales et notre potentiel en mati\u00e8re d&rsquo;\u00e9nergie verte, ainsi que notre population r\u00e9siliente et pleine de ressources. Les habitants de la Cornouailles sont d\u00e9sireux d&rsquo;adopter la d\u00e9centralisation et d&rsquo;obtenir des pouvoirs suppl\u00e9mentaires pour nous aider \u00e0 fa\u00e7onner notre territoire pour les g\u00e9n\u00e9rations futures. La d\u00e9volution \u00e0 la seule Cornouailles ou, sous r\u00e9serve de l&rsquo;accord de nos voisins de Scilly, \u00e0 une autorit\u00e9 combin\u00e9e Cornouailles\/Isles de Scilly, b\u00e9n\u00e9ficierait d&rsquo;un soutien local massif.\u00a0\u00bb<\/strong><\/p>\n<p style=\"text-align: justify;\">L&rsquo;appel en faveur de pouvoirs d\u00e9volus aux seules Cornouailles fait \u00e9cho \u00e0 la volont\u00e9 du conseil des Cornouailles <strong>de rester seul<\/strong> et de ne pas s&rsquo;associer au conseil municipal de Plymouth ou \u00e0 toute autre autorit\u00e9 combin\u00e9e.<\/p>\n<p style=\"text-align: justify;\">Leur lettre indique que, bien qu&rsquo;elles n&rsquo;aient pas \u00e9t\u00e9 \u00ab formellement invit\u00e9es \u00bb \u00e0 demander la d\u00e9volution, contrairement \u00e0 Plymouth, les Cornouailles sont <strong>\u00ab pr\u00eates, d\u00e9sireuses et capables \u00bb<\/strong> de faire partie de la <strong>\u00ab nouvelle vague de d\u00e9volution \u00bb<\/strong> du gouvernement en tant que telle \u00bb.<\/p>\n<p style=\"text-align: justify;\">Le conseil de Cornouailles a conclu avec le gouvernement un accord de d\u00e9centralisation de niveau 2 qui lui conf\u00e8re certains pouvoirs suppl\u00e9mentaires, notamment le contr\u00f4le du budget de l&rsquo;\u00e9ducation des adultes, la cr\u00e9ation d&rsquo;une commission sur l&rsquo;\u00e9nergie \u00e9olienne offshore flottante en Cornouailles (FLOW) et un montant suppl\u00e9mentaire de 500 000 livres sterling pour soutenir le caract\u00e8re distinctif de la Cornouailles et la langue cornique.<\/p>\n<p>Source : <a href=\"https:\/\/www.bbc.com\/news\/articles\/clyr3j6dp49o\">BBC<\/a><\/p>\n","protected":false},"excerpt":{"rendered":"<p>Les maires et les secr\u00e9taires de certaines des plus grandes villes de Cornouailles ont publi\u00e9 une d\u00e9claration apr\u00e8s s&rsquo;\u00eatre r\u00e9unis pour discuter de l&rsquo;appel lanc\u00e9 par la vice-premi\u00e8re ministre Angela Rayner en faveur d&rsquo;une \u00ab r\u00e9volution de la d\u00e9centralisation \u00bb dans l&rsquo;ensemble du Royaume-Uni. Ils ont convenu qu&rsquo;aucun accord ne devrait obliger la Cornouailles \u00e0 [&hellip;]<\/p>\n","protected":false},"author":1,"featured_media":2757,"comment_status":"open","ping_status":"open","sticky":false,"template":"","format":"standard","meta":{"sb_editor_width":"","footnotes":""},"categories":[66,65],"tags":[],"class_list":["post-2756","post","type-post","status-publish","format-standard","has-post-thumbnail","hentry","category-international","category-principale"],"relative_dates":{"created":"1 an ago","modified":"1 an ago"},"yoast_head":"<!-- This site is optimized with the Yoast SEO plugin v26.3 - https:\/\/yoast.com\/wordpress\/plugins\/seo\/ -->\n<title>Royaume-Uni : les Cornouailles demandent leur autonomie nationale - STOURM<\/title>\n<meta name=\"robots\" content=\"index, follow, max-snippet:-1, max-image-preview:large, max-video-preview:-1\" \/>\n<link rel=\"canonical\" href=\"https:\/\/stourm.news\/?p=2756\" \/>\n<meta property=\"og:locale\" content=\"fr_FR\" \/>\n<meta property=\"og:type\" content=\"article\" \/>\n<meta property=\"og:title\" content=\"Royaume-Uni : les Cornouailles demandent leur autonomie nationale - STOURM\" \/>\n<meta property=\"og:description\" content=\"Les maires et les secr\u00e9taires de certaines des plus grandes villes de Cornouailles ont publi\u00e9 une d\u00e9claration apr\u00e8s s&rsquo;\u00eatre r\u00e9unis pour discuter de l&rsquo;appel lanc\u00e9 par la vice-premi\u00e8re ministre Angela Rayner en faveur d&rsquo;une \u00ab r\u00e9volution de la d\u00e9centralisation \u00bb dans l&rsquo;ensemble du Royaume-Uni. Ils ont convenu qu&rsquo;aucun accord ne devrait obliger la Cornouailles \u00e0 [&hellip;]\" \/>\n<meta property=\"og:url\" content=\"https:\/\/stourm.news\/?p=2756\" \/>\n<meta property=\"og:site_name\" content=\"STOURM\" \/>\n<meta property=\"article:publisher\" content=\"https:\/\/www.facebook.com\/stourmnews\/\" \/>\n<meta property=\"article:published_time\" content=\"2024-11-06T16:15:05+00:00\" \/>\n<meta property=\"article:modified_time\" content=\"2024-11-06T16:26:04+00:00\" \/>\n<meta property=\"og:image\" content=\"https:\/\/stourm.news\/wp-content\/uploads\/2024\/11\/2bad138fa848f6cf70d8b54d2e2ea05d.png\" \/>\n\t<meta property=\"og:image:width\" content=\"631\" \/>\n\t<meta property=\"og:image:height\" content=\"355\" \/>\n\t<meta property=\"og:image:type\" content=\"image\/png\" \/>\n<meta name=\"author\" content=\"La r\u00e9daction\" \/>\n<meta name=\"twitter:card\" content=\"summary_large_image\" \/>\n<meta name=\"twitter:label1\" content=\"\u00c9crit par\" \/>\n\t<meta name=\"twitter:data1\" content=\"La r\u00e9daction\" \/>\n\t<meta name=\"twitter:label2\" content=\"Dur\u00e9e de lecture estim\u00e9e\" \/>\n\t<meta name=\"twitter:data2\" content=\"3 minutes\" \/>\n<script type=\"application\/ld+json\" class=\"yoast-schema-graph\">{\"@context\":\"https:\/\/schema.org\",\"@graph\":[{\"@type\":\"Article\",\"@id\":\"https:\/\/stourm.news\/?p=2756#article\",\"isPartOf\":{\"@id\":\"https:\/\/stourm.news\/?p=2756\"},\"author\":{\"name\":\"La r\u00e9daction\",\"@id\":\"https:\/\/stourm.news\/#\/schema\/person\/c3e1dc65988632e190969234ef046cf9\"},\"headline\":\"Royaume-Uni : les Cornouailles demandent leur autonomie nationale\",\"datePublished\":\"2024-11-06T16:15:05+00:00\",\"dateModified\":\"2024-11-06T16:26:04+00:00\",\"mainEntityOfPage\":{\"@id\":\"https:\/\/stourm.news\/?p=2756\"},\"wordCount\":456,\"commentCount\":0,\"publisher\":{\"@id\":\"https:\/\/stourm.news\/#organization\"},\"image\":{\"@id\":\"https:\/\/stourm.news\/?p=2756#primaryimage\"},\"thumbnailUrl\":\"https:\/\/stourm.news\/wp-content\/uploads\/2024\/11\/2bad138fa848f6cf70d8b54d2e2ea05d.png\",\"articleSection\":[\"International\",\"Principale\"],\"inLanguage\":\"fr-FR\",\"potentialAction\":[{\"@type\":\"CommentAction\",\"name\":\"Comment\",\"target\":[\"https:\/\/stourm.news\/?p=2756#respond\"]}]},{\"@type\":\"WebPage\",\"@id\":\"https:\/\/stourm.news\/?p=2756\",\"url\":\"https:\/\/stourm.news\/?p=2756\",\"name\":\"Royaume-Uni : les Cornouailles demandent leur autonomie nationale - STOURM\",\"isPartOf\":{\"@id\":\"https:\/\/stourm.news\/#website\"},\"primaryImageOfPage\":{\"@id\":\"https:\/\/stourm.news\/?p=2756#primaryimage\"},\"image\":{\"@id\":\"https:\/\/stourm.news\/?p=2756#primaryimage\"},\"thumbnailUrl\":\"https:\/\/stourm.news\/wp-content\/uploads\/2024\/11\/2bad138fa848f6cf70d8b54d2e2ea05d.png\",\"datePublished\":\"2024-11-06T16:15:05+00:00\",\"dateModified\":\"2024-11-06T16:26:04+00:00\",\"breadcrumb\":{\"@id\":\"https:\/\/stourm.news\/?p=2756#breadcrumb\"},\"inLanguage\":\"fr-FR\",\"potentialAction\":[{\"@type\":\"ReadAction\",\"target\":[\"https:\/\/stourm.news\/?p=2756\"]}]},{\"@type\":\"ImageObject\",\"inLanguage\":\"fr-FR\",\"@id\":\"https:\/\/stourm.news\/?p=2756#primaryimage\",\"url\":\"https:\/\/stourm.news\/wp-content\/uploads\/2024\/11\/2bad138fa848f6cf70d8b54d2e2ea05d.png\",\"contentUrl\":\"https:\/\/stourm.news\/wp-content\/uploads\/2024\/11\/2bad138fa848f6cf70d8b54d2e2ea05d.png\",\"width\":631,\"height\":355},{\"@type\":\"BreadcrumbList\",\"@id\":\"https:\/\/stourm.news\/?p=2756#breadcrumb\",\"itemListElement\":[{\"@type\":\"ListItem\",\"position\":1,\"name\":\"Accueil\",\"item\":\"https:\/\/stourm.news\/\"},{\"@type\":\"ListItem\",\"position\":2,\"name\":\"Royaume-Uni : les Cornouailles demandent leur autonomie nationale\"}]},{\"@type\":\"WebSite\",\"@id\":\"https:\/\/stourm.news\/#website\",\"url\":\"https:\/\/stourm.news\/\",\"name\":\"Stourm\",\"description\":\"Kazetenn Strollad Broadel Breizh\",\"publisher\":{\"@id\":\"https:\/\/stourm.news\/#organization\"},\"potentialAction\":[{\"@type\":\"SearchAction\",\"target\":{\"@type\":\"EntryPoint\",\"urlTemplate\":\"https:\/\/stourm.news\/?s={search_term_string}\"},\"query-input\":{\"@type\":\"PropertyValueSpecification\",\"valueRequired\":true,\"valueName\":\"search_term_string\"}}],\"inLanguage\":\"fr-FR\"},{\"@type\":\"Organization\",\"@id\":\"https:\/\/stourm.news\/#organization\",\"name\":\"Stourm\",\"url\":\"https:\/\/stourm.news\/\",\"logo\":{\"@type\":\"ImageObject\",\"inLanguage\":\"fr-FR\",\"@id\":\"https:\/\/stourm.news\/#\/schema\/logo\/image\/\",\"url\":\"https:\/\/stourm.news\/wp-content\/uploads\/2025\/11\/cropped-Capture-decran-2025-11-28-a-15.19.07.png\",\"contentUrl\":\"https:\/\/stourm.news\/wp-content\/uploads\/2025\/11\/cropped-Capture-decran-2025-11-28-a-15.19.07.png\",\"width\":1855,\"height\":383,\"caption\":\"Stourm\"},\"image\":{\"@id\":\"https:\/\/stourm.news\/#\/schema\/logo\/image\/\"},\"sameAs\":[\"https:\/\/www.facebook.com\/stourmnews\/\"]},{\"@type\":\"Person\",\"@id\":\"https:\/\/stourm.news\/#\/schema\/person\/c3e1dc65988632e190969234ef046cf9\",\"name\":\"La r\u00e9daction\",\"image\":{\"@type\":\"ImageObject\",\"inLanguage\":\"fr-FR\",\"@id\":\"https:\/\/stourm.news\/#\/schema\/person\/image\/\",\"url\":\"https:\/\/secure.gravatar.com\/avatar\/7463443f194b6b5fb706b074ca0ef59a0cfcfd720cb47764b0ec5a952ce422b3?s=96&d=mm&r=g\",\"contentUrl\":\"https:\/\/secure.gravatar.com\/avatar\/7463443f194b6b5fb706b074ca0ef59a0cfcfd720cb47764b0ec5a952ce422b3?s=96&d=mm&r=g\",\"caption\":\"La r\u00e9daction\"},\"sameAs\":[\"https:\/\/stourm.news\"],\"url\":\"https:\/\/stourm.news\/?author=1\"}]}<\/script>\n<!-- \/ Yoast SEO plugin. -->","yoast_head_json":{"title":"Royaume-Uni : les Cornouailles demandent leur autonomie nationale - STOURM","robots":{"index":"index","follow":"follow","max-snippet":"max-snippet:-1","max-image-preview":"max-image-preview:large","max-video-preview":"max-video-preview:-1"},"canonical":"https:\/\/stourm.news\/?p=2756","og_locale":"fr_FR","og_type":"article","og_title":"Royaume-Uni : les Cornouailles demandent leur autonomie nationale - STOURM","og_description":"Les maires et les secr\u00e9taires de certaines des plus grandes villes de Cornouailles ont publi\u00e9 une d\u00e9claration apr\u00e8s s&rsquo;\u00eatre r\u00e9unis pour discuter de l&rsquo;appel lanc\u00e9 par la vice-premi\u00e8re ministre Angela Rayner en faveur d&rsquo;une \u00ab r\u00e9volution de la d\u00e9centralisation \u00bb dans l&rsquo;ensemble du Royaume-Uni. Ils ont convenu qu&rsquo;aucun accord ne devrait obliger la Cornouailles \u00e0 [&hellip;]","og_url":"https:\/\/stourm.news\/?p=2756","og_site_name":"STOURM","article_publisher":"https:\/\/www.facebook.com\/stourmnews\/","article_published_time":"2024-11-06T16:15:05+00:00","article_modified_time":"2024-11-06T16:26:04+00:00","og_image":[{"width":631,"height":355,"url":"https:\/\/stourm.news\/wp-content\/uploads\/2024\/11\/2bad138fa848f6cf70d8b54d2e2ea05d.png","type":"image\/png"}],"author":"La r\u00e9daction","twitter_card":"summary_large_image","twitter_misc":{"\u00c9crit par":"La r\u00e9daction","Dur\u00e9e de lecture estim\u00e9e":"3 minutes"},"schema":{"@context":"https:\/\/schema.org","@graph":[{"@type":"Article","@id":"https:\/\/stourm.news\/?p=2756#article","isPartOf":{"@id":"https:\/\/stourm.news\/?p=2756"},"author":{"name":"La r\u00e9daction","@id":"https:\/\/stourm.news\/#\/schema\/person\/c3e1dc65988632e190969234ef046cf9"},"headline":"Royaume-Uni : les Cornouailles demandent leur autonomie nationale","datePublished":"2024-11-06T16:15:05+00:00","dateModified":"2024-11-06T16:26:04+00:00","mainEntityOfPage":{"@id":"https:\/\/stourm.news\/?p=2756"},"wordCount":456,"commentCount":0,"publisher":{"@id":"https:\/\/stourm.news\/#organization"},"image":{"@id":"https:\/\/stourm.news\/?p=2756#primaryimage"},"thumbnailUrl":"https:\/\/stourm.news\/wp-content\/uploads\/2024\/11\/2bad138fa848f6cf70d8b54d2e2ea05d.png","articleSection":["International","Principale"],"inLanguage":"fr-FR","potentialAction":[{"@type":"CommentAction","name":"Comment","target":["https:\/\/stourm.news\/?p=2756#respond"]}]},{"@type":"WebPage","@id":"https:\/\/stourm.news\/?p=2756","url":"https:\/\/stourm.news\/?p=2756","name":"Royaume-Uni : les Cornouailles demandent leur autonomie nationale - STOURM","isPartOf":{"@id":"https:\/\/stourm.news\/#website"},"primaryImageOfPage":{"@id":"https:\/\/stourm.news\/?p=2756#primaryimage"},"image":{"@id":"https:\/\/stourm.news\/?p=2756#primaryimage"},"thumbnailUrl":"https:\/\/stourm.news\/wp-content\/uploads\/2024\/11\/2bad138fa848f6cf70d8b54d2e2ea05d.png","datePublished":"2024-11-06T16:15:05+00:00","dateModified":"2024-11-06T16:26:04+00:00","breadcrumb":{"@id":"https:\/\/stourm.news\/?p=2756#breadcrumb"},"inLanguage":"fr-FR","potentialAction":[{"@type":"ReadAction","target":["https:\/\/stourm.news\/?p=2756"]}]},{"@type":"ImageObject","inLanguage":"fr-FR","@id":"https:\/\/stourm.news\/?p=2756#primaryimage","url":"https:\/\/stourm.news\/wp-content\/uploads\/2024\/11\/2bad138fa848f6cf70d8b54d2e2ea05d.png","contentUrl":"https:\/\/stourm.news\/wp-content\/uploads\/2024\/11\/2bad138fa848f6cf70d8b54d2e2ea05d.png","width":631,"height":355},{"@type":"BreadcrumbList","@id":"https:\/\/stourm.news\/?p=2756#breadcrumb","itemListElement":[{"@type":"ListItem","position":1,"name":"Accueil","item":"https:\/\/stourm.news\/"},{"@type":"ListItem","position":2,"name":"Royaume-Uni : les Cornouailles demandent leur autonomie nationale"}]},{"@type":"WebSite","@id":"https:\/\/stourm.news\/#website","url":"https:\/\/stourm.news\/","name":"Stourm","description":"Kazetenn Strollad Broadel Breizh","publisher":{"@id":"https:\/\/stourm.news\/#organization"},"potentialAction":[{"@type":"SearchAction","target":{"@type":"EntryPoint","urlTemplate":"https:\/\/stourm.news\/?s={search_term_string}"},"query-input":{"@type":"PropertyValueSpecification","valueRequired":true,"valueName":"search_term_string"}}],"inLanguage":"fr-FR"},{"@type":"Organization","@id":"https:\/\/stourm.news\/#organization","name":"Stourm","url":"https:\/\/stourm.news\/","logo":{"@type":"ImageObject","inLanguage":"fr-FR","@id":"https:\/\/stourm.news\/#\/schema\/logo\/image\/","url":"https:\/\/stourm.news\/wp-content\/uploads\/2025\/11\/cropped-Capture-decran-2025-11-28-a-15.19.07.png","contentUrl":"https:\/\/stourm.news\/wp-content\/uploads\/2025\/11\/cropped-Capture-decran-2025-11-28-a-15.19.07.png","width":1855,"height":383,"caption":"Stourm"},"image":{"@id":"https:\/\/stourm.news\/#\/schema\/logo\/image\/"},"sameAs":["https:\/\/www.facebook.com\/stourmnews\/"]},{"@type":"Person","@id":"https:\/\/stourm.news\/#\/schema\/person\/c3e1dc65988632e190969234ef046cf9","name":"La r\u00e9daction","image":{"@type":"ImageObject","inLanguage":"fr-FR","@id":"https:\/\/stourm.news\/#\/schema\/person\/image\/","url":"https:\/\/secure.gravatar.com\/avatar\/7463443f194b6b5fb706b074ca0ef59a0cfcfd720cb47764b0ec5a952ce422b3?s=96&d=mm&r=g","contentUrl":"https:\/\/secure.gravatar.com\/avatar\/7463443f194b6b5fb706b074ca0ef59a0cfcfd720cb47764b0ec5a952ce422b3?s=96&d=mm&r=g","caption":"La r\u00e9daction"},"sameAs":["https:\/\/stourm.news"],"url":"https:\/\/stourm.news\/?author=1"}]}},"_links":{"self":[{"href":"https:\/\/stourm.news\/index.php?rest_route=\/wp\/v2\/posts\/2756","targetHints":{"allow":["GET"]}}],"collection":[{"href":"https:\/\/stourm.news\/index.php?rest_route=\/wp\/v2\/posts"}],"about":[{"href":"https:\/\/stourm.news\/index.php?rest_route=\/wp\/v2\/types\/post"}],"author":[{"embeddable":true,"href":"https:\/\/stourm.news\/index.php?rest_route=\/wp\/v2\/users\/1"}],"replies":[{"embeddable":true,"href":"https:\/\/stourm.news\/index.php?rest_route=%2Fwp%2Fv2%2Fcomments&post=2756"}],"version-history":[{"count":2,"href":"https:\/\/stourm.news\/index.php?rest_route=\/wp\/v2\/posts\/2756\/revisions"}],"predecessor-version":[{"id":2759,"href":"https:\/\/stourm.news\/index.php?rest_route=\/wp\/v2\/posts\/2756\/revisions\/2759"}],"wp:featuredmedia":[{"embeddable":true,"href":"https:\/\/stourm.news\/index.php?rest_route=\/wp\/v2\/media\/2757"}],"wp:attachment":[{"href":"https:\/\/stourm.news\/index.php?rest_route=%2Fwp%2Fv2%2Fmedia&parent=2756"}],"wp:term":[{"taxonomy":"category","embeddable":true,"href":"https:\/\/stourm.news\/index.php?rest_route=%2Fwp%2Fv2%2Fcategories&post=2756"},{"taxonomy":"post_tag","embeddable":true,"href":"https:\/\/stourm.news\/index.php?rest_route=%2Fwp%2Fv2%2Ftags&post=2756"}],"curies":[{"name":"wp","href":"https:\/\/api.w.org\/{rel}","templated":true}]}}