{"id":2769,"date":"2024-11-07T12:55:53","date_gmt":"2024-11-07T12:55:53","guid":{"rendered":"https:\/\/stourm.news\/?p=2769"},"modified":"2024-11-07T14:46:27","modified_gmt":"2024-11-07T14:46:27","slug":"budget-etrangle-bretagne-baillonnee-reprenons-notre-souverainete","status":"publish","type":"post","link":"https:\/\/stourm.news\/?p=2769","title":{"rendered":"Budget \u00e9trangl\u00e9, Bretagne b\u00e2illonn\u00e9e : reprenons notre souverainet\u00e9 !"},"content":{"rendered":"<div class=\"flex max-w-full flex-col flex-grow\">\n<div class=\"min-h-8 text-message flex w-full flex-col items-end gap-2 whitespace-normal break-words [.text-message+&amp;]:mt-5\" dir=\"auto\" data-message-author-role=\"assistant\" data-message-id=\"ad5a2d07-cbd2-491b-90b1-bf45c89f38ba\" data-message-model-slug=\"gpt-4o\">\n<div class=\"flex w-full flex-col gap-1 empty:hidden first:pt-[3px]\">\n<div class=\"markdown prose w-full break-words dark:prose-invert light\">\n<p style=\"text-align: justify;\">Le pr\u00e9sident socialiste du conseil d\u00e9partemental d&rsquo;Ille-et-Vilaine, Jean-Luc Chenut, a annonc\u00e9 qu&rsquo;ils devront examiner tous les postes du budget 2025. Ce jeudi 7 novembre, les conseillers d\u00e9partementaux ont organis\u00e9 un rassemblement symbolique devant leur collectivit\u00e9 \u00e0 Rennes.<\/p>\n<\/div>\n<\/div>\n<\/div>\n<\/div>\n<blockquote class=\"twitter-tweet\">\n<p dir=\"ltr\" lang=\"fr\">Pour le futur budget 2025, \u00ab nous allons devoir tout regarder \u00bb, conc\u00e8de <a href=\"https:\/\/twitter.com\/JeanLucChenut?ref_src=twsrc%5Etfw\">@JeanLucChenut<\/a> le pr\u00e9sident du conseil d\u00e9partemental d\u2019Ille-et-Vilaine. Ce jeudi 07\/11, les conseillers d\u00e9partementaux se sont rassembl\u00e9s symboliquement devant les grilles de leur collectivit\u00e9, \u00e0 <a href=\"https:\/\/twitter.com\/hashtag\/Rennes?src=hash&amp;ref_src=twsrc%5Etfw\">#Rennes<\/a> <a href=\"https:\/\/t.co\/MMwfUX74kb\">pic.twitter.com\/MMwfUX74kb<\/a><\/p>\n<p>\u2014 Ouest-France 35 (@ouestfrance35) <a href=\"https:\/\/twitter.com\/ouestfrance35\/status\/1854466354889273821?ref_src=twsrc%5Etfw\">November 7, 2024<\/a><\/p><\/blockquote>\n<p><script async src=\"https:\/\/platform.twitter.com\/widgets.js\" charset=\"utf-8\"><\/script><\/p>\n<p style=\"text-align: justify;\">Cette situation n\u2019est pas seulement le r\u00e9sultat des d\u00e9cisions de l\u2019\u00c9tat fran\u00e7ais : elle est aussi la cons\u00e9quence directe de la <strong>complaisance<\/strong> de certains \u00e9lus bretons, qui continuent de soutenir Paris plut\u00f4t que de d\u00e9fendre les int\u00e9r\u00eats de notre peuple. Ces repr\u00e9sentants, au lieu de se battre pour notre <strong>ind\u00e9pendance<\/strong>, s\u2019alignent sur les diktats du pouvoir central, se contentant de protestations vaines et de gestes symboliques. Leur <strong>faiblesse<\/strong> est d\u2019autant plus flagrante qu\u2019ils reconnaissent les ravages caus\u00e9s par cette recentralisation tout en acceptant passivement d\u2019y soumettre la nation bretonne.<\/p>\n<p style=\"text-align: justify;\">En restant fid\u00e8les \u00e0 un syst\u00e8me qui ne cherche qu\u2019\u00e0 nous <strong>affaiblir<\/strong>, ces \u00e9lus <strong>trahissent<\/strong> les aspirations de la Bretagne et <strong>sacrifient<\/strong> l\u2019avenir de notre pays. Ils d\u00e9noncent aujourd\u2019hui les coupes budg\u00e9taires, la d\u00e9gradation des services publics et l\u2019impossibilit\u00e9 de faire face aux besoins de la population, mais ils refusent de s\u2019attaquer <strong>\u00e0 la racine<\/strong> du probl\u00e8me : l\u2019oppression \u00e9conomique et politique exerc\u00e9e par <strong>l\u2019\u00c9tat fran\u00e7ais<\/strong>. Ils demandent des ajustements, des \u00ab\u00a0marges de man\u0153uvre\u00a0\u00bb, alors que ce sont des droits fondamentaux d\u2019autod\u00e9termination et d\u2019autonomie financi\u00e8re que la Bretagne doit exiger.<\/p>\n<p style=\"text-align: justify;\">La seule solution pour sortir de cette spirale d\u2019appauvrissement et de d\u00e9pendance est de rompre avec ce syst\u00e8me <strong>centralis\u00e9<\/strong> qui \u00e9touffe notre nation. Il est temps de cesser de mendier des ressources et de se contenter des miettes ; il est temps de r\u00e9clamer pour la Bretagne <strong>l\u2019ind\u00e9pendance<\/strong> qui lui permettra de se gouverner elle-m\u00eame. Pour cela, il nous faut des repr\u00e9sentants courageux et d\u00e9termin\u00e9s \u00e0 lutter pour notre souverainet\u00e9, pas des \u00e9lus qui plient devant Paris.<\/p>\n<p style=\"text-align: justify;\">Le combat pour l\u2019ind\u00e9pendance de la Bretagne est le seul moyen de garantir la p\u00e9rennit\u00e9 de nos services publics, la prosp\u00e9rit\u00e9 de notre \u00e9conomie, et la dignit\u00e9 de notre peuple. Un authentique mouvement ind\u00e9pendantiste doit s\u2019unir, mobiliser les Bretons, et mener une lutte intransigeante pour obtenir le droit de g\u00e9rer nous-m\u00eames nos ressources, nos finances et nos infrastructures, sans l\u2019interf\u00e9rence d\u2019un \u00c9tat \u00e9tranger. C\u2019est un appel \u00e0 tous les Bretons : il est temps de se lever et de r\u00e9clamer pour la Bretagne le respect qu\u2019elle m\u00e9rite.<\/p>\n<p style=\"text-align: justify;\"><strong>Critique radicale de la situation<\/strong><\/p>\n<p style=\"text-align: justify;\">La Bretagne est une nation productive, dynamique, qui pourrait largement assurer le bien-\u00eatre de ses habitants. Pourtant, nous sommes continuellement <strong>d\u00e9pouill\u00e9s<\/strong> par le pouvoir central qui n\u2019h\u00e9site pas \u00e0 s\u2019enrichir sur notre dos tout en sacrifiant nos services publics. Le budget allou\u00e9 \u00e0 la Bretagne est insuffisant pour r\u00e9pondre aux besoins en mati\u00e8re de sant\u00e9, d\u2019\u00e9ducation, et d\u2019aide sociale, ce qui montre un m\u00e9pris total pour notre pays.<\/p>\n<p style=\"text-align: justify;\">Ces coupes budg\u00e9taires ne sont pas seulement des d\u00e9cisions \u00e9conomiques, elles sont l\u2019instrument <strong>d\u2019une guerre<\/strong> <strong>contre notre nation<\/strong>. En coupant nos financements, l\u2019\u00c9tat fran\u00e7ais cherche \u00e0 affaiblir notre administration locale, \u00e0 emp\u00eacher nos \u00e9lus de d\u00e9fendre les int\u00e9r\u00eats bretons et \u00e0 maintenir la Bretagne dans une d\u00e9pendance humiliante. C\u2019est une mise sous tutelle forc\u00e9e de notre nation, qui nous emp\u00eache de g\u00e9rer nos propres affaires.<\/p>\n<p style=\"text-align: justify;\">Les imp\u00f4ts et les taxes pr\u00e9lev\u00e9s en Bretagne financent des projets d\u2019infrastructures et de services publics ailleurs en France, tandis que nos propres infrastructures s\u2019effondrent. La Bretagne est trait\u00e9e comme une simple <strong>colonie<\/strong> \u00e9conomique, exploit\u00e9e et n\u00e9glig\u00e9e. Cette situation est intol\u00e9rable et doit \u00eatre d\u00e9nonc\u00e9e comme <strong>un pillage \u00e9conomique<\/strong>.<\/p>\n<p style=\"text-align: justify;\"><strong>Solutions pour une Bretagne ind\u00e9pendante et souveraine<\/strong><\/p>\n<p style=\"text-align: justify;\">Face \u00e0 cette attaque contre notre pays, les solutions sont claires : la Bretagne doit revendiquer <strong>son ind\u00e9pendance<\/strong> et reprendre le contr\u00f4le de ses finances pour assurer l\u2019avenir de son peuple. Voici des actions concr\u00e8tes pour renforcer notre mouvement vers la souverainet\u00e9.<\/p>\n<p style=\"text-align: justify;\">La premi\u00e8re \u00e9tape pour se lib\u00e9rer de la tutelle fran\u00e7aise est d\u2019instaurer une fiscalit\u00e9 bretonne, <strong>ind\u00e9pendante<\/strong> de l\u2019\u00c9tat fran\u00e7ais. La Bretagne doit cesser de financer les institutions d\u2019un pays qui <strong>l\u2019\u00e9touffe<\/strong> et garder ses imp\u00f4ts pour investir dans ses infrastructures et services. Cette fiscalit\u00e9 bretonne pourrait financer les coll\u00e8ges, les h\u00f4pitaux, les routes, et les institutions sociales dont d\u00e9pend notre peuple, sans d\u00e9pendre des miettes que Paris daigne nous accorder.<\/p>\n<p style=\"text-align: justify;\">Il est urgent de cr\u00e9er une <strong>Banque bretonne<\/strong> qui permette \u00e0 notre nation de financer ses projets sans d\u00e9pendre des financements centralis\u00e9s et des politiques d\u2019aust\u00e9rit\u00e9 impos\u00e9es par Paris. Cette banque pourrait investir dans des projets locaux, en soutenant directement les entreprises bretonnes et en finan\u00e7ant les services publics que Paris refuse de subventionner. En pla\u00e7ant <strong>l\u2019\u00e9pargne<\/strong> des Bretons au service de leur nation, cette banque renforcerait notre \u00e9conomie et nous lib\u00e9rerait de <strong>la tutelle<\/strong> <strong>bancaire fran\u00e7aise<\/strong>.<\/p>\n<p style=\"text-align: justify;\">La Bretagne est riche en ressources : \u00e9nergies marines, agriculture, culture, industrie maritime et tourisme. Un fonds souverain breton permettrait de canaliser ces ressources vers des projets exclusivement bretons, en r\u00e9investissant dans notre infrastructure, notre patrimoine et notre population. En cessant de financer les priorit\u00e9s fran\u00e7aises, la Bretagne pourrait se b\u00e2tir un avenir ind\u00e9pendant, bas\u00e9 sur ses propres richesses.<\/p>\n<p style=\"text-align: justify;\">Informer les Bretons des effets concrets de cette domination \u00e9conomique est essentiel pour faire basculer l\u2019opinion publique. Les Bretons doivent comprendre que chaque euro envoy\u00e9 \u00e0 Paris est un euro de moins pour nos enfants, nos a\u00een\u00e9s, et nos infrastructures. En sensibilisant sur l\u2019ampleur <strong>du pillage \u00e9conomique<\/strong>, le mouvement ind\u00e9pendantiste peut rallier encore plus de soutien populaire.<\/p>\n<p style=\"text-align: justify;\">Pour pr\u00e9parer une ind\u00e9pendance effective, <strong>un gouvernement breton<\/strong> provisoire doit \u00eatre constitu\u00e9 pour commencer \u00e0 g\u00e9rer les affaires du pays d\u00e8s aujourd\u2019hui. Ce gouvernement pourrait anticiper la prise en charge de secteurs-cl\u00e9s, pr\u00e9parer la mise en place des institutions financi\u00e8res bretonnes et travailler \u00e0 l\u2019instauration d\u2019un syst\u00e8me de protection sociale breton.<\/p>\n<p><strong>Relevons la t\u00eate<\/strong><\/p>\n<p style=\"text-align: justify;\">L&rsquo;\u00c9tat fran\u00e7ais agit comme<strong> un pr\u00e9dateur<\/strong> envers notre pays. La Bretagne ne peut plus accepter cette situation o\u00f9 elle est trait\u00e9e <strong>en colonie <\/strong>exploit\u00e9e et appauvrie. L\u2019heure n\u2019est plus \u00e0 la patience ni \u00e0 la mod\u00e9ration. La Bretagne doit prendre en main son destin, affirmer sa souverainet\u00e9, et mettre fin \u00e0 cette d\u00e9pendance humiliante. En revendiquant notre ind\u00e9pendance \u00e9conomique et politique, nous garantirons \u00e0 notre nation un avenir prosp\u00e8re et libre, \u00e0 l\u2019abri des coupes et des politiques d\u00e9vastatrices d\u2019un \u00c9tat \u00e9tranger.<\/p>\n<p style=\"text-align: right;\"><strong>Ewen Broc&rsquo;han<\/strong><\/p>\n","protected":false},"excerpt":{"rendered":"<p>Le pr\u00e9sident socialiste du conseil d\u00e9partemental d&rsquo;Ille-et-Vilaine, Jean-Luc Chenut, a annonc\u00e9 qu&rsquo;ils devront examiner tous les postes du budget 2025. Ce jeudi 7 novembre, les conseillers d\u00e9partementaux ont organis\u00e9 un rassemblement symbolique devant leur collectivit\u00e9 \u00e0 Rennes. Pour le futur budget 2025, \u00ab nous allons devoir tout regarder \u00bb, conc\u00e8de @JeanLucChenut le pr\u00e9sident du conseil [&hellip;]<\/p>\n","protected":false},"author":1,"featured_media":2770,"comment_status":"open","ping_status":"open","sticky":false,"template":"","format":"standard","meta":{"sb_editor_width":"","footnotes":""},"categories":[58,55,41,67,65],"tags":[],"class_list":["post-2769","post","type-post","status-publish","format-standard","has-post-thumbnail","hentry","category-breizh","category-economie","category-ille-et-vilaine","category-politique","category-principale"],"relative_dates":{"created":"1 an ago","modified":"1 an ago"},"yoast_head":"<!-- This site is optimized with the Yoast SEO plugin v26.3 - https:\/\/yoast.com\/wordpress\/plugins\/seo\/ -->\n<title>Budget \u00e9trangl\u00e9, Bretagne b\u00e2illonn\u00e9e : reprenons notre souverainet\u00e9 ! - STOURM<\/title>\n<meta name=\"robots\" content=\"index, follow, max-snippet:-1, max-image-preview:large, max-video-preview:-1\" \/>\n<link rel=\"canonical\" href=\"https:\/\/stourm.news\/?p=2769\" \/>\n<meta property=\"og:locale\" content=\"fr_FR\" \/>\n<meta property=\"og:type\" content=\"article\" \/>\n<meta property=\"og:title\" content=\"Budget \u00e9trangl\u00e9, Bretagne b\u00e2illonn\u00e9e : reprenons notre souverainet\u00e9 ! - STOURM\" \/>\n<meta property=\"og:description\" content=\"Le pr\u00e9sident socialiste du conseil d\u00e9partemental d&rsquo;Ille-et-Vilaine, Jean-Luc Chenut, a annonc\u00e9 qu&rsquo;ils devront examiner tous les postes du budget 2025. Ce jeudi 7 novembre, les conseillers d\u00e9partementaux ont organis\u00e9 un rassemblement symbolique devant leur collectivit\u00e9 \u00e0 Rennes. Pour le futur budget 2025, \u00ab nous allons devoir tout regarder \u00bb, conc\u00e8de @JeanLucChenut le pr\u00e9sident du conseil [&hellip;]\" \/>\n<meta property=\"og:url\" content=\"https:\/\/stourm.news\/?p=2769\" \/>\n<meta property=\"og:site_name\" content=\"STOURM\" \/>\n<meta property=\"article:publisher\" content=\"https:\/\/www.facebook.com\/stourmnews\/\" \/>\n<meta property=\"article:published_time\" content=\"2024-11-07T12:55:53+00:00\" \/>\n<meta property=\"article:modified_time\" content=\"2024-11-07T14:46:27+00:00\" \/>\n<meta property=\"og:image\" content=\"https:\/\/stourm.news\/wp-content\/uploads\/2024\/11\/Gbxg_OGXUBo9B-s.jpg\" \/>\n\t<meta property=\"og:image:width\" content=\"2048\" \/>\n\t<meta property=\"og:image:height\" content=\"1536\" \/>\n\t<meta property=\"og:image:type\" content=\"image\/jpeg\" \/>\n<meta name=\"author\" content=\"La r\u00e9daction\" \/>\n<meta name=\"twitter:card\" content=\"summary_large_image\" \/>\n<meta name=\"twitter:label1\" content=\"\u00c9crit par\" \/>\n\t<meta name=\"twitter:data1\" content=\"La r\u00e9daction\" \/>\n\t<meta name=\"twitter:label2\" content=\"Dur\u00e9e de lecture estim\u00e9e\" \/>\n\t<meta name=\"twitter:data2\" content=\"6 minutes\" \/>\n<script type=\"application\/ld+json\" class=\"yoast-schema-graph\">{\"@context\":\"https:\/\/schema.org\",\"@graph\":[{\"@type\":\"Article\",\"@id\":\"https:\/\/stourm.news\/?p=2769#article\",\"isPartOf\":{\"@id\":\"https:\/\/stourm.news\/?p=2769\"},\"author\":{\"name\":\"La r\u00e9daction\",\"@id\":\"https:\/\/stourm.news\/#\/schema\/person\/c3e1dc65988632e190969234ef046cf9\"},\"headline\":\"Budget \u00e9trangl\u00e9, Bretagne b\u00e2illonn\u00e9e : reprenons notre souverainet\u00e9 !\",\"datePublished\":\"2024-11-07T12:55:53+00:00\",\"dateModified\":\"2024-11-07T14:46:27+00:00\",\"mainEntityOfPage\":{\"@id\":\"https:\/\/stourm.news\/?p=2769\"},\"wordCount\":1216,\"commentCount\":0,\"publisher\":{\"@id\":\"https:\/\/stourm.news\/#organization\"},\"image\":{\"@id\":\"https:\/\/stourm.news\/?p=2769#primaryimage\"},\"thumbnailUrl\":\"https:\/\/stourm.news\/wp-content\/uploads\/2024\/11\/Gbxg_OGXUBo9B-s.jpg\",\"articleSection\":[\"Breizh\",\"Economie\",\"Ille-et-Vilaine\",\"Politique\",\"Principale\"],\"inLanguage\":\"fr-FR\",\"potentialAction\":[{\"@type\":\"CommentAction\",\"name\":\"Comment\",\"target\":[\"https:\/\/stourm.news\/?p=2769#respond\"]}]},{\"@type\":\"WebPage\",\"@id\":\"https:\/\/stourm.news\/?p=2769\",\"url\":\"https:\/\/stourm.news\/?p=2769\",\"name\":\"Budget \u00e9trangl\u00e9, Bretagne b\u00e2illonn\u00e9e : reprenons notre souverainet\u00e9 ! - STOURM\",\"isPartOf\":{\"@id\":\"https:\/\/stourm.news\/#website\"},\"primaryImageOfPage\":{\"@id\":\"https:\/\/stourm.news\/?p=2769#primaryimage\"},\"image\":{\"@id\":\"https:\/\/stourm.news\/?p=2769#primaryimage\"},\"thumbnailUrl\":\"https:\/\/stourm.news\/wp-content\/uploads\/2024\/11\/Gbxg_OGXUBo9B-s.jpg\",\"datePublished\":\"2024-11-07T12:55:53+00:00\",\"dateModified\":\"2024-11-07T14:46:27+00:00\",\"breadcrumb\":{\"@id\":\"https:\/\/stourm.news\/?p=2769#breadcrumb\"},\"inLanguage\":\"fr-FR\",\"potentialAction\":[{\"@type\":\"ReadAction\",\"target\":[\"https:\/\/stourm.news\/?p=2769\"]}]},{\"@type\":\"ImageObject\",\"inLanguage\":\"fr-FR\",\"@id\":\"https:\/\/stourm.news\/?p=2769#primaryimage\",\"url\":\"https:\/\/stourm.news\/wp-content\/uploads\/2024\/11\/Gbxg_OGXUBo9B-s.jpg\",\"contentUrl\":\"https:\/\/stourm.news\/wp-content\/uploads\/2024\/11\/Gbxg_OGXUBo9B-s.jpg\",\"width\":2048,\"height\":1536},{\"@type\":\"BreadcrumbList\",\"@id\":\"https:\/\/stourm.news\/?p=2769#breadcrumb\",\"itemListElement\":[{\"@type\":\"ListItem\",\"position\":1,\"name\":\"Accueil\",\"item\":\"https:\/\/stourm.news\/\"},{\"@type\":\"ListItem\",\"position\":2,\"name\":\"Budget \u00e9trangl\u00e9, Bretagne b\u00e2illonn\u00e9e : reprenons notre souverainet\u00e9 !\"}]},{\"@type\":\"WebSite\",\"@id\":\"https:\/\/stourm.news\/#website\",\"url\":\"https:\/\/stourm.news\/\",\"name\":\"Stourm\",\"description\":\"Kazetenn Strollad Broadel Breizh\",\"publisher\":{\"@id\":\"https:\/\/stourm.news\/#organization\"},\"potentialAction\":[{\"@type\":\"SearchAction\",\"target\":{\"@type\":\"EntryPoint\",\"urlTemplate\":\"https:\/\/stourm.news\/?s={search_term_string}\"},\"query-input\":{\"@type\":\"PropertyValueSpecification\",\"valueRequired\":true,\"valueName\":\"search_term_string\"}}],\"inLanguage\":\"fr-FR\"},{\"@type\":\"Organization\",\"@id\":\"https:\/\/stourm.news\/#organization\",\"name\":\"Stourm\",\"url\":\"https:\/\/stourm.news\/\",\"logo\":{\"@type\":\"ImageObject\",\"inLanguage\":\"fr-FR\",\"@id\":\"https:\/\/stourm.news\/#\/schema\/logo\/image\/\",\"url\":\"https:\/\/stourm.news\/wp-content\/uploads\/2025\/11\/cropped-Capture-decran-2025-11-28-a-15.19.07.png\",\"contentUrl\":\"https:\/\/stourm.news\/wp-content\/uploads\/2025\/11\/cropped-Capture-decran-2025-11-28-a-15.19.07.png\",\"width\":1855,\"height\":383,\"caption\":\"Stourm\"},\"image\":{\"@id\":\"https:\/\/stourm.news\/#\/schema\/logo\/image\/\"},\"sameAs\":[\"https:\/\/www.facebook.com\/stourmnews\/\"]},{\"@type\":\"Person\",\"@id\":\"https:\/\/stourm.news\/#\/schema\/person\/c3e1dc65988632e190969234ef046cf9\",\"name\":\"La r\u00e9daction\",\"image\":{\"@type\":\"ImageObject\",\"inLanguage\":\"fr-FR\",\"@id\":\"https:\/\/stourm.news\/#\/schema\/person\/image\/\",\"url\":\"https:\/\/secure.gravatar.com\/avatar\/7463443f194b6b5fb706b074ca0ef59a0cfcfd720cb47764b0ec5a952ce422b3?s=96&d=mm&r=g\",\"contentUrl\":\"https:\/\/secure.gravatar.com\/avatar\/7463443f194b6b5fb706b074ca0ef59a0cfcfd720cb47764b0ec5a952ce422b3?s=96&d=mm&r=g\",\"caption\":\"La r\u00e9daction\"},\"sameAs\":[\"https:\/\/stourm.news\"],\"url\":\"https:\/\/stourm.news\/?author=1\"}]}<\/script>\n<!-- \/ Yoast SEO plugin. -->","yoast_head_json":{"title":"Budget \u00e9trangl\u00e9, Bretagne b\u00e2illonn\u00e9e : reprenons notre souverainet\u00e9 ! - STOURM","robots":{"index":"index","follow":"follow","max-snippet":"max-snippet:-1","max-image-preview":"max-image-preview:large","max-video-preview":"max-video-preview:-1"},"canonical":"https:\/\/stourm.news\/?p=2769","og_locale":"fr_FR","og_type":"article","og_title":"Budget \u00e9trangl\u00e9, Bretagne b\u00e2illonn\u00e9e : reprenons notre souverainet\u00e9 ! - STOURM","og_description":"Le pr\u00e9sident socialiste du conseil d\u00e9partemental d&rsquo;Ille-et-Vilaine, Jean-Luc Chenut, a annonc\u00e9 qu&rsquo;ils devront examiner tous les postes du budget 2025. Ce jeudi 7 novembre, les conseillers d\u00e9partementaux ont organis\u00e9 un rassemblement symbolique devant leur collectivit\u00e9 \u00e0 Rennes. Pour le futur budget 2025, \u00ab nous allons devoir tout regarder \u00bb, conc\u00e8de @JeanLucChenut le pr\u00e9sident du conseil [&hellip;]","og_url":"https:\/\/stourm.news\/?p=2769","og_site_name":"STOURM","article_publisher":"https:\/\/www.facebook.com\/stourmnews\/","article_published_time":"2024-11-07T12:55:53+00:00","article_modified_time":"2024-11-07T14:46:27+00:00","og_image":[{"width":2048,"height":1536,"url":"https:\/\/stourm.news\/wp-content\/uploads\/2024\/11\/Gbxg_OGXUBo9B-s.jpg","type":"image\/jpeg"}],"author":"La r\u00e9daction","twitter_card":"summary_large_image","twitter_misc":{"\u00c9crit par":"La r\u00e9daction","Dur\u00e9e de lecture estim\u00e9e":"6 minutes"},"schema":{"@context":"https:\/\/schema.org","@graph":[{"@type":"Article","@id":"https:\/\/stourm.news\/?p=2769#article","isPartOf":{"@id":"https:\/\/stourm.news\/?p=2769"},"author":{"name":"La r\u00e9daction","@id":"https:\/\/stourm.news\/#\/schema\/person\/c3e1dc65988632e190969234ef046cf9"},"headline":"Budget \u00e9trangl\u00e9, Bretagne b\u00e2illonn\u00e9e : reprenons notre souverainet\u00e9 !","datePublished":"2024-11-07T12:55:53+00:00","dateModified":"2024-11-07T14:46:27+00:00","mainEntityOfPage":{"@id":"https:\/\/stourm.news\/?p=2769"},"wordCount":1216,"commentCount":0,"publisher":{"@id":"https:\/\/stourm.news\/#organization"},"image":{"@id":"https:\/\/stourm.news\/?p=2769#primaryimage"},"thumbnailUrl":"https:\/\/stourm.news\/wp-content\/uploads\/2024\/11\/Gbxg_OGXUBo9B-s.jpg","articleSection":["Breizh","Economie","Ille-et-Vilaine","Politique","Principale"],"inLanguage":"fr-FR","potentialAction":[{"@type":"CommentAction","name":"Comment","target":["https:\/\/stourm.news\/?p=2769#respond"]}]},{"@type":"WebPage","@id":"https:\/\/stourm.news\/?p=2769","url":"https:\/\/stourm.news\/?p=2769","name":"Budget \u00e9trangl\u00e9, Bretagne b\u00e2illonn\u00e9e : reprenons notre souverainet\u00e9 ! - STOURM","isPartOf":{"@id":"https:\/\/stourm.news\/#website"},"primaryImageOfPage":{"@id":"https:\/\/stourm.news\/?p=2769#primaryimage"},"image":{"@id":"https:\/\/stourm.news\/?p=2769#primaryimage"},"thumbnailUrl":"https:\/\/stourm.news\/wp-content\/uploads\/2024\/11\/Gbxg_OGXUBo9B-s.jpg","datePublished":"2024-11-07T12:55:53+00:00","dateModified":"2024-11-07T14:46:27+00:00","breadcrumb":{"@id":"https:\/\/stourm.news\/?p=2769#breadcrumb"},"inLanguage":"fr-FR","potentialAction":[{"@type":"ReadAction","target":["https:\/\/stourm.news\/?p=2769"]}]},{"@type":"ImageObject","inLanguage":"fr-FR","@id":"https:\/\/stourm.news\/?p=2769#primaryimage","url":"https:\/\/stourm.news\/wp-content\/uploads\/2024\/11\/Gbxg_OGXUBo9B-s.jpg","contentUrl":"https:\/\/stourm.news\/wp-content\/uploads\/2024\/11\/Gbxg_OGXUBo9B-s.jpg","width":2048,"height":1536},{"@type":"BreadcrumbList","@id":"https:\/\/stourm.news\/?p=2769#breadcrumb","itemListElement":[{"@type":"ListItem","position":1,"name":"Accueil","item":"https:\/\/stourm.news\/"},{"@type":"ListItem","position":2,"name":"Budget \u00e9trangl\u00e9, Bretagne b\u00e2illonn\u00e9e : reprenons notre souverainet\u00e9 !"}]},{"@type":"WebSite","@id":"https:\/\/stourm.news\/#website","url":"https:\/\/stourm.news\/","name":"Stourm","description":"Kazetenn Strollad Broadel Breizh","publisher":{"@id":"https:\/\/stourm.news\/#organization"},"potentialAction":[{"@type":"SearchAction","target":{"@type":"EntryPoint","urlTemplate":"https:\/\/stourm.news\/?s={search_term_string}"},"query-input":{"@type":"PropertyValueSpecification","valueRequired":true,"valueName":"search_term_string"}}],"inLanguage":"fr-FR"},{"@type":"Organization","@id":"https:\/\/stourm.news\/#organization","name":"Stourm","url":"https:\/\/stourm.news\/","logo":{"@type":"ImageObject","inLanguage":"fr-FR","@id":"https:\/\/stourm.news\/#\/schema\/logo\/image\/","url":"https:\/\/stourm.news\/wp-content\/uploads\/2025\/11\/cropped-Capture-decran-2025-11-28-a-15.19.07.png","contentUrl":"https:\/\/stourm.news\/wp-content\/uploads\/2025\/11\/cropped-Capture-decran-2025-11-28-a-15.19.07.png","width":1855,"height":383,"caption":"Stourm"},"image":{"@id":"https:\/\/stourm.news\/#\/schema\/logo\/image\/"},"sameAs":["https:\/\/www.facebook.com\/stourmnews\/"]},{"@type":"Person","@id":"https:\/\/stourm.news\/#\/schema\/person\/c3e1dc65988632e190969234ef046cf9","name":"La r\u00e9daction","image":{"@type":"ImageObject","inLanguage":"fr-FR","@id":"https:\/\/stourm.news\/#\/schema\/person\/image\/","url":"https:\/\/secure.gravatar.com\/avatar\/7463443f194b6b5fb706b074ca0ef59a0cfcfd720cb47764b0ec5a952ce422b3?s=96&d=mm&r=g","contentUrl":"https:\/\/secure.gravatar.com\/avatar\/7463443f194b6b5fb706b074ca0ef59a0cfcfd720cb47764b0ec5a952ce422b3?s=96&d=mm&r=g","caption":"La r\u00e9daction"},"sameAs":["https:\/\/stourm.news"],"url":"https:\/\/stourm.news\/?author=1"}]}},"_links":{"self":[{"href":"https:\/\/stourm.news\/index.php?rest_route=\/wp\/v2\/posts\/2769","targetHints":{"allow":["GET"]}}],"collection":[{"href":"https:\/\/stourm.news\/index.php?rest_route=\/wp\/v2\/posts"}],"about":[{"href":"https:\/\/stourm.news\/index.php?rest_route=\/wp\/v2\/types\/post"}],"author":[{"embeddable":true,"href":"https:\/\/stourm.news\/index.php?rest_route=\/wp\/v2\/users\/1"}],"replies":[{"embeddable":true,"href":"https:\/\/stourm.news\/index.php?rest_route=%2Fwp%2Fv2%2Fcomments&post=2769"}],"version-history":[{"count":1,"href":"https:\/\/stourm.news\/index.php?rest_route=\/wp\/v2\/posts\/2769\/revisions"}],"predecessor-version":[{"id":2771,"href":"https:\/\/stourm.news\/index.php?rest_route=\/wp\/v2\/posts\/2769\/revisions\/2771"}],"wp:featuredmedia":[{"embeddable":true,"href":"https:\/\/stourm.news\/index.php?rest_route=\/wp\/v2\/media\/2770"}],"wp:attachment":[{"href":"https:\/\/stourm.news\/index.php?rest_route=%2Fwp%2Fv2%2Fmedia&parent=2769"}],"wp:term":[{"taxonomy":"category","embeddable":true,"href":"https:\/\/stourm.news\/index.php?rest_route=%2Fwp%2Fv2%2Fcategories&post=2769"},{"taxonomy":"post_tag","embeddable":true,"href":"https:\/\/stourm.news\/index.php?rest_route=%2Fwp%2Fv2%2Ftags&post=2769"}],"curies":[{"name":"wp","href":"https:\/\/api.w.org\/{rel}","templated":true}]}}