{"id":2775,"date":"2024-11-07T15:48:33","date_gmt":"2024-11-07T15:48:33","guid":{"rendered":"https:\/\/stourm.news\/?p=2775"},"modified":"2024-11-07T15:48:33","modified_gmt":"2024-11-07T15:48:33","slug":"pordic-un-pont-routier-tague-par-lultra-gauche-francaise-sur-la-departementale-786-la-mairie-desavoue","status":"publish","type":"post","link":"https:\/\/stourm.news\/?p=2775","title":{"rendered":"Pordic : un pont routier tagu\u00e9 par l&rsquo;ultra-gauche fran\u00e7aise sur la D\u00e9partementale 786, la mairie \u00ab\u00a0d\u00e9savoue\u00a0\u00bb"},"content":{"rendered":"<p style=\"text-align: justify;\"><strong>\u00ab Bretagne antifasciste \u00bb<\/strong> : le message n\u2019a pas \u00e9chapp\u00e9 aux automobilistes qui empruntent ce trajet. Le 1er novembre 2024, entre 5 h et 6 h du matin, deux individus, \u00e9quip\u00e9s de lampes frontales, ont commis un acte de d\u00e9gradation d\u2019\u00e9difice public sur le pont routier enjambant la D 786, sur le territoire de la Ville de Pordic ; mais ce pont est propri\u00e9t\u00e9 du D\u00e9partement des C\u00f4tes-d\u2019Armor. La municipalit\u00e9 de Pordic exprime toutefois <strong>\u00ab son d\u00e9saveu \u00bb<\/strong>, via un communiqu\u00e9, \u00ab face \u00e0 ces inscriptions <strong>\u00e0 caract\u00e8re politique<\/strong> impos\u00e9es \u00e0 la vue du public de mani\u00e8re non autoris\u00e9e. Une plainte pour d\u00e9gradation a \u00e9t\u00e9 d\u00e9pos\u00e9e aupr\u00e8s de la gendarmerie de Binic-\u00c9tables-sur-Mer \u00bb.<\/p>\n<p style=\"text-align: justify;\">\u00ab Le pont en question est situ\u00e9 sur l\u2019une des art\u00e8res les plus fr\u00e9quent\u00e9es de notre d\u00e9partement, pr\u00e9cise Jo\u00ebl Batard, maire. Dans ce contexte, nous avons sollicit\u00e9 l\u2019intervention rapide des services comp\u00e9tents du D\u00e9partement des C\u00f4tes-d\u2019Armor afin qu\u2019ils interviennent au mieux de leurs possibilit\u00e9s pour le nettoyage ou l\u2019effacement de ces inscriptions. \u00bb<\/p>\n<p style=\"text-align: justify;\">Source : <a href=\"https:\/\/www.letelegramme.fr\/cotes-d-armor\/pordic-22590\/a-pordic-un-pont-routier-tague-sur-la-departementale-786-6697903.php\">Le T\u00e9l\u00e9gramme<\/a><\/p>\n","protected":false},"excerpt":{"rendered":"<p>\u00ab Bretagne antifasciste \u00bb : le message n\u2019a pas \u00e9chapp\u00e9 aux automobilistes qui empruntent ce trajet. Le 1er novembre 2024, entre 5 h et 6 h du matin, deux individus, \u00e9quip\u00e9s de lampes frontales, ont commis un acte de d\u00e9gradation d\u2019\u00e9difice public sur le pont routier enjambant la D 786, sur le territoire de la [&hellip;]<\/p>\n","protected":false},"author":1,"featured_media":2776,"comment_status":"open","ping_status":"open","sticky":false,"template":"","format":"standard","meta":{"sb_editor_width":"","footnotes":""},"categories":[39,36,67,65],"tags":[],"class_list":["post-2775","post","type-post","status-publish","format-standard","has-post-thumbnail","hentry","category-cotes-darmor","category-extreme-gauche","category-politique","category-principale"],"relative_dates":{"created":"1 an ago","modified":"1 an ago"},"yoast_head":"<!-- This site is optimized with the Yoast SEO plugin v26.3 - https:\/\/yoast.com\/wordpress\/plugins\/seo\/ -->\n<title>Pordic : un pont routier tagu\u00e9 par l&#039;ultra-gauche fran\u00e7aise sur la D\u00e9partementale 786, la mairie &quot;d\u00e9savoue&quot; - STOURM<\/title>\n<meta name=\"robots\" content=\"index, follow, max-snippet:-1, max-image-preview:large, max-video-preview:-1\" \/>\n<link rel=\"canonical\" href=\"https:\/\/stourm.news\/?p=2775\" \/>\n<meta property=\"og:locale\" content=\"fr_FR\" \/>\n<meta property=\"og:type\" content=\"article\" \/>\n<meta property=\"og:title\" content=\"Pordic : un pont routier tagu\u00e9 par l&#039;ultra-gauche fran\u00e7aise sur la D\u00e9partementale 786, la mairie &quot;d\u00e9savoue&quot; - STOURM\" \/>\n<meta property=\"og:description\" content=\"\u00ab Bretagne antifasciste \u00bb : le message n\u2019a pas \u00e9chapp\u00e9 aux automobilistes qui empruntent ce trajet. Le 1er novembre 2024, entre 5 h et 6 h du matin, deux individus, \u00e9quip\u00e9s de lampes frontales, ont commis un acte de d\u00e9gradation d\u2019\u00e9difice public sur le pont routier enjambant la D 786, sur le territoire de la [&hellip;]\" \/>\n<meta property=\"og:url\" content=\"https:\/\/stourm.news\/?p=2775\" \/>\n<meta property=\"og:site_name\" content=\"STOURM\" \/>\n<meta property=\"article:publisher\" content=\"https:\/\/www.facebook.com\/stourmnews\/\" \/>\n<meta property=\"article:published_time\" content=\"2024-11-07T15:48:33+00:00\" \/>\n<meta property=\"og:image\" content=\"https:\/\/stourm.news\/wp-content\/uploads\/2024\/11\/672cce597de63070ca09ce29.webp\" \/>\n\t<meta property=\"og:image:width\" content=\"1200\" \/>\n\t<meta property=\"og:image:height\" content=\"750\" \/>\n\t<meta property=\"og:image:type\" content=\"image\/webp\" \/>\n<meta name=\"author\" content=\"La r\u00e9daction\" \/>\n<meta name=\"twitter:card\" content=\"summary_large_image\" \/>\n<meta name=\"twitter:label1\" content=\"\u00c9crit par\" \/>\n\t<meta name=\"twitter:data1\" content=\"La r\u00e9daction\" \/>\n\t<meta name=\"twitter:label2\" content=\"Dur\u00e9e de lecture estim\u00e9e\" \/>\n\t<meta name=\"twitter:data2\" content=\"1 minute\" \/>\n<script type=\"application\/ld+json\" class=\"yoast-schema-graph\">{\"@context\":\"https:\/\/schema.org\",\"@graph\":[{\"@type\":\"Article\",\"@id\":\"https:\/\/stourm.news\/?p=2775#article\",\"isPartOf\":{\"@id\":\"https:\/\/stourm.news\/?p=2775\"},\"author\":{\"name\":\"La r\u00e9daction\",\"@id\":\"https:\/\/stourm.news\/#\/schema\/person\/c3e1dc65988632e190969234ef046cf9\"},\"headline\":\"Pordic : un pont routier tagu\u00e9 par l&rsquo;ultra-gauche fran\u00e7aise sur la D\u00e9partementale 786, la mairie \u00ab\u00a0d\u00e9savoue\u00a0\u00bb\",\"datePublished\":\"2024-11-07T15:48:33+00:00\",\"mainEntityOfPage\":{\"@id\":\"https:\/\/stourm.news\/?p=2775\"},\"wordCount\":205,\"commentCount\":0,\"publisher\":{\"@id\":\"https:\/\/stourm.news\/#organization\"},\"image\":{\"@id\":\"https:\/\/stourm.news\/?p=2775#primaryimage\"},\"thumbnailUrl\":\"https:\/\/stourm.news\/wp-content\/uploads\/2024\/11\/672cce597de63070ca09ce29.webp\",\"articleSection\":[\"C\u00f4tes d'Armor\",\"Extr\u00eame-gauche\",\"Politique\",\"Principale\"],\"inLanguage\":\"fr-FR\",\"potentialAction\":[{\"@type\":\"CommentAction\",\"name\":\"Comment\",\"target\":[\"https:\/\/stourm.news\/?p=2775#respond\"]}]},{\"@type\":\"WebPage\",\"@id\":\"https:\/\/stourm.news\/?p=2775\",\"url\":\"https:\/\/stourm.news\/?p=2775\",\"name\":\"Pordic : un pont routier tagu\u00e9 par l'ultra-gauche fran\u00e7aise sur la D\u00e9partementale 786, la mairie \\\"d\u00e9savoue\\\" - STOURM\",\"isPartOf\":{\"@id\":\"https:\/\/stourm.news\/#website\"},\"primaryImageOfPage\":{\"@id\":\"https:\/\/stourm.news\/?p=2775#primaryimage\"},\"image\":{\"@id\":\"https:\/\/stourm.news\/?p=2775#primaryimage\"},\"thumbnailUrl\":\"https:\/\/stourm.news\/wp-content\/uploads\/2024\/11\/672cce597de63070ca09ce29.webp\",\"datePublished\":\"2024-11-07T15:48:33+00:00\",\"breadcrumb\":{\"@id\":\"https:\/\/stourm.news\/?p=2775#breadcrumb\"},\"inLanguage\":\"fr-FR\",\"potentialAction\":[{\"@type\":\"ReadAction\",\"target\":[\"https:\/\/stourm.news\/?p=2775\"]}]},{\"@type\":\"ImageObject\",\"inLanguage\":\"fr-FR\",\"@id\":\"https:\/\/stourm.news\/?p=2775#primaryimage\",\"url\":\"https:\/\/stourm.news\/wp-content\/uploads\/2024\/11\/672cce597de63070ca09ce29.webp\",\"contentUrl\":\"https:\/\/stourm.news\/wp-content\/uploads\/2024\/11\/672cce597de63070ca09ce29.webp\",\"width\":1200,\"height\":750},{\"@type\":\"BreadcrumbList\",\"@id\":\"https:\/\/stourm.news\/?p=2775#breadcrumb\",\"itemListElement\":[{\"@type\":\"ListItem\",\"position\":1,\"name\":\"Accueil\",\"item\":\"https:\/\/stourm.news\/\"},{\"@type\":\"ListItem\",\"position\":2,\"name\":\"Pordic : un pont routier tagu\u00e9 par l&rsquo;ultra-gauche fran\u00e7aise sur la D\u00e9partementale 786, la mairie \u00ab\u00a0d\u00e9savoue\u00a0\u00bb\"}]},{\"@type\":\"WebSite\",\"@id\":\"https:\/\/stourm.news\/#website\",\"url\":\"https:\/\/stourm.news\/\",\"name\":\"Stourm\",\"description\":\"Kazetenn Strollad Broadel Breizh\",\"publisher\":{\"@id\":\"https:\/\/stourm.news\/#organization\"},\"potentialAction\":[{\"@type\":\"SearchAction\",\"target\":{\"@type\":\"EntryPoint\",\"urlTemplate\":\"https:\/\/stourm.news\/?s={search_term_string}\"},\"query-input\":{\"@type\":\"PropertyValueSpecification\",\"valueRequired\":true,\"valueName\":\"search_term_string\"}}],\"inLanguage\":\"fr-FR\"},{\"@type\":\"Organization\",\"@id\":\"https:\/\/stourm.news\/#organization\",\"name\":\"Stourm\",\"url\":\"https:\/\/stourm.news\/\",\"logo\":{\"@type\":\"ImageObject\",\"inLanguage\":\"fr-FR\",\"@id\":\"https:\/\/stourm.news\/#\/schema\/logo\/image\/\",\"url\":\"https:\/\/stourm.news\/wp-content\/uploads\/2025\/11\/cropped-Capture-decran-2025-11-28-a-15.19.07.png\",\"contentUrl\":\"https:\/\/stourm.news\/wp-content\/uploads\/2025\/11\/cropped-Capture-decran-2025-11-28-a-15.19.07.png\",\"width\":1855,\"height\":383,\"caption\":\"Stourm\"},\"image\":{\"@id\":\"https:\/\/stourm.news\/#\/schema\/logo\/image\/\"},\"sameAs\":[\"https:\/\/www.facebook.com\/stourmnews\/\"]},{\"@type\":\"Person\",\"@id\":\"https:\/\/stourm.news\/#\/schema\/person\/c3e1dc65988632e190969234ef046cf9\",\"name\":\"La r\u00e9daction\",\"image\":{\"@type\":\"ImageObject\",\"inLanguage\":\"fr-FR\",\"@id\":\"https:\/\/stourm.news\/#\/schema\/person\/image\/\",\"url\":\"https:\/\/secure.gravatar.com\/avatar\/7463443f194b6b5fb706b074ca0ef59a0cfcfd720cb47764b0ec5a952ce422b3?s=96&d=mm&r=g\",\"contentUrl\":\"https:\/\/secure.gravatar.com\/avatar\/7463443f194b6b5fb706b074ca0ef59a0cfcfd720cb47764b0ec5a952ce422b3?s=96&d=mm&r=g\",\"caption\":\"La r\u00e9daction\"},\"sameAs\":[\"https:\/\/stourm.news\"],\"url\":\"https:\/\/stourm.news\/?author=1\"}]}<\/script>\n<!-- \/ Yoast SEO plugin. -->","yoast_head_json":{"title":"Pordic : un pont routier tagu\u00e9 par l'ultra-gauche fran\u00e7aise sur la D\u00e9partementale 786, la mairie \"d\u00e9savoue\" - STOURM","robots":{"index":"index","follow":"follow","max-snippet":"max-snippet:-1","max-image-preview":"max-image-preview:large","max-video-preview":"max-video-preview:-1"},"canonical":"https:\/\/stourm.news\/?p=2775","og_locale":"fr_FR","og_type":"article","og_title":"Pordic : un pont routier tagu\u00e9 par l'ultra-gauche fran\u00e7aise sur la D\u00e9partementale 786, la mairie \"d\u00e9savoue\" - STOURM","og_description":"\u00ab Bretagne antifasciste \u00bb : le message n\u2019a pas \u00e9chapp\u00e9 aux automobilistes qui empruntent ce trajet. Le 1er novembre 2024, entre 5 h et 6 h du matin, deux individus, \u00e9quip\u00e9s de lampes frontales, ont commis un acte de d\u00e9gradation d\u2019\u00e9difice public sur le pont routier enjambant la D 786, sur le territoire de la [&hellip;]","og_url":"https:\/\/stourm.news\/?p=2775","og_site_name":"STOURM","article_publisher":"https:\/\/www.facebook.com\/stourmnews\/","article_published_time":"2024-11-07T15:48:33+00:00","og_image":[{"width":1200,"height":750,"url":"https:\/\/stourm.news\/wp-content\/uploads\/2024\/11\/672cce597de63070ca09ce29.webp","type":"image\/webp"}],"author":"La r\u00e9daction","twitter_card":"summary_large_image","twitter_misc":{"\u00c9crit par":"La r\u00e9daction","Dur\u00e9e de lecture estim\u00e9e":"1 minute"},"schema":{"@context":"https:\/\/schema.org","@graph":[{"@type":"Article","@id":"https:\/\/stourm.news\/?p=2775#article","isPartOf":{"@id":"https:\/\/stourm.news\/?p=2775"},"author":{"name":"La r\u00e9daction","@id":"https:\/\/stourm.news\/#\/schema\/person\/c3e1dc65988632e190969234ef046cf9"},"headline":"Pordic : un pont routier tagu\u00e9 par l&rsquo;ultra-gauche fran\u00e7aise sur la D\u00e9partementale 786, la mairie \u00ab\u00a0d\u00e9savoue\u00a0\u00bb","datePublished":"2024-11-07T15:48:33+00:00","mainEntityOfPage":{"@id":"https:\/\/stourm.news\/?p=2775"},"wordCount":205,"commentCount":0,"publisher":{"@id":"https:\/\/stourm.news\/#organization"},"image":{"@id":"https:\/\/stourm.news\/?p=2775#primaryimage"},"thumbnailUrl":"https:\/\/stourm.news\/wp-content\/uploads\/2024\/11\/672cce597de63070ca09ce29.webp","articleSection":["C\u00f4tes d'Armor","Extr\u00eame-gauche","Politique","Principale"],"inLanguage":"fr-FR","potentialAction":[{"@type":"CommentAction","name":"Comment","target":["https:\/\/stourm.news\/?p=2775#respond"]}]},{"@type":"WebPage","@id":"https:\/\/stourm.news\/?p=2775","url":"https:\/\/stourm.news\/?p=2775","name":"Pordic : un pont routier tagu\u00e9 par l'ultra-gauche fran\u00e7aise sur la D\u00e9partementale 786, la mairie \"d\u00e9savoue\" - STOURM","isPartOf":{"@id":"https:\/\/stourm.news\/#website"},"primaryImageOfPage":{"@id":"https:\/\/stourm.news\/?p=2775#primaryimage"},"image":{"@id":"https:\/\/stourm.news\/?p=2775#primaryimage"},"thumbnailUrl":"https:\/\/stourm.news\/wp-content\/uploads\/2024\/11\/672cce597de63070ca09ce29.webp","datePublished":"2024-11-07T15:48:33+00:00","breadcrumb":{"@id":"https:\/\/stourm.news\/?p=2775#breadcrumb"},"inLanguage":"fr-FR","potentialAction":[{"@type":"ReadAction","target":["https:\/\/stourm.news\/?p=2775"]}]},{"@type":"ImageObject","inLanguage":"fr-FR","@id":"https:\/\/stourm.news\/?p=2775#primaryimage","url":"https:\/\/stourm.news\/wp-content\/uploads\/2024\/11\/672cce597de63070ca09ce29.webp","contentUrl":"https:\/\/stourm.news\/wp-content\/uploads\/2024\/11\/672cce597de63070ca09ce29.webp","width":1200,"height":750},{"@type":"BreadcrumbList","@id":"https:\/\/stourm.news\/?p=2775#breadcrumb","itemListElement":[{"@type":"ListItem","position":1,"name":"Accueil","item":"https:\/\/stourm.news\/"},{"@type":"ListItem","position":2,"name":"Pordic : un pont routier tagu\u00e9 par l&rsquo;ultra-gauche fran\u00e7aise sur la D\u00e9partementale 786, la mairie \u00ab\u00a0d\u00e9savoue\u00a0\u00bb"}]},{"@type":"WebSite","@id":"https:\/\/stourm.news\/#website","url":"https:\/\/stourm.news\/","name":"Stourm","description":"Kazetenn Strollad Broadel Breizh","publisher":{"@id":"https:\/\/stourm.news\/#organization"},"potentialAction":[{"@type":"SearchAction","target":{"@type":"EntryPoint","urlTemplate":"https:\/\/stourm.news\/?s={search_term_string}"},"query-input":{"@type":"PropertyValueSpecification","valueRequired":true,"valueName":"search_term_string"}}],"inLanguage":"fr-FR"},{"@type":"Organization","@id":"https:\/\/stourm.news\/#organization","name":"Stourm","url":"https:\/\/stourm.news\/","logo":{"@type":"ImageObject","inLanguage":"fr-FR","@id":"https:\/\/stourm.news\/#\/schema\/logo\/image\/","url":"https:\/\/stourm.news\/wp-content\/uploads\/2025\/11\/cropped-Capture-decran-2025-11-28-a-15.19.07.png","contentUrl":"https:\/\/stourm.news\/wp-content\/uploads\/2025\/11\/cropped-Capture-decran-2025-11-28-a-15.19.07.png","width":1855,"height":383,"caption":"Stourm"},"image":{"@id":"https:\/\/stourm.news\/#\/schema\/logo\/image\/"},"sameAs":["https:\/\/www.facebook.com\/stourmnews\/"]},{"@type":"Person","@id":"https:\/\/stourm.news\/#\/schema\/person\/c3e1dc65988632e190969234ef046cf9","name":"La r\u00e9daction","image":{"@type":"ImageObject","inLanguage":"fr-FR","@id":"https:\/\/stourm.news\/#\/schema\/person\/image\/","url":"https:\/\/secure.gravatar.com\/avatar\/7463443f194b6b5fb706b074ca0ef59a0cfcfd720cb47764b0ec5a952ce422b3?s=96&d=mm&r=g","contentUrl":"https:\/\/secure.gravatar.com\/avatar\/7463443f194b6b5fb706b074ca0ef59a0cfcfd720cb47764b0ec5a952ce422b3?s=96&d=mm&r=g","caption":"La r\u00e9daction"},"sameAs":["https:\/\/stourm.news"],"url":"https:\/\/stourm.news\/?author=1"}]}},"_links":{"self":[{"href":"https:\/\/stourm.news\/index.php?rest_route=\/wp\/v2\/posts\/2775","targetHints":{"allow":["GET"]}}],"collection":[{"href":"https:\/\/stourm.news\/index.php?rest_route=\/wp\/v2\/posts"}],"about":[{"href":"https:\/\/stourm.news\/index.php?rest_route=\/wp\/v2\/types\/post"}],"author":[{"embeddable":true,"href":"https:\/\/stourm.news\/index.php?rest_route=\/wp\/v2\/users\/1"}],"replies":[{"embeddable":true,"href":"https:\/\/stourm.news\/index.php?rest_route=%2Fwp%2Fv2%2Fcomments&post=2775"}],"version-history":[{"count":1,"href":"https:\/\/stourm.news\/index.php?rest_route=\/wp\/v2\/posts\/2775\/revisions"}],"predecessor-version":[{"id":2777,"href":"https:\/\/stourm.news\/index.php?rest_route=\/wp\/v2\/posts\/2775\/revisions\/2777"}],"wp:featuredmedia":[{"embeddable":true,"href":"https:\/\/stourm.news\/index.php?rest_route=\/wp\/v2\/media\/2776"}],"wp:attachment":[{"href":"https:\/\/stourm.news\/index.php?rest_route=%2Fwp%2Fv2%2Fmedia&parent=2775"}],"wp:term":[{"taxonomy":"category","embeddable":true,"href":"https:\/\/stourm.news\/index.php?rest_route=%2Fwp%2Fv2%2Fcategories&post=2775"},{"taxonomy":"post_tag","embeddable":true,"href":"https:\/\/stourm.news\/index.php?rest_route=%2Fwp%2Fv2%2Ftags&post=2775"}],"curies":[{"name":"wp","href":"https:\/\/api.w.org\/{rel}","templated":true}]}}