{"id":2778,"date":"2024-11-08T05:08:33","date_gmt":"2024-11-08T05:08:33","guid":{"rendered":"https:\/\/stourm.news\/?p=2778"},"modified":"2024-11-08T05:08:33","modified_gmt":"2024-11-08T05:08:33","slug":"emsav-08-novembre-1892-naissance-danna-hirgair-pionniere-du-nationalisme-breton","status":"publish","type":"post","link":"https:\/\/stourm.news\/?p=2778","title":{"rendered":"Emsav : 08 novembre 1892, naissance d&rsquo;Anna Hirgair, pionni\u00e8re du nationalisme breton"},"content":{"rendered":"<p style=\"text-align: justify;\"><strong>EMSAV &#8211;<\/strong> Anne-Marie Hirgair est n\u00e9e \u00e0 Baud le 8 novembre 1892 et d\u00e9c\u00e9d\u00e9e \u00e0 Hennebont le 19 septembre 1982. Issu d&rsquo;une famille nombreuse de dix enfants (dont trois devinrent pr\u00eatres), elle exer\u00e7ait comme son fr\u00e8re Vincent la profession de cultivatrice. Rest\u00e9e c\u00e9libataire, elle habitait au Scaou\u00ebt, sur la route menant au centre-ville de Baud.<\/p>\n<p style=\"text-align: justify;\">Tr\u00e8s attach\u00e9e \u00e0 la culture bretonne, elle avait \u00e9t\u00e9 pr\u00e9sidente du groupe folklorique baldivien des Bruy\u00e8res d\u2019Arvor et adh\u00e9ra autour de l\u2019ann\u00e9e 1937 au mouvement \u00ab\u00a0Breiz Atao\u00a0\u00bb. Consid\u00e9r\u00e9e par la police fran\u00e7aise comme une militante acharn\u00e9e et audacieuse de la cause nationaliste bretonne, elle \u00e9tait l\u2019\u00e2me du PNB \u00e0 Baud dont le si\u00e8ge de la section locale se trouvait \u00e0 son domicile.<\/p>\n<p><img fetchpriority=\"high\" decoding=\"async\" class=\"alignnone size-medium aligncenter\" src=\"https:\/\/static.wixstatic.com\/media\/a45ec9_248589e800e646d498d779534ee12ea3~mv2.png\/v1\/fill\/w_384,h_455,al_c,q_85,usm_0.66_1.00_0.01,enc_auto\/VH.png\" width=\"384\" height=\"455\" \/><\/p>\n<p style=\"text-align: justify;\">En 1944, les bandes arm\u00e9es du Parti Communiste Fran\u00e7ais pr\u00e9parent un coup d&rsquo;\u00e9tat r\u00e9volutionnaire qui doit voir l&rsquo;instauration d&rsquo;un \u00e9tat sovi\u00e9tique une fois l&rsquo;Arm\u00e9e Rouge sur le Rhin. Dans le pays de Baud, les insurg\u00e9s aux ordres de Staline commencent \u00e0 assassiner les \u00e9l\u00e9ments susceptibles de former les cadres de l&rsquo;opposition sur le mod\u00e8le mis en place \u00e0 Katyn par le NKVD contre les \u00e9lites polonaises. Le 29 juillet 1944, l&rsquo;abb\u00e9 Rallier est assassin\u00e9 par les communistes \u00e0 son presbyt\u00e8re de Bieuzy-Lanvaux. Le 4 ao\u00fbt, le cur\u00e9 de Baud, l&rsquo;abb\u00e9 Mary, et son vicaire, l&rsquo;abb\u00e9 Le D\u00e9au, accus\u00e9 d&rsquo;\u00eatre un autonomiste breton.<\/p>\n<p style=\"text-align: justify;\">Dans cette atmosph\u00e8re insurrectionnelle, Anne-Marie galvanise ses neveux Pierre et Christian Hirgair, mais aussi les jeunes Louis Nogu\u00e8s, L\u00e9on Jasson et Marcel Bib\u00e9 qui rejoindront l&rsquo;unit\u00e9 d&rsquo;autod\u00e9fense bretonne \u00ab\u00a0Bezen Perrot\u00a0\u00bb pour mener la lutte anticommuniste en Bretagne. Leur action d\u00e9termin\u00e9e contre les bandes arm\u00e9es staliniennes du PCF seront particuli\u00e8rement remarqu\u00e9es et leur vaudront la haine farouche des communistes fran\u00e7ais. Vincent Hirgair, fr\u00e8re d&rsquo;Anne-Marie, est sauvagement assassin\u00e9 par les communistes le 29 juillet 1944 en repr\u00e9sailles de l&rsquo;engagement breton de son fils Pierre qui tombe le 20 avril 1945 alors qu&rsquo;il poursuit le combat.<\/p>\n<p><img decoding=\"async\" class=\"size-medium aligncenter\" src=\"https:\/\/static.wixstatic.com\/media\/a45ec9_7f38abd0d0f34e9fb37b6d12db3dda0e~mv2.jpg\/v1\/crop\/x_66,y_0,w_608,h_778\/fill\/w_318,h_406,al_c,q_80,usm_0.66_1.00_0.01,enc_auto\/hirgair.jpg\" width=\"318\" height=\"406\" \/><\/p>\n<p style=\"text-align: center;\">Pierre Hirgair (03 mai 1922)<\/p>\n<p style=\"text-align: justify;\">Son autre fils, Christian (dit \u00ab\u00a0Job\u00a0\u00bb), s&rsquo;engage suite \u00e0 cet assassinat dans l&rsquo;unit\u00e9 Perrot. Il s&rsquo;installera ensuite en Irlande avec Anne-Marie. Revenu en Bretagne, il meurt dans un accident en 1957. Anne-Marie et Christian Hirgair reposent aujourd&rsquo;hui ensemble.<\/p>\n<p><img decoding=\"async\" class=\"size-medium aligncenter\" src=\"https:\/\/static.wixstatic.com\/media\/a45ec9_82560de2004f4595ad3dc3473dcf315f~mv2.jpg\/v1\/fill\/w_345,h_455,al_c,q_80,usm_0.66_1.00_0.01,enc_auto\/a45ec9_82560de2004f4595ad3dc3473dcf315f~mv2.jpg\" width=\"345\" height=\"455\" \/><\/p>\n<p style=\"text-align: right;\"><strong>Olwen Kerdrel<\/strong><\/p>\n","protected":false},"excerpt":{"rendered":"<p>EMSAV &#8211; Anne-Marie Hirgair est n\u00e9e \u00e0 Baud le 8 novembre 1892 et d\u00e9c\u00e9d\u00e9e \u00e0 Hennebont le 19 septembre 1982. Issu d&rsquo;une famille nombreuse de dix enfants (dont trois devinrent pr\u00eatres), elle exer\u00e7ait comme son fr\u00e8re Vincent la profession de cultivatrice. Rest\u00e9e c\u00e9libataire, elle habitait au Scaou\u00ebt, sur la route menant au centre-ville de Baud. [&hellip;]<\/p>\n","protected":false},"author":1,"featured_media":2779,"comment_status":"open","ping_status":"open","sticky":false,"template":"","format":"standard","meta":{"sb_editor_width":"","footnotes":""},"categories":[74,50,65],"tags":[],"class_list":["post-2778","post","type-post","status-publish","format-standard","has-post-thumbnail","hentry","category-emsav","category-histoire-de-bretagne","category-principale"],"relative_dates":{"created":"1 an ago","modified":"1 an ago"},"yoast_head":"<!-- This site is optimized with the Yoast SEO plugin v26.3 - https:\/\/yoast.com\/wordpress\/plugins\/seo\/ -->\n<title>Emsav : 08 novembre 1892, naissance d&#039;Anna Hirgair, pionni\u00e8re du nationalisme breton - STOURM<\/title>\n<meta name=\"robots\" content=\"index, follow, max-snippet:-1, max-image-preview:large, max-video-preview:-1\" \/>\n<link rel=\"canonical\" href=\"https:\/\/stourm.news\/?p=2778\" \/>\n<meta property=\"og:locale\" content=\"fr_FR\" \/>\n<meta property=\"og:type\" content=\"article\" \/>\n<meta property=\"og:title\" content=\"Emsav : 08 novembre 1892, naissance d&#039;Anna Hirgair, pionni\u00e8re du nationalisme breton - STOURM\" \/>\n<meta property=\"og:description\" content=\"EMSAV &#8211; Anne-Marie Hirgair est n\u00e9e \u00e0 Baud le 8 novembre 1892 et d\u00e9c\u00e9d\u00e9e \u00e0 Hennebont le 19 septembre 1982. Issu d&rsquo;une famille nombreuse de dix enfants (dont trois devinrent pr\u00eatres), elle exer\u00e7ait comme son fr\u00e8re Vincent la profession de cultivatrice. Rest\u00e9e c\u00e9libataire, elle habitait au Scaou\u00ebt, sur la route menant au centre-ville de Baud. [&hellip;]\" \/>\n<meta property=\"og:url\" content=\"https:\/\/stourm.news\/?p=2778\" \/>\n<meta property=\"og:site_name\" content=\"STOURM\" \/>\n<meta property=\"article:publisher\" content=\"https:\/\/www.facebook.com\/stourmnews\/\" \/>\n<meta property=\"article:published_time\" content=\"2024-11-08T05:08:33+00:00\" \/>\n<meta property=\"og:image\" content=\"https:\/\/stourm.news\/wp-content\/uploads\/2024\/11\/Designer-56.jpeg\" \/>\n\t<meta property=\"og:image:width\" content=\"1792\" \/>\n\t<meta property=\"og:image:height\" content=\"1024\" \/>\n\t<meta property=\"og:image:type\" content=\"image\/jpeg\" \/>\n<meta name=\"author\" content=\"La r\u00e9daction\" \/>\n<meta name=\"twitter:card\" content=\"summary_large_image\" \/>\n<meta name=\"twitter:label1\" content=\"\u00c9crit par\" \/>\n\t<meta name=\"twitter:data1\" content=\"La r\u00e9daction\" \/>\n\t<meta name=\"twitter:label2\" content=\"Dur\u00e9e de lecture estim\u00e9e\" \/>\n\t<meta name=\"twitter:data2\" content=\"3 minutes\" \/>\n<script type=\"application\/ld+json\" class=\"yoast-schema-graph\">{\"@context\":\"https:\/\/schema.org\",\"@graph\":[{\"@type\":\"Article\",\"@id\":\"https:\/\/stourm.news\/?p=2778#article\",\"isPartOf\":{\"@id\":\"https:\/\/stourm.news\/?p=2778\"},\"author\":{\"name\":\"La r\u00e9daction\",\"@id\":\"https:\/\/stourm.news\/#\/schema\/person\/c3e1dc65988632e190969234ef046cf9\"},\"headline\":\"Emsav : 08 novembre 1892, naissance d&rsquo;Anna Hirgair, pionni\u00e8re du nationalisme breton\",\"datePublished\":\"2024-11-08T05:08:33+00:00\",\"mainEntityOfPage\":{\"@id\":\"https:\/\/stourm.news\/?p=2778\"},\"wordCount\":410,\"commentCount\":0,\"publisher\":{\"@id\":\"https:\/\/stourm.news\/#organization\"},\"image\":{\"@id\":\"https:\/\/stourm.news\/?p=2778#primaryimage\"},\"thumbnailUrl\":\"https:\/\/stourm.news\/wp-content\/uploads\/2024\/11\/Designer-56.jpeg\",\"articleSection\":[\"Emsav\",\"Histoire de Bretagne\",\"Principale\"],\"inLanguage\":\"fr-FR\",\"potentialAction\":[{\"@type\":\"CommentAction\",\"name\":\"Comment\",\"target\":[\"https:\/\/stourm.news\/?p=2778#respond\"]}]},{\"@type\":\"WebPage\",\"@id\":\"https:\/\/stourm.news\/?p=2778\",\"url\":\"https:\/\/stourm.news\/?p=2778\",\"name\":\"Emsav : 08 novembre 1892, naissance d'Anna Hirgair, pionni\u00e8re du nationalisme breton - STOURM\",\"isPartOf\":{\"@id\":\"https:\/\/stourm.news\/#website\"},\"primaryImageOfPage\":{\"@id\":\"https:\/\/stourm.news\/?p=2778#primaryimage\"},\"image\":{\"@id\":\"https:\/\/stourm.news\/?p=2778#primaryimage\"},\"thumbnailUrl\":\"https:\/\/stourm.news\/wp-content\/uploads\/2024\/11\/Designer-56.jpeg\",\"datePublished\":\"2024-11-08T05:08:33+00:00\",\"breadcrumb\":{\"@id\":\"https:\/\/stourm.news\/?p=2778#breadcrumb\"},\"inLanguage\":\"fr-FR\",\"potentialAction\":[{\"@type\":\"ReadAction\",\"target\":[\"https:\/\/stourm.news\/?p=2778\"]}]},{\"@type\":\"ImageObject\",\"inLanguage\":\"fr-FR\",\"@id\":\"https:\/\/stourm.news\/?p=2778#primaryimage\",\"url\":\"https:\/\/stourm.news\/wp-content\/uploads\/2024\/11\/Designer-56.jpeg\",\"contentUrl\":\"https:\/\/stourm.news\/wp-content\/uploads\/2024\/11\/Designer-56.jpeg\",\"width\":1792,\"height\":1024},{\"@type\":\"BreadcrumbList\",\"@id\":\"https:\/\/stourm.news\/?p=2778#breadcrumb\",\"itemListElement\":[{\"@type\":\"ListItem\",\"position\":1,\"name\":\"Accueil\",\"item\":\"https:\/\/stourm.news\/\"},{\"@type\":\"ListItem\",\"position\":2,\"name\":\"Emsav : 08 novembre 1892, naissance d&rsquo;Anna Hirgair, pionni\u00e8re du nationalisme breton\"}]},{\"@type\":\"WebSite\",\"@id\":\"https:\/\/stourm.news\/#website\",\"url\":\"https:\/\/stourm.news\/\",\"name\":\"Stourm\",\"description\":\"Kazetenn Strollad Broadel Breizh\",\"publisher\":{\"@id\":\"https:\/\/stourm.news\/#organization\"},\"potentialAction\":[{\"@type\":\"SearchAction\",\"target\":{\"@type\":\"EntryPoint\",\"urlTemplate\":\"https:\/\/stourm.news\/?s={search_term_string}\"},\"query-input\":{\"@type\":\"PropertyValueSpecification\",\"valueRequired\":true,\"valueName\":\"search_term_string\"}}],\"inLanguage\":\"fr-FR\"},{\"@type\":\"Organization\",\"@id\":\"https:\/\/stourm.news\/#organization\",\"name\":\"Stourm\",\"url\":\"https:\/\/stourm.news\/\",\"logo\":{\"@type\":\"ImageObject\",\"inLanguage\":\"fr-FR\",\"@id\":\"https:\/\/stourm.news\/#\/schema\/logo\/image\/\",\"url\":\"https:\/\/stourm.news\/wp-content\/uploads\/2025\/11\/cropped-Capture-decran-2025-11-28-a-15.19.07.png\",\"contentUrl\":\"https:\/\/stourm.news\/wp-content\/uploads\/2025\/11\/cropped-Capture-decran-2025-11-28-a-15.19.07.png\",\"width\":1855,\"height\":383,\"caption\":\"Stourm\"},\"image\":{\"@id\":\"https:\/\/stourm.news\/#\/schema\/logo\/image\/\"},\"sameAs\":[\"https:\/\/www.facebook.com\/stourmnews\/\"]},{\"@type\":\"Person\",\"@id\":\"https:\/\/stourm.news\/#\/schema\/person\/c3e1dc65988632e190969234ef046cf9\",\"name\":\"La r\u00e9daction\",\"image\":{\"@type\":\"ImageObject\",\"inLanguage\":\"fr-FR\",\"@id\":\"https:\/\/stourm.news\/#\/schema\/person\/image\/\",\"url\":\"https:\/\/secure.gravatar.com\/avatar\/7463443f194b6b5fb706b074ca0ef59a0cfcfd720cb47764b0ec5a952ce422b3?s=96&d=mm&r=g\",\"contentUrl\":\"https:\/\/secure.gravatar.com\/avatar\/7463443f194b6b5fb706b074ca0ef59a0cfcfd720cb47764b0ec5a952ce422b3?s=96&d=mm&r=g\",\"caption\":\"La r\u00e9daction\"},\"sameAs\":[\"https:\/\/stourm.news\"],\"url\":\"https:\/\/stourm.news\/?author=1\"}]}<\/script>\n<!-- \/ Yoast SEO plugin. -->","yoast_head_json":{"title":"Emsav : 08 novembre 1892, naissance d'Anna Hirgair, pionni\u00e8re du nationalisme breton - STOURM","robots":{"index":"index","follow":"follow","max-snippet":"max-snippet:-1","max-image-preview":"max-image-preview:large","max-video-preview":"max-video-preview:-1"},"canonical":"https:\/\/stourm.news\/?p=2778","og_locale":"fr_FR","og_type":"article","og_title":"Emsav : 08 novembre 1892, naissance d'Anna Hirgair, pionni\u00e8re du nationalisme breton - STOURM","og_description":"EMSAV &#8211; Anne-Marie Hirgair est n\u00e9e \u00e0 Baud le 8 novembre 1892 et d\u00e9c\u00e9d\u00e9e \u00e0 Hennebont le 19 septembre 1982. Issu d&rsquo;une famille nombreuse de dix enfants (dont trois devinrent pr\u00eatres), elle exer\u00e7ait comme son fr\u00e8re Vincent la profession de cultivatrice. Rest\u00e9e c\u00e9libataire, elle habitait au Scaou\u00ebt, sur la route menant au centre-ville de Baud. [&hellip;]","og_url":"https:\/\/stourm.news\/?p=2778","og_site_name":"STOURM","article_publisher":"https:\/\/www.facebook.com\/stourmnews\/","article_published_time":"2024-11-08T05:08:33+00:00","og_image":[{"width":1792,"height":1024,"url":"https:\/\/stourm.news\/wp-content\/uploads\/2024\/11\/Designer-56.jpeg","type":"image\/jpeg"}],"author":"La r\u00e9daction","twitter_card":"summary_large_image","twitter_misc":{"\u00c9crit par":"La r\u00e9daction","Dur\u00e9e de lecture estim\u00e9e":"3 minutes"},"schema":{"@context":"https:\/\/schema.org","@graph":[{"@type":"Article","@id":"https:\/\/stourm.news\/?p=2778#article","isPartOf":{"@id":"https:\/\/stourm.news\/?p=2778"},"author":{"name":"La r\u00e9daction","@id":"https:\/\/stourm.news\/#\/schema\/person\/c3e1dc65988632e190969234ef046cf9"},"headline":"Emsav : 08 novembre 1892, naissance d&rsquo;Anna Hirgair, pionni\u00e8re du nationalisme breton","datePublished":"2024-11-08T05:08:33+00:00","mainEntityOfPage":{"@id":"https:\/\/stourm.news\/?p=2778"},"wordCount":410,"commentCount":0,"publisher":{"@id":"https:\/\/stourm.news\/#organization"},"image":{"@id":"https:\/\/stourm.news\/?p=2778#primaryimage"},"thumbnailUrl":"https:\/\/stourm.news\/wp-content\/uploads\/2024\/11\/Designer-56.jpeg","articleSection":["Emsav","Histoire de Bretagne","Principale"],"inLanguage":"fr-FR","potentialAction":[{"@type":"CommentAction","name":"Comment","target":["https:\/\/stourm.news\/?p=2778#respond"]}]},{"@type":"WebPage","@id":"https:\/\/stourm.news\/?p=2778","url":"https:\/\/stourm.news\/?p=2778","name":"Emsav : 08 novembre 1892, naissance d'Anna Hirgair, pionni\u00e8re du nationalisme breton - STOURM","isPartOf":{"@id":"https:\/\/stourm.news\/#website"},"primaryImageOfPage":{"@id":"https:\/\/stourm.news\/?p=2778#primaryimage"},"image":{"@id":"https:\/\/stourm.news\/?p=2778#primaryimage"},"thumbnailUrl":"https:\/\/stourm.news\/wp-content\/uploads\/2024\/11\/Designer-56.jpeg","datePublished":"2024-11-08T05:08:33+00:00","breadcrumb":{"@id":"https:\/\/stourm.news\/?p=2778#breadcrumb"},"inLanguage":"fr-FR","potentialAction":[{"@type":"ReadAction","target":["https:\/\/stourm.news\/?p=2778"]}]},{"@type":"ImageObject","inLanguage":"fr-FR","@id":"https:\/\/stourm.news\/?p=2778#primaryimage","url":"https:\/\/stourm.news\/wp-content\/uploads\/2024\/11\/Designer-56.jpeg","contentUrl":"https:\/\/stourm.news\/wp-content\/uploads\/2024\/11\/Designer-56.jpeg","width":1792,"height":1024},{"@type":"BreadcrumbList","@id":"https:\/\/stourm.news\/?p=2778#breadcrumb","itemListElement":[{"@type":"ListItem","position":1,"name":"Accueil","item":"https:\/\/stourm.news\/"},{"@type":"ListItem","position":2,"name":"Emsav : 08 novembre 1892, naissance d&rsquo;Anna Hirgair, pionni\u00e8re du nationalisme breton"}]},{"@type":"WebSite","@id":"https:\/\/stourm.news\/#website","url":"https:\/\/stourm.news\/","name":"Stourm","description":"Kazetenn Strollad Broadel Breizh","publisher":{"@id":"https:\/\/stourm.news\/#organization"},"potentialAction":[{"@type":"SearchAction","target":{"@type":"EntryPoint","urlTemplate":"https:\/\/stourm.news\/?s={search_term_string}"},"query-input":{"@type":"PropertyValueSpecification","valueRequired":true,"valueName":"search_term_string"}}],"inLanguage":"fr-FR"},{"@type":"Organization","@id":"https:\/\/stourm.news\/#organization","name":"Stourm","url":"https:\/\/stourm.news\/","logo":{"@type":"ImageObject","inLanguage":"fr-FR","@id":"https:\/\/stourm.news\/#\/schema\/logo\/image\/","url":"https:\/\/stourm.news\/wp-content\/uploads\/2025\/11\/cropped-Capture-decran-2025-11-28-a-15.19.07.png","contentUrl":"https:\/\/stourm.news\/wp-content\/uploads\/2025\/11\/cropped-Capture-decran-2025-11-28-a-15.19.07.png","width":1855,"height":383,"caption":"Stourm"},"image":{"@id":"https:\/\/stourm.news\/#\/schema\/logo\/image\/"},"sameAs":["https:\/\/www.facebook.com\/stourmnews\/"]},{"@type":"Person","@id":"https:\/\/stourm.news\/#\/schema\/person\/c3e1dc65988632e190969234ef046cf9","name":"La r\u00e9daction","image":{"@type":"ImageObject","inLanguage":"fr-FR","@id":"https:\/\/stourm.news\/#\/schema\/person\/image\/","url":"https:\/\/secure.gravatar.com\/avatar\/7463443f194b6b5fb706b074ca0ef59a0cfcfd720cb47764b0ec5a952ce422b3?s=96&d=mm&r=g","contentUrl":"https:\/\/secure.gravatar.com\/avatar\/7463443f194b6b5fb706b074ca0ef59a0cfcfd720cb47764b0ec5a952ce422b3?s=96&d=mm&r=g","caption":"La r\u00e9daction"},"sameAs":["https:\/\/stourm.news"],"url":"https:\/\/stourm.news\/?author=1"}]}},"_links":{"self":[{"href":"https:\/\/stourm.news\/index.php?rest_route=\/wp\/v2\/posts\/2778","targetHints":{"allow":["GET"]}}],"collection":[{"href":"https:\/\/stourm.news\/index.php?rest_route=\/wp\/v2\/posts"}],"about":[{"href":"https:\/\/stourm.news\/index.php?rest_route=\/wp\/v2\/types\/post"}],"author":[{"embeddable":true,"href":"https:\/\/stourm.news\/index.php?rest_route=\/wp\/v2\/users\/1"}],"replies":[{"embeddable":true,"href":"https:\/\/stourm.news\/index.php?rest_route=%2Fwp%2Fv2%2Fcomments&post=2778"}],"version-history":[{"count":1,"href":"https:\/\/stourm.news\/index.php?rest_route=\/wp\/v2\/posts\/2778\/revisions"}],"predecessor-version":[{"id":2780,"href":"https:\/\/stourm.news\/index.php?rest_route=\/wp\/v2\/posts\/2778\/revisions\/2780"}],"wp:featuredmedia":[{"embeddable":true,"href":"https:\/\/stourm.news\/index.php?rest_route=\/wp\/v2\/media\/2779"}],"wp:attachment":[{"href":"https:\/\/stourm.news\/index.php?rest_route=%2Fwp%2Fv2%2Fmedia&parent=2778"}],"wp:term":[{"taxonomy":"category","embeddable":true,"href":"https:\/\/stourm.news\/index.php?rest_route=%2Fwp%2Fv2%2Fcategories&post=2778"},{"taxonomy":"post_tag","embeddable":true,"href":"https:\/\/stourm.news\/index.php?rest_route=%2Fwp%2Fv2%2Ftags&post=2778"}],"curies":[{"name":"wp","href":"https:\/\/api.w.org\/{rel}","templated":true}]}}