{"id":2781,"date":"2024-11-08T08:19:56","date_gmt":"2024-11-08T08:19:56","guid":{"rendered":"https:\/\/stourm.news\/?p=2781"},"modified":"2024-11-08T08:19:56","modified_gmt":"2024-11-08T08:19:56","slug":"lallemagne-reinstaure-un-service-militaire-partiel-dans-le-cadre-de-sa-montee-en-puissance-militaire","status":"publish","type":"post","link":"https:\/\/stourm.news\/?p=2781","title":{"rendered":"L&rsquo;Allemagne r\u00e9instaure un service militaire partiel dans le cadre de sa mont\u00e9e en puissance militaire"},"content":{"rendered":"<p style=\"text-align: justify;\">Le gouvernement allemand <a href=\"https:\/\/www.reuters.com\/world\/europe\/germanys-cabinet-approves-draft-law-voluntary-military-service-2024-11-06\/\">a approuv\u00e9<\/a> mercredi un projet de loi instaurant un service militaire fortement inspir\u00e9 du syst\u00e8me utilis\u00e9 par la Su\u00e8de.<\/p>\n<p style=\"text-align: justify;\">De forme s\u00e9lective, il est bas\u00e9 sur le principe du volontariat mais contiendra des \u00e9l\u00e9ments obligatoires si n\u00e9cessaire. Sera ainsi \u00e9valu\u00e9e l&rsquo;aptitude des jeunes de 18 ans \u00e0 servir dans la Bundeswehr, alors que l&rsquo;Allemagne cherche \u00e0 augmenter ses effectifs pour r\u00e9pondre aux obligations de l&rsquo;OTAN sans recourir \u00e0 la conscription.<\/p>\n<p style=\"text-align: justify;\">L&rsquo;Allemagne compte actuellement 180 000 soldats, qu&rsquo;elle souhaite porter \u00e0 203 000 d&rsquo;ici 2031, ainsi que 60 000 r\u00e9servistes. L&rsquo;objectif est d&rsquo;atteindre \u00e0 terme <strong>200 000 r\u00e9servistes<\/strong> suppl\u00e9mentaires, ce qui permettrait \u00e0 l&rsquo;Allemagne de porter rapidement ses troupes \u00e0 environ <strong>460 000 hommes<\/strong> en cas de guerre.<\/p>\n<p style=\"text-align: justify;\">Avec la fin de la conscription, l&rsquo;Allemagne a cess\u00e9 d&rsquo;enregistrer les jeunes de 18 ans pour le service militaire, ce qui a priv\u00e9 le pays d&rsquo;une base de donn\u00e9es fiable sur les personnes qu&rsquo;il pouvait appeler. Selon le mod\u00e8le propos\u00e9, tous les hommes atteignant l&rsquo;\u00e2ge de 18 ans &#8211; environ 300 000 l&rsquo;ann\u00e9e prochaine &#8211; devront remplir un questionnaire num\u00e9rique sur leur int\u00e9r\u00eat \u00e0 s&rsquo;engager dans l&rsquo;arm\u00e9e.<\/p>\n<p style=\"text-align: justify;\">Une arm\u00e9e allemande renforc\u00e9e contribue positivement \u00e0 un r\u00e9\u00e9quilibrage des puissances en Europe, offrant des alternatives face au poids militaire anormalement important de la France sur le continent. Une Europe o\u00f9 l&rsquo;\u00c9tat fran\u00e7ais serait relativement plus faible ouvrirait des possibilit\u00e9s diplomatiques et strat\u00e9giques nouvelles pour les nations du continent. Cette prise de conscience allemande, quoique tardive, est un d\u00e9veloppement b\u00e9n\u00e9fique qu&rsquo;il convient d&rsquo;observer avec attention.<\/p>\n<p style=\"text-align: right;\"><strong>Ewen Broc&rsquo;han<\/strong><\/p>\n<p>&nbsp;<\/p>\n<p>&nbsp;<\/p>\n","protected":false},"excerpt":{"rendered":"<p>Le gouvernement allemand a approuv\u00e9 mercredi un projet de loi instaurant un service militaire fortement inspir\u00e9 du syst\u00e8me utilis\u00e9 par la Su\u00e8de. De forme s\u00e9lective, il est bas\u00e9 sur le principe du volontariat mais contiendra des \u00e9l\u00e9ments obligatoires si n\u00e9cessaire. Sera ainsi \u00e9valu\u00e9e l&rsquo;aptitude des jeunes de 18 ans \u00e0 servir dans la Bundeswehr, alors [&hellip;]<\/p>\n","protected":false},"author":1,"featured_media":2782,"comment_status":"open","ping_status":"open","sticky":false,"template":"","format":"standard","meta":{"sb_editor_width":"","footnotes":""},"categories":[66,65],"tags":[],"class_list":["post-2781","post","type-post","status-publish","format-standard","has-post-thumbnail","hentry","category-international","category-principale"],"relative_dates":{"created":"1 an ago","modified":"1 an ago"},"yoast_head":"<!-- This site is optimized with the Yoast SEO plugin v26.3 - https:\/\/yoast.com\/wordpress\/plugins\/seo\/ -->\n<title>L&#039;Allemagne r\u00e9instaure un service militaire partiel dans le cadre de sa mont\u00e9e en puissance militaire - STOURM<\/title>\n<meta name=\"robots\" content=\"index, follow, max-snippet:-1, max-image-preview:large, max-video-preview:-1\" \/>\n<link rel=\"canonical\" href=\"https:\/\/stourm.news\/?p=2781\" \/>\n<meta property=\"og:locale\" content=\"fr_FR\" \/>\n<meta property=\"og:type\" content=\"article\" \/>\n<meta property=\"og:title\" content=\"L&#039;Allemagne r\u00e9instaure un service militaire partiel dans le cadre de sa mont\u00e9e en puissance militaire - STOURM\" \/>\n<meta property=\"og:description\" content=\"Le gouvernement allemand a approuv\u00e9 mercredi un projet de loi instaurant un service militaire fortement inspir\u00e9 du syst\u00e8me utilis\u00e9 par la Su\u00e8de. De forme s\u00e9lective, il est bas\u00e9 sur le principe du volontariat mais contiendra des \u00e9l\u00e9ments obligatoires si n\u00e9cessaire. Sera ainsi \u00e9valu\u00e9e l&rsquo;aptitude des jeunes de 18 ans \u00e0 servir dans la Bundeswehr, alors [&hellip;]\" \/>\n<meta property=\"og:url\" content=\"https:\/\/stourm.news\/?p=2781\" \/>\n<meta property=\"og:site_name\" content=\"STOURM\" \/>\n<meta property=\"article:publisher\" content=\"https:\/\/www.facebook.com\/stourmnews\/\" \/>\n<meta property=\"article:published_time\" content=\"2024-11-08T08:19:56+00:00\" \/>\n<meta property=\"og:image\" content=\"https:\/\/stourm.news\/wp-content\/uploads\/2024\/11\/bundeswehr-geloebnis-vereidigung-100-1920x1080-1.jpg\" \/>\n\t<meta property=\"og:image:width\" content=\"1920\" \/>\n\t<meta property=\"og:image:height\" content=\"1080\" \/>\n\t<meta property=\"og:image:type\" content=\"image\/jpeg\" \/>\n<meta name=\"author\" content=\"La r\u00e9daction\" \/>\n<meta name=\"twitter:card\" content=\"summary_large_image\" \/>\n<meta name=\"twitter:label1\" content=\"\u00c9crit par\" \/>\n\t<meta name=\"twitter:data1\" content=\"La r\u00e9daction\" \/>\n\t<meta name=\"twitter:label2\" content=\"Dur\u00e9e de lecture estim\u00e9e\" \/>\n\t<meta name=\"twitter:data2\" content=\"2 minutes\" \/>\n<script type=\"application\/ld+json\" class=\"yoast-schema-graph\">{\"@context\":\"https:\/\/schema.org\",\"@graph\":[{\"@type\":\"Article\",\"@id\":\"https:\/\/stourm.news\/?p=2781#article\",\"isPartOf\":{\"@id\":\"https:\/\/stourm.news\/?p=2781\"},\"author\":{\"name\":\"La r\u00e9daction\",\"@id\":\"https:\/\/stourm.news\/#\/schema\/person\/c3e1dc65988632e190969234ef046cf9\"},\"headline\":\"L&rsquo;Allemagne r\u00e9instaure un service militaire partiel dans le cadre de sa mont\u00e9e en puissance militaire\",\"datePublished\":\"2024-11-08T08:19:56+00:00\",\"mainEntityOfPage\":{\"@id\":\"https:\/\/stourm.news\/?p=2781\"},\"wordCount\":296,\"commentCount\":0,\"publisher\":{\"@id\":\"https:\/\/stourm.news\/#organization\"},\"image\":{\"@id\":\"https:\/\/stourm.news\/?p=2781#primaryimage\"},\"thumbnailUrl\":\"https:\/\/stourm.news\/wp-content\/uploads\/2024\/11\/bundeswehr-geloebnis-vereidigung-100-1920x1080-1.jpg\",\"articleSection\":[\"International\",\"Principale\"],\"inLanguage\":\"fr-FR\",\"potentialAction\":[{\"@type\":\"CommentAction\",\"name\":\"Comment\",\"target\":[\"https:\/\/stourm.news\/?p=2781#respond\"]}]},{\"@type\":\"WebPage\",\"@id\":\"https:\/\/stourm.news\/?p=2781\",\"url\":\"https:\/\/stourm.news\/?p=2781\",\"name\":\"L'Allemagne r\u00e9instaure un service militaire partiel dans le cadre de sa mont\u00e9e en puissance militaire - STOURM\",\"isPartOf\":{\"@id\":\"https:\/\/stourm.news\/#website\"},\"primaryImageOfPage\":{\"@id\":\"https:\/\/stourm.news\/?p=2781#primaryimage\"},\"image\":{\"@id\":\"https:\/\/stourm.news\/?p=2781#primaryimage\"},\"thumbnailUrl\":\"https:\/\/stourm.news\/wp-content\/uploads\/2024\/11\/bundeswehr-geloebnis-vereidigung-100-1920x1080-1.jpg\",\"datePublished\":\"2024-11-08T08:19:56+00:00\",\"breadcrumb\":{\"@id\":\"https:\/\/stourm.news\/?p=2781#breadcrumb\"},\"inLanguage\":\"fr-FR\",\"potentialAction\":[{\"@type\":\"ReadAction\",\"target\":[\"https:\/\/stourm.news\/?p=2781\"]}]},{\"@type\":\"ImageObject\",\"inLanguage\":\"fr-FR\",\"@id\":\"https:\/\/stourm.news\/?p=2781#primaryimage\",\"url\":\"https:\/\/stourm.news\/wp-content\/uploads\/2024\/11\/bundeswehr-geloebnis-vereidigung-100-1920x1080-1.jpg\",\"contentUrl\":\"https:\/\/stourm.news\/wp-content\/uploads\/2024\/11\/bundeswehr-geloebnis-vereidigung-100-1920x1080-1.jpg\",\"width\":1920,\"height\":1080},{\"@type\":\"BreadcrumbList\",\"@id\":\"https:\/\/stourm.news\/?p=2781#breadcrumb\",\"itemListElement\":[{\"@type\":\"ListItem\",\"position\":1,\"name\":\"Accueil\",\"item\":\"https:\/\/stourm.news\/\"},{\"@type\":\"ListItem\",\"position\":2,\"name\":\"L&rsquo;Allemagne r\u00e9instaure un service militaire partiel dans le cadre de sa mont\u00e9e en puissance militaire\"}]},{\"@type\":\"WebSite\",\"@id\":\"https:\/\/stourm.news\/#website\",\"url\":\"https:\/\/stourm.news\/\",\"name\":\"Stourm\",\"description\":\"Kazetenn Strollad Broadel Breizh\",\"publisher\":{\"@id\":\"https:\/\/stourm.news\/#organization\"},\"potentialAction\":[{\"@type\":\"SearchAction\",\"target\":{\"@type\":\"EntryPoint\",\"urlTemplate\":\"https:\/\/stourm.news\/?s={search_term_string}\"},\"query-input\":{\"@type\":\"PropertyValueSpecification\",\"valueRequired\":true,\"valueName\":\"search_term_string\"}}],\"inLanguage\":\"fr-FR\"},{\"@type\":\"Organization\",\"@id\":\"https:\/\/stourm.news\/#organization\",\"name\":\"Stourm\",\"url\":\"https:\/\/stourm.news\/\",\"logo\":{\"@type\":\"ImageObject\",\"inLanguage\":\"fr-FR\",\"@id\":\"https:\/\/stourm.news\/#\/schema\/logo\/image\/\",\"url\":\"https:\/\/stourm.news\/wp-content\/uploads\/2025\/11\/cropped-Capture-decran-2025-11-28-a-15.19.07.png\",\"contentUrl\":\"https:\/\/stourm.news\/wp-content\/uploads\/2025\/11\/cropped-Capture-decran-2025-11-28-a-15.19.07.png\",\"width\":1855,\"height\":383,\"caption\":\"Stourm\"},\"image\":{\"@id\":\"https:\/\/stourm.news\/#\/schema\/logo\/image\/\"},\"sameAs\":[\"https:\/\/www.facebook.com\/stourmnews\/\"]},{\"@type\":\"Person\",\"@id\":\"https:\/\/stourm.news\/#\/schema\/person\/c3e1dc65988632e190969234ef046cf9\",\"name\":\"La r\u00e9daction\",\"image\":{\"@type\":\"ImageObject\",\"inLanguage\":\"fr-FR\",\"@id\":\"https:\/\/stourm.news\/#\/schema\/person\/image\/\",\"url\":\"https:\/\/secure.gravatar.com\/avatar\/7463443f194b6b5fb706b074ca0ef59a0cfcfd720cb47764b0ec5a952ce422b3?s=96&d=mm&r=g\",\"contentUrl\":\"https:\/\/secure.gravatar.com\/avatar\/7463443f194b6b5fb706b074ca0ef59a0cfcfd720cb47764b0ec5a952ce422b3?s=96&d=mm&r=g\",\"caption\":\"La r\u00e9daction\"},\"sameAs\":[\"https:\/\/stourm.news\"],\"url\":\"https:\/\/stourm.news\/?author=1\"}]}<\/script>\n<!-- \/ Yoast SEO plugin. -->","yoast_head_json":{"title":"L'Allemagne r\u00e9instaure un service militaire partiel dans le cadre de sa mont\u00e9e en puissance militaire - STOURM","robots":{"index":"index","follow":"follow","max-snippet":"max-snippet:-1","max-image-preview":"max-image-preview:large","max-video-preview":"max-video-preview:-1"},"canonical":"https:\/\/stourm.news\/?p=2781","og_locale":"fr_FR","og_type":"article","og_title":"L'Allemagne r\u00e9instaure un service militaire partiel dans le cadre de sa mont\u00e9e en puissance militaire - STOURM","og_description":"Le gouvernement allemand a approuv\u00e9 mercredi un projet de loi instaurant un service militaire fortement inspir\u00e9 du syst\u00e8me utilis\u00e9 par la Su\u00e8de. De forme s\u00e9lective, il est bas\u00e9 sur le principe du volontariat mais contiendra des \u00e9l\u00e9ments obligatoires si n\u00e9cessaire. Sera ainsi \u00e9valu\u00e9e l&rsquo;aptitude des jeunes de 18 ans \u00e0 servir dans la Bundeswehr, alors [&hellip;]","og_url":"https:\/\/stourm.news\/?p=2781","og_site_name":"STOURM","article_publisher":"https:\/\/www.facebook.com\/stourmnews\/","article_published_time":"2024-11-08T08:19:56+00:00","og_image":[{"width":1920,"height":1080,"url":"https:\/\/stourm.news\/wp-content\/uploads\/2024\/11\/bundeswehr-geloebnis-vereidigung-100-1920x1080-1.jpg","type":"image\/jpeg"}],"author":"La r\u00e9daction","twitter_card":"summary_large_image","twitter_misc":{"\u00c9crit par":"La r\u00e9daction","Dur\u00e9e de lecture estim\u00e9e":"2 minutes"},"schema":{"@context":"https:\/\/schema.org","@graph":[{"@type":"Article","@id":"https:\/\/stourm.news\/?p=2781#article","isPartOf":{"@id":"https:\/\/stourm.news\/?p=2781"},"author":{"name":"La r\u00e9daction","@id":"https:\/\/stourm.news\/#\/schema\/person\/c3e1dc65988632e190969234ef046cf9"},"headline":"L&rsquo;Allemagne r\u00e9instaure un service militaire partiel dans le cadre de sa mont\u00e9e en puissance militaire","datePublished":"2024-11-08T08:19:56+00:00","mainEntityOfPage":{"@id":"https:\/\/stourm.news\/?p=2781"},"wordCount":296,"commentCount":0,"publisher":{"@id":"https:\/\/stourm.news\/#organization"},"image":{"@id":"https:\/\/stourm.news\/?p=2781#primaryimage"},"thumbnailUrl":"https:\/\/stourm.news\/wp-content\/uploads\/2024\/11\/bundeswehr-geloebnis-vereidigung-100-1920x1080-1.jpg","articleSection":["International","Principale"],"inLanguage":"fr-FR","potentialAction":[{"@type":"CommentAction","name":"Comment","target":["https:\/\/stourm.news\/?p=2781#respond"]}]},{"@type":"WebPage","@id":"https:\/\/stourm.news\/?p=2781","url":"https:\/\/stourm.news\/?p=2781","name":"L'Allemagne r\u00e9instaure un service militaire partiel dans le cadre de sa mont\u00e9e en puissance militaire - STOURM","isPartOf":{"@id":"https:\/\/stourm.news\/#website"},"primaryImageOfPage":{"@id":"https:\/\/stourm.news\/?p=2781#primaryimage"},"image":{"@id":"https:\/\/stourm.news\/?p=2781#primaryimage"},"thumbnailUrl":"https:\/\/stourm.news\/wp-content\/uploads\/2024\/11\/bundeswehr-geloebnis-vereidigung-100-1920x1080-1.jpg","datePublished":"2024-11-08T08:19:56+00:00","breadcrumb":{"@id":"https:\/\/stourm.news\/?p=2781#breadcrumb"},"inLanguage":"fr-FR","potentialAction":[{"@type":"ReadAction","target":["https:\/\/stourm.news\/?p=2781"]}]},{"@type":"ImageObject","inLanguage":"fr-FR","@id":"https:\/\/stourm.news\/?p=2781#primaryimage","url":"https:\/\/stourm.news\/wp-content\/uploads\/2024\/11\/bundeswehr-geloebnis-vereidigung-100-1920x1080-1.jpg","contentUrl":"https:\/\/stourm.news\/wp-content\/uploads\/2024\/11\/bundeswehr-geloebnis-vereidigung-100-1920x1080-1.jpg","width":1920,"height":1080},{"@type":"BreadcrumbList","@id":"https:\/\/stourm.news\/?p=2781#breadcrumb","itemListElement":[{"@type":"ListItem","position":1,"name":"Accueil","item":"https:\/\/stourm.news\/"},{"@type":"ListItem","position":2,"name":"L&rsquo;Allemagne r\u00e9instaure un service militaire partiel dans le cadre de sa mont\u00e9e en puissance militaire"}]},{"@type":"WebSite","@id":"https:\/\/stourm.news\/#website","url":"https:\/\/stourm.news\/","name":"Stourm","description":"Kazetenn Strollad Broadel Breizh","publisher":{"@id":"https:\/\/stourm.news\/#organization"},"potentialAction":[{"@type":"SearchAction","target":{"@type":"EntryPoint","urlTemplate":"https:\/\/stourm.news\/?s={search_term_string}"},"query-input":{"@type":"PropertyValueSpecification","valueRequired":true,"valueName":"search_term_string"}}],"inLanguage":"fr-FR"},{"@type":"Organization","@id":"https:\/\/stourm.news\/#organization","name":"Stourm","url":"https:\/\/stourm.news\/","logo":{"@type":"ImageObject","inLanguage":"fr-FR","@id":"https:\/\/stourm.news\/#\/schema\/logo\/image\/","url":"https:\/\/stourm.news\/wp-content\/uploads\/2025\/11\/cropped-Capture-decran-2025-11-28-a-15.19.07.png","contentUrl":"https:\/\/stourm.news\/wp-content\/uploads\/2025\/11\/cropped-Capture-decran-2025-11-28-a-15.19.07.png","width":1855,"height":383,"caption":"Stourm"},"image":{"@id":"https:\/\/stourm.news\/#\/schema\/logo\/image\/"},"sameAs":["https:\/\/www.facebook.com\/stourmnews\/"]},{"@type":"Person","@id":"https:\/\/stourm.news\/#\/schema\/person\/c3e1dc65988632e190969234ef046cf9","name":"La r\u00e9daction","image":{"@type":"ImageObject","inLanguage":"fr-FR","@id":"https:\/\/stourm.news\/#\/schema\/person\/image\/","url":"https:\/\/secure.gravatar.com\/avatar\/7463443f194b6b5fb706b074ca0ef59a0cfcfd720cb47764b0ec5a952ce422b3?s=96&d=mm&r=g","contentUrl":"https:\/\/secure.gravatar.com\/avatar\/7463443f194b6b5fb706b074ca0ef59a0cfcfd720cb47764b0ec5a952ce422b3?s=96&d=mm&r=g","caption":"La r\u00e9daction"},"sameAs":["https:\/\/stourm.news"],"url":"https:\/\/stourm.news\/?author=1"}]}},"_links":{"self":[{"href":"https:\/\/stourm.news\/index.php?rest_route=\/wp\/v2\/posts\/2781","targetHints":{"allow":["GET"]}}],"collection":[{"href":"https:\/\/stourm.news\/index.php?rest_route=\/wp\/v2\/posts"}],"about":[{"href":"https:\/\/stourm.news\/index.php?rest_route=\/wp\/v2\/types\/post"}],"author":[{"embeddable":true,"href":"https:\/\/stourm.news\/index.php?rest_route=\/wp\/v2\/users\/1"}],"replies":[{"embeddable":true,"href":"https:\/\/stourm.news\/index.php?rest_route=%2Fwp%2Fv2%2Fcomments&post=2781"}],"version-history":[{"count":1,"href":"https:\/\/stourm.news\/index.php?rest_route=\/wp\/v2\/posts\/2781\/revisions"}],"predecessor-version":[{"id":2783,"href":"https:\/\/stourm.news\/index.php?rest_route=\/wp\/v2\/posts\/2781\/revisions\/2783"}],"wp:featuredmedia":[{"embeddable":true,"href":"https:\/\/stourm.news\/index.php?rest_route=\/wp\/v2\/media\/2782"}],"wp:attachment":[{"href":"https:\/\/stourm.news\/index.php?rest_route=%2Fwp%2Fv2%2Fmedia&parent=2781"}],"wp:term":[{"taxonomy":"category","embeddable":true,"href":"https:\/\/stourm.news\/index.php?rest_route=%2Fwp%2Fv2%2Fcategories&post=2781"},{"taxonomy":"post_tag","embeddable":true,"href":"https:\/\/stourm.news\/index.php?rest_route=%2Fwp%2Fv2%2Ftags&post=2781"}],"curies":[{"name":"wp","href":"https:\/\/api.w.org\/{rel}","templated":true}]}}