{"id":2784,"date":"2024-11-08T10:15:13","date_gmt":"2024-11-08T10:15:13","guid":{"rendered":"https:\/\/stourm.news\/?p=2784"},"modified":"2024-11-08T10:15:13","modified_gmt":"2024-11-08T10:15:13","slug":"un-jeune-homme-blesse-par-un-coup-de-couteau-en-centre-ville-de-brest","status":"publish","type":"post","link":"https:\/\/stourm.news\/?p=2784","title":{"rendered":"Un jeune homme bless\u00e9 par un coup de couteau en centre-ville de Brest"},"content":{"rendered":"<p style=\"text-align: justify;\">Peu avant 18 h 30, ce mercredi 6 novembre 2024, un jeune homme et son amie, tous deux \u00e2g\u00e9s de 20 ans, ont \u00e9t\u00e9 <strong>agress\u00e9s<\/strong> alors qu\u2019ils se trouvaient \u00e0 proximit\u00e9 de la place Wilson, en plein centre-ville de Brest. Le jeune homme a \u00e9t\u00e9 victime d\u2019un coup de couteau, et la jeune femme la cible de coups de poing.<\/p>\n<p style=\"text-align: justify;\">Un \u00e9quipage de la Brigade anticriminalit\u00e9 s\u2019est imm\u00e9diatement port\u00e9 sur les lieux de l\u2019agression et a pu entendre les victimes et t\u00e9moins. Selon nos informations, trois individus seraient en cause et recherch\u00e9s ce mercredi soir, tandis que les raisons de cette agression demeuraient obscures.<\/p>\n<p style=\"text-align: justify;\">Les deux victimes ont \u00e9t\u00e9 prises en charge par les pompiers et conduites \u00e0 l\u2019H\u00f4pital d\u2019instruction des arm\u00e9es, vers 19 h 30. Leur \u00e9tat ne suscitait pas d\u2019inqui\u00e9tude, <strong>le coup de couteau<\/strong> n\u2019ayant caus\u00e9 qu\u2019une plaie superficielle.<\/p>\n<p style=\"text-align: justify;\">Source : <a href=\"https:\/\/www.letelegramme.fr\/finistere\/brest-29200\/un-jeune-homme-blesse-par-un-coup-de-couteau-en-centre-ville-de-brest-6697442.php\">Le T\u00e9l\u00e9gramme<\/a><\/p>\n","protected":false},"excerpt":{"rendered":"<p>Peu avant 18 h 30, ce mercredi 6 novembre 2024, un jeune homme et son amie, tous deux \u00e2g\u00e9s de 20 ans, ont \u00e9t\u00e9 agress\u00e9s alors qu\u2019ils se trouvaient \u00e0 proximit\u00e9 de la place Wilson, en plein centre-ville de Brest. Le jeune homme a \u00e9t\u00e9 victime d\u2019un coup de couteau, et la jeune femme la [&hellip;]<\/p>\n","protected":false},"author":1,"featured_media":2785,"comment_status":"open","ping_status":"open","sticky":false,"template":"","format":"standard","meta":{"sb_editor_width":"","footnotes":""},"categories":[31,38,62],"tags":[],"class_list":["post-2784","post","type-post","status-publish","format-standard","has-post-thumbnail","hentry","category-agression","category-finistere","category-revue-de-presse"],"relative_dates":{"created":"1 an ago","modified":"1 an ago"},"yoast_head":"<!-- This site is optimized with the Yoast SEO plugin v26.3 - https:\/\/yoast.com\/wordpress\/plugins\/seo\/ -->\n<title>Un jeune homme bless\u00e9 par un coup de couteau en centre-ville de Brest - STOURM<\/title>\n<meta name=\"robots\" content=\"index, follow, max-snippet:-1, max-image-preview:large, max-video-preview:-1\" \/>\n<link rel=\"canonical\" href=\"https:\/\/stourm.news\/?p=2784\" \/>\n<meta property=\"og:locale\" content=\"fr_FR\" \/>\n<meta property=\"og:type\" content=\"article\" \/>\n<meta property=\"og:title\" content=\"Un jeune homme bless\u00e9 par un coup de couteau en centre-ville de Brest - STOURM\" \/>\n<meta property=\"og:description\" content=\"Peu avant 18 h 30, ce mercredi 6 novembre 2024, un jeune homme et son amie, tous deux \u00e2g\u00e9s de 20 ans, ont \u00e9t\u00e9 agress\u00e9s alors qu\u2019ils se trouvaient \u00e0 proximit\u00e9 de la place Wilson, en plein centre-ville de Brest. Le jeune homme a \u00e9t\u00e9 victime d\u2019un coup de couteau, et la jeune femme la [&hellip;]\" \/>\n<meta property=\"og:url\" content=\"https:\/\/stourm.news\/?p=2784\" \/>\n<meta property=\"og:site_name\" content=\"STOURM\" \/>\n<meta property=\"article:publisher\" content=\"https:\/\/www.facebook.com\/stourmnews\/\" \/>\n<meta property=\"article:published_time\" content=\"2024-11-08T10:15:13+00:00\" \/>\n<meta property=\"og:image\" content=\"https:\/\/stourm.news\/wp-content\/uploads\/2024\/11\/672bbe250ff285388f075f49.webp\" \/>\n\t<meta property=\"og:image:width\" content=\"1200\" \/>\n\t<meta property=\"og:image:height\" content=\"750\" \/>\n\t<meta property=\"og:image:type\" content=\"image\/webp\" \/>\n<meta name=\"author\" content=\"La r\u00e9daction\" \/>\n<meta name=\"twitter:card\" content=\"summary_large_image\" \/>\n<meta name=\"twitter:label1\" content=\"\u00c9crit par\" \/>\n\t<meta name=\"twitter:data1\" content=\"La r\u00e9daction\" \/>\n\t<meta name=\"twitter:label2\" content=\"Dur\u00e9e de lecture estim\u00e9e\" \/>\n\t<meta name=\"twitter:data2\" content=\"1 minute\" \/>\n<script type=\"application\/ld+json\" class=\"yoast-schema-graph\">{\"@context\":\"https:\/\/schema.org\",\"@graph\":[{\"@type\":\"Article\",\"@id\":\"https:\/\/stourm.news\/?p=2784#article\",\"isPartOf\":{\"@id\":\"https:\/\/stourm.news\/?p=2784\"},\"author\":{\"name\":\"La r\u00e9daction\",\"@id\":\"https:\/\/stourm.news\/#\/schema\/person\/c3e1dc65988632e190969234ef046cf9\"},\"headline\":\"Un jeune homme bless\u00e9 par un coup de couteau en centre-ville de Brest\",\"datePublished\":\"2024-11-08T10:15:13+00:00\",\"mainEntityOfPage\":{\"@id\":\"https:\/\/stourm.news\/?p=2784\"},\"wordCount\":167,\"commentCount\":0,\"publisher\":{\"@id\":\"https:\/\/stourm.news\/#organization\"},\"image\":{\"@id\":\"https:\/\/stourm.news\/?p=2784#primaryimage\"},\"thumbnailUrl\":\"https:\/\/stourm.news\/wp-content\/uploads\/2024\/11\/672bbe250ff285388f075f49.webp\",\"articleSection\":[\"Agression\",\"Finist\u00e8re\",\"Revue de presse\"],\"inLanguage\":\"fr-FR\",\"potentialAction\":[{\"@type\":\"CommentAction\",\"name\":\"Comment\",\"target\":[\"https:\/\/stourm.news\/?p=2784#respond\"]}]},{\"@type\":\"WebPage\",\"@id\":\"https:\/\/stourm.news\/?p=2784\",\"url\":\"https:\/\/stourm.news\/?p=2784\",\"name\":\"Un jeune homme bless\u00e9 par un coup de couteau en centre-ville de Brest - STOURM\",\"isPartOf\":{\"@id\":\"https:\/\/stourm.news\/#website\"},\"primaryImageOfPage\":{\"@id\":\"https:\/\/stourm.news\/?p=2784#primaryimage\"},\"image\":{\"@id\":\"https:\/\/stourm.news\/?p=2784#primaryimage\"},\"thumbnailUrl\":\"https:\/\/stourm.news\/wp-content\/uploads\/2024\/11\/672bbe250ff285388f075f49.webp\",\"datePublished\":\"2024-11-08T10:15:13+00:00\",\"breadcrumb\":{\"@id\":\"https:\/\/stourm.news\/?p=2784#breadcrumb\"},\"inLanguage\":\"fr-FR\",\"potentialAction\":[{\"@type\":\"ReadAction\",\"target\":[\"https:\/\/stourm.news\/?p=2784\"]}]},{\"@type\":\"ImageObject\",\"inLanguage\":\"fr-FR\",\"@id\":\"https:\/\/stourm.news\/?p=2784#primaryimage\",\"url\":\"https:\/\/stourm.news\/wp-content\/uploads\/2024\/11\/672bbe250ff285388f075f49.webp\",\"contentUrl\":\"https:\/\/stourm.news\/wp-content\/uploads\/2024\/11\/672bbe250ff285388f075f49.webp\",\"width\":1200,\"height\":750},{\"@type\":\"BreadcrumbList\",\"@id\":\"https:\/\/stourm.news\/?p=2784#breadcrumb\",\"itemListElement\":[{\"@type\":\"ListItem\",\"position\":1,\"name\":\"Accueil\",\"item\":\"https:\/\/stourm.news\/\"},{\"@type\":\"ListItem\",\"position\":2,\"name\":\"Un jeune homme bless\u00e9 par un coup de couteau en centre-ville de Brest\"}]},{\"@type\":\"WebSite\",\"@id\":\"https:\/\/stourm.news\/#website\",\"url\":\"https:\/\/stourm.news\/\",\"name\":\"Stourm\",\"description\":\"Kazetenn Strollad Broadel Breizh\",\"publisher\":{\"@id\":\"https:\/\/stourm.news\/#organization\"},\"potentialAction\":[{\"@type\":\"SearchAction\",\"target\":{\"@type\":\"EntryPoint\",\"urlTemplate\":\"https:\/\/stourm.news\/?s={search_term_string}\"},\"query-input\":{\"@type\":\"PropertyValueSpecification\",\"valueRequired\":true,\"valueName\":\"search_term_string\"}}],\"inLanguage\":\"fr-FR\"},{\"@type\":\"Organization\",\"@id\":\"https:\/\/stourm.news\/#organization\",\"name\":\"Stourm\",\"url\":\"https:\/\/stourm.news\/\",\"logo\":{\"@type\":\"ImageObject\",\"inLanguage\":\"fr-FR\",\"@id\":\"https:\/\/stourm.news\/#\/schema\/logo\/image\/\",\"url\":\"https:\/\/stourm.news\/wp-content\/uploads\/2025\/11\/cropped-Capture-decran-2025-11-28-a-15.19.07.png\",\"contentUrl\":\"https:\/\/stourm.news\/wp-content\/uploads\/2025\/11\/cropped-Capture-decran-2025-11-28-a-15.19.07.png\",\"width\":1855,\"height\":383,\"caption\":\"Stourm\"},\"image\":{\"@id\":\"https:\/\/stourm.news\/#\/schema\/logo\/image\/\"},\"sameAs\":[\"https:\/\/www.facebook.com\/stourmnews\/\"]},{\"@type\":\"Person\",\"@id\":\"https:\/\/stourm.news\/#\/schema\/person\/c3e1dc65988632e190969234ef046cf9\",\"name\":\"La r\u00e9daction\",\"image\":{\"@type\":\"ImageObject\",\"inLanguage\":\"fr-FR\",\"@id\":\"https:\/\/stourm.news\/#\/schema\/person\/image\/\",\"url\":\"https:\/\/secure.gravatar.com\/avatar\/7463443f194b6b5fb706b074ca0ef59a0cfcfd720cb47764b0ec5a952ce422b3?s=96&d=mm&r=g\",\"contentUrl\":\"https:\/\/secure.gravatar.com\/avatar\/7463443f194b6b5fb706b074ca0ef59a0cfcfd720cb47764b0ec5a952ce422b3?s=96&d=mm&r=g\",\"caption\":\"La r\u00e9daction\"},\"sameAs\":[\"https:\/\/stourm.news\"],\"url\":\"https:\/\/stourm.news\/?author=1\"}]}<\/script>\n<!-- \/ Yoast SEO plugin. -->","yoast_head_json":{"title":"Un jeune homme bless\u00e9 par un coup de couteau en centre-ville de Brest - STOURM","robots":{"index":"index","follow":"follow","max-snippet":"max-snippet:-1","max-image-preview":"max-image-preview:large","max-video-preview":"max-video-preview:-1"},"canonical":"https:\/\/stourm.news\/?p=2784","og_locale":"fr_FR","og_type":"article","og_title":"Un jeune homme bless\u00e9 par un coup de couteau en centre-ville de Brest - STOURM","og_description":"Peu avant 18 h 30, ce mercredi 6 novembre 2024, un jeune homme et son amie, tous deux \u00e2g\u00e9s de 20 ans, ont \u00e9t\u00e9 agress\u00e9s alors qu\u2019ils se trouvaient \u00e0 proximit\u00e9 de la place Wilson, en plein centre-ville de Brest. Le jeune homme a \u00e9t\u00e9 victime d\u2019un coup de couteau, et la jeune femme la [&hellip;]","og_url":"https:\/\/stourm.news\/?p=2784","og_site_name":"STOURM","article_publisher":"https:\/\/www.facebook.com\/stourmnews\/","article_published_time":"2024-11-08T10:15:13+00:00","og_image":[{"width":1200,"height":750,"url":"https:\/\/stourm.news\/wp-content\/uploads\/2024\/11\/672bbe250ff285388f075f49.webp","type":"image\/webp"}],"author":"La r\u00e9daction","twitter_card":"summary_large_image","twitter_misc":{"\u00c9crit par":"La r\u00e9daction","Dur\u00e9e de lecture estim\u00e9e":"1 minute"},"schema":{"@context":"https:\/\/schema.org","@graph":[{"@type":"Article","@id":"https:\/\/stourm.news\/?p=2784#article","isPartOf":{"@id":"https:\/\/stourm.news\/?p=2784"},"author":{"name":"La r\u00e9daction","@id":"https:\/\/stourm.news\/#\/schema\/person\/c3e1dc65988632e190969234ef046cf9"},"headline":"Un jeune homme bless\u00e9 par un coup de couteau en centre-ville de Brest","datePublished":"2024-11-08T10:15:13+00:00","mainEntityOfPage":{"@id":"https:\/\/stourm.news\/?p=2784"},"wordCount":167,"commentCount":0,"publisher":{"@id":"https:\/\/stourm.news\/#organization"},"image":{"@id":"https:\/\/stourm.news\/?p=2784#primaryimage"},"thumbnailUrl":"https:\/\/stourm.news\/wp-content\/uploads\/2024\/11\/672bbe250ff285388f075f49.webp","articleSection":["Agression","Finist\u00e8re","Revue de presse"],"inLanguage":"fr-FR","potentialAction":[{"@type":"CommentAction","name":"Comment","target":["https:\/\/stourm.news\/?p=2784#respond"]}]},{"@type":"WebPage","@id":"https:\/\/stourm.news\/?p=2784","url":"https:\/\/stourm.news\/?p=2784","name":"Un jeune homme bless\u00e9 par un coup de couteau en centre-ville de Brest - STOURM","isPartOf":{"@id":"https:\/\/stourm.news\/#website"},"primaryImageOfPage":{"@id":"https:\/\/stourm.news\/?p=2784#primaryimage"},"image":{"@id":"https:\/\/stourm.news\/?p=2784#primaryimage"},"thumbnailUrl":"https:\/\/stourm.news\/wp-content\/uploads\/2024\/11\/672bbe250ff285388f075f49.webp","datePublished":"2024-11-08T10:15:13+00:00","breadcrumb":{"@id":"https:\/\/stourm.news\/?p=2784#breadcrumb"},"inLanguage":"fr-FR","potentialAction":[{"@type":"ReadAction","target":["https:\/\/stourm.news\/?p=2784"]}]},{"@type":"ImageObject","inLanguage":"fr-FR","@id":"https:\/\/stourm.news\/?p=2784#primaryimage","url":"https:\/\/stourm.news\/wp-content\/uploads\/2024\/11\/672bbe250ff285388f075f49.webp","contentUrl":"https:\/\/stourm.news\/wp-content\/uploads\/2024\/11\/672bbe250ff285388f075f49.webp","width":1200,"height":750},{"@type":"BreadcrumbList","@id":"https:\/\/stourm.news\/?p=2784#breadcrumb","itemListElement":[{"@type":"ListItem","position":1,"name":"Accueil","item":"https:\/\/stourm.news\/"},{"@type":"ListItem","position":2,"name":"Un jeune homme bless\u00e9 par un coup de couteau en centre-ville de Brest"}]},{"@type":"WebSite","@id":"https:\/\/stourm.news\/#website","url":"https:\/\/stourm.news\/","name":"Stourm","description":"Kazetenn Strollad Broadel Breizh","publisher":{"@id":"https:\/\/stourm.news\/#organization"},"potentialAction":[{"@type":"SearchAction","target":{"@type":"EntryPoint","urlTemplate":"https:\/\/stourm.news\/?s={search_term_string}"},"query-input":{"@type":"PropertyValueSpecification","valueRequired":true,"valueName":"search_term_string"}}],"inLanguage":"fr-FR"},{"@type":"Organization","@id":"https:\/\/stourm.news\/#organization","name":"Stourm","url":"https:\/\/stourm.news\/","logo":{"@type":"ImageObject","inLanguage":"fr-FR","@id":"https:\/\/stourm.news\/#\/schema\/logo\/image\/","url":"https:\/\/stourm.news\/wp-content\/uploads\/2025\/11\/cropped-Capture-decran-2025-11-28-a-15.19.07.png","contentUrl":"https:\/\/stourm.news\/wp-content\/uploads\/2025\/11\/cropped-Capture-decran-2025-11-28-a-15.19.07.png","width":1855,"height":383,"caption":"Stourm"},"image":{"@id":"https:\/\/stourm.news\/#\/schema\/logo\/image\/"},"sameAs":["https:\/\/www.facebook.com\/stourmnews\/"]},{"@type":"Person","@id":"https:\/\/stourm.news\/#\/schema\/person\/c3e1dc65988632e190969234ef046cf9","name":"La r\u00e9daction","image":{"@type":"ImageObject","inLanguage":"fr-FR","@id":"https:\/\/stourm.news\/#\/schema\/person\/image\/","url":"https:\/\/secure.gravatar.com\/avatar\/7463443f194b6b5fb706b074ca0ef59a0cfcfd720cb47764b0ec5a952ce422b3?s=96&d=mm&r=g","contentUrl":"https:\/\/secure.gravatar.com\/avatar\/7463443f194b6b5fb706b074ca0ef59a0cfcfd720cb47764b0ec5a952ce422b3?s=96&d=mm&r=g","caption":"La r\u00e9daction"},"sameAs":["https:\/\/stourm.news"],"url":"https:\/\/stourm.news\/?author=1"}]}},"_links":{"self":[{"href":"https:\/\/stourm.news\/index.php?rest_route=\/wp\/v2\/posts\/2784","targetHints":{"allow":["GET"]}}],"collection":[{"href":"https:\/\/stourm.news\/index.php?rest_route=\/wp\/v2\/posts"}],"about":[{"href":"https:\/\/stourm.news\/index.php?rest_route=\/wp\/v2\/types\/post"}],"author":[{"embeddable":true,"href":"https:\/\/stourm.news\/index.php?rest_route=\/wp\/v2\/users\/1"}],"replies":[{"embeddable":true,"href":"https:\/\/stourm.news\/index.php?rest_route=%2Fwp%2Fv2%2Fcomments&post=2784"}],"version-history":[{"count":1,"href":"https:\/\/stourm.news\/index.php?rest_route=\/wp\/v2\/posts\/2784\/revisions"}],"predecessor-version":[{"id":2786,"href":"https:\/\/stourm.news\/index.php?rest_route=\/wp\/v2\/posts\/2784\/revisions\/2786"}],"wp:featuredmedia":[{"embeddable":true,"href":"https:\/\/stourm.news\/index.php?rest_route=\/wp\/v2\/media\/2785"}],"wp:attachment":[{"href":"https:\/\/stourm.news\/index.php?rest_route=%2Fwp%2Fv2%2Fmedia&parent=2784"}],"wp:term":[{"taxonomy":"category","embeddable":true,"href":"https:\/\/stourm.news\/index.php?rest_route=%2Fwp%2Fv2%2Fcategories&post=2784"},{"taxonomy":"post_tag","embeddable":true,"href":"https:\/\/stourm.news\/index.php?rest_route=%2Fwp%2Fv2%2Ftags&post=2784"}],"curies":[{"name":"wp","href":"https:\/\/api.w.org\/{rel}","templated":true}]}}