{"id":2787,"date":"2024-11-09T13:54:12","date_gmt":"2024-11-09T13:54:12","guid":{"rendered":"https:\/\/stourm.news\/?p=2787"},"modified":"2024-11-09T13:55:49","modified_gmt":"2024-11-09T13:55:49","slug":"independance-energetique-de-la-bretagne-cap-sur-2040-avec-des-solutions-bretonnes-durables","status":"publish","type":"post","link":"https:\/\/stourm.news\/?p=2787","title":{"rendered":"Ind\u00e9pendance \u00e9nerg\u00e9tique de la Bretagne : cap sur 2040 avec des solutions bretonnes durables (par \u00c9lodie Boileux)"},"content":{"rendered":"<p style=\"text-align: justify;\">La Bretagne a besoin d&rsquo;un plan d&rsquo;ind\u00e9pendance \u00e9nerg\u00e9tique centr\u00e9 sur un mix \u00e9nerg\u00e9tique alliant nucl\u00e9aire civil, hydrolien, solaire, biomasse, hydrog\u00e8ne, et infrastructures de distribution. Cette strat\u00e9gie vise \u00e0 r\u00e9duire au maximum la d\u00e9pendance actuelle \u00e0 la France tout en garantissant une s\u00e9curit\u00e9 \u00e9nerg\u00e9tique \u00e0 long terme. Ce plan inclut une collaboration \u00e9troite avec des partenaires internationaux pour d\u00e9velopper des installations nucl\u00e9aires civiles, tout en favorisant l\u2019adoption de technologies avanc\u00e9es pour les \u00e9nergies renouvelables.<\/p>\n<p><strong>\u00c9tape 1 : Analyse et mise en place d\u2019objectifs (2024-2025)<\/strong><\/p>\n<ul>\n<li><strong>Objectifs principaux<\/strong> :\n<ul style=\"text-align: justify;\">\n<li style=\"text-align: justify;\">Couvrir l\u2019int\u00e9gralit\u00e9 des besoins \u00e9nerg\u00e9tiques de la Bretagne ind\u00e9pendamment de la France d\u2019ici 2040.<\/li>\n<li style=\"text-align: justify;\">D\u00e9velopper une capacit\u00e9 de production nucl\u00e9aire pour couvrir environ <strong>40 % du mix \u00e9nerg\u00e9tique<\/strong>.<\/li>\n<\/ul>\n<\/li>\n<li style=\"text-align: justify;\"><strong>Partenariats \u00e9trangers pour le nucl\u00e9aire<\/strong> :\n<ul>\n<li><strong>Pays partenaires<\/strong> : Collaborer avec la Finlande, le Canada, et l\u2019Allemagne pour le financement, la technologie et la gestion.<\/li>\n<li><strong>Technologie<\/strong> : Installation de <strong>r\u00e9acteurs \u00e0 fission de petite taille (Small Modular Reactors &#8211; SMR)<\/strong> pour un approvisionnement d\u00e9centralis\u00e9 en \u00e9nergie nucl\u00e9aire.<\/li>\n<\/ul>\n<\/li>\n<\/ul>\n<p style=\"text-align: justify;\"><strong>\u00c9tape 2 : D\u00e9veloppement du mix \u00e9nerg\u00e9tique local (2025-2040)<\/strong><\/p>\n<p style=\"text-align: justify;\"><strong>A. \u00c9nergie Nucl\u00e9aire Civile (Objectif : 40 % du mix \u00e9nerg\u00e9tique)<\/strong><\/p>\n<ul style=\"text-align: justify;\">\n<li><strong>Technologie SMR<\/strong> : Privil\u00e9gier des r\u00e9acteurs de faible capacit\u00e9 pour \u00e9viter les m\u00e9gaprojets co\u00fbteux et limiter l&rsquo;impact environnemental.<\/li>\n<li><strong>Sites de d\u00e9veloppement<\/strong> : S\u00e9lectionner des sites strat\u00e9giques pour les installations SMR, compatibles avec les normes de s\u00e9curit\u00e9.<\/li>\n<li><strong>Budget<\/strong> : 10 \u00e0 15 milliards d\u2019euros pour installer entre 1,5 et 2 GW de capacit\u00e9 nucl\u00e9aire.<\/li>\n<li><strong>Ech\u00e9ancier<\/strong> : Mise en service d\u2019ici 2035, avec premiers r\u00e9acteurs d\u00e8s 2030.<\/li>\n<\/ul>\n<p style=\"text-align: justify;\"><strong>B. Hydrolien et \u00c9nergies Marines (Objectif : 25 % du mix \u00e9nerg\u00e9tique)<\/strong><\/p>\n<ul style=\"text-align: justify;\">\n<li><strong>Technologies<\/strong> : Hydroliennes install\u00e9es dans des courants comme le Raz de Sein.<\/li>\n<li><strong>Partenaires<\/strong> : Norv\u00e8ge et \u00c9cosse, leaders de l\u2019\u00e9nergie marine.<\/li>\n<li><strong>Budget<\/strong> : 5 \u00e0 8 milliards d\u2019euros pour une capacit\u00e9 de 1,5 GW d\u2019ici 2040.<\/li>\n<li><strong>\u00c9ch\u00e9ancier<\/strong> : D\u00e9ploiement de projets d\u00e8s 2026, avec une mont\u00e9e en puissance progressive jusqu\u2019en 2032.<\/li>\n<\/ul>\n<p style=\"text-align: justify;\"><strong>C. Solaire Photovolta\u00efque (Objectif : 15 % du mix \u00e9nerg\u00e9tique)<\/strong><\/p>\n<ul style=\"text-align: justify;\">\n<li><strong>Actions<\/strong> : Installer des panneaux solaires sur les b\u00e2timents publics et industriels en zones urbaines.<\/li>\n<li><strong>Budget<\/strong> : 2 \u00e0 3 milliards d\u2019euros.<\/li>\n<li><strong>\u00c9ch\u00e9ancier<\/strong> : Installation acc\u00e9l\u00e9r\u00e9e de 2025 \u00e0 2035.<\/li>\n<\/ul>\n<p style=\"text-align: justify;\"><strong>D. Biomasse et M\u00e9thanisation (Objectif : 10 % du mix \u00e9nerg\u00e9tique)<\/strong><\/p>\n<ul style=\"text-align: justify;\">\n<li><strong>Technologies<\/strong> : D\u00e9veloppement de biom\u00e9thanisation agricole et production de biogaz.<\/li>\n<li><strong>Budget<\/strong> : 1 milliard d\u2019euros pour 100 unit\u00e9s d\u2019ici 2030.<\/li>\n<li><strong>\u00c9ch\u00e9ancier<\/strong> : D\u00e9veloppement de 2026 \u00e0 2035.<\/li>\n<\/ul>\n<p style=\"text-align: justify;\"><strong>E. Hydrog\u00e8ne vert pour l\u2019industrie et les transports (Objectif : 10 % du mix \u00e9nerg\u00e9tique)<\/strong><\/p>\n<ul style=\"text-align: justify;\">\n<li><strong>Infrastructures<\/strong> : Installations d\u2019\u00e9lectrolyse et stations de distribution pour v\u00e9hicules lourds et industries.<\/li>\n<li><strong>Partenaires<\/strong> : L\u2019Allemagne, pour le d\u00e9veloppement des infrastructures de stockage et de transport d\u2019hydrog\u00e8ne.<\/li>\n<li><strong>Budget<\/strong> : 3 \u00e0 5 milliards d\u2019euros.<\/li>\n<li><strong>\u00c9ch\u00e9ancier<\/strong> : D\u00e9marrage d\u2019ici 2028, production significative d\u2019ici 2035.<\/li>\n<\/ul>\n<p style=\"text-align: justify;\"><strong>\u00c9tape 3 : Cr\u00e9ation d&rsquo;infrastructures et gestion de la distribution (2026-2035)<\/strong><\/p>\n<ul style=\"text-align: justify;\">\n<li><strong>R\u00e9seau \u00e9lectrique breton<\/strong> : Construction d\u2019un r\u00e9seau intelligent et autonome, ind\u00e9pendant de l\u2019infrastructure RTE fran\u00e7aise.<\/li>\n<li><strong>Budget<\/strong> : 3 milliards d\u2019euros, financ\u00e9s via des partenariats publics-priv\u00e9s.<\/li>\n<li><strong>Objectif<\/strong> : Ind\u00e9pendance compl\u00e8te du r\u00e9seau d\u2019ici 2035.<\/li>\n<li><strong>Partenaires<\/strong> : Compagnies de gestion de r\u00e9seau en Allemagne et aux Pays-Bas, r\u00e9put\u00e9es pour leurs r\u00e9seaux de distribution avanc\u00e9s.<\/li>\n<\/ul>\n<p style=\"text-align: justify;\"><strong>\u00c9tape 4 : Financement et ressources (2025-2040)<\/strong><\/p>\n<ul style=\"text-align: justify;\">\n<li><strong>Budget global<\/strong> : Environ 30 \u00e0 40 milliards d\u2019euros r\u00e9partis sur 15 ans.<\/li>\n<li><strong>Sources de financement<\/strong> :\n<ul>\n<li><strong>Subventions europ\u00e9ennes<\/strong> : Utiliser les fonds de transition \u00e9cologique.<\/li>\n<li><strong>Investissements \u00e9trangers<\/strong> : Atteindre des accords de financement avec des pays int\u00e9ress\u00e9s par des partenariats en \u00e9nergies renouvelables.<\/li>\n<li><strong>Imp\u00f4ts locaux<\/strong> : Cr\u00e9er une taxe \u00e9cologique d\u00e9di\u00e9e.<\/li>\n<li><strong>Obligations vertes<\/strong> : Lancer des obligations pour les citoyens bretons et les investisseurs priv\u00e9s.<\/li>\n<\/ul>\n<\/li>\n<\/ul>\n<p style=\"text-align: justify;\">5. <strong>Incitations pour les foyers et les entreprises<\/strong><\/p>\n<ul style=\"text-align: justify;\">\n<li><strong>Foyers<\/strong> : Subventions pour l\u2019installation de panneaux solaires domestiques et l\u2019achat de v\u00e9hicules \u00e9lectriques.<\/li>\n<li><strong>Entreprises<\/strong> : Soutien pour la conversion vers des sources d\u2019\u00e9nergie renouvelables et infrastructures de production d\u2019hydrog\u00e8ne.<\/li>\n<\/ul>\n<p style=\"text-align: justify;\">6. <strong>Suivi et adaptations<\/strong><\/p>\n<ul style=\"text-align: justify;\">\n<li><strong>\u00c9valuation annuelle<\/strong> : Mise en place d&rsquo;une autorit\u00e9 \u00e9nerg\u00e9tique ind\u00e9pendante bretonne pour ajuster le plan en fonction des avanc\u00e9es technologiques et de la demande.<\/li>\n<li><strong>Audits financiers et environnementaux<\/strong> : Tous les 5 ans, pour assurer une progression conforme aux objectifs.<\/li>\n<\/ul>\n<p style=\"text-align: justify;\">Ce plan permettrait \u00e0 la Bretagne ind\u00e9pendante de garantir son autonomie \u00e9nerg\u00e9tique en r\u00e9duisant les importations d&rsquo;\u00e9nergie, en se basant sur un mix nucl\u00e9aire et renouvelable, et en d\u00e9veloppant des infrastructures de production et de distribution adapt\u00e9es aux particularit\u00e9s g\u00e9ographiques de la nation.<\/p>\n<p><strong>Financer la r\u00e9volution \u00e9nerg\u00e9tique bretonne<\/strong><\/p>\n<p style=\"text-align: justify;\">Pour financer un projet d&rsquo;ind\u00e9pendance \u00e9nerg\u00e9tique aussi ambitieux que celui d\u2019une Bretagne ind\u00e9pendante, plusieurs options peuvent \u00eatre combin\u00e9es afin de garantir une solidit\u00e9 financi\u00e8re, une implication locale, et des partenariats internationaux solides. Voici une strat\u00e9gie de financement d\u00e9taill\u00e9e :<\/p>\n<p style=\"text-align: justify;\">1. <strong>Lev\u00e9e de fonds par des obligations vertes<\/strong><\/p>\n<ul style=\"text-align: justify;\">\n<li><strong>Obligations nationales<\/strong> : \u00c9mettre des obligations vertes sp\u00e9cifiques au projet d\u2019ind\u00e9pendance \u00e9nerg\u00e9tique. Elles seraient propos\u00e9es aux citoyens bretons, permettant \u00e0 la population de participer directement au financement.<\/li>\n<li><strong>Taux de rendement attractifs<\/strong> : Offrir un taux de rendement comp\u00e9titif, qui garantirait une mobilisation rapide des capitaux n\u00e9cessaires.<\/li>\n<li><strong>Partenariat avec des banques europ\u00e9ennes<\/strong> : S\u2019associer \u00e0 des banques environnementales europ\u00e9ennes, telles que la Banque europ\u00e9enne d\u2019investissement (BEI), qui favorise ce type de transition \u00e9cologique.<\/li>\n<\/ul>\n<p style=\"text-align: justify;\"><strong>2. Subventions et fonds europ\u00e9ens<\/strong><\/p>\n<ul style=\"text-align: justify;\">\n<li><strong>Fonds europ\u00e9ens pour la transition \u00e9nerg\u00e9tique<\/strong> : Profiter de subventions du Fonds europ\u00e9en de d\u00e9veloppement r\u00e9gional (FEDER) et du m\u00e9canisme pour une transition juste, qui soutient les projets de transition \u00e9nerg\u00e9tique durable.<\/li>\n<li><strong>Projets d&rsquo;int\u00e9r\u00eat commun (PIC)<\/strong> : En int\u00e9grant le projet breton dans les Projets d\u2019Int\u00e9r\u00eat Commun (PIC) europ\u00e9ens, des subventions et des financements pr\u00e9f\u00e9rentiels pourraient \u00eatre obtenus pour des infrastructures comme le r\u00e9seau \u00e9lectrique intelligent breton ou les installations d\u2019hydrog\u00e8ne.<\/li>\n<\/ul>\n<p style=\"text-align: justify;\"><strong>3. Partenariats publics-priv\u00e9s (PPP)<\/strong><\/p>\n<ul style=\"text-align: justify;\">\n<li><strong>Attractivit\u00e9 pour les entreprises \u00e9nerg\u00e9tiques<\/strong> : Solliciter les grandes entreprises de l&rsquo;\u00e9nergie renouvelable et du nucl\u00e9aire civil (comme EDF Renewables ou Orano, pour la France) pour qu\u2019elles investissent dans les infrastructures en \u00e9change de contrats de production et de distribution.<\/li>\n<li><strong>Technologies hydroliennes et nucl\u00e9aires<\/strong> : Inviter des entreprises \u00e9trang\u00e8res, comme Siemens pour le nucl\u00e9aire ou des soci\u00e9t\u00e9s norv\u00e9giennes pour l\u2019hydrolien, en leur offrant des avantages fiscaux en \u00e9change de leur expertise et de leur financement partiel.<\/li>\n<\/ul>\n<p style=\"text-align: justify;\"><strong>4. Cr\u00e9ation d\u2019une taxe \u00e9cologique et \u00e9nerg\u00e9tique<\/strong><\/p>\n<ul style=\"text-align: justify;\">\n<li><strong>Taxe progressive pour les foyers et entreprises<\/strong> : Mise en place d\u2019une taxe \u00e9cologique qui serait affect\u00e9e directement au fonds d\u2019ind\u00e9pendance \u00e9nerg\u00e9tique.<\/li>\n<li><strong>Taxe carbone<\/strong> : Taxer les \u00e9missions carbone locales en finan\u00e7ant la transition \u00e9nerg\u00e9tique. En phase d\u2019ind\u00e9pendance, cette taxe pourrait \u00eatre ajust\u00e9e pour financer le d\u00e9veloppement et la maintenance du mix \u00e9nerg\u00e9tique breton.<\/li>\n<\/ul>\n<p style=\"text-align: justify;\"><strong>5. Coop\u00e9ration avec des pays investisseurs et pr\u00eats directs<\/strong><\/p>\n<ul style=\"text-align: justify;\">\n<li><strong>Pr\u00eats directs<\/strong> : Des pays comme l\u2019Allemagne, le Danemark, et la Norv\u00e8ge, leaders de la transition \u00e9nerg\u00e9tique, pourraient \u00eatre incit\u00e9s \u00e0 fournir des pr\u00eats \u00e0 taux pr\u00e9f\u00e9rentiels pour appuyer le projet breton.<\/li>\n<li><strong>Accords de coop\u00e9ration et partenariats strat\u00e9giques<\/strong> : En signant des partenariats strat\u00e9giques, la Bretagne pourrait obtenir des financements pour des projets sp\u00e9cifiques (ex. financement des installations d\u2019hydrog\u00e8ne par l\u2019Allemagne ou des projets hydrolien par la Norv\u00e8ge).<\/li>\n<\/ul>\n<p style=\"text-align: justify;\"><strong>6. Redistribution des gains \u00e9conomiques<\/strong><\/p>\n<ul style=\"text-align: justify;\">\n<li><strong>R\u00e9duction des importations \u00e9nerg\u00e9tiques<\/strong> : Les \u00e9conomies r\u00e9alis\u00e9es gr\u00e2ce \u00e0 la baisse des importations \u00e9nerg\u00e9tiques de la France pourraient \u00eatre r\u00e9investies dans le projet de transition et dans la maintenance des infrastructures.<\/li>\n<li><strong>R\u00e9injection des \u00e9conomies dans l\u2019\u00e9conomie locale<\/strong> : Les gains g\u00e9n\u00e9r\u00e9s par la production locale d\u2019\u00e9nergie seraient r\u00e9investis dans les infrastructures, permettant une boucle de financement auto-entretenue.<\/li>\n<\/ul>\n<p style=\"text-align: justify;\"><strong>Budget estim\u00e9 et r\u00e9partition des financements (hypoth\u00e8se sur 15 ans)<\/strong><\/p>\n<ol style=\"text-align: justify;\">\n<li><strong>Obligations vertes<\/strong> : 30 % (environ 12 milliards d\u2019euros)<\/li>\n<li><strong>Subventions et fonds europ\u00e9ens<\/strong> : 20 % (environ 8 milliards d\u2019euros)<\/li>\n<li><strong>Partenariats publics-priv\u00e9s et pr\u00eats directs<\/strong> : 25 % (environ 10 milliards d\u2019euros)<\/li>\n<li><strong>Taxe \u00e9cologique et carbone<\/strong> : 15 % (environ 6 milliards d\u2019euros)<\/li>\n<li><strong>Redistribution des \u00e9conomies<\/strong> : 10 % (environ 4 milliards d\u2019euros)<\/li>\n<\/ol>\n<p style=\"text-align: justify;\">Avec ce mod\u00e8le de financement, une Bretagne ind\u00e9pendante pourrait, d\u2019ici 2040, atteindre son ind\u00e9pendance \u00e9nerg\u00e9tique tout en r\u00e9duisant sa d\u00e9pendance \u00e0 la France.<\/p>\n<p style=\"text-align: right;\"><strong>\u00c9lodie Boileux<\/strong><\/p>\n","protected":false},"excerpt":{"rendered":"<p>La Bretagne a besoin d&rsquo;un plan d&rsquo;ind\u00e9pendance \u00e9nerg\u00e9tique centr\u00e9 sur un mix \u00e9nerg\u00e9tique alliant nucl\u00e9aire civil, hydrolien, solaire, biomasse, hydrog\u00e8ne, et infrastructures de distribution. Cette strat\u00e9gie vise \u00e0 r\u00e9duire au maximum la d\u00e9pendance actuelle \u00e0 la France tout en garantissant une s\u00e9curit\u00e9 \u00e9nerg\u00e9tique \u00e0 long terme. Ce plan inclut une collaboration \u00e9troite avec des partenaires [&hellip;]<\/p>\n","protected":false},"author":1,"featured_media":2788,"comment_status":"open","ping_status":"open","sticky":false,"template":"","format":"standard","meta":{"sb_editor_width":"","footnotes":""},"categories":[58,65,70],"tags":[],"class_list":["post-2787","post","type-post","status-publish","format-standard","has-post-thumbnail","hentry","category-breizh","category-principale","category-tribune"],"relative_dates":{"created":"1 an ago","modified":"1 an ago"},"yoast_head":"<!-- This site is optimized with the Yoast SEO plugin v26.3 - https:\/\/yoast.com\/wordpress\/plugins\/seo\/ -->\n<title>Ind\u00e9pendance \u00e9nerg\u00e9tique de la Bretagne : cap sur 2040 avec des solutions bretonnes durables (par \u00c9lodie Boileux) - STOURM<\/title>\n<meta name=\"robots\" content=\"index, follow, max-snippet:-1, max-image-preview:large, max-video-preview:-1\" \/>\n<link rel=\"canonical\" href=\"https:\/\/stourm.news\/?p=2787\" \/>\n<meta property=\"og:locale\" content=\"fr_FR\" \/>\n<meta property=\"og:type\" content=\"article\" \/>\n<meta property=\"og:title\" content=\"Ind\u00e9pendance \u00e9nerg\u00e9tique de la Bretagne : cap sur 2040 avec des solutions bretonnes durables (par \u00c9lodie Boileux) - STOURM\" \/>\n<meta property=\"og:description\" content=\"La Bretagne a besoin d&rsquo;un plan d&rsquo;ind\u00e9pendance \u00e9nerg\u00e9tique centr\u00e9 sur un mix \u00e9nerg\u00e9tique alliant nucl\u00e9aire civil, hydrolien, solaire, biomasse, hydrog\u00e8ne, et infrastructures de distribution. Cette strat\u00e9gie vise \u00e0 r\u00e9duire au maximum la d\u00e9pendance actuelle \u00e0 la France tout en garantissant une s\u00e9curit\u00e9 \u00e9nerg\u00e9tique \u00e0 long terme. Ce plan inclut une collaboration \u00e9troite avec des partenaires [&hellip;]\" \/>\n<meta property=\"og:url\" content=\"https:\/\/stourm.news\/?p=2787\" \/>\n<meta property=\"og:site_name\" content=\"STOURM\" \/>\n<meta property=\"article:publisher\" content=\"https:\/\/www.facebook.com\/stourmnews\/\" \/>\n<meta property=\"article:published_time\" content=\"2024-11-09T13:54:12+00:00\" \/>\n<meta property=\"article:modified_time\" content=\"2024-11-09T13:55:49+00:00\" \/>\n<meta property=\"og:image\" content=\"https:\/\/stourm.news\/wp-content\/uploads\/2024\/11\/energie-solaire-en-Bretagne.png\" \/>\n\t<meta property=\"og:image:width\" content=\"1200\" \/>\n\t<meta property=\"og:image:height\" content=\"800\" \/>\n\t<meta property=\"og:image:type\" content=\"image\/png\" \/>\n<meta name=\"author\" content=\"La r\u00e9daction\" \/>\n<meta name=\"twitter:card\" content=\"summary_large_image\" \/>\n<meta name=\"twitter:label1\" content=\"\u00c9crit par\" \/>\n\t<meta name=\"twitter:data1\" content=\"La r\u00e9daction\" \/>\n\t<meta name=\"twitter:label2\" content=\"Dur\u00e9e de lecture estim\u00e9e\" \/>\n\t<meta name=\"twitter:data2\" content=\"7 minutes\" \/>\n<script type=\"application\/ld+json\" class=\"yoast-schema-graph\">{\"@context\":\"https:\/\/schema.org\",\"@graph\":[{\"@type\":\"Article\",\"@id\":\"https:\/\/stourm.news\/?p=2787#article\",\"isPartOf\":{\"@id\":\"https:\/\/stourm.news\/?p=2787\"},\"author\":{\"name\":\"La r\u00e9daction\",\"@id\":\"https:\/\/stourm.news\/#\/schema\/person\/c3e1dc65988632e190969234ef046cf9\"},\"headline\":\"Ind\u00e9pendance \u00e9nerg\u00e9tique de la Bretagne : cap sur 2040 avec des solutions bretonnes durables (par \u00c9lodie Boileux)\",\"datePublished\":\"2024-11-09T13:54:12+00:00\",\"dateModified\":\"2024-11-09T13:55:49+00:00\",\"mainEntityOfPage\":{\"@id\":\"https:\/\/stourm.news\/?p=2787\"},\"wordCount\":1399,\"commentCount\":0,\"publisher\":{\"@id\":\"https:\/\/stourm.news\/#organization\"},\"image\":{\"@id\":\"https:\/\/stourm.news\/?p=2787#primaryimage\"},\"thumbnailUrl\":\"https:\/\/stourm.news\/wp-content\/uploads\/2024\/11\/energie-solaire-en-Bretagne.png\",\"articleSection\":[\"Breizh\",\"Principale\",\"Tribune\"],\"inLanguage\":\"fr-FR\",\"potentialAction\":[{\"@type\":\"CommentAction\",\"name\":\"Comment\",\"target\":[\"https:\/\/stourm.news\/?p=2787#respond\"]}]},{\"@type\":\"WebPage\",\"@id\":\"https:\/\/stourm.news\/?p=2787\",\"url\":\"https:\/\/stourm.news\/?p=2787\",\"name\":\"Ind\u00e9pendance \u00e9nerg\u00e9tique de la Bretagne : cap sur 2040 avec des solutions bretonnes durables (par \u00c9lodie Boileux) - STOURM\",\"isPartOf\":{\"@id\":\"https:\/\/stourm.news\/#website\"},\"primaryImageOfPage\":{\"@id\":\"https:\/\/stourm.news\/?p=2787#primaryimage\"},\"image\":{\"@id\":\"https:\/\/stourm.news\/?p=2787#primaryimage\"},\"thumbnailUrl\":\"https:\/\/stourm.news\/wp-content\/uploads\/2024\/11\/energie-solaire-en-Bretagne.png\",\"datePublished\":\"2024-11-09T13:54:12+00:00\",\"dateModified\":\"2024-11-09T13:55:49+00:00\",\"breadcrumb\":{\"@id\":\"https:\/\/stourm.news\/?p=2787#breadcrumb\"},\"inLanguage\":\"fr-FR\",\"potentialAction\":[{\"@type\":\"ReadAction\",\"target\":[\"https:\/\/stourm.news\/?p=2787\"]}]},{\"@type\":\"ImageObject\",\"inLanguage\":\"fr-FR\",\"@id\":\"https:\/\/stourm.news\/?p=2787#primaryimage\",\"url\":\"https:\/\/stourm.news\/wp-content\/uploads\/2024\/11\/energie-solaire-en-Bretagne.png\",\"contentUrl\":\"https:\/\/stourm.news\/wp-content\/uploads\/2024\/11\/energie-solaire-en-Bretagne.png\",\"width\":1200,\"height\":800},{\"@type\":\"BreadcrumbList\",\"@id\":\"https:\/\/stourm.news\/?p=2787#breadcrumb\",\"itemListElement\":[{\"@type\":\"ListItem\",\"position\":1,\"name\":\"Accueil\",\"item\":\"https:\/\/stourm.news\/\"},{\"@type\":\"ListItem\",\"position\":2,\"name\":\"Ind\u00e9pendance \u00e9nerg\u00e9tique de la Bretagne : cap sur 2040 avec des solutions bretonnes durables (par \u00c9lodie Boileux)\"}]},{\"@type\":\"WebSite\",\"@id\":\"https:\/\/stourm.news\/#website\",\"url\":\"https:\/\/stourm.news\/\",\"name\":\"Stourm\",\"description\":\"Kazetenn Strollad Broadel Breizh\",\"publisher\":{\"@id\":\"https:\/\/stourm.news\/#organization\"},\"potentialAction\":[{\"@type\":\"SearchAction\",\"target\":{\"@type\":\"EntryPoint\",\"urlTemplate\":\"https:\/\/stourm.news\/?s={search_term_string}\"},\"query-input\":{\"@type\":\"PropertyValueSpecification\",\"valueRequired\":true,\"valueName\":\"search_term_string\"}}],\"inLanguage\":\"fr-FR\"},{\"@type\":\"Organization\",\"@id\":\"https:\/\/stourm.news\/#organization\",\"name\":\"Stourm\",\"url\":\"https:\/\/stourm.news\/\",\"logo\":{\"@type\":\"ImageObject\",\"inLanguage\":\"fr-FR\",\"@id\":\"https:\/\/stourm.news\/#\/schema\/logo\/image\/\",\"url\":\"https:\/\/stourm.news\/wp-content\/uploads\/2025\/11\/cropped-Capture-decran-2025-11-28-a-15.19.07.png\",\"contentUrl\":\"https:\/\/stourm.news\/wp-content\/uploads\/2025\/11\/cropped-Capture-decran-2025-11-28-a-15.19.07.png\",\"width\":1855,\"height\":383,\"caption\":\"Stourm\"},\"image\":{\"@id\":\"https:\/\/stourm.news\/#\/schema\/logo\/image\/\"},\"sameAs\":[\"https:\/\/www.facebook.com\/stourmnews\/\"]},{\"@type\":\"Person\",\"@id\":\"https:\/\/stourm.news\/#\/schema\/person\/c3e1dc65988632e190969234ef046cf9\",\"name\":\"La r\u00e9daction\",\"image\":{\"@type\":\"ImageObject\",\"inLanguage\":\"fr-FR\",\"@id\":\"https:\/\/stourm.news\/#\/schema\/person\/image\/\",\"url\":\"https:\/\/secure.gravatar.com\/avatar\/7463443f194b6b5fb706b074ca0ef59a0cfcfd720cb47764b0ec5a952ce422b3?s=96&d=mm&r=g\",\"contentUrl\":\"https:\/\/secure.gravatar.com\/avatar\/7463443f194b6b5fb706b074ca0ef59a0cfcfd720cb47764b0ec5a952ce422b3?s=96&d=mm&r=g\",\"caption\":\"La r\u00e9daction\"},\"sameAs\":[\"https:\/\/stourm.news\"],\"url\":\"https:\/\/stourm.news\/?author=1\"}]}<\/script>\n<!-- \/ Yoast SEO plugin. -->","yoast_head_json":{"title":"Ind\u00e9pendance \u00e9nerg\u00e9tique de la Bretagne : cap sur 2040 avec des solutions bretonnes durables (par \u00c9lodie Boileux) - STOURM","robots":{"index":"index","follow":"follow","max-snippet":"max-snippet:-1","max-image-preview":"max-image-preview:large","max-video-preview":"max-video-preview:-1"},"canonical":"https:\/\/stourm.news\/?p=2787","og_locale":"fr_FR","og_type":"article","og_title":"Ind\u00e9pendance \u00e9nerg\u00e9tique de la Bretagne : cap sur 2040 avec des solutions bretonnes durables (par \u00c9lodie Boileux) - STOURM","og_description":"La Bretagne a besoin d&rsquo;un plan d&rsquo;ind\u00e9pendance \u00e9nerg\u00e9tique centr\u00e9 sur un mix \u00e9nerg\u00e9tique alliant nucl\u00e9aire civil, hydrolien, solaire, biomasse, hydrog\u00e8ne, et infrastructures de distribution. Cette strat\u00e9gie vise \u00e0 r\u00e9duire au maximum la d\u00e9pendance actuelle \u00e0 la France tout en garantissant une s\u00e9curit\u00e9 \u00e9nerg\u00e9tique \u00e0 long terme. Ce plan inclut une collaboration \u00e9troite avec des partenaires [&hellip;]","og_url":"https:\/\/stourm.news\/?p=2787","og_site_name":"STOURM","article_publisher":"https:\/\/www.facebook.com\/stourmnews\/","article_published_time":"2024-11-09T13:54:12+00:00","article_modified_time":"2024-11-09T13:55:49+00:00","og_image":[{"width":1200,"height":800,"url":"https:\/\/stourm.news\/wp-content\/uploads\/2024\/11\/energie-solaire-en-Bretagne.png","type":"image\/png"}],"author":"La r\u00e9daction","twitter_card":"summary_large_image","twitter_misc":{"\u00c9crit par":"La r\u00e9daction","Dur\u00e9e de lecture estim\u00e9e":"7 minutes"},"schema":{"@context":"https:\/\/schema.org","@graph":[{"@type":"Article","@id":"https:\/\/stourm.news\/?p=2787#article","isPartOf":{"@id":"https:\/\/stourm.news\/?p=2787"},"author":{"name":"La r\u00e9daction","@id":"https:\/\/stourm.news\/#\/schema\/person\/c3e1dc65988632e190969234ef046cf9"},"headline":"Ind\u00e9pendance \u00e9nerg\u00e9tique de la Bretagne : cap sur 2040 avec des solutions bretonnes durables (par \u00c9lodie Boileux)","datePublished":"2024-11-09T13:54:12+00:00","dateModified":"2024-11-09T13:55:49+00:00","mainEntityOfPage":{"@id":"https:\/\/stourm.news\/?p=2787"},"wordCount":1399,"commentCount":0,"publisher":{"@id":"https:\/\/stourm.news\/#organization"},"image":{"@id":"https:\/\/stourm.news\/?p=2787#primaryimage"},"thumbnailUrl":"https:\/\/stourm.news\/wp-content\/uploads\/2024\/11\/energie-solaire-en-Bretagne.png","articleSection":["Breizh","Principale","Tribune"],"inLanguage":"fr-FR","potentialAction":[{"@type":"CommentAction","name":"Comment","target":["https:\/\/stourm.news\/?p=2787#respond"]}]},{"@type":"WebPage","@id":"https:\/\/stourm.news\/?p=2787","url":"https:\/\/stourm.news\/?p=2787","name":"Ind\u00e9pendance \u00e9nerg\u00e9tique de la Bretagne : cap sur 2040 avec des solutions bretonnes durables (par \u00c9lodie Boileux) - STOURM","isPartOf":{"@id":"https:\/\/stourm.news\/#website"},"primaryImageOfPage":{"@id":"https:\/\/stourm.news\/?p=2787#primaryimage"},"image":{"@id":"https:\/\/stourm.news\/?p=2787#primaryimage"},"thumbnailUrl":"https:\/\/stourm.news\/wp-content\/uploads\/2024\/11\/energie-solaire-en-Bretagne.png","datePublished":"2024-11-09T13:54:12+00:00","dateModified":"2024-11-09T13:55:49+00:00","breadcrumb":{"@id":"https:\/\/stourm.news\/?p=2787#breadcrumb"},"inLanguage":"fr-FR","potentialAction":[{"@type":"ReadAction","target":["https:\/\/stourm.news\/?p=2787"]}]},{"@type":"ImageObject","inLanguage":"fr-FR","@id":"https:\/\/stourm.news\/?p=2787#primaryimage","url":"https:\/\/stourm.news\/wp-content\/uploads\/2024\/11\/energie-solaire-en-Bretagne.png","contentUrl":"https:\/\/stourm.news\/wp-content\/uploads\/2024\/11\/energie-solaire-en-Bretagne.png","width":1200,"height":800},{"@type":"BreadcrumbList","@id":"https:\/\/stourm.news\/?p=2787#breadcrumb","itemListElement":[{"@type":"ListItem","position":1,"name":"Accueil","item":"https:\/\/stourm.news\/"},{"@type":"ListItem","position":2,"name":"Ind\u00e9pendance \u00e9nerg\u00e9tique de la Bretagne : cap sur 2040 avec des solutions bretonnes durables (par \u00c9lodie Boileux)"}]},{"@type":"WebSite","@id":"https:\/\/stourm.news\/#website","url":"https:\/\/stourm.news\/","name":"Stourm","description":"Kazetenn Strollad Broadel Breizh","publisher":{"@id":"https:\/\/stourm.news\/#organization"},"potentialAction":[{"@type":"SearchAction","target":{"@type":"EntryPoint","urlTemplate":"https:\/\/stourm.news\/?s={search_term_string}"},"query-input":{"@type":"PropertyValueSpecification","valueRequired":true,"valueName":"search_term_string"}}],"inLanguage":"fr-FR"},{"@type":"Organization","@id":"https:\/\/stourm.news\/#organization","name":"Stourm","url":"https:\/\/stourm.news\/","logo":{"@type":"ImageObject","inLanguage":"fr-FR","@id":"https:\/\/stourm.news\/#\/schema\/logo\/image\/","url":"https:\/\/stourm.news\/wp-content\/uploads\/2025\/11\/cropped-Capture-decran-2025-11-28-a-15.19.07.png","contentUrl":"https:\/\/stourm.news\/wp-content\/uploads\/2025\/11\/cropped-Capture-decran-2025-11-28-a-15.19.07.png","width":1855,"height":383,"caption":"Stourm"},"image":{"@id":"https:\/\/stourm.news\/#\/schema\/logo\/image\/"},"sameAs":["https:\/\/www.facebook.com\/stourmnews\/"]},{"@type":"Person","@id":"https:\/\/stourm.news\/#\/schema\/person\/c3e1dc65988632e190969234ef046cf9","name":"La r\u00e9daction","image":{"@type":"ImageObject","inLanguage":"fr-FR","@id":"https:\/\/stourm.news\/#\/schema\/person\/image\/","url":"https:\/\/secure.gravatar.com\/avatar\/7463443f194b6b5fb706b074ca0ef59a0cfcfd720cb47764b0ec5a952ce422b3?s=96&d=mm&r=g","contentUrl":"https:\/\/secure.gravatar.com\/avatar\/7463443f194b6b5fb706b074ca0ef59a0cfcfd720cb47764b0ec5a952ce422b3?s=96&d=mm&r=g","caption":"La r\u00e9daction"},"sameAs":["https:\/\/stourm.news"],"url":"https:\/\/stourm.news\/?author=1"}]}},"_links":{"self":[{"href":"https:\/\/stourm.news\/index.php?rest_route=\/wp\/v2\/posts\/2787","targetHints":{"allow":["GET"]}}],"collection":[{"href":"https:\/\/stourm.news\/index.php?rest_route=\/wp\/v2\/posts"}],"about":[{"href":"https:\/\/stourm.news\/index.php?rest_route=\/wp\/v2\/types\/post"}],"author":[{"embeddable":true,"href":"https:\/\/stourm.news\/index.php?rest_route=\/wp\/v2\/users\/1"}],"replies":[{"embeddable":true,"href":"https:\/\/stourm.news\/index.php?rest_route=%2Fwp%2Fv2%2Fcomments&post=2787"}],"version-history":[{"count":2,"href":"https:\/\/stourm.news\/index.php?rest_route=\/wp\/v2\/posts\/2787\/revisions"}],"predecessor-version":[{"id":2790,"href":"https:\/\/stourm.news\/index.php?rest_route=\/wp\/v2\/posts\/2787\/revisions\/2790"}],"wp:featuredmedia":[{"embeddable":true,"href":"https:\/\/stourm.news\/index.php?rest_route=\/wp\/v2\/media\/2788"}],"wp:attachment":[{"href":"https:\/\/stourm.news\/index.php?rest_route=%2Fwp%2Fv2%2Fmedia&parent=2787"}],"wp:term":[{"taxonomy":"category","embeddable":true,"href":"https:\/\/stourm.news\/index.php?rest_route=%2Fwp%2Fv2%2Fcategories&post=2787"},{"taxonomy":"post_tag","embeddable":true,"href":"https:\/\/stourm.news\/index.php?rest_route=%2Fwp%2Fv2%2Ftags&post=2787"}],"curies":[{"name":"wp","href":"https:\/\/api.w.org\/{rel}","templated":true}]}}