{"id":2801,"date":"2024-11-13T13:44:57","date_gmt":"2024-11-13T13:44:57","guid":{"rendered":"https:\/\/stourm.news\/?p=2801"},"modified":"2024-11-13T14:08:44","modified_gmt":"2024-11-13T14:08:44","slug":"auguste-renault-dernier-tue-de-la-premiere-guerre-mondiale","status":"publish","type":"post","link":"https:\/\/stourm.news\/?p=2801","title":{"rendered":"Le Breton Auguste Renault, dernier tu\u00e9 de la Premi\u00e8re guerre mondiale"},"content":{"rendered":"<p style=\"text-align: justify;\">Il s&rsquo;appelait Auguste Renault, n\u00e9 le 6 d\u00e9cembre 1897, \u00e0 Saint-Trimo\u00ebl, pr\u00e8s de Lamballe. Soldat de premi\u00e8re classe au 411e r\u00e9giment d&rsquo;infanterie, il meurt les armes \u00e0 la main dans les Ardennes belges, seulement deux minutes avant le cessez-le-feu le 11 novembre 1918 \u00e0 10h58. C&rsquo;est le dernier mort de la Premi\u00e8re Guerre Mondiale.<\/p>\n<p><img fetchpriority=\"high\" decoding=\"async\" class=\"alignnone wp-image-2802 size-full\" src=\"https:\/\/stourm.news\/wp-content\/uploads\/2024\/11\/DrrT2tQXgAA9pZZ.jpg\" alt=\"\" width=\"1200\" height=\"674\" srcset=\"https:\/\/stourm.news\/wp-content\/uploads\/2024\/11\/DrrT2tQXgAA9pZZ.jpg 1200w, https:\/\/stourm.news\/wp-content\/uploads\/2024\/11\/DrrT2tQXgAA9pZZ-300x169.jpg 300w, https:\/\/stourm.news\/wp-content\/uploads\/2024\/11\/DrrT2tQXgAA9pZZ-1024x575.jpg 1024w, https:\/\/stourm.news\/wp-content\/uploads\/2024\/11\/DrrT2tQXgAA9pZZ-768x431.jpg 768w\" sizes=\"(max-width: 1200px) 100vw, 1200px\" \/><\/p>\n<p style=\"text-align: justify;\">Le 411e r\u00e9giment d&rsquo;infanterie, lev\u00e9 dans le Pays Vannetais en 1915, fut envoy\u00e9 dans les endroits du front occidental les plus sanglants. \u00c0 Verdun, il est d\u00e9ploy\u00e9 au Mort-Homme et sur la Cote 304 voisine. Dans ce seul secteur, au moins 70,000 hommes ont trouv\u00e9 la mort de part et d&rsquo;autre.<\/p>\n<p><img decoding=\"async\" class=\"alignnone size-medium\" src=\"https:\/\/actualites.musee-armee.fr\/wp-content\/uploads\/2016\/03\/MA_BA_expoverdun_1001.jpg\" width=\"1000\" height=\"678\" \/><\/p>\n<p><img decoding=\"async\" class=\"alignnone size-medium\" src=\"https:\/\/actualites.musee-armee.fr\/wp-content\/uploads\/2016\/03\/MA_BA_expoverdun_1003.jpg\" width=\"1000\" height=\"700\" \/><\/p>\n<p><img loading=\"lazy\" decoding=\"async\" class=\"alignnone size-medium\" src=\"https:\/\/actualites.musee-armee.fr\/wp-content\/uploads\/2016\/03\/MA_BA_expoverdun_1002.jpg\" width=\"1000\" height=\"686\" \/><\/p>\n<p style=\"text-align: center;\"><em>La Cote 304<\/em><\/p>\n<p style=\"text-align: justify;\">Auguste Renault repr\u00e9sente le tragique destin de centaines de milliers de jeunes Bretons envoy\u00e9s \u00e0 la guerre et tu\u00e9s au front. Mobilis\u00e9s en masse par l&rsquo;\u00c9tat fran\u00e7ais, les Bretons, culturellement r\u00e9prim\u00e9s par la France, ont combattu dans des conditions terribles, principalement en premi\u00e8re ligne, et un quart d\u2019entre eux n\u2019est jamais revenu, sacrifi\u00e9 dans des batailles sanglantes avec lesquelles la Bretagne n&rsquo;avait rien \u00e0 voir.<\/p>\n<p style=\"text-align: right;\"><strong>Ewen Broc&rsquo;han<\/strong><\/p>\n<p>&nbsp;<\/p>\n<p>&nbsp;<\/p>\n<p style=\"text-align: justify;\">\n","protected":false},"excerpt":{"rendered":"<p>Il s&rsquo;appelait Auguste Renault, n\u00e9 le 6 d\u00e9cembre 1897, \u00e0 Saint-Trimo\u00ebl, pr\u00e8s de Lamballe. Soldat de premi\u00e8re classe au 411e r\u00e9giment d&rsquo;infanterie, il meurt les armes \u00e0 la main dans les Ardennes belges, seulement deux minutes avant le cessez-le-feu le 11 novembre 1918 \u00e0 10h58. C&rsquo;est le dernier mort de la Premi\u00e8re Guerre Mondiale. Le [&hellip;]<\/p>\n","protected":false},"author":1,"featured_media":2803,"comment_status":"open","ping_status":"open","sticky":false,"template":"","format":"standard","meta":{"sb_editor_width":"","footnotes":""},"categories":[58,50,65],"tags":[],"class_list":["post-2801","post","type-post","status-publish","format-standard","has-post-thumbnail","hentry","category-breizh","category-histoire-de-bretagne","category-principale"],"relative_dates":{"created":"1 an ago","modified":"1 an ago"},"yoast_head":"<!-- This site is optimized with the Yoast SEO plugin v26.3 - https:\/\/yoast.com\/wordpress\/plugins\/seo\/ -->\n<title>Le Breton Auguste Renault, dernier tu\u00e9 de la Premi\u00e8re guerre mondiale - STOURM<\/title>\n<meta name=\"robots\" content=\"index, follow, max-snippet:-1, max-image-preview:large, max-video-preview:-1\" \/>\n<link rel=\"canonical\" href=\"https:\/\/stourm.news\/?p=2801\" \/>\n<meta property=\"og:locale\" content=\"fr_FR\" \/>\n<meta property=\"og:type\" content=\"article\" \/>\n<meta property=\"og:title\" content=\"Le Breton Auguste Renault, dernier tu\u00e9 de la Premi\u00e8re guerre mondiale - STOURM\" \/>\n<meta property=\"og:description\" content=\"Il s&rsquo;appelait Auguste Renault, n\u00e9 le 6 d\u00e9cembre 1897, \u00e0 Saint-Trimo\u00ebl, pr\u00e8s de Lamballe. Soldat de premi\u00e8re classe au 411e r\u00e9giment d&rsquo;infanterie, il meurt les armes \u00e0 la main dans les Ardennes belges, seulement deux minutes avant le cessez-le-feu le 11 novembre 1918 \u00e0 10h58. C&rsquo;est le dernier mort de la Premi\u00e8re Guerre Mondiale. Le [&hellip;]\" \/>\n<meta property=\"og:url\" content=\"https:\/\/stourm.news\/?p=2801\" \/>\n<meta property=\"og:site_name\" content=\"STOURM\" \/>\n<meta property=\"article:publisher\" content=\"https:\/\/www.facebook.com\/stourmnews\/\" \/>\n<meta property=\"article:published_time\" content=\"2024-11-13T13:44:57+00:00\" \/>\n<meta property=\"article:modified_time\" content=\"2024-11-13T14:08:44+00:00\" \/>\n<meta property=\"og:image\" content=\"https:\/\/stourm.news\/wp-content\/uploads\/2024\/11\/p83_117.png\" \/>\n\t<meta property=\"og:image:width\" content=\"867\" \/>\n\t<meta property=\"og:image:height\" content=\"619\" \/>\n\t<meta property=\"og:image:type\" content=\"image\/png\" \/>\n<meta name=\"author\" content=\"La r\u00e9daction\" \/>\n<meta name=\"twitter:card\" content=\"summary_large_image\" \/>\n<meta name=\"twitter:label1\" content=\"\u00c9crit par\" \/>\n\t<meta name=\"twitter:data1\" content=\"La r\u00e9daction\" \/>\n\t<meta name=\"twitter:label2\" content=\"Dur\u00e9e de lecture estim\u00e9e\" \/>\n\t<meta name=\"twitter:data2\" content=\"2 minutes\" \/>\n<script type=\"application\/ld+json\" class=\"yoast-schema-graph\">{\"@context\":\"https:\/\/schema.org\",\"@graph\":[{\"@type\":\"Article\",\"@id\":\"https:\/\/stourm.news\/?p=2801#article\",\"isPartOf\":{\"@id\":\"https:\/\/stourm.news\/?p=2801\"},\"author\":{\"name\":\"La r\u00e9daction\",\"@id\":\"https:\/\/stourm.news\/#\/schema\/person\/c3e1dc65988632e190969234ef046cf9\"},\"headline\":\"Le Breton Auguste Renault, dernier tu\u00e9 de la Premi\u00e8re guerre mondiale\",\"datePublished\":\"2024-11-13T13:44:57+00:00\",\"dateModified\":\"2024-11-13T14:08:44+00:00\",\"mainEntityOfPage\":{\"@id\":\"https:\/\/stourm.news\/?p=2801\"},\"wordCount\":201,\"commentCount\":0,\"publisher\":{\"@id\":\"https:\/\/stourm.news\/#organization\"},\"image\":{\"@id\":\"https:\/\/stourm.news\/?p=2801#primaryimage\"},\"thumbnailUrl\":\"https:\/\/stourm.news\/wp-content\/uploads\/2024\/11\/p83_117.png\",\"articleSection\":[\"Breizh\",\"Histoire de Bretagne\",\"Principale\"],\"inLanguage\":\"fr-FR\",\"potentialAction\":[{\"@type\":\"CommentAction\",\"name\":\"Comment\",\"target\":[\"https:\/\/stourm.news\/?p=2801#respond\"]}]},{\"@type\":\"WebPage\",\"@id\":\"https:\/\/stourm.news\/?p=2801\",\"url\":\"https:\/\/stourm.news\/?p=2801\",\"name\":\"Le Breton Auguste Renault, dernier tu\u00e9 de la Premi\u00e8re guerre mondiale - STOURM\",\"isPartOf\":{\"@id\":\"https:\/\/stourm.news\/#website\"},\"primaryImageOfPage\":{\"@id\":\"https:\/\/stourm.news\/?p=2801#primaryimage\"},\"image\":{\"@id\":\"https:\/\/stourm.news\/?p=2801#primaryimage\"},\"thumbnailUrl\":\"https:\/\/stourm.news\/wp-content\/uploads\/2024\/11\/p83_117.png\",\"datePublished\":\"2024-11-13T13:44:57+00:00\",\"dateModified\":\"2024-11-13T14:08:44+00:00\",\"breadcrumb\":{\"@id\":\"https:\/\/stourm.news\/?p=2801#breadcrumb\"},\"inLanguage\":\"fr-FR\",\"potentialAction\":[{\"@type\":\"ReadAction\",\"target\":[\"https:\/\/stourm.news\/?p=2801\"]}]},{\"@type\":\"ImageObject\",\"inLanguage\":\"fr-FR\",\"@id\":\"https:\/\/stourm.news\/?p=2801#primaryimage\",\"url\":\"https:\/\/stourm.news\/wp-content\/uploads\/2024\/11\/p83_117.png\",\"contentUrl\":\"https:\/\/stourm.news\/wp-content\/uploads\/2024\/11\/p83_117.png\",\"width\":867,\"height\":619},{\"@type\":\"BreadcrumbList\",\"@id\":\"https:\/\/stourm.news\/?p=2801#breadcrumb\",\"itemListElement\":[{\"@type\":\"ListItem\",\"position\":1,\"name\":\"Accueil\",\"item\":\"https:\/\/stourm.news\/\"},{\"@type\":\"ListItem\",\"position\":2,\"name\":\"Le Breton Auguste Renault, dernier tu\u00e9 de la Premi\u00e8re guerre mondiale\"}]},{\"@type\":\"WebSite\",\"@id\":\"https:\/\/stourm.news\/#website\",\"url\":\"https:\/\/stourm.news\/\",\"name\":\"Stourm\",\"description\":\"Kazetenn Strollad Broadel Breizh\",\"publisher\":{\"@id\":\"https:\/\/stourm.news\/#organization\"},\"potentialAction\":[{\"@type\":\"SearchAction\",\"target\":{\"@type\":\"EntryPoint\",\"urlTemplate\":\"https:\/\/stourm.news\/?s={search_term_string}\"},\"query-input\":{\"@type\":\"PropertyValueSpecification\",\"valueRequired\":true,\"valueName\":\"search_term_string\"}}],\"inLanguage\":\"fr-FR\"},{\"@type\":\"Organization\",\"@id\":\"https:\/\/stourm.news\/#organization\",\"name\":\"Stourm\",\"url\":\"https:\/\/stourm.news\/\",\"logo\":{\"@type\":\"ImageObject\",\"inLanguage\":\"fr-FR\",\"@id\":\"https:\/\/stourm.news\/#\/schema\/logo\/image\/\",\"url\":\"https:\/\/stourm.news\/wp-content\/uploads\/2025\/11\/cropped-Capture-decran-2025-11-28-a-15.19.07.png\",\"contentUrl\":\"https:\/\/stourm.news\/wp-content\/uploads\/2025\/11\/cropped-Capture-decran-2025-11-28-a-15.19.07.png\",\"width\":1855,\"height\":383,\"caption\":\"Stourm\"},\"image\":{\"@id\":\"https:\/\/stourm.news\/#\/schema\/logo\/image\/\"},\"sameAs\":[\"https:\/\/www.facebook.com\/stourmnews\/\"]},{\"@type\":\"Person\",\"@id\":\"https:\/\/stourm.news\/#\/schema\/person\/c3e1dc65988632e190969234ef046cf9\",\"name\":\"La r\u00e9daction\",\"image\":{\"@type\":\"ImageObject\",\"inLanguage\":\"fr-FR\",\"@id\":\"https:\/\/stourm.news\/#\/schema\/person\/image\/\",\"url\":\"https:\/\/secure.gravatar.com\/avatar\/7463443f194b6b5fb706b074ca0ef59a0cfcfd720cb47764b0ec5a952ce422b3?s=96&d=mm&r=g\",\"contentUrl\":\"https:\/\/secure.gravatar.com\/avatar\/7463443f194b6b5fb706b074ca0ef59a0cfcfd720cb47764b0ec5a952ce422b3?s=96&d=mm&r=g\",\"caption\":\"La r\u00e9daction\"},\"sameAs\":[\"https:\/\/stourm.news\"],\"url\":\"https:\/\/stourm.news\/?author=1\"}]}<\/script>\n<!-- \/ Yoast SEO plugin. -->","yoast_head_json":{"title":"Le Breton Auguste Renault, dernier tu\u00e9 de la Premi\u00e8re guerre mondiale - STOURM","robots":{"index":"index","follow":"follow","max-snippet":"max-snippet:-1","max-image-preview":"max-image-preview:large","max-video-preview":"max-video-preview:-1"},"canonical":"https:\/\/stourm.news\/?p=2801","og_locale":"fr_FR","og_type":"article","og_title":"Le Breton Auguste Renault, dernier tu\u00e9 de la Premi\u00e8re guerre mondiale - STOURM","og_description":"Il s&rsquo;appelait Auguste Renault, n\u00e9 le 6 d\u00e9cembre 1897, \u00e0 Saint-Trimo\u00ebl, pr\u00e8s de Lamballe. Soldat de premi\u00e8re classe au 411e r\u00e9giment d&rsquo;infanterie, il meurt les armes \u00e0 la main dans les Ardennes belges, seulement deux minutes avant le cessez-le-feu le 11 novembre 1918 \u00e0 10h58. C&rsquo;est le dernier mort de la Premi\u00e8re Guerre Mondiale. Le [&hellip;]","og_url":"https:\/\/stourm.news\/?p=2801","og_site_name":"STOURM","article_publisher":"https:\/\/www.facebook.com\/stourmnews\/","article_published_time":"2024-11-13T13:44:57+00:00","article_modified_time":"2024-11-13T14:08:44+00:00","og_image":[{"width":867,"height":619,"url":"https:\/\/stourm.news\/wp-content\/uploads\/2024\/11\/p83_117.png","type":"image\/png"}],"author":"La r\u00e9daction","twitter_card":"summary_large_image","twitter_misc":{"\u00c9crit par":"La r\u00e9daction","Dur\u00e9e de lecture estim\u00e9e":"2 minutes"},"schema":{"@context":"https:\/\/schema.org","@graph":[{"@type":"Article","@id":"https:\/\/stourm.news\/?p=2801#article","isPartOf":{"@id":"https:\/\/stourm.news\/?p=2801"},"author":{"name":"La r\u00e9daction","@id":"https:\/\/stourm.news\/#\/schema\/person\/c3e1dc65988632e190969234ef046cf9"},"headline":"Le Breton Auguste Renault, dernier tu\u00e9 de la Premi\u00e8re guerre mondiale","datePublished":"2024-11-13T13:44:57+00:00","dateModified":"2024-11-13T14:08:44+00:00","mainEntityOfPage":{"@id":"https:\/\/stourm.news\/?p=2801"},"wordCount":201,"commentCount":0,"publisher":{"@id":"https:\/\/stourm.news\/#organization"},"image":{"@id":"https:\/\/stourm.news\/?p=2801#primaryimage"},"thumbnailUrl":"https:\/\/stourm.news\/wp-content\/uploads\/2024\/11\/p83_117.png","articleSection":["Breizh","Histoire de Bretagne","Principale"],"inLanguage":"fr-FR","potentialAction":[{"@type":"CommentAction","name":"Comment","target":["https:\/\/stourm.news\/?p=2801#respond"]}]},{"@type":"WebPage","@id":"https:\/\/stourm.news\/?p=2801","url":"https:\/\/stourm.news\/?p=2801","name":"Le Breton Auguste Renault, dernier tu\u00e9 de la Premi\u00e8re guerre mondiale - STOURM","isPartOf":{"@id":"https:\/\/stourm.news\/#website"},"primaryImageOfPage":{"@id":"https:\/\/stourm.news\/?p=2801#primaryimage"},"image":{"@id":"https:\/\/stourm.news\/?p=2801#primaryimage"},"thumbnailUrl":"https:\/\/stourm.news\/wp-content\/uploads\/2024\/11\/p83_117.png","datePublished":"2024-11-13T13:44:57+00:00","dateModified":"2024-11-13T14:08:44+00:00","breadcrumb":{"@id":"https:\/\/stourm.news\/?p=2801#breadcrumb"},"inLanguage":"fr-FR","potentialAction":[{"@type":"ReadAction","target":["https:\/\/stourm.news\/?p=2801"]}]},{"@type":"ImageObject","inLanguage":"fr-FR","@id":"https:\/\/stourm.news\/?p=2801#primaryimage","url":"https:\/\/stourm.news\/wp-content\/uploads\/2024\/11\/p83_117.png","contentUrl":"https:\/\/stourm.news\/wp-content\/uploads\/2024\/11\/p83_117.png","width":867,"height":619},{"@type":"BreadcrumbList","@id":"https:\/\/stourm.news\/?p=2801#breadcrumb","itemListElement":[{"@type":"ListItem","position":1,"name":"Accueil","item":"https:\/\/stourm.news\/"},{"@type":"ListItem","position":2,"name":"Le Breton Auguste Renault, dernier tu\u00e9 de la Premi\u00e8re guerre mondiale"}]},{"@type":"WebSite","@id":"https:\/\/stourm.news\/#website","url":"https:\/\/stourm.news\/","name":"Stourm","description":"Kazetenn Strollad Broadel Breizh","publisher":{"@id":"https:\/\/stourm.news\/#organization"},"potentialAction":[{"@type":"SearchAction","target":{"@type":"EntryPoint","urlTemplate":"https:\/\/stourm.news\/?s={search_term_string}"},"query-input":{"@type":"PropertyValueSpecification","valueRequired":true,"valueName":"search_term_string"}}],"inLanguage":"fr-FR"},{"@type":"Organization","@id":"https:\/\/stourm.news\/#organization","name":"Stourm","url":"https:\/\/stourm.news\/","logo":{"@type":"ImageObject","inLanguage":"fr-FR","@id":"https:\/\/stourm.news\/#\/schema\/logo\/image\/","url":"https:\/\/stourm.news\/wp-content\/uploads\/2025\/11\/cropped-Capture-decran-2025-11-28-a-15.19.07.png","contentUrl":"https:\/\/stourm.news\/wp-content\/uploads\/2025\/11\/cropped-Capture-decran-2025-11-28-a-15.19.07.png","width":1855,"height":383,"caption":"Stourm"},"image":{"@id":"https:\/\/stourm.news\/#\/schema\/logo\/image\/"},"sameAs":["https:\/\/www.facebook.com\/stourmnews\/"]},{"@type":"Person","@id":"https:\/\/stourm.news\/#\/schema\/person\/c3e1dc65988632e190969234ef046cf9","name":"La r\u00e9daction","image":{"@type":"ImageObject","inLanguage":"fr-FR","@id":"https:\/\/stourm.news\/#\/schema\/person\/image\/","url":"https:\/\/secure.gravatar.com\/avatar\/7463443f194b6b5fb706b074ca0ef59a0cfcfd720cb47764b0ec5a952ce422b3?s=96&d=mm&r=g","contentUrl":"https:\/\/secure.gravatar.com\/avatar\/7463443f194b6b5fb706b074ca0ef59a0cfcfd720cb47764b0ec5a952ce422b3?s=96&d=mm&r=g","caption":"La r\u00e9daction"},"sameAs":["https:\/\/stourm.news"],"url":"https:\/\/stourm.news\/?author=1"}]}},"_links":{"self":[{"href":"https:\/\/stourm.news\/index.php?rest_route=\/wp\/v2\/posts\/2801","targetHints":{"allow":["GET"]}}],"collection":[{"href":"https:\/\/stourm.news\/index.php?rest_route=\/wp\/v2\/posts"}],"about":[{"href":"https:\/\/stourm.news\/index.php?rest_route=\/wp\/v2\/types\/post"}],"author":[{"embeddable":true,"href":"https:\/\/stourm.news\/index.php?rest_route=\/wp\/v2\/users\/1"}],"replies":[{"embeddable":true,"href":"https:\/\/stourm.news\/index.php?rest_route=%2Fwp%2Fv2%2Fcomments&post=2801"}],"version-history":[{"count":3,"href":"https:\/\/stourm.news\/index.php?rest_route=\/wp\/v2\/posts\/2801\/revisions"}],"predecessor-version":[{"id":2806,"href":"https:\/\/stourm.news\/index.php?rest_route=\/wp\/v2\/posts\/2801\/revisions\/2806"}],"wp:featuredmedia":[{"embeddable":true,"href":"https:\/\/stourm.news\/index.php?rest_route=\/wp\/v2\/media\/2803"}],"wp:attachment":[{"href":"https:\/\/stourm.news\/index.php?rest_route=%2Fwp%2Fv2%2Fmedia&parent=2801"}],"wp:term":[{"taxonomy":"category","embeddable":true,"href":"https:\/\/stourm.news\/index.php?rest_route=%2Fwp%2Fv2%2Fcategories&post=2801"},{"taxonomy":"post_tag","embeddable":true,"href":"https:\/\/stourm.news\/index.php?rest_route=%2Fwp%2Fv2%2Ftags&post=2801"}],"curies":[{"name":"wp","href":"https:\/\/api.w.org\/{rel}","templated":true}]}}