{"id":2807,"date":"2024-11-13T15:31:03","date_gmt":"2024-11-13T15:31:03","guid":{"rendered":"https:\/\/stourm.news\/?p=2807"},"modified":"2024-11-13T15:37:26","modified_gmt":"2024-11-13T15:37:26","slug":"2807","status":"publish","type":"post","link":"https:\/\/stourm.news\/?p=2807","title":{"rendered":"Emsav : 12 novembre 1911, naissance de Meavenn, po\u00e9tesse, dramaturge et nationaliste bretonne"},"content":{"rendered":"<p style=\"text-align: justify;\"><strong>EMSAV &#8211;<\/strong> Fant Rozec ou Fant Rozeg, de son nom Fran\u00e7oise Rozec-Andouard, alias <strong>Fant Renea Meavenn<\/strong> (Meavenn, du breton \u00ab Me a venn \u00bb, du verbe Mennout, pouvant \u00eatre traduit par \u00ab moi je veux \u00bb) ou Catherine Beauchamp, est une po\u00e9tesse, romanci\u00e8re et dramaturge de langue bretonne, proche du nationalisme breton, n\u00e9e le 12 novembre 1911 \u00e0 Saint-Marc, ancienne commune fusionn\u00e9e avec Brest et morte \u00e0 Pl\u00e9ch\u00e2tel le 17 ao\u00fbt 2001.<\/p>\n<blockquote class=\"twitter-tweet\">\n<p lang=\"fr\" dir=\"ltr\"><a href=\"https:\/\/twitter.com\/hashtag\/Emsav?src=hash&amp;ref_src=twsrc%5Etfw\">#Emsav<\/a> : 12 novembre 1911, naissance de Meavenn, po\u00e9tesse, dramaturge et nationaliste bretonne<\/p>\n<p>Lire\u27a1\ufe0f <a href=\"https:\/\/t.co\/VBRBUlVXT1\">https:\/\/t.co\/VBRBUlVXT1<\/a> <a href=\"https:\/\/t.co\/7BNJVzGsYt\">pic.twitter.com\/7BNJVzGsYt<\/a><\/p>\n<p>&mdash; Stourm! (@Stourm39280) <a href=\"https:\/\/twitter.com\/Stourm39280\/status\/1856722135882035616?ref_src=twsrc%5Etfw\">November 13, 2024<\/a><\/p><\/blockquote>\n<p> <script async src=\"https:\/\/platform.twitter.com\/widgets.js\" charset=\"utf-8\"><\/script>&nbsp;<\/p>\n<p style=\"text-align: justify;\">Fant Rozec n&rsquo;est pas une bretonnante de naissance. Elle aurait appris la langue \u00e0 l&rsquo;\u00e2ge de douze ans aupr\u00e8s d&rsquo;un voisin. Elle commence sa carri\u00e8re professionnelle \u00e0 Paris o\u00f9 elle travaille \u00e0 la Poste. Elle \u00e9tudie l&rsquo;irlandais \u00e0 la Sorbonne puis se rend en Irlande en 1931 pour perfectionner sa connaissance de la langue.<\/p>\n<p style=\"text-align: justify;\">Fant Rozec appara\u00eet publiquement pour la premi\u00e8re fois lors de l&rsquo;attentat du 7 ao\u00fbt 1932 \u00e0 Rennes, contre le monument c\u00e9l\u00e9brant l&rsquo;annexion de la Bretagne par la France, perp\u00e9tr\u00e9 par l&rsquo;organisation clandestine Gwenn ha Du. Apparemment proche de cette organisation, elle revendique publiquement cet attentat et est alors surnomm\u00e9e par la presse <strong>\u00ab la Vierge rouge de Gwenn ha Du \u00bb<\/strong>, car son lien avec Ar Falz, association des instituteurs partisans de l&rsquo;enseignement du breton fond\u00e9e par Yann Sohier, class\u00e9e \u00e0 gauche, voire communisante, en fait l&rsquo;incarnation de l&rsquo;aile socialiste du mouvement breton dans la courte p\u00e9riode o\u00f9 le parti communiste fran\u00e7ais justifiait les attentats en Bretagne (1932). Porte-parole de Gwen ha Du, elle revendique aussi d&rsquo;autres attentats, notamment celui d&rsquo;Ingrandes qui fit sauter les rails de la voie ferr\u00e9e Paris &#8211; Nantes afin d&#8217;emp\u00eacher \u00c9douard Herriot de venir c\u00e9l\u00e9brer \u00e0 Nantes le 400e anniversaire de l&rsquo;\u00e9dit du Plessis-Mac\u00e9.<\/p>\n<p style=\"text-align: justify;\">En janvier 1933 elle devient g\u00e9rante d&rsquo;Ar Falz. Elle \u00e9pouse Loeiz Andouard en 1935 dont elle a trois enfants avant leur s\u00e9paration en 1944.<\/p>\n<p style=\"text-align: justify;\">Elle collabore avec Roparz Hemon dans le cadre de ses \u00e9missions en breton \u00e0 Radio Rennes. Amie un temps de Louis Napol\u00e9on Le Roux, elle devient la compagne de Jean-Marie Chanteau, un des chefs du Bezen Perrot, qu&rsquo;elle \u00e9pouse lors de son retour \u00e0 Paris. Elle fuit de Rennes dans le convoi du Bezen Perrot en juillet 1944 et se cache un temps avec Jean-Marie Chanteau \u00e0 Paris avant de s&rsquo;enfuir en Irlande. Elle a \u00e9t\u00e9 interview\u00e9e dans deux longs-m\u00e9trages du cin\u00e9aste qu\u00e9b\u00e9cois Pierre Perrault, Un pays sans bon sens! (1970) et C&rsquo;\u00e9tait un Qu\u00e9b\u00e9cois en Bretagne, madame ! (1977). Revenue en France, elle devient \u00e0 Paris traductrice pour le compte de l&rsquo;UNESCO et directrice de la revue Ar Vro, puis s&rsquo;installe \u00e0 Saint-Malo.<\/p>\n<p style=\"text-align: justify;\">Fant Rozec n&rsquo;a \u00e9crit que des pi\u00e8ces courtes, nouvelles ou po\u00e9sies. Son \u0153uvre majeure est la longue nouvelle \u00ab Ar Follez yaouank \u00bb qui a inspir\u00e9 le cin\u00e9aste Yves All\u00e9gret pour son film La jeune folle, mais son attachante \u0153uvre po\u00e9tique en breton n&rsquo;a pas \u00e9t\u00e9 r\u00e9unie. Elle a un style libre et plut\u00f4t fantastique, marqu\u00e9 par l&rsquo;utilisation des rimes internes.<\/p>\n<p style=\"text-align: justify;\">Elle \u00e9crit principalement dans les revues bretonnes Gwalarn, Arvor, Galv, Al Liamm, Combat breton et Stur et participe \u00e0 la revue politico-culturelle Ar Vro-Gwirionez dans les ann\u00e9es 1960-1970.<\/p>\n<p><em>Sa bibliographie :\u00a0<\/em><\/p>\n<p style=\"text-align: justify;\">Iwerzon dishual &#8211; Skol S. Enda ; Brest, Gwalarn no 38, genver 1932. R\u00e9\u00e9dit\u00e9s par Mouladurio\u00f9 Hor Yezh dans le m\u00eame volume que Ar Follez Yaouank (2016).<br \/>\nPa c&rsquo;houez avel walarn ; Brest, Gwalarn no 43, mezeven 1932.<br \/>\nKano\u00f9 en deiz, po\u00e8mes publi\u00e9s dans Gwalarn no 53, 1933.<br \/>\nLa jeune folle, nouvelle, Catherine Beauchamp, Les \u0153uvres libres, CLXXXVII, Fayard, Paris, 19373.<br \/>\nAr follez yaouank, longue nouvelle publi\u00e9e dans Gwalarn no 140-143, 1941. R\u00e9\u00e9dit\u00e9e par Hor Yezh \/ Al Liamm, Brest, 1973. R\u00e9\u00e9dit\u00e9 en 2016 par Mouladurio\u00f9 Hor Yezh.<br \/>\nAr Gelted Kozh, Skridou Breiz, Brest, 1943<br \/>\nUne petite Irlande d&rsquo;\u00e9t\u00e9<\/p>\n<p style=\"text-align: right;\"><strong>Olwen Kerdrel<\/strong><\/p>\n","protected":false},"excerpt":{"rendered":"<p>EMSAV &#8211; Fant Rozec ou Fant Rozeg, de son nom Fran\u00e7oise Rozec-Andouard, alias Fant Renea Meavenn (Meavenn, du breton \u00ab Me a venn \u00bb, du verbe Mennout, pouvant \u00eatre traduit par \u00ab moi je veux \u00bb) ou Catherine Beauchamp, est une po\u00e9tesse, romanci\u00e8re et dramaturge de langue bretonne, proche du nationalisme breton, n\u00e9e le 12 [&hellip;]<\/p>\n","protected":false},"author":1,"featured_media":2808,"comment_status":"open","ping_status":"open","sticky":false,"template":"","format":"standard","meta":{"sb_editor_width":"","footnotes":""},"categories":[74,65],"tags":[],"class_list":["post-2807","post","type-post","status-publish","format-standard","has-post-thumbnail","hentry","category-emsav","category-principale"],"relative_dates":{"created":"1 an ago","modified":"1 an ago"},"yoast_head":"<!-- This site is optimized with the Yoast SEO plugin v26.3 - https:\/\/yoast.com\/wordpress\/plugins\/seo\/ -->\n<title>Emsav : 12 novembre 1911, naissance de Meavenn, po\u00e9tesse, dramaturge et nationaliste bretonne - STOURM<\/title>\n<meta name=\"robots\" content=\"index, follow, max-snippet:-1, max-image-preview:large, max-video-preview:-1\" \/>\n<link rel=\"canonical\" href=\"https:\/\/stourm.news\/?p=2807\" \/>\n<meta property=\"og:locale\" content=\"fr_FR\" \/>\n<meta property=\"og:type\" content=\"article\" \/>\n<meta property=\"og:title\" content=\"Emsav : 12 novembre 1911, naissance de Meavenn, po\u00e9tesse, dramaturge et nationaliste bretonne - STOURM\" \/>\n<meta property=\"og:description\" content=\"EMSAV &#8211; Fant Rozec ou Fant Rozeg, de son nom Fran\u00e7oise Rozec-Andouard, alias Fant Renea Meavenn (Meavenn, du breton \u00ab Me a venn \u00bb, du verbe Mennout, pouvant \u00eatre traduit par \u00ab moi je veux \u00bb) ou Catherine Beauchamp, est une po\u00e9tesse, romanci\u00e8re et dramaturge de langue bretonne, proche du nationalisme breton, n\u00e9e le 12 [&hellip;]\" \/>\n<meta property=\"og:url\" content=\"https:\/\/stourm.news\/?p=2807\" \/>\n<meta property=\"og:site_name\" content=\"STOURM\" \/>\n<meta property=\"article:publisher\" content=\"https:\/\/www.facebook.com\/stourmnews\/\" \/>\n<meta property=\"article:published_time\" content=\"2024-11-13T15:31:03+00:00\" \/>\n<meta property=\"article:modified_time\" content=\"2024-11-13T15:37:26+00:00\" \/>\n<meta property=\"og:image\" content=\"https:\/\/stourm.news\/wp-content\/uploads\/2024\/11\/Capture-decran-2024-11-14-a-00.30.33.png\" \/>\n\t<meta property=\"og:image:width\" content=\"996\" \/>\n\t<meta property=\"og:image:height\" content=\"688\" \/>\n\t<meta property=\"og:image:type\" content=\"image\/png\" \/>\n<meta name=\"author\" content=\"La r\u00e9daction\" \/>\n<meta name=\"twitter:card\" content=\"summary_large_image\" \/>\n<meta name=\"twitter:label1\" content=\"\u00c9crit par\" \/>\n\t<meta name=\"twitter:data1\" content=\"La r\u00e9daction\" \/>\n\t<meta name=\"twitter:label2\" content=\"Dur\u00e9e de lecture estim\u00e9e\" \/>\n\t<meta name=\"twitter:data2\" content=\"4 minutes\" \/>\n<script type=\"application\/ld+json\" class=\"yoast-schema-graph\">{\"@context\":\"https:\/\/schema.org\",\"@graph\":[{\"@type\":\"Article\",\"@id\":\"https:\/\/stourm.news\/?p=2807#article\",\"isPartOf\":{\"@id\":\"https:\/\/stourm.news\/?p=2807\"},\"author\":{\"name\":\"La r\u00e9daction\",\"@id\":\"https:\/\/stourm.news\/#\/schema\/person\/c3e1dc65988632e190969234ef046cf9\"},\"headline\":\"Emsav : 12 novembre 1911, naissance de Meavenn, po\u00e9tesse, dramaturge et nationaliste bretonne\",\"datePublished\":\"2024-11-13T15:31:03+00:00\",\"dateModified\":\"2024-11-13T15:37:26+00:00\",\"mainEntityOfPage\":{\"@id\":\"https:\/\/stourm.news\/?p=2807\"},\"wordCount\":675,\"commentCount\":0,\"publisher\":{\"@id\":\"https:\/\/stourm.news\/#organization\"},\"image\":{\"@id\":\"https:\/\/stourm.news\/?p=2807#primaryimage\"},\"thumbnailUrl\":\"https:\/\/stourm.news\/wp-content\/uploads\/2024\/11\/Capture-decran-2024-11-14-a-00.30.33.png\",\"articleSection\":[\"Emsav\",\"Principale\"],\"inLanguage\":\"fr-FR\",\"potentialAction\":[{\"@type\":\"CommentAction\",\"name\":\"Comment\",\"target\":[\"https:\/\/stourm.news\/?p=2807#respond\"]}]},{\"@type\":\"WebPage\",\"@id\":\"https:\/\/stourm.news\/?p=2807\",\"url\":\"https:\/\/stourm.news\/?p=2807\",\"name\":\"Emsav : 12 novembre 1911, naissance de Meavenn, po\u00e9tesse, dramaturge et nationaliste bretonne - STOURM\",\"isPartOf\":{\"@id\":\"https:\/\/stourm.news\/#website\"},\"primaryImageOfPage\":{\"@id\":\"https:\/\/stourm.news\/?p=2807#primaryimage\"},\"image\":{\"@id\":\"https:\/\/stourm.news\/?p=2807#primaryimage\"},\"thumbnailUrl\":\"https:\/\/stourm.news\/wp-content\/uploads\/2024\/11\/Capture-decran-2024-11-14-a-00.30.33.png\",\"datePublished\":\"2024-11-13T15:31:03+00:00\",\"dateModified\":\"2024-11-13T15:37:26+00:00\",\"breadcrumb\":{\"@id\":\"https:\/\/stourm.news\/?p=2807#breadcrumb\"},\"inLanguage\":\"fr-FR\",\"potentialAction\":[{\"@type\":\"ReadAction\",\"target\":[\"https:\/\/stourm.news\/?p=2807\"]}]},{\"@type\":\"ImageObject\",\"inLanguage\":\"fr-FR\",\"@id\":\"https:\/\/stourm.news\/?p=2807#primaryimage\",\"url\":\"https:\/\/stourm.news\/wp-content\/uploads\/2024\/11\/Capture-decran-2024-11-14-a-00.30.33.png\",\"contentUrl\":\"https:\/\/stourm.news\/wp-content\/uploads\/2024\/11\/Capture-decran-2024-11-14-a-00.30.33.png\",\"width\":996,\"height\":688},{\"@type\":\"BreadcrumbList\",\"@id\":\"https:\/\/stourm.news\/?p=2807#breadcrumb\",\"itemListElement\":[{\"@type\":\"ListItem\",\"position\":1,\"name\":\"Accueil\",\"item\":\"https:\/\/stourm.news\/\"},{\"@type\":\"ListItem\",\"position\":2,\"name\":\"Emsav : 12 novembre 1911, naissance de Meavenn, po\u00e9tesse, dramaturge et nationaliste bretonne\"}]},{\"@type\":\"WebSite\",\"@id\":\"https:\/\/stourm.news\/#website\",\"url\":\"https:\/\/stourm.news\/\",\"name\":\"Stourm\",\"description\":\"Kazetenn Strollad Broadel Breizh\",\"publisher\":{\"@id\":\"https:\/\/stourm.news\/#organization\"},\"potentialAction\":[{\"@type\":\"SearchAction\",\"target\":{\"@type\":\"EntryPoint\",\"urlTemplate\":\"https:\/\/stourm.news\/?s={search_term_string}\"},\"query-input\":{\"@type\":\"PropertyValueSpecification\",\"valueRequired\":true,\"valueName\":\"search_term_string\"}}],\"inLanguage\":\"fr-FR\"},{\"@type\":\"Organization\",\"@id\":\"https:\/\/stourm.news\/#organization\",\"name\":\"Stourm\",\"url\":\"https:\/\/stourm.news\/\",\"logo\":{\"@type\":\"ImageObject\",\"inLanguage\":\"fr-FR\",\"@id\":\"https:\/\/stourm.news\/#\/schema\/logo\/image\/\",\"url\":\"https:\/\/stourm.news\/wp-content\/uploads\/2025\/11\/cropped-Capture-decran-2025-11-28-a-15.19.07.png\",\"contentUrl\":\"https:\/\/stourm.news\/wp-content\/uploads\/2025\/11\/cropped-Capture-decran-2025-11-28-a-15.19.07.png\",\"width\":1855,\"height\":383,\"caption\":\"Stourm\"},\"image\":{\"@id\":\"https:\/\/stourm.news\/#\/schema\/logo\/image\/\"},\"sameAs\":[\"https:\/\/www.facebook.com\/stourmnews\/\"]},{\"@type\":\"Person\",\"@id\":\"https:\/\/stourm.news\/#\/schema\/person\/c3e1dc65988632e190969234ef046cf9\",\"name\":\"La r\u00e9daction\",\"image\":{\"@type\":\"ImageObject\",\"inLanguage\":\"fr-FR\",\"@id\":\"https:\/\/stourm.news\/#\/schema\/person\/image\/\",\"url\":\"https:\/\/secure.gravatar.com\/avatar\/7463443f194b6b5fb706b074ca0ef59a0cfcfd720cb47764b0ec5a952ce422b3?s=96&d=mm&r=g\",\"contentUrl\":\"https:\/\/secure.gravatar.com\/avatar\/7463443f194b6b5fb706b074ca0ef59a0cfcfd720cb47764b0ec5a952ce422b3?s=96&d=mm&r=g\",\"caption\":\"La r\u00e9daction\"},\"sameAs\":[\"https:\/\/stourm.news\"],\"url\":\"https:\/\/stourm.news\/?author=1\"}]}<\/script>\n<!-- \/ Yoast SEO plugin. -->","yoast_head_json":{"title":"Emsav : 12 novembre 1911, naissance de Meavenn, po\u00e9tesse, dramaturge et nationaliste bretonne - STOURM","robots":{"index":"index","follow":"follow","max-snippet":"max-snippet:-1","max-image-preview":"max-image-preview:large","max-video-preview":"max-video-preview:-1"},"canonical":"https:\/\/stourm.news\/?p=2807","og_locale":"fr_FR","og_type":"article","og_title":"Emsav : 12 novembre 1911, naissance de Meavenn, po\u00e9tesse, dramaturge et nationaliste bretonne - STOURM","og_description":"EMSAV &#8211; Fant Rozec ou Fant Rozeg, de son nom Fran\u00e7oise Rozec-Andouard, alias Fant Renea Meavenn (Meavenn, du breton \u00ab Me a venn \u00bb, du verbe Mennout, pouvant \u00eatre traduit par \u00ab moi je veux \u00bb) ou Catherine Beauchamp, est une po\u00e9tesse, romanci\u00e8re et dramaturge de langue bretonne, proche du nationalisme breton, n\u00e9e le 12 [&hellip;]","og_url":"https:\/\/stourm.news\/?p=2807","og_site_name":"STOURM","article_publisher":"https:\/\/www.facebook.com\/stourmnews\/","article_published_time":"2024-11-13T15:31:03+00:00","article_modified_time":"2024-11-13T15:37:26+00:00","og_image":[{"width":996,"height":688,"url":"https:\/\/stourm.news\/wp-content\/uploads\/2024\/11\/Capture-decran-2024-11-14-a-00.30.33.png","type":"image\/png"}],"author":"La r\u00e9daction","twitter_card":"summary_large_image","twitter_misc":{"\u00c9crit par":"La r\u00e9daction","Dur\u00e9e de lecture estim\u00e9e":"4 minutes"},"schema":{"@context":"https:\/\/schema.org","@graph":[{"@type":"Article","@id":"https:\/\/stourm.news\/?p=2807#article","isPartOf":{"@id":"https:\/\/stourm.news\/?p=2807"},"author":{"name":"La r\u00e9daction","@id":"https:\/\/stourm.news\/#\/schema\/person\/c3e1dc65988632e190969234ef046cf9"},"headline":"Emsav : 12 novembre 1911, naissance de Meavenn, po\u00e9tesse, dramaturge et nationaliste bretonne","datePublished":"2024-11-13T15:31:03+00:00","dateModified":"2024-11-13T15:37:26+00:00","mainEntityOfPage":{"@id":"https:\/\/stourm.news\/?p=2807"},"wordCount":675,"commentCount":0,"publisher":{"@id":"https:\/\/stourm.news\/#organization"},"image":{"@id":"https:\/\/stourm.news\/?p=2807#primaryimage"},"thumbnailUrl":"https:\/\/stourm.news\/wp-content\/uploads\/2024\/11\/Capture-decran-2024-11-14-a-00.30.33.png","articleSection":["Emsav","Principale"],"inLanguage":"fr-FR","potentialAction":[{"@type":"CommentAction","name":"Comment","target":["https:\/\/stourm.news\/?p=2807#respond"]}]},{"@type":"WebPage","@id":"https:\/\/stourm.news\/?p=2807","url":"https:\/\/stourm.news\/?p=2807","name":"Emsav : 12 novembre 1911, naissance de Meavenn, po\u00e9tesse, dramaturge et nationaliste bretonne - STOURM","isPartOf":{"@id":"https:\/\/stourm.news\/#website"},"primaryImageOfPage":{"@id":"https:\/\/stourm.news\/?p=2807#primaryimage"},"image":{"@id":"https:\/\/stourm.news\/?p=2807#primaryimage"},"thumbnailUrl":"https:\/\/stourm.news\/wp-content\/uploads\/2024\/11\/Capture-decran-2024-11-14-a-00.30.33.png","datePublished":"2024-11-13T15:31:03+00:00","dateModified":"2024-11-13T15:37:26+00:00","breadcrumb":{"@id":"https:\/\/stourm.news\/?p=2807#breadcrumb"},"inLanguage":"fr-FR","potentialAction":[{"@type":"ReadAction","target":["https:\/\/stourm.news\/?p=2807"]}]},{"@type":"ImageObject","inLanguage":"fr-FR","@id":"https:\/\/stourm.news\/?p=2807#primaryimage","url":"https:\/\/stourm.news\/wp-content\/uploads\/2024\/11\/Capture-decran-2024-11-14-a-00.30.33.png","contentUrl":"https:\/\/stourm.news\/wp-content\/uploads\/2024\/11\/Capture-decran-2024-11-14-a-00.30.33.png","width":996,"height":688},{"@type":"BreadcrumbList","@id":"https:\/\/stourm.news\/?p=2807#breadcrumb","itemListElement":[{"@type":"ListItem","position":1,"name":"Accueil","item":"https:\/\/stourm.news\/"},{"@type":"ListItem","position":2,"name":"Emsav : 12 novembre 1911, naissance de Meavenn, po\u00e9tesse, dramaturge et nationaliste bretonne"}]},{"@type":"WebSite","@id":"https:\/\/stourm.news\/#website","url":"https:\/\/stourm.news\/","name":"Stourm","description":"Kazetenn Strollad Broadel Breizh","publisher":{"@id":"https:\/\/stourm.news\/#organization"},"potentialAction":[{"@type":"SearchAction","target":{"@type":"EntryPoint","urlTemplate":"https:\/\/stourm.news\/?s={search_term_string}"},"query-input":{"@type":"PropertyValueSpecification","valueRequired":true,"valueName":"search_term_string"}}],"inLanguage":"fr-FR"},{"@type":"Organization","@id":"https:\/\/stourm.news\/#organization","name":"Stourm","url":"https:\/\/stourm.news\/","logo":{"@type":"ImageObject","inLanguage":"fr-FR","@id":"https:\/\/stourm.news\/#\/schema\/logo\/image\/","url":"https:\/\/stourm.news\/wp-content\/uploads\/2025\/11\/cropped-Capture-decran-2025-11-28-a-15.19.07.png","contentUrl":"https:\/\/stourm.news\/wp-content\/uploads\/2025\/11\/cropped-Capture-decran-2025-11-28-a-15.19.07.png","width":1855,"height":383,"caption":"Stourm"},"image":{"@id":"https:\/\/stourm.news\/#\/schema\/logo\/image\/"},"sameAs":["https:\/\/www.facebook.com\/stourmnews\/"]},{"@type":"Person","@id":"https:\/\/stourm.news\/#\/schema\/person\/c3e1dc65988632e190969234ef046cf9","name":"La r\u00e9daction","image":{"@type":"ImageObject","inLanguage":"fr-FR","@id":"https:\/\/stourm.news\/#\/schema\/person\/image\/","url":"https:\/\/secure.gravatar.com\/avatar\/7463443f194b6b5fb706b074ca0ef59a0cfcfd720cb47764b0ec5a952ce422b3?s=96&d=mm&r=g","contentUrl":"https:\/\/secure.gravatar.com\/avatar\/7463443f194b6b5fb706b074ca0ef59a0cfcfd720cb47764b0ec5a952ce422b3?s=96&d=mm&r=g","caption":"La r\u00e9daction"},"sameAs":["https:\/\/stourm.news"],"url":"https:\/\/stourm.news\/?author=1"}]}},"_links":{"self":[{"href":"https:\/\/stourm.news\/index.php?rest_route=\/wp\/v2\/posts\/2807","targetHints":{"allow":["GET"]}}],"collection":[{"href":"https:\/\/stourm.news\/index.php?rest_route=\/wp\/v2\/posts"}],"about":[{"href":"https:\/\/stourm.news\/index.php?rest_route=\/wp\/v2\/types\/post"}],"author":[{"embeddable":true,"href":"https:\/\/stourm.news\/index.php?rest_route=\/wp\/v2\/users\/1"}],"replies":[{"embeddable":true,"href":"https:\/\/stourm.news\/index.php?rest_route=%2Fwp%2Fv2%2Fcomments&post=2807"}],"version-history":[{"count":5,"href":"https:\/\/stourm.news\/index.php?rest_route=\/wp\/v2\/posts\/2807\/revisions"}],"predecessor-version":[{"id":2813,"href":"https:\/\/stourm.news\/index.php?rest_route=\/wp\/v2\/posts\/2807\/revisions\/2813"}],"wp:featuredmedia":[{"embeddable":true,"href":"https:\/\/stourm.news\/index.php?rest_route=\/wp\/v2\/media\/2808"}],"wp:attachment":[{"href":"https:\/\/stourm.news\/index.php?rest_route=%2Fwp%2Fv2%2Fmedia&parent=2807"}],"wp:term":[{"taxonomy":"category","embeddable":true,"href":"https:\/\/stourm.news\/index.php?rest_route=%2Fwp%2Fv2%2Fcategories&post=2807"},{"taxonomy":"post_tag","embeddable":true,"href":"https:\/\/stourm.news\/index.php?rest_route=%2Fwp%2Fv2%2Ftags&post=2807"}],"curies":[{"name":"wp","href":"https:\/\/api.w.org\/{rel}","templated":true}]}}