{"id":2814,"date":"2024-11-13T16:49:14","date_gmt":"2024-11-13T16:49:14","guid":{"rendered":"https:\/\/stourm.news\/?p=2814"},"modified":"2024-11-13T16:49:14","modified_gmt":"2024-11-13T16:49:14","slug":"incendie-a-douarnenez-les-deux-victimes-tuees-par-arme-blanche","status":"publish","type":"post","link":"https:\/\/stourm.news\/?p=2814","title":{"rendered":"Incendie \u00e0 Douarnenez : les deux victimes tu\u00e9es par arme blanche"},"content":{"rendered":"<p style=\"text-align: justify;\">C&rsquo;est d\u00e9sormais sous une qualification criminelle que l&rsquo;enqu\u00eate sur l&rsquo;incendie de Douarnenez samedi 9 novembre va se poursuivre, annonce le parquet de Quimper dans un communiqu\u00e9 mercredi 13 novembre. Cet incendie avait fait <strong>deux victimes.<\/strong><\/p>\n<p style=\"text-align: justify;\">C&rsquo;est vers 6 heures du matin que des gendarmes, qui patrouillaient dans le quartier de Treboul, ont aper\u00e7u de la fum\u00e9e sortant de l&rsquo;appartement d&rsquo;un immeuble HLM. Sur place, au pied de l&rsquo;immeuble, ils ont alors d\u00e9couvert un homme \u00e2ge de 44 ans \u00ab\u00a0torse nu, pieds nus, portant un jean ensanglant\u00e9 qui pr\u00e9sentait des plaies au niveau du thorax. Bien que conscient, il ne pouvait s\u2019exprimer sur les faits et d\u00e9c\u00e9dait rapidement sur place, des suites d\u2019un arr\u00eat cardio-respiratoire\u00a0\u00bb, pr\u00e9cise le parquet. L&rsquo;autopsie a permis de montrer la pr\u00e9sence <strong>de 16 coups<\/strong> port\u00e9s par une arme de <strong>\u00ab\u00a0type couteau\u00a0\u00bb<\/strong>. L&rsquo;homme \u00e9tait <strong>d\u00e9favorablement connu<\/strong> pour \u00ab\u00a0conduite sous l\u2019emprise de stup\u00e9fiants, mais aussi en qualit\u00e9 de victime de vol avec violences\u00a0\u00bb, d\u00e9taille Jean-Luc Lennon, le procureur-adjoint de la R\u00e9publique de Quimper.<\/p>\n<p>A l&rsquo;int\u00e9rieur de l&rsquo;appartement, les enqu\u00eateurs ont ensuite retrouv\u00e9 <strong>une seconde victime<\/strong>, un homme de 61 ans, handicap\u00e9 et plac\u00e9 sous curatelle. \u00ab\u00a0Alit\u00e9 au quotidien dans un lit m\u00e9dicalis\u00e9, il ne pouvait se d\u00e9placer qu\u2019avec difficult\u00e9. Il \u00e9tait connu comme susceptible d\u2019accueillir habituellement des personnes d\u00e9s\u0153uvr\u00e9es, en recherche <strong>de produits stup\u00e9fiants<\/strong>, souvent alcoolis\u00e9es, occasionnant de ce fait de nombreux troubles du voisinage\u00a0\u00bb, explique le parquet. L\u00e0 aussi, l&rsquo;autopsie a permis de d\u00e9montrer que la victime avait re\u00e7us \u00ab\u00a0plusieurs l\u00e9sions sur le corps, ayant entra\u00een\u00e9 la mort, possiblement <strong>avec la m\u00eame arme<\/strong> que pour la premi\u00e8re victime\u00a0\u00bb.<\/p>\n<p style=\"text-align: justify;\">Y-a-t-il eu l&rsquo;intervention d&rsquo;autres personnes ? C&rsquo;est ce que devra d\u00e9terminer l&rsquo;enqu\u00eate d\u00e9sormais plac\u00e9e sous l&rsquo;\u00e9gide du p\u00f4le criminel du parquet de Brest, le parquet de Quimper s&rsquo;\u00e9tant dessaisi du dossier au regard de la double qualification criminelle des faits (meurtre ou assassinat). D&rsquo;apr\u00e8s les premiers r\u00e9sultats d&rsquo;analyses, seules les traces ADN des deux hommes ont \u00e9t\u00e9 retrouv\u00e9es sur le couteau ensanglant\u00e9 d\u00e9couvert sous la fen\u00eatre de l&rsquo;immeuble ainsi que sur un briquet.<\/p>\n<p style=\"text-align: justify;\">Source : <a href=\"https:\/\/www.francebleu.fr\/infos\/faits-divers-justice\/incendie-a-douarnenez-les-deux-victimes-tuees-par-arme-blanche-7113206\">France Bleu<\/a><\/p>\n","protected":false},"excerpt":{"rendered":"<p>C&rsquo;est d\u00e9sormais sous une qualification criminelle que l&rsquo;enqu\u00eate sur l&rsquo;incendie de Douarnenez samedi 9 novembre va se poursuivre, annonce le parquet de Quimper dans un communiqu\u00e9 mercredi 13 novembre. Cet incendie avait fait deux victimes. C&rsquo;est vers 6 heures du matin que des gendarmes, qui patrouillaient dans le quartier de Treboul, ont aper\u00e7u de la [&hellip;]<\/p>\n","protected":false},"author":1,"featured_media":2815,"comment_status":"open","ping_status":"open","sticky":false,"template":"","format":"standard","meta":{"sb_editor_width":"","footnotes":""},"categories":[29,38,37,62],"tags":[],"class_list":["post-2814","post","type-post","status-publish","format-standard","has-post-thumbnail","hentry","category-drogue","category-finistere","category-homicide","category-revue-de-presse"],"relative_dates":{"created":"1 an ago","modified":"1 an ago"},"yoast_head":"<!-- This site is optimized with the Yoast SEO plugin v26.3 - https:\/\/yoast.com\/wordpress\/plugins\/seo\/ -->\n<title>Incendie \u00e0 Douarnenez : les deux victimes tu\u00e9es par arme blanche - STOURM<\/title>\n<meta name=\"robots\" content=\"index, follow, max-snippet:-1, max-image-preview:large, max-video-preview:-1\" \/>\n<link rel=\"canonical\" href=\"https:\/\/stourm.news\/?p=2814\" \/>\n<meta property=\"og:locale\" content=\"fr_FR\" \/>\n<meta property=\"og:type\" content=\"article\" \/>\n<meta property=\"og:title\" content=\"Incendie \u00e0 Douarnenez : les deux victimes tu\u00e9es par arme blanche - STOURM\" \/>\n<meta property=\"og:description\" content=\"C&rsquo;est d\u00e9sormais sous une qualification criminelle que l&rsquo;enqu\u00eate sur l&rsquo;incendie de Douarnenez samedi 9 novembre va se poursuivre, annonce le parquet de Quimper dans un communiqu\u00e9 mercredi 13 novembre. Cet incendie avait fait deux victimes. C&rsquo;est vers 6 heures du matin que des gendarmes, qui patrouillaient dans le quartier de Treboul, ont aper\u00e7u de la [&hellip;]\" \/>\n<meta property=\"og:url\" content=\"https:\/\/stourm.news\/?p=2814\" \/>\n<meta property=\"og:site_name\" content=\"STOURM\" \/>\n<meta property=\"article:publisher\" content=\"https:\/\/www.facebook.com\/stourmnews\/\" \/>\n<meta property=\"article:published_time\" content=\"2024-11-13T16:49:14+00:00\" \/>\n<meta property=\"og:image\" content=\"https:\/\/stourm.news\/wp-content\/uploads\/2024\/11\/1200x680_sc_whatsapp-image-2024-11-09-at-10-52-06.webp\" \/>\n\t<meta property=\"og:image:width\" content=\"1200\" \/>\n\t<meta property=\"og:image:height\" content=\"680\" \/>\n\t<meta property=\"og:image:type\" content=\"image\/webp\" \/>\n<meta name=\"author\" content=\"La r\u00e9daction\" \/>\n<meta name=\"twitter:card\" content=\"summary_large_image\" \/>\n<meta name=\"twitter:label1\" content=\"\u00c9crit par\" \/>\n\t<meta name=\"twitter:data1\" content=\"La r\u00e9daction\" \/>\n\t<meta name=\"twitter:label2\" content=\"Dur\u00e9e de lecture estim\u00e9e\" \/>\n\t<meta name=\"twitter:data2\" content=\"2 minutes\" \/>\n<script type=\"application\/ld+json\" class=\"yoast-schema-graph\">{\"@context\":\"https:\/\/schema.org\",\"@graph\":[{\"@type\":\"Article\",\"@id\":\"https:\/\/stourm.news\/?p=2814#article\",\"isPartOf\":{\"@id\":\"https:\/\/stourm.news\/?p=2814\"},\"author\":{\"name\":\"La r\u00e9daction\",\"@id\":\"https:\/\/stourm.news\/#\/schema\/person\/c3e1dc65988632e190969234ef046cf9\"},\"headline\":\"Incendie \u00e0 Douarnenez : les deux victimes tu\u00e9es par arme blanche\",\"datePublished\":\"2024-11-13T16:49:14+00:00\",\"mainEntityOfPage\":{\"@id\":\"https:\/\/stourm.news\/?p=2814\"},\"wordCount\":406,\"commentCount\":0,\"publisher\":{\"@id\":\"https:\/\/stourm.news\/#organization\"},\"image\":{\"@id\":\"https:\/\/stourm.news\/?p=2814#primaryimage\"},\"thumbnailUrl\":\"https:\/\/stourm.news\/wp-content\/uploads\/2024\/11\/1200x680_sc_whatsapp-image-2024-11-09-at-10-52-06.webp\",\"articleSection\":[\"Drogue\",\"Finist\u00e8re\",\"Homicide\",\"Revue de presse\"],\"inLanguage\":\"fr-FR\",\"potentialAction\":[{\"@type\":\"CommentAction\",\"name\":\"Comment\",\"target\":[\"https:\/\/stourm.news\/?p=2814#respond\"]}]},{\"@type\":\"WebPage\",\"@id\":\"https:\/\/stourm.news\/?p=2814\",\"url\":\"https:\/\/stourm.news\/?p=2814\",\"name\":\"Incendie \u00e0 Douarnenez : les deux victimes tu\u00e9es par arme blanche - STOURM\",\"isPartOf\":{\"@id\":\"https:\/\/stourm.news\/#website\"},\"primaryImageOfPage\":{\"@id\":\"https:\/\/stourm.news\/?p=2814#primaryimage\"},\"image\":{\"@id\":\"https:\/\/stourm.news\/?p=2814#primaryimage\"},\"thumbnailUrl\":\"https:\/\/stourm.news\/wp-content\/uploads\/2024\/11\/1200x680_sc_whatsapp-image-2024-11-09-at-10-52-06.webp\",\"datePublished\":\"2024-11-13T16:49:14+00:00\",\"breadcrumb\":{\"@id\":\"https:\/\/stourm.news\/?p=2814#breadcrumb\"},\"inLanguage\":\"fr-FR\",\"potentialAction\":[{\"@type\":\"ReadAction\",\"target\":[\"https:\/\/stourm.news\/?p=2814\"]}]},{\"@type\":\"ImageObject\",\"inLanguage\":\"fr-FR\",\"@id\":\"https:\/\/stourm.news\/?p=2814#primaryimage\",\"url\":\"https:\/\/stourm.news\/wp-content\/uploads\/2024\/11\/1200x680_sc_whatsapp-image-2024-11-09-at-10-52-06.webp\",\"contentUrl\":\"https:\/\/stourm.news\/wp-content\/uploads\/2024\/11\/1200x680_sc_whatsapp-image-2024-11-09-at-10-52-06.webp\",\"width\":1200,\"height\":680},{\"@type\":\"BreadcrumbList\",\"@id\":\"https:\/\/stourm.news\/?p=2814#breadcrumb\",\"itemListElement\":[{\"@type\":\"ListItem\",\"position\":1,\"name\":\"Accueil\",\"item\":\"https:\/\/stourm.news\/\"},{\"@type\":\"ListItem\",\"position\":2,\"name\":\"Incendie \u00e0 Douarnenez : les deux victimes tu\u00e9es par arme blanche\"}]},{\"@type\":\"WebSite\",\"@id\":\"https:\/\/stourm.news\/#website\",\"url\":\"https:\/\/stourm.news\/\",\"name\":\"Stourm\",\"description\":\"Kazetenn Strollad Broadel Breizh\",\"publisher\":{\"@id\":\"https:\/\/stourm.news\/#organization\"},\"potentialAction\":[{\"@type\":\"SearchAction\",\"target\":{\"@type\":\"EntryPoint\",\"urlTemplate\":\"https:\/\/stourm.news\/?s={search_term_string}\"},\"query-input\":{\"@type\":\"PropertyValueSpecification\",\"valueRequired\":true,\"valueName\":\"search_term_string\"}}],\"inLanguage\":\"fr-FR\"},{\"@type\":\"Organization\",\"@id\":\"https:\/\/stourm.news\/#organization\",\"name\":\"Stourm\",\"url\":\"https:\/\/stourm.news\/\",\"logo\":{\"@type\":\"ImageObject\",\"inLanguage\":\"fr-FR\",\"@id\":\"https:\/\/stourm.news\/#\/schema\/logo\/image\/\",\"url\":\"https:\/\/stourm.news\/wp-content\/uploads\/2025\/11\/cropped-Capture-decran-2025-11-28-a-15.19.07.png\",\"contentUrl\":\"https:\/\/stourm.news\/wp-content\/uploads\/2025\/11\/cropped-Capture-decran-2025-11-28-a-15.19.07.png\",\"width\":1855,\"height\":383,\"caption\":\"Stourm\"},\"image\":{\"@id\":\"https:\/\/stourm.news\/#\/schema\/logo\/image\/\"},\"sameAs\":[\"https:\/\/www.facebook.com\/stourmnews\/\"]},{\"@type\":\"Person\",\"@id\":\"https:\/\/stourm.news\/#\/schema\/person\/c3e1dc65988632e190969234ef046cf9\",\"name\":\"La r\u00e9daction\",\"image\":{\"@type\":\"ImageObject\",\"inLanguage\":\"fr-FR\",\"@id\":\"https:\/\/stourm.news\/#\/schema\/person\/image\/\",\"url\":\"https:\/\/secure.gravatar.com\/avatar\/7463443f194b6b5fb706b074ca0ef59a0cfcfd720cb47764b0ec5a952ce422b3?s=96&d=mm&r=g\",\"contentUrl\":\"https:\/\/secure.gravatar.com\/avatar\/7463443f194b6b5fb706b074ca0ef59a0cfcfd720cb47764b0ec5a952ce422b3?s=96&d=mm&r=g\",\"caption\":\"La r\u00e9daction\"},\"sameAs\":[\"https:\/\/stourm.news\"],\"url\":\"https:\/\/stourm.news\/?author=1\"}]}<\/script>\n<!-- \/ Yoast SEO plugin. -->","yoast_head_json":{"title":"Incendie \u00e0 Douarnenez : les deux victimes tu\u00e9es par arme blanche - STOURM","robots":{"index":"index","follow":"follow","max-snippet":"max-snippet:-1","max-image-preview":"max-image-preview:large","max-video-preview":"max-video-preview:-1"},"canonical":"https:\/\/stourm.news\/?p=2814","og_locale":"fr_FR","og_type":"article","og_title":"Incendie \u00e0 Douarnenez : les deux victimes tu\u00e9es par arme blanche - STOURM","og_description":"C&rsquo;est d\u00e9sormais sous une qualification criminelle que l&rsquo;enqu\u00eate sur l&rsquo;incendie de Douarnenez samedi 9 novembre va se poursuivre, annonce le parquet de Quimper dans un communiqu\u00e9 mercredi 13 novembre. Cet incendie avait fait deux victimes. C&rsquo;est vers 6 heures du matin que des gendarmes, qui patrouillaient dans le quartier de Treboul, ont aper\u00e7u de la [&hellip;]","og_url":"https:\/\/stourm.news\/?p=2814","og_site_name":"STOURM","article_publisher":"https:\/\/www.facebook.com\/stourmnews\/","article_published_time":"2024-11-13T16:49:14+00:00","og_image":[{"width":1200,"height":680,"url":"https:\/\/stourm.news\/wp-content\/uploads\/2024\/11\/1200x680_sc_whatsapp-image-2024-11-09-at-10-52-06.webp","type":"image\/webp"}],"author":"La r\u00e9daction","twitter_card":"summary_large_image","twitter_misc":{"\u00c9crit par":"La r\u00e9daction","Dur\u00e9e de lecture estim\u00e9e":"2 minutes"},"schema":{"@context":"https:\/\/schema.org","@graph":[{"@type":"Article","@id":"https:\/\/stourm.news\/?p=2814#article","isPartOf":{"@id":"https:\/\/stourm.news\/?p=2814"},"author":{"name":"La r\u00e9daction","@id":"https:\/\/stourm.news\/#\/schema\/person\/c3e1dc65988632e190969234ef046cf9"},"headline":"Incendie \u00e0 Douarnenez : les deux victimes tu\u00e9es par arme blanche","datePublished":"2024-11-13T16:49:14+00:00","mainEntityOfPage":{"@id":"https:\/\/stourm.news\/?p=2814"},"wordCount":406,"commentCount":0,"publisher":{"@id":"https:\/\/stourm.news\/#organization"},"image":{"@id":"https:\/\/stourm.news\/?p=2814#primaryimage"},"thumbnailUrl":"https:\/\/stourm.news\/wp-content\/uploads\/2024\/11\/1200x680_sc_whatsapp-image-2024-11-09-at-10-52-06.webp","articleSection":["Drogue","Finist\u00e8re","Homicide","Revue de presse"],"inLanguage":"fr-FR","potentialAction":[{"@type":"CommentAction","name":"Comment","target":["https:\/\/stourm.news\/?p=2814#respond"]}]},{"@type":"WebPage","@id":"https:\/\/stourm.news\/?p=2814","url":"https:\/\/stourm.news\/?p=2814","name":"Incendie \u00e0 Douarnenez : les deux victimes tu\u00e9es par arme blanche - STOURM","isPartOf":{"@id":"https:\/\/stourm.news\/#website"},"primaryImageOfPage":{"@id":"https:\/\/stourm.news\/?p=2814#primaryimage"},"image":{"@id":"https:\/\/stourm.news\/?p=2814#primaryimage"},"thumbnailUrl":"https:\/\/stourm.news\/wp-content\/uploads\/2024\/11\/1200x680_sc_whatsapp-image-2024-11-09-at-10-52-06.webp","datePublished":"2024-11-13T16:49:14+00:00","breadcrumb":{"@id":"https:\/\/stourm.news\/?p=2814#breadcrumb"},"inLanguage":"fr-FR","potentialAction":[{"@type":"ReadAction","target":["https:\/\/stourm.news\/?p=2814"]}]},{"@type":"ImageObject","inLanguage":"fr-FR","@id":"https:\/\/stourm.news\/?p=2814#primaryimage","url":"https:\/\/stourm.news\/wp-content\/uploads\/2024\/11\/1200x680_sc_whatsapp-image-2024-11-09-at-10-52-06.webp","contentUrl":"https:\/\/stourm.news\/wp-content\/uploads\/2024\/11\/1200x680_sc_whatsapp-image-2024-11-09-at-10-52-06.webp","width":1200,"height":680},{"@type":"BreadcrumbList","@id":"https:\/\/stourm.news\/?p=2814#breadcrumb","itemListElement":[{"@type":"ListItem","position":1,"name":"Accueil","item":"https:\/\/stourm.news\/"},{"@type":"ListItem","position":2,"name":"Incendie \u00e0 Douarnenez : les deux victimes tu\u00e9es par arme blanche"}]},{"@type":"WebSite","@id":"https:\/\/stourm.news\/#website","url":"https:\/\/stourm.news\/","name":"Stourm","description":"Kazetenn Strollad Broadel Breizh","publisher":{"@id":"https:\/\/stourm.news\/#organization"},"potentialAction":[{"@type":"SearchAction","target":{"@type":"EntryPoint","urlTemplate":"https:\/\/stourm.news\/?s={search_term_string}"},"query-input":{"@type":"PropertyValueSpecification","valueRequired":true,"valueName":"search_term_string"}}],"inLanguage":"fr-FR"},{"@type":"Organization","@id":"https:\/\/stourm.news\/#organization","name":"Stourm","url":"https:\/\/stourm.news\/","logo":{"@type":"ImageObject","inLanguage":"fr-FR","@id":"https:\/\/stourm.news\/#\/schema\/logo\/image\/","url":"https:\/\/stourm.news\/wp-content\/uploads\/2025\/11\/cropped-Capture-decran-2025-11-28-a-15.19.07.png","contentUrl":"https:\/\/stourm.news\/wp-content\/uploads\/2025\/11\/cropped-Capture-decran-2025-11-28-a-15.19.07.png","width":1855,"height":383,"caption":"Stourm"},"image":{"@id":"https:\/\/stourm.news\/#\/schema\/logo\/image\/"},"sameAs":["https:\/\/www.facebook.com\/stourmnews\/"]},{"@type":"Person","@id":"https:\/\/stourm.news\/#\/schema\/person\/c3e1dc65988632e190969234ef046cf9","name":"La r\u00e9daction","image":{"@type":"ImageObject","inLanguage":"fr-FR","@id":"https:\/\/stourm.news\/#\/schema\/person\/image\/","url":"https:\/\/secure.gravatar.com\/avatar\/7463443f194b6b5fb706b074ca0ef59a0cfcfd720cb47764b0ec5a952ce422b3?s=96&d=mm&r=g","contentUrl":"https:\/\/secure.gravatar.com\/avatar\/7463443f194b6b5fb706b074ca0ef59a0cfcfd720cb47764b0ec5a952ce422b3?s=96&d=mm&r=g","caption":"La r\u00e9daction"},"sameAs":["https:\/\/stourm.news"],"url":"https:\/\/stourm.news\/?author=1"}]}},"_links":{"self":[{"href":"https:\/\/stourm.news\/index.php?rest_route=\/wp\/v2\/posts\/2814","targetHints":{"allow":["GET"]}}],"collection":[{"href":"https:\/\/stourm.news\/index.php?rest_route=\/wp\/v2\/posts"}],"about":[{"href":"https:\/\/stourm.news\/index.php?rest_route=\/wp\/v2\/types\/post"}],"author":[{"embeddable":true,"href":"https:\/\/stourm.news\/index.php?rest_route=\/wp\/v2\/users\/1"}],"replies":[{"embeddable":true,"href":"https:\/\/stourm.news\/index.php?rest_route=%2Fwp%2Fv2%2Fcomments&post=2814"}],"version-history":[{"count":1,"href":"https:\/\/stourm.news\/index.php?rest_route=\/wp\/v2\/posts\/2814\/revisions"}],"predecessor-version":[{"id":2816,"href":"https:\/\/stourm.news\/index.php?rest_route=\/wp\/v2\/posts\/2814\/revisions\/2816"}],"wp:featuredmedia":[{"embeddable":true,"href":"https:\/\/stourm.news\/index.php?rest_route=\/wp\/v2\/media\/2815"}],"wp:attachment":[{"href":"https:\/\/stourm.news\/index.php?rest_route=%2Fwp%2Fv2%2Fmedia&parent=2814"}],"wp:term":[{"taxonomy":"category","embeddable":true,"href":"https:\/\/stourm.news\/index.php?rest_route=%2Fwp%2Fv2%2Fcategories&post=2814"},{"taxonomy":"post_tag","embeddable":true,"href":"https:\/\/stourm.news\/index.php?rest_route=%2Fwp%2Fv2%2Ftags&post=2814"}],"curies":[{"name":"wp","href":"https:\/\/api.w.org\/{rel}","templated":true}]}}