{"id":2827,"date":"2024-11-15T05:59:26","date_gmt":"2024-11-15T05:59:26","guid":{"rendered":"https:\/\/stourm.news\/?p=2827"},"modified":"2024-11-15T05:59:26","modified_gmt":"2024-11-15T05:59:26","slug":"nationalisme-liberateur-et-resistance-linguistique","status":"publish","type":"post","link":"https:\/\/stourm.news\/?p=2827","title":{"rendered":"Nationalisme lib\u00e9rateur et r\u00e9sistance linguistique"},"content":{"rendered":"<p style=\"text-align: justify;\">Il y a, dans <strong>le nationalisme lib\u00e9rateur<\/strong>, bien autre chose qu&rsquo;une r\u00e9sistance provoqu\u00e9e par des d\u00e9savantages mat\u00e9riels. S&rsquo;il ne s&rsquo;agissait que de l&rsquo;am\u00e9lioration du sort mat\u00e9riel, il n&rsquo;y aurait pas de <strong>nationalisme linguistique<\/strong> du tout; car, dans ce cas, la voie la plus facile et la plus courte pour am\u00e9liorer ce sort serait que tous ceux qui poss\u00e8dent assez d&rsquo;\u00e9nergie pour ne pas s&rsquo;en contenter, utilisent cette \u00e9nergie \u00e0 troquer leur langue maternelle contre la langue de leurs ma\u00eetres, comme le font les immigrants non-anglais aux Etats-Unis, quand ils veulent s&rsquo;am\u00e9ricaniser afin de ne pas rester en arri\u00e8re dans la chasse au dollar. Il est impossible de comprendre la lutte linguistique du <strong>nationalisme lib\u00e9rateur<\/strong>, dans quelque pays que ce soit, sans tenir compte de facteurs bien plus profonds et d&rsquo;une tout autre nature&#8230;<\/p>\n<p style=\"text-align: justify;\">Quand les classes dominantes d&rsquo;un peuple se servent d&rsquo;une<strong> langue \u00e9trang\u00e8re<\/strong> comme moyen d&rsquo;oppression, non seulement elles font obstacle au rel\u00e8vement collectif et individuel de ce peuple dans le sens purement mat\u00e9riel, mais encore elles le blessent dans son estime pour lui-m\u00eame. A cela, il n&rsquo;y a que deux issues : ou bien l&rsquo;abrutissement complet, ou bien <strong>la r\u00e9sistance<\/strong>.<\/p>\n<p style=\"text-align: justify;\">Ce n&rsquo;est pas par hasard que chez l&rsquo;homme, <strong>l&rsquo;humiliation<\/strong> <strong>de la langue maternelle<\/strong> provoque la m\u00eame r\u00e9action que <strong>le m\u00e9pris de sa race<\/strong>. Comme il s&rsquo;agit ici de ce qui, de par la naissance, forme une partie m\u00eame de sa personnalit\u00e9, avant m\u00eame qu&rsquo;il ne devienne conscient de cette personnalit\u00e9, chaque tentative d&rsquo;imprimer, sur sa langue, de quelque fa\u00e7on que ce soit, une estampille d&rsquo;inf\u00e9riorit\u00e9 lui appara\u00eetra comme une diminution de sa dignit\u00e9 personnelle.<\/p>\n<p style=\"text-align: justify;\">Il n&rsquo;est pas difficile de voir pourquoi, dans <strong>le nationalisme lib\u00e9rateur<\/strong>, la langue joue un r\u00f4le d\u00e9cisif. La raison en est tout simplement que le nationalisme autoritaire, contre lequel se dresse <strong>le nationalisme lib\u00e9rateur<\/strong>, se sert de la langue de la nation dominatrice&#8230; comme de son principal moyen d&rsquo;autorit\u00e9 ou d&rsquo;oppression. Dans tous les cas, le privil\u00e8ge d&rsquo;une nation dominatrice est le privil\u00e8ge d&rsquo;une langue dominatrice, et, de ce fait, il n&rsquo;existe pas de moyen d&rsquo;oppression plus efficace que ce moyen de <strong>domination intellectuelle<\/strong>. Car un peuple qui est gouvern\u00e9, instruit et command\u00e9 dans une langue qui lui est <strong>\u00e9trang\u00e8re<\/strong>, est comme un homme qui n&rsquo;a que ses mains pour se d\u00e9fendre contre un adversaire arm\u00e9.<\/p>\n<p style=\"text-align: justify;\">Il n&rsquo;existe pas de pire forme d&rsquo;oppression&#8230; de m\u00eame qu&rsquo;il n&rsquo;existe pas de pire forme de domination militaire ou bureaucratique que quand celle-ci se sert d&rsquo;une <strong>langue \u00e9trang\u00e8re<\/strong>. Ainsi, elle exclut les domin\u00e9s de l&rsquo;acc\u00e8s aux moyens de l&rsquo;ascension individuelle de l&rsquo;\u00e9chelle sociale, car, sans la connaissance du fran\u00e7ais, il est presque impossible de devenir employ\u00e9, agent de police ou caporal; et, ainsi, on les exclut, en outre, de l&rsquo;acc\u00e8s aux armes intellectuelles sans lesquelles, dans une d\u00e9mocratie, l&rsquo;ascension collective des couches inf\u00e9rieures du peuple ne saurait se r\u00e9aliser.<\/p>\n<p style=\"text-align: right;\"><strong>(Editions Henri DE MAN, \u00ab\u00a0Nationalisme et socialisme\u00a0\u00bb, L&rsquo;Eglantine \u00bb, Paris-Bruxelles 1932)<\/strong><\/p>\n","protected":false},"excerpt":{"rendered":"<p>Il y a, dans le nationalisme lib\u00e9rateur, bien autre chose qu&rsquo;une r\u00e9sistance provoqu\u00e9e par des d\u00e9savantages mat\u00e9riels. S&rsquo;il ne s&rsquo;agissait que de l&rsquo;am\u00e9lioration du sort mat\u00e9riel, il n&rsquo;y aurait pas de nationalisme linguistique du tout; car, dans ce cas, la voie la plus facile et la plus courte pour am\u00e9liorer ce sort serait que tous [&hellip;]<\/p>\n","protected":false},"author":1,"featured_media":2828,"comment_status":"open","ping_status":"open","sticky":false,"template":"","format":"standard","meta":{"sb_editor_width":"","footnotes":""},"categories":[67,65],"tags":[],"class_list":["post-2827","post","type-post","status-publish","format-standard","has-post-thumbnail","hentry","category-politique","category-principale"],"relative_dates":{"created":"1 an ago","modified":"1 an ago"},"yoast_head":"<!-- This site is optimized with the Yoast SEO plugin v26.3 - https:\/\/yoast.com\/wordpress\/plugins\/seo\/ -->\n<title>Nationalisme lib\u00e9rateur et r\u00e9sistance linguistique - STOURM<\/title>\n<meta name=\"robots\" content=\"index, follow, max-snippet:-1, max-image-preview:large, max-video-preview:-1\" \/>\n<link rel=\"canonical\" href=\"https:\/\/stourm.news\/?p=2827\" \/>\n<meta property=\"og:locale\" content=\"fr_FR\" \/>\n<meta property=\"og:type\" content=\"article\" \/>\n<meta property=\"og:title\" content=\"Nationalisme lib\u00e9rateur et r\u00e9sistance linguistique - STOURM\" \/>\n<meta property=\"og:description\" content=\"Il y a, dans le nationalisme lib\u00e9rateur, bien autre chose qu&rsquo;une r\u00e9sistance provoqu\u00e9e par des d\u00e9savantages mat\u00e9riels. S&rsquo;il ne s&rsquo;agissait que de l&rsquo;am\u00e9lioration du sort mat\u00e9riel, il n&rsquo;y aurait pas de nationalisme linguistique du tout; car, dans ce cas, la voie la plus facile et la plus courte pour am\u00e9liorer ce sort serait que tous [&hellip;]\" \/>\n<meta property=\"og:url\" content=\"https:\/\/stourm.news\/?p=2827\" \/>\n<meta property=\"og:site_name\" content=\"STOURM\" \/>\n<meta property=\"article:publisher\" content=\"https:\/\/www.facebook.com\/stourmnews\/\" \/>\n<meta property=\"article:published_time\" content=\"2024-11-15T05:59:26+00:00\" \/>\n<meta property=\"og:image\" content=\"https:\/\/stourm.news\/wp-content\/uploads\/2024\/11\/Designer-65.jpg\" \/>\n\t<meta property=\"og:image:width\" content=\"768\" \/>\n\t<meta property=\"og:image:height\" content=\"520\" \/>\n\t<meta property=\"og:image:type\" content=\"image\/jpeg\" \/>\n<meta name=\"author\" content=\"La r\u00e9daction\" \/>\n<meta name=\"twitter:card\" content=\"summary_large_image\" \/>\n<meta name=\"twitter:label1\" content=\"\u00c9crit par\" \/>\n\t<meta name=\"twitter:data1\" content=\"La r\u00e9daction\" \/>\n\t<meta name=\"twitter:label2\" content=\"Dur\u00e9e de lecture estim\u00e9e\" \/>\n\t<meta name=\"twitter:data2\" content=\"3 minutes\" \/>\n<script type=\"application\/ld+json\" class=\"yoast-schema-graph\">{\"@context\":\"https:\/\/schema.org\",\"@graph\":[{\"@type\":\"Article\",\"@id\":\"https:\/\/stourm.news\/?p=2827#article\",\"isPartOf\":{\"@id\":\"https:\/\/stourm.news\/?p=2827\"},\"author\":{\"name\":\"La r\u00e9daction\",\"@id\":\"https:\/\/stourm.news\/#\/schema\/person\/c3e1dc65988632e190969234ef046cf9\"},\"headline\":\"Nationalisme lib\u00e9rateur et r\u00e9sistance linguistique\",\"datePublished\":\"2024-11-15T05:59:26+00:00\",\"mainEntityOfPage\":{\"@id\":\"https:\/\/stourm.news\/?p=2827\"},\"wordCount\":568,\"commentCount\":0,\"publisher\":{\"@id\":\"https:\/\/stourm.news\/#organization\"},\"image\":{\"@id\":\"https:\/\/stourm.news\/?p=2827#primaryimage\"},\"thumbnailUrl\":\"https:\/\/stourm.news\/wp-content\/uploads\/2024\/11\/Designer-65.jpg\",\"articleSection\":[\"Politique\",\"Principale\"],\"inLanguage\":\"fr-FR\",\"potentialAction\":[{\"@type\":\"CommentAction\",\"name\":\"Comment\",\"target\":[\"https:\/\/stourm.news\/?p=2827#respond\"]}]},{\"@type\":\"WebPage\",\"@id\":\"https:\/\/stourm.news\/?p=2827\",\"url\":\"https:\/\/stourm.news\/?p=2827\",\"name\":\"Nationalisme lib\u00e9rateur et r\u00e9sistance linguistique - STOURM\",\"isPartOf\":{\"@id\":\"https:\/\/stourm.news\/#website\"},\"primaryImageOfPage\":{\"@id\":\"https:\/\/stourm.news\/?p=2827#primaryimage\"},\"image\":{\"@id\":\"https:\/\/stourm.news\/?p=2827#primaryimage\"},\"thumbnailUrl\":\"https:\/\/stourm.news\/wp-content\/uploads\/2024\/11\/Designer-65.jpg\",\"datePublished\":\"2024-11-15T05:59:26+00:00\",\"breadcrumb\":{\"@id\":\"https:\/\/stourm.news\/?p=2827#breadcrumb\"},\"inLanguage\":\"fr-FR\",\"potentialAction\":[{\"@type\":\"ReadAction\",\"target\":[\"https:\/\/stourm.news\/?p=2827\"]}]},{\"@type\":\"ImageObject\",\"inLanguage\":\"fr-FR\",\"@id\":\"https:\/\/stourm.news\/?p=2827#primaryimage\",\"url\":\"https:\/\/stourm.news\/wp-content\/uploads\/2024\/11\/Designer-65.jpg\",\"contentUrl\":\"https:\/\/stourm.news\/wp-content\/uploads\/2024\/11\/Designer-65.jpg\",\"width\":768,\"height\":520},{\"@type\":\"BreadcrumbList\",\"@id\":\"https:\/\/stourm.news\/?p=2827#breadcrumb\",\"itemListElement\":[{\"@type\":\"ListItem\",\"position\":1,\"name\":\"Accueil\",\"item\":\"https:\/\/stourm.news\/\"},{\"@type\":\"ListItem\",\"position\":2,\"name\":\"Nationalisme lib\u00e9rateur et r\u00e9sistance linguistique\"}]},{\"@type\":\"WebSite\",\"@id\":\"https:\/\/stourm.news\/#website\",\"url\":\"https:\/\/stourm.news\/\",\"name\":\"Stourm\",\"description\":\"Kazetenn Strollad Broadel Breizh\",\"publisher\":{\"@id\":\"https:\/\/stourm.news\/#organization\"},\"potentialAction\":[{\"@type\":\"SearchAction\",\"target\":{\"@type\":\"EntryPoint\",\"urlTemplate\":\"https:\/\/stourm.news\/?s={search_term_string}\"},\"query-input\":{\"@type\":\"PropertyValueSpecification\",\"valueRequired\":true,\"valueName\":\"search_term_string\"}}],\"inLanguage\":\"fr-FR\"},{\"@type\":\"Organization\",\"@id\":\"https:\/\/stourm.news\/#organization\",\"name\":\"Stourm\",\"url\":\"https:\/\/stourm.news\/\",\"logo\":{\"@type\":\"ImageObject\",\"inLanguage\":\"fr-FR\",\"@id\":\"https:\/\/stourm.news\/#\/schema\/logo\/image\/\",\"url\":\"https:\/\/stourm.news\/wp-content\/uploads\/2025\/11\/cropped-Capture-decran-2025-11-28-a-15.19.07.png\",\"contentUrl\":\"https:\/\/stourm.news\/wp-content\/uploads\/2025\/11\/cropped-Capture-decran-2025-11-28-a-15.19.07.png\",\"width\":1855,\"height\":383,\"caption\":\"Stourm\"},\"image\":{\"@id\":\"https:\/\/stourm.news\/#\/schema\/logo\/image\/\"},\"sameAs\":[\"https:\/\/www.facebook.com\/stourmnews\/\"]},{\"@type\":\"Person\",\"@id\":\"https:\/\/stourm.news\/#\/schema\/person\/c3e1dc65988632e190969234ef046cf9\",\"name\":\"La r\u00e9daction\",\"image\":{\"@type\":\"ImageObject\",\"inLanguage\":\"fr-FR\",\"@id\":\"https:\/\/stourm.news\/#\/schema\/person\/image\/\",\"url\":\"https:\/\/secure.gravatar.com\/avatar\/7463443f194b6b5fb706b074ca0ef59a0cfcfd720cb47764b0ec5a952ce422b3?s=96&d=mm&r=g\",\"contentUrl\":\"https:\/\/secure.gravatar.com\/avatar\/7463443f194b6b5fb706b074ca0ef59a0cfcfd720cb47764b0ec5a952ce422b3?s=96&d=mm&r=g\",\"caption\":\"La r\u00e9daction\"},\"sameAs\":[\"https:\/\/stourm.news\"],\"url\":\"https:\/\/stourm.news\/?author=1\"}]}<\/script>\n<!-- \/ Yoast SEO plugin. -->","yoast_head_json":{"title":"Nationalisme lib\u00e9rateur et r\u00e9sistance linguistique - STOURM","robots":{"index":"index","follow":"follow","max-snippet":"max-snippet:-1","max-image-preview":"max-image-preview:large","max-video-preview":"max-video-preview:-1"},"canonical":"https:\/\/stourm.news\/?p=2827","og_locale":"fr_FR","og_type":"article","og_title":"Nationalisme lib\u00e9rateur et r\u00e9sistance linguistique - STOURM","og_description":"Il y a, dans le nationalisme lib\u00e9rateur, bien autre chose qu&rsquo;une r\u00e9sistance provoqu\u00e9e par des d\u00e9savantages mat\u00e9riels. S&rsquo;il ne s&rsquo;agissait que de l&rsquo;am\u00e9lioration du sort mat\u00e9riel, il n&rsquo;y aurait pas de nationalisme linguistique du tout; car, dans ce cas, la voie la plus facile et la plus courte pour am\u00e9liorer ce sort serait que tous [&hellip;]","og_url":"https:\/\/stourm.news\/?p=2827","og_site_name":"STOURM","article_publisher":"https:\/\/www.facebook.com\/stourmnews\/","article_published_time":"2024-11-15T05:59:26+00:00","og_image":[{"width":768,"height":520,"url":"https:\/\/stourm.news\/wp-content\/uploads\/2024\/11\/Designer-65.jpg","type":"image\/jpeg"}],"author":"La r\u00e9daction","twitter_card":"summary_large_image","twitter_misc":{"\u00c9crit par":"La r\u00e9daction","Dur\u00e9e de lecture estim\u00e9e":"3 minutes"},"schema":{"@context":"https:\/\/schema.org","@graph":[{"@type":"Article","@id":"https:\/\/stourm.news\/?p=2827#article","isPartOf":{"@id":"https:\/\/stourm.news\/?p=2827"},"author":{"name":"La r\u00e9daction","@id":"https:\/\/stourm.news\/#\/schema\/person\/c3e1dc65988632e190969234ef046cf9"},"headline":"Nationalisme lib\u00e9rateur et r\u00e9sistance linguistique","datePublished":"2024-11-15T05:59:26+00:00","mainEntityOfPage":{"@id":"https:\/\/stourm.news\/?p=2827"},"wordCount":568,"commentCount":0,"publisher":{"@id":"https:\/\/stourm.news\/#organization"},"image":{"@id":"https:\/\/stourm.news\/?p=2827#primaryimage"},"thumbnailUrl":"https:\/\/stourm.news\/wp-content\/uploads\/2024\/11\/Designer-65.jpg","articleSection":["Politique","Principale"],"inLanguage":"fr-FR","potentialAction":[{"@type":"CommentAction","name":"Comment","target":["https:\/\/stourm.news\/?p=2827#respond"]}]},{"@type":"WebPage","@id":"https:\/\/stourm.news\/?p=2827","url":"https:\/\/stourm.news\/?p=2827","name":"Nationalisme lib\u00e9rateur et r\u00e9sistance linguistique - STOURM","isPartOf":{"@id":"https:\/\/stourm.news\/#website"},"primaryImageOfPage":{"@id":"https:\/\/stourm.news\/?p=2827#primaryimage"},"image":{"@id":"https:\/\/stourm.news\/?p=2827#primaryimage"},"thumbnailUrl":"https:\/\/stourm.news\/wp-content\/uploads\/2024\/11\/Designer-65.jpg","datePublished":"2024-11-15T05:59:26+00:00","breadcrumb":{"@id":"https:\/\/stourm.news\/?p=2827#breadcrumb"},"inLanguage":"fr-FR","potentialAction":[{"@type":"ReadAction","target":["https:\/\/stourm.news\/?p=2827"]}]},{"@type":"ImageObject","inLanguage":"fr-FR","@id":"https:\/\/stourm.news\/?p=2827#primaryimage","url":"https:\/\/stourm.news\/wp-content\/uploads\/2024\/11\/Designer-65.jpg","contentUrl":"https:\/\/stourm.news\/wp-content\/uploads\/2024\/11\/Designer-65.jpg","width":768,"height":520},{"@type":"BreadcrumbList","@id":"https:\/\/stourm.news\/?p=2827#breadcrumb","itemListElement":[{"@type":"ListItem","position":1,"name":"Accueil","item":"https:\/\/stourm.news\/"},{"@type":"ListItem","position":2,"name":"Nationalisme lib\u00e9rateur et r\u00e9sistance linguistique"}]},{"@type":"WebSite","@id":"https:\/\/stourm.news\/#website","url":"https:\/\/stourm.news\/","name":"Stourm","description":"Kazetenn Strollad Broadel Breizh","publisher":{"@id":"https:\/\/stourm.news\/#organization"},"potentialAction":[{"@type":"SearchAction","target":{"@type":"EntryPoint","urlTemplate":"https:\/\/stourm.news\/?s={search_term_string}"},"query-input":{"@type":"PropertyValueSpecification","valueRequired":true,"valueName":"search_term_string"}}],"inLanguage":"fr-FR"},{"@type":"Organization","@id":"https:\/\/stourm.news\/#organization","name":"Stourm","url":"https:\/\/stourm.news\/","logo":{"@type":"ImageObject","inLanguage":"fr-FR","@id":"https:\/\/stourm.news\/#\/schema\/logo\/image\/","url":"https:\/\/stourm.news\/wp-content\/uploads\/2025\/11\/cropped-Capture-decran-2025-11-28-a-15.19.07.png","contentUrl":"https:\/\/stourm.news\/wp-content\/uploads\/2025\/11\/cropped-Capture-decran-2025-11-28-a-15.19.07.png","width":1855,"height":383,"caption":"Stourm"},"image":{"@id":"https:\/\/stourm.news\/#\/schema\/logo\/image\/"},"sameAs":["https:\/\/www.facebook.com\/stourmnews\/"]},{"@type":"Person","@id":"https:\/\/stourm.news\/#\/schema\/person\/c3e1dc65988632e190969234ef046cf9","name":"La r\u00e9daction","image":{"@type":"ImageObject","inLanguage":"fr-FR","@id":"https:\/\/stourm.news\/#\/schema\/person\/image\/","url":"https:\/\/secure.gravatar.com\/avatar\/7463443f194b6b5fb706b074ca0ef59a0cfcfd720cb47764b0ec5a952ce422b3?s=96&d=mm&r=g","contentUrl":"https:\/\/secure.gravatar.com\/avatar\/7463443f194b6b5fb706b074ca0ef59a0cfcfd720cb47764b0ec5a952ce422b3?s=96&d=mm&r=g","caption":"La r\u00e9daction"},"sameAs":["https:\/\/stourm.news"],"url":"https:\/\/stourm.news\/?author=1"}]}},"_links":{"self":[{"href":"https:\/\/stourm.news\/index.php?rest_route=\/wp\/v2\/posts\/2827","targetHints":{"allow":["GET"]}}],"collection":[{"href":"https:\/\/stourm.news\/index.php?rest_route=\/wp\/v2\/posts"}],"about":[{"href":"https:\/\/stourm.news\/index.php?rest_route=\/wp\/v2\/types\/post"}],"author":[{"embeddable":true,"href":"https:\/\/stourm.news\/index.php?rest_route=\/wp\/v2\/users\/1"}],"replies":[{"embeddable":true,"href":"https:\/\/stourm.news\/index.php?rest_route=%2Fwp%2Fv2%2Fcomments&post=2827"}],"version-history":[{"count":1,"href":"https:\/\/stourm.news\/index.php?rest_route=\/wp\/v2\/posts\/2827\/revisions"}],"predecessor-version":[{"id":2829,"href":"https:\/\/stourm.news\/index.php?rest_route=\/wp\/v2\/posts\/2827\/revisions\/2829"}],"wp:featuredmedia":[{"embeddable":true,"href":"https:\/\/stourm.news\/index.php?rest_route=\/wp\/v2\/media\/2828"}],"wp:attachment":[{"href":"https:\/\/stourm.news\/index.php?rest_route=%2Fwp%2Fv2%2Fmedia&parent=2827"}],"wp:term":[{"taxonomy":"category","embeddable":true,"href":"https:\/\/stourm.news\/index.php?rest_route=%2Fwp%2Fv2%2Fcategories&post=2827"},{"taxonomy":"post_tag","embeddable":true,"href":"https:\/\/stourm.news\/index.php?rest_route=%2Fwp%2Fv2%2Ftags&post=2827"}],"curies":[{"name":"wp","href":"https:\/\/api.w.org\/{rel}","templated":true}]}}