{"id":2833,"date":"2024-11-15T15:56:36","date_gmt":"2024-11-15T15:56:36","guid":{"rendered":"https:\/\/stourm.news\/?p=2833"},"modified":"2024-11-15T15:56:36","modified_gmt":"2024-11-15T15:56:36","slug":"les-militants-de-lasair-dhearg-denoncent-loccupation-britannique-en-irlande","status":"publish","type":"post","link":"https:\/\/stourm.news\/?p=2833","title":{"rendered":"Les militants de Lasair Dhearg d\u00e9noncent l&rsquo;occupation britannique en Irlande"},"content":{"rendered":"<p>Des militants du groupe Lasair Dhearg \u00e0 Derry ont modifi\u00e9 un panneau routier \u00e0 la fronti\u00e8re entre la R\u00e9publique d&rsquo;Irlande et l&rsquo;Irlande du Nord, rempla\u00e7ant l&rsquo;inscription \u00ab\u00a0Irlande du Nord\u00a0\u00bb par \u00ab\u00a0Irlande occup\u00e9e\u00a0\u00bb. L&rsquo;image du panneau modifi\u00e9 a \u00e9t\u00e9 publi\u00e9e sur leur compte Instagram le 13 novembre.<\/p>\n<blockquote class=\"twitter-tweet\">\n<p dir=\"ltr\" lang=\"en\">Last night, Derry Lasair Dhearg activists highlighted Britain\u2019s ongoing occupation of Ireland by changing a sign on the border between Derry and Donegal. <a href=\"https:\/\/t.co\/CgD6mOg3qM\">pic.twitter.com\/CgD6mOg3qM<\/a><\/p>\n<p>\u2014 Lasair Dhearg (@LasairDhearg) <a href=\"https:\/\/twitter.com\/LasairDhearg\/status\/1857022937196323248?ref_src=twsrc%5Etfw\">November 14, 2024<\/a><\/p><\/blockquote>\n<p><script async src=\"https:\/\/platform.twitter.com\/widgets.js\" charset=\"utf-8\"><\/script><\/p>\n<p style=\"text-align: justify;\">Dans leur publication, Lasair Dhearg d\u00e9clare : <strong>\u00ab Les militants de Derry ont chang\u00e9 un panneau routier ce soir \u00e0 la fronti\u00e8re entre Derry et Donegal pour souligner la r\u00e9alit\u00e9 de l&rsquo;occupation et de la partition britannique en Irlande. \u00bb<\/strong><\/p>\n<p style=\"text-align: justify;\">Ils critiquent les accords du Vendredi Saint, affirmant : <strong>\u00ab Malgr\u00e9 ce que les anciens r\u00e9publicains et la classe dirigeante des Six Comt\u00e9s occup\u00e9s pr\u00e9tendent, nous ne sommes pas plus proches de l&rsquo;unit\u00e9 apr\u00e8s 25 ans. \u00bb<\/strong><\/p>\n<p style=\"text-align: justify;\">Le groupe insiste sur le maintien d&rsquo;une forte pr\u00e9sence britannique : <strong>\u00ab Environ 20 000 agents de s\u00e9curit\u00e9 britanniques continuent de maintenir l&rsquo;appareil d&rsquo;\u00c9tat britannique et ses int\u00e9r\u00eats en Irlande, avec Stormont administrant les affaires des Six Comt\u00e9s occup\u00e9s pour Westminster. \u00bb<\/strong><\/p>\n<p style=\"text-align: justify;\">Cette action illustre une revendication claire : la fin de l&rsquo;occupation britannique et le r\u00e9tablissement de l&rsquo;unit\u00e9 irlandaise. Pour les nationalistes bretons, ce geste r\u00e9sonne particuli\u00e8rement, rappelant leur propre lutte pour une Bretagne libre face \u00e0 un \u00c9tat occupant, l&rsquo;\u00c9tat fran\u00e7ais.<\/p>\n<p style=\"text-align: right;\"><strong>Ewen Broc&rsquo;han<\/strong><\/p>\n","protected":false},"excerpt":{"rendered":"<p>Des militants du groupe Lasair Dhearg \u00e0 Derry ont modifi\u00e9 un panneau routier \u00e0 la fronti\u00e8re entre la R\u00e9publique d&rsquo;Irlande et l&rsquo;Irlande du Nord, rempla\u00e7ant l&rsquo;inscription \u00ab\u00a0Irlande du Nord\u00a0\u00bb par \u00ab\u00a0Irlande occup\u00e9e\u00a0\u00bb. L&rsquo;image du panneau modifi\u00e9 a \u00e9t\u00e9 publi\u00e9e sur leur compte Instagram le 13 novembre. Last night, Derry Lasair Dhearg activists highlighted Britain\u2019s ongoing [&hellip;]<\/p>\n","protected":false},"author":1,"featured_media":2834,"comment_status":"open","ping_status":"open","sticky":false,"template":"","format":"standard","meta":{"sb_editor_width":"","footnotes":""},"categories":[84,66,65],"tags":[],"class_list":["post-2833","post","type-post","status-publish","format-standard","has-post-thumbnail","hentry","category-celtisme","category-international","category-principale"],"relative_dates":{"created":"1 an ago","modified":"1 an ago"},"yoast_head":"<!-- This site is optimized with the Yoast SEO plugin v26.3 - https:\/\/yoast.com\/wordpress\/plugins\/seo\/ -->\n<title>Les militants de Lasair Dhearg d\u00e9noncent l&#039;occupation britannique en Irlande - STOURM<\/title>\n<meta name=\"robots\" content=\"index, follow, max-snippet:-1, max-image-preview:large, max-video-preview:-1\" \/>\n<link rel=\"canonical\" href=\"https:\/\/stourm.news\/?p=2833\" \/>\n<meta property=\"og:locale\" content=\"fr_FR\" \/>\n<meta property=\"og:type\" content=\"article\" \/>\n<meta property=\"og:title\" content=\"Les militants de Lasair Dhearg d\u00e9noncent l&#039;occupation britannique en Irlande - STOURM\" \/>\n<meta property=\"og:description\" content=\"Des militants du groupe Lasair Dhearg \u00e0 Derry ont modifi\u00e9 un panneau routier \u00e0 la fronti\u00e8re entre la R\u00e9publique d&rsquo;Irlande et l&rsquo;Irlande du Nord, rempla\u00e7ant l&rsquo;inscription \u00ab\u00a0Irlande du Nord\u00a0\u00bb par \u00ab\u00a0Irlande occup\u00e9e\u00a0\u00bb. L&rsquo;image du panneau modifi\u00e9 a \u00e9t\u00e9 publi\u00e9e sur leur compte Instagram le 13 novembre. Last night, Derry Lasair Dhearg activists highlighted Britain\u2019s ongoing [&hellip;]\" \/>\n<meta property=\"og:url\" content=\"https:\/\/stourm.news\/?p=2833\" \/>\n<meta property=\"og:site_name\" content=\"STOURM\" \/>\n<meta property=\"article:publisher\" content=\"https:\/\/www.facebook.com\/stourmnews\/\" \/>\n<meta property=\"article:published_time\" content=\"2024-11-15T15:56:36+00:00\" \/>\n<meta property=\"og:image\" content=\"https:\/\/stourm.news\/wp-content\/uploads\/2024\/11\/Capture-decran-2024-11-16-a-00.56.10.png\" \/>\n\t<meta property=\"og:image:width\" content=\"664\" \/>\n\t<meta property=\"og:image:height\" content=\"436\" \/>\n\t<meta property=\"og:image:type\" content=\"image\/png\" \/>\n<meta name=\"author\" content=\"La r\u00e9daction\" \/>\n<meta name=\"twitter:card\" content=\"summary_large_image\" \/>\n<meta name=\"twitter:label1\" content=\"\u00c9crit par\" \/>\n\t<meta name=\"twitter:data1\" content=\"La r\u00e9daction\" \/>\n\t<meta name=\"twitter:label2\" content=\"Dur\u00e9e de lecture estim\u00e9e\" \/>\n\t<meta name=\"twitter:data2\" content=\"2 minutes\" \/>\n<script type=\"application\/ld+json\" class=\"yoast-schema-graph\">{\"@context\":\"https:\/\/schema.org\",\"@graph\":[{\"@type\":\"Article\",\"@id\":\"https:\/\/stourm.news\/?p=2833#article\",\"isPartOf\":{\"@id\":\"https:\/\/stourm.news\/?p=2833\"},\"author\":{\"name\":\"La r\u00e9daction\",\"@id\":\"https:\/\/stourm.news\/#\/schema\/person\/c3e1dc65988632e190969234ef046cf9\"},\"headline\":\"Les militants de Lasair Dhearg d\u00e9noncent l&rsquo;occupation britannique en Irlande\",\"datePublished\":\"2024-11-15T15:56:36+00:00\",\"mainEntityOfPage\":{\"@id\":\"https:\/\/stourm.news\/?p=2833\"},\"wordCount\":272,\"commentCount\":0,\"publisher\":{\"@id\":\"https:\/\/stourm.news\/#organization\"},\"image\":{\"@id\":\"https:\/\/stourm.news\/?p=2833#primaryimage\"},\"thumbnailUrl\":\"https:\/\/stourm.news\/wp-content\/uploads\/2024\/11\/Capture-decran-2024-11-16-a-00.56.10.png\",\"articleSection\":[\"Celtisme\",\"International\",\"Principale\"],\"inLanguage\":\"fr-FR\",\"potentialAction\":[{\"@type\":\"CommentAction\",\"name\":\"Comment\",\"target\":[\"https:\/\/stourm.news\/?p=2833#respond\"]}]},{\"@type\":\"WebPage\",\"@id\":\"https:\/\/stourm.news\/?p=2833\",\"url\":\"https:\/\/stourm.news\/?p=2833\",\"name\":\"Les militants de Lasair Dhearg d\u00e9noncent l'occupation britannique en Irlande - STOURM\",\"isPartOf\":{\"@id\":\"https:\/\/stourm.news\/#website\"},\"primaryImageOfPage\":{\"@id\":\"https:\/\/stourm.news\/?p=2833#primaryimage\"},\"image\":{\"@id\":\"https:\/\/stourm.news\/?p=2833#primaryimage\"},\"thumbnailUrl\":\"https:\/\/stourm.news\/wp-content\/uploads\/2024\/11\/Capture-decran-2024-11-16-a-00.56.10.png\",\"datePublished\":\"2024-11-15T15:56:36+00:00\",\"breadcrumb\":{\"@id\":\"https:\/\/stourm.news\/?p=2833#breadcrumb\"},\"inLanguage\":\"fr-FR\",\"potentialAction\":[{\"@type\":\"ReadAction\",\"target\":[\"https:\/\/stourm.news\/?p=2833\"]}]},{\"@type\":\"ImageObject\",\"inLanguage\":\"fr-FR\",\"@id\":\"https:\/\/stourm.news\/?p=2833#primaryimage\",\"url\":\"https:\/\/stourm.news\/wp-content\/uploads\/2024\/11\/Capture-decran-2024-11-16-a-00.56.10.png\",\"contentUrl\":\"https:\/\/stourm.news\/wp-content\/uploads\/2024\/11\/Capture-decran-2024-11-16-a-00.56.10.png\",\"width\":664,\"height\":436},{\"@type\":\"BreadcrumbList\",\"@id\":\"https:\/\/stourm.news\/?p=2833#breadcrumb\",\"itemListElement\":[{\"@type\":\"ListItem\",\"position\":1,\"name\":\"Accueil\",\"item\":\"https:\/\/stourm.news\/\"},{\"@type\":\"ListItem\",\"position\":2,\"name\":\"Les militants de Lasair Dhearg d\u00e9noncent l&rsquo;occupation britannique en Irlande\"}]},{\"@type\":\"WebSite\",\"@id\":\"https:\/\/stourm.news\/#website\",\"url\":\"https:\/\/stourm.news\/\",\"name\":\"Stourm\",\"description\":\"Kazetenn Strollad Broadel Breizh\",\"publisher\":{\"@id\":\"https:\/\/stourm.news\/#organization\"},\"potentialAction\":[{\"@type\":\"SearchAction\",\"target\":{\"@type\":\"EntryPoint\",\"urlTemplate\":\"https:\/\/stourm.news\/?s={search_term_string}\"},\"query-input\":{\"@type\":\"PropertyValueSpecification\",\"valueRequired\":true,\"valueName\":\"search_term_string\"}}],\"inLanguage\":\"fr-FR\"},{\"@type\":\"Organization\",\"@id\":\"https:\/\/stourm.news\/#organization\",\"name\":\"Stourm\",\"url\":\"https:\/\/stourm.news\/\",\"logo\":{\"@type\":\"ImageObject\",\"inLanguage\":\"fr-FR\",\"@id\":\"https:\/\/stourm.news\/#\/schema\/logo\/image\/\",\"url\":\"https:\/\/stourm.news\/wp-content\/uploads\/2025\/11\/cropped-Capture-decran-2025-11-28-a-15.19.07.png\",\"contentUrl\":\"https:\/\/stourm.news\/wp-content\/uploads\/2025\/11\/cropped-Capture-decran-2025-11-28-a-15.19.07.png\",\"width\":1855,\"height\":383,\"caption\":\"Stourm\"},\"image\":{\"@id\":\"https:\/\/stourm.news\/#\/schema\/logo\/image\/\"},\"sameAs\":[\"https:\/\/www.facebook.com\/stourmnews\/\"]},{\"@type\":\"Person\",\"@id\":\"https:\/\/stourm.news\/#\/schema\/person\/c3e1dc65988632e190969234ef046cf9\",\"name\":\"La r\u00e9daction\",\"image\":{\"@type\":\"ImageObject\",\"inLanguage\":\"fr-FR\",\"@id\":\"https:\/\/stourm.news\/#\/schema\/person\/image\/\",\"url\":\"https:\/\/secure.gravatar.com\/avatar\/7463443f194b6b5fb706b074ca0ef59a0cfcfd720cb47764b0ec5a952ce422b3?s=96&d=mm&r=g\",\"contentUrl\":\"https:\/\/secure.gravatar.com\/avatar\/7463443f194b6b5fb706b074ca0ef59a0cfcfd720cb47764b0ec5a952ce422b3?s=96&d=mm&r=g\",\"caption\":\"La r\u00e9daction\"},\"sameAs\":[\"https:\/\/stourm.news\"],\"url\":\"https:\/\/stourm.news\/?author=1\"}]}<\/script>\n<!-- \/ Yoast SEO plugin. -->","yoast_head_json":{"title":"Les militants de Lasair Dhearg d\u00e9noncent l'occupation britannique en Irlande - STOURM","robots":{"index":"index","follow":"follow","max-snippet":"max-snippet:-1","max-image-preview":"max-image-preview:large","max-video-preview":"max-video-preview:-1"},"canonical":"https:\/\/stourm.news\/?p=2833","og_locale":"fr_FR","og_type":"article","og_title":"Les militants de Lasair Dhearg d\u00e9noncent l'occupation britannique en Irlande - STOURM","og_description":"Des militants du groupe Lasair Dhearg \u00e0 Derry ont modifi\u00e9 un panneau routier \u00e0 la fronti\u00e8re entre la R\u00e9publique d&rsquo;Irlande et l&rsquo;Irlande du Nord, rempla\u00e7ant l&rsquo;inscription \u00ab\u00a0Irlande du Nord\u00a0\u00bb par \u00ab\u00a0Irlande occup\u00e9e\u00a0\u00bb. L&rsquo;image du panneau modifi\u00e9 a \u00e9t\u00e9 publi\u00e9e sur leur compte Instagram le 13 novembre. Last night, Derry Lasair Dhearg activists highlighted Britain\u2019s ongoing [&hellip;]","og_url":"https:\/\/stourm.news\/?p=2833","og_site_name":"STOURM","article_publisher":"https:\/\/www.facebook.com\/stourmnews\/","article_published_time":"2024-11-15T15:56:36+00:00","og_image":[{"width":664,"height":436,"url":"https:\/\/stourm.news\/wp-content\/uploads\/2024\/11\/Capture-decran-2024-11-16-a-00.56.10.png","type":"image\/png"}],"author":"La r\u00e9daction","twitter_card":"summary_large_image","twitter_misc":{"\u00c9crit par":"La r\u00e9daction","Dur\u00e9e de lecture estim\u00e9e":"2 minutes"},"schema":{"@context":"https:\/\/schema.org","@graph":[{"@type":"Article","@id":"https:\/\/stourm.news\/?p=2833#article","isPartOf":{"@id":"https:\/\/stourm.news\/?p=2833"},"author":{"name":"La r\u00e9daction","@id":"https:\/\/stourm.news\/#\/schema\/person\/c3e1dc65988632e190969234ef046cf9"},"headline":"Les militants de Lasair Dhearg d\u00e9noncent l&rsquo;occupation britannique en Irlande","datePublished":"2024-11-15T15:56:36+00:00","mainEntityOfPage":{"@id":"https:\/\/stourm.news\/?p=2833"},"wordCount":272,"commentCount":0,"publisher":{"@id":"https:\/\/stourm.news\/#organization"},"image":{"@id":"https:\/\/stourm.news\/?p=2833#primaryimage"},"thumbnailUrl":"https:\/\/stourm.news\/wp-content\/uploads\/2024\/11\/Capture-decran-2024-11-16-a-00.56.10.png","articleSection":["Celtisme","International","Principale"],"inLanguage":"fr-FR","potentialAction":[{"@type":"CommentAction","name":"Comment","target":["https:\/\/stourm.news\/?p=2833#respond"]}]},{"@type":"WebPage","@id":"https:\/\/stourm.news\/?p=2833","url":"https:\/\/stourm.news\/?p=2833","name":"Les militants de Lasair Dhearg d\u00e9noncent l'occupation britannique en Irlande - STOURM","isPartOf":{"@id":"https:\/\/stourm.news\/#website"},"primaryImageOfPage":{"@id":"https:\/\/stourm.news\/?p=2833#primaryimage"},"image":{"@id":"https:\/\/stourm.news\/?p=2833#primaryimage"},"thumbnailUrl":"https:\/\/stourm.news\/wp-content\/uploads\/2024\/11\/Capture-decran-2024-11-16-a-00.56.10.png","datePublished":"2024-11-15T15:56:36+00:00","breadcrumb":{"@id":"https:\/\/stourm.news\/?p=2833#breadcrumb"},"inLanguage":"fr-FR","potentialAction":[{"@type":"ReadAction","target":["https:\/\/stourm.news\/?p=2833"]}]},{"@type":"ImageObject","inLanguage":"fr-FR","@id":"https:\/\/stourm.news\/?p=2833#primaryimage","url":"https:\/\/stourm.news\/wp-content\/uploads\/2024\/11\/Capture-decran-2024-11-16-a-00.56.10.png","contentUrl":"https:\/\/stourm.news\/wp-content\/uploads\/2024\/11\/Capture-decran-2024-11-16-a-00.56.10.png","width":664,"height":436},{"@type":"BreadcrumbList","@id":"https:\/\/stourm.news\/?p=2833#breadcrumb","itemListElement":[{"@type":"ListItem","position":1,"name":"Accueil","item":"https:\/\/stourm.news\/"},{"@type":"ListItem","position":2,"name":"Les militants de Lasair Dhearg d\u00e9noncent l&rsquo;occupation britannique en Irlande"}]},{"@type":"WebSite","@id":"https:\/\/stourm.news\/#website","url":"https:\/\/stourm.news\/","name":"Stourm","description":"Kazetenn Strollad Broadel Breizh","publisher":{"@id":"https:\/\/stourm.news\/#organization"},"potentialAction":[{"@type":"SearchAction","target":{"@type":"EntryPoint","urlTemplate":"https:\/\/stourm.news\/?s={search_term_string}"},"query-input":{"@type":"PropertyValueSpecification","valueRequired":true,"valueName":"search_term_string"}}],"inLanguage":"fr-FR"},{"@type":"Organization","@id":"https:\/\/stourm.news\/#organization","name":"Stourm","url":"https:\/\/stourm.news\/","logo":{"@type":"ImageObject","inLanguage":"fr-FR","@id":"https:\/\/stourm.news\/#\/schema\/logo\/image\/","url":"https:\/\/stourm.news\/wp-content\/uploads\/2025\/11\/cropped-Capture-decran-2025-11-28-a-15.19.07.png","contentUrl":"https:\/\/stourm.news\/wp-content\/uploads\/2025\/11\/cropped-Capture-decran-2025-11-28-a-15.19.07.png","width":1855,"height":383,"caption":"Stourm"},"image":{"@id":"https:\/\/stourm.news\/#\/schema\/logo\/image\/"},"sameAs":["https:\/\/www.facebook.com\/stourmnews\/"]},{"@type":"Person","@id":"https:\/\/stourm.news\/#\/schema\/person\/c3e1dc65988632e190969234ef046cf9","name":"La r\u00e9daction","image":{"@type":"ImageObject","inLanguage":"fr-FR","@id":"https:\/\/stourm.news\/#\/schema\/person\/image\/","url":"https:\/\/secure.gravatar.com\/avatar\/7463443f194b6b5fb706b074ca0ef59a0cfcfd720cb47764b0ec5a952ce422b3?s=96&d=mm&r=g","contentUrl":"https:\/\/secure.gravatar.com\/avatar\/7463443f194b6b5fb706b074ca0ef59a0cfcfd720cb47764b0ec5a952ce422b3?s=96&d=mm&r=g","caption":"La r\u00e9daction"},"sameAs":["https:\/\/stourm.news"],"url":"https:\/\/stourm.news\/?author=1"}]}},"_links":{"self":[{"href":"https:\/\/stourm.news\/index.php?rest_route=\/wp\/v2\/posts\/2833","targetHints":{"allow":["GET"]}}],"collection":[{"href":"https:\/\/stourm.news\/index.php?rest_route=\/wp\/v2\/posts"}],"about":[{"href":"https:\/\/stourm.news\/index.php?rest_route=\/wp\/v2\/types\/post"}],"author":[{"embeddable":true,"href":"https:\/\/stourm.news\/index.php?rest_route=\/wp\/v2\/users\/1"}],"replies":[{"embeddable":true,"href":"https:\/\/stourm.news\/index.php?rest_route=%2Fwp%2Fv2%2Fcomments&post=2833"}],"version-history":[{"count":1,"href":"https:\/\/stourm.news\/index.php?rest_route=\/wp\/v2\/posts\/2833\/revisions"}],"predecessor-version":[{"id":2835,"href":"https:\/\/stourm.news\/index.php?rest_route=\/wp\/v2\/posts\/2833\/revisions\/2835"}],"wp:featuredmedia":[{"embeddable":true,"href":"https:\/\/stourm.news\/index.php?rest_route=\/wp\/v2\/media\/2834"}],"wp:attachment":[{"href":"https:\/\/stourm.news\/index.php?rest_route=%2Fwp%2Fv2%2Fmedia&parent=2833"}],"wp:term":[{"taxonomy":"category","embeddable":true,"href":"https:\/\/stourm.news\/index.php?rest_route=%2Fwp%2Fv2%2Fcategories&post=2833"},{"taxonomy":"post_tag","embeddable":true,"href":"https:\/\/stourm.news\/index.php?rest_route=%2Fwp%2Fv2%2Ftags&post=2833"}],"curies":[{"name":"wp","href":"https:\/\/api.w.org\/{rel}","templated":true}]}}