{"id":2836,"date":"2024-11-15T17:50:18","date_gmt":"2024-11-15T17:50:18","guid":{"rendered":"https:\/\/stourm.news\/?p=2836"},"modified":"2024-11-15T17:50:18","modified_gmt":"2024-11-15T17:50:18","slug":"pourquoi-le-pnb-affiche-la-bretagne-aux-bretons-et-ni-gauche-ni-droite-breton-seulement-dans-le-pays-de-fougeres","status":"publish","type":"post","link":"https:\/\/stourm.news\/?p=2836","title":{"rendered":"Pourquoi le PNB affiche \u00ab\u00a0La Bretagne aux Bretons\u00a0\u00bb et \u00ab\u00a0Ni gauche ni droite, Breton seulement\u00a0\u00bb dans le Pays de Foug\u00e8res"},"content":{"rendered":"<p style=\"text-align: justify;\">Le Parti National Breton (PNB) intensifie son engagement pour la d\u00e9fense des int\u00e9r\u00eats bretons en lan\u00e7ant une campagne d\u2019affichage dans le Pays de Foug\u00e8res. Les slogans \u00ab\u00a0La Bretagne aux Bretons\u00a0\u00bb et \u00ab\u00a0Ni gauche ni droite, Breton seulement\u00a0\u00bb refl\u00e8tent une position politique claire : r\u00e9affirmer l&rsquo;identit\u00e9 bretonne face aux menaces historiques et actuelles, tout en rejetant les clivages politiques traditionnels fran\u00e7ais au profit d\u2019un projet national sp\u00e9cifiquement breton.<\/p>\n<blockquote class=\"twitter-tweet\">\n<p dir=\"ltr\" lang=\"fr\">\ud83d\udccc AFFICHAGE ! \u00ab\u00a0Ni droite, ni gauche, Breton seulement !\u00a0\u00bb<\/p>\n<p>Les militants du Pays Rennais sont en ce moment sur le terrain pour diffuser les nouvelles affiches du PNB ! \ud83d\udd25<\/p>\n<p>\ud83d\udc49partinationalbreton@yandex.com<a href=\"https:\/\/twitter.com\/hashtag\/BreizhDarVrezhoned?src=hash&amp;ref_src=twsrc%5Etfw\">#BreizhDarVrezhoned<\/a><a href=\"https:\/\/twitter.com\/hashtag\/LaBretagneAuxBretons?src=hash&amp;ref_src=twsrc%5Etfw\">#LaBretagneAuxBretons<\/a> <a href=\"https:\/\/t.co\/GKO9C11n3Y\">pic.twitter.com\/GKO9C11n3Y<\/a><\/p>\n<p>\u2014 Parti National Breton &#8211; Strollad Broadel Breizh (@pnbsbb) <a href=\"https:\/\/twitter.com\/pnbsbb\/status\/1857464252824695260?ref_src=twsrc%5Etfw\">November 15, 2024<\/a><\/p><\/blockquote>\n<p><script async src=\"https:\/\/platform.twitter.com\/widgets.js\" charset=\"utf-8\"><\/script><\/p>\n<p style=\"text-align: justify;\"><strong>Un ancrage historique fort<\/strong><\/p>\n<p style=\"text-align: justify;\">Le Pays de Foug\u00e8res, situ\u00e9 \u00e0 la fronti\u00e8re historique entre la Bretagne et la France, est un territoire embl\u00e9matique. Depuis des si\u00e8cles, cette r\u00e9gion a \u00e9t\u00e9 le th\u00e9\u00e2tre de luttes pour pr\u00e9server l\u2019int\u00e9grit\u00e9 de la Bretagne, notamment lors de la guerre de Succession bretonne au XIVe si\u00e8cle et des r\u00e9sistances paysannes contre la centralisation fran\u00e7aise. En choisissant d\u2019y afficher ses messages, le PNB rappelle que cette fronti\u00e8re symbolique reste le lieu d\u2019une bataille culturelle et politique pour l\u2019autonomie bretonne.<\/p>\n<p style=\"text-align: justify;\"><strong>Un contexte d\u2019actualit\u00e9 favorable<\/strong><\/p>\n<p style=\"text-align: justify;\">La campagne d\u2019affichage intervient dans un contexte o\u00f9 de nombreux Bretons ressentent un d\u00e9senchantement vis-\u00e0-vis des institutions fran\u00e7aises. La centralisation administrative, le d\u00e9clin de notre identit\u00e9, noy\u00e9e par le consum\u00e9risme standardis\u00e9 et l&rsquo;immigration de masse, ainsi que la marginalisation \u00e9conomique de nombreuses zones rurales en Bretagne renforcent le sentiment d\u2019abandon. Les slogans visent \u00e0 r\u00e9veiller la conscience nationale bretonne face \u00e0 ces injustices.<\/p>\n<p style=\"text-align: justify;\"><strong>Une strat\u00e9gie nationale bretonne<\/strong><\/p>\n<p style=\"text-align: justify;\">En d\u00e9clarant <strong>\u00ab\u00a0Ni gauche ni droite, Breton seulement\u00a0\u00bb<\/strong>, le PNB refuse de s\u2019inscrire dans les querelles partisanes fran\u00e7aises, qu\u2019il juge inadapt\u00e9es aux enjeux bretons. Cette posture invite les habitants de Foug\u00e8res et de la Bretagne plus g\u00e9n\u00e9ralement \u00e0 repenser leur engagement politique en dehors du cadre hexagonal, pour se consacrer exclusivement \u00e0 l\u2019int\u00e9r\u00eat national breton.<\/p>\n<p style=\"text-align: justify;\"><strong>Une vision pour l\u2019ind\u00e9pendance<\/strong><\/p>\n<p style=\"text-align: justify;\"><strong>\u00ab\u00a0La Bretagne aux Bretons\u00a0\u00bb<\/strong> exprime un appel \u00e0 la souverainet\u00e9 : \u00e0 la fois une souverainet\u00e9 culturelle, \u00e9conomique, et politique. Ce slogan r\u00e9sonne particuli\u00e8rement dans des territoires comme le Pays de Foug\u00e8res, o\u00f9 l\u2019histoire bretonne et le sentiment identitaire sont vivaces. Pour le PNB, cette campagne n\u2019est qu\u2019un d\u00e9but dans une strat\u00e9gie visant \u00e0 rallier de plus en plus de Bretons \u00e0 l\u2019id\u00e9e d\u2019une nation bretonne ind\u00e9pendante, affranchie des d\u00e9cisions parisiennes.<\/p>\n<p style=\"text-align: justify;\">En somme, cette campagne d\u2019affichage est une d\u00e9marche symbolique mais aussi strat\u00e9gique, visant \u00e0 faire du Pays de Foug\u00e8res un pilier de la reconqu\u00eate identitaire bretonne. En r\u00e9affirmant ses id\u00e9aux, le Parti National Breton entend rallumer la flamme de l\u2019identit\u00e9 bretonne, une flamme qui, selon lui, ne demande qu\u2019\u00e0 s\u2019\u00e9tendre \u00e0 l\u2019ensemble du territoire.<\/p>\n<p style=\"text-align: right;\"><strong>Budig Gourmaelon<\/strong><\/p>\n","protected":false},"excerpt":{"rendered":"<p>Le Parti National Breton (PNB) intensifie son engagement pour la d\u00e9fense des int\u00e9r\u00eats bretons en lan\u00e7ant une campagne d\u2019affichage dans le Pays de Foug\u00e8res. Les slogans \u00ab\u00a0La Bretagne aux Bretons\u00a0\u00bb et \u00ab\u00a0Ni gauche ni droite, Breton seulement\u00a0\u00bb refl\u00e8tent une position politique claire : r\u00e9affirmer l&rsquo;identit\u00e9 bretonne face aux menaces historiques et actuelles, tout en rejetant [&hellip;]<\/p>\n","protected":false},"author":1,"featured_media":2837,"comment_status":"open","ping_status":"open","sticky":false,"template":"","format":"standard","meta":{"sb_editor_width":"","footnotes":""},"categories":[65,49],"tags":[],"class_list":["post-2836","post","type-post","status-publish","format-standard","has-post-thumbnail","hentry","category-principale","category-vie-du-parti"],"relative_dates":{"created":"1 an ago","modified":"1 an ago"},"yoast_head":"<!-- This site is optimized with the Yoast SEO plugin v26.3 - https:\/\/yoast.com\/wordpress\/plugins\/seo\/ -->\n<title>Pourquoi le PNB affiche &quot;La Bretagne aux Bretons&quot; et &quot;Ni gauche ni droite, Breton seulement&quot; dans le Pays de Foug\u00e8res - STOURM<\/title>\n<meta name=\"robots\" content=\"index, follow, max-snippet:-1, max-image-preview:large, max-video-preview:-1\" \/>\n<link rel=\"canonical\" href=\"https:\/\/stourm.news\/?p=2836\" \/>\n<meta property=\"og:locale\" content=\"fr_FR\" \/>\n<meta property=\"og:type\" content=\"article\" \/>\n<meta property=\"og:title\" content=\"Pourquoi le PNB affiche &quot;La Bretagne aux Bretons&quot; et &quot;Ni gauche ni droite, Breton seulement&quot; dans le Pays de Foug\u00e8res - STOURM\" \/>\n<meta property=\"og:description\" content=\"Le Parti National Breton (PNB) intensifie son engagement pour la d\u00e9fense des int\u00e9r\u00eats bretons en lan\u00e7ant une campagne d\u2019affichage dans le Pays de Foug\u00e8res. Les slogans \u00ab\u00a0La Bretagne aux Bretons\u00a0\u00bb et \u00ab\u00a0Ni gauche ni droite, Breton seulement\u00a0\u00bb refl\u00e8tent une position politique claire : r\u00e9affirmer l&rsquo;identit\u00e9 bretonne face aux menaces historiques et actuelles, tout en rejetant [&hellip;]\" \/>\n<meta property=\"og:url\" content=\"https:\/\/stourm.news\/?p=2836\" \/>\n<meta property=\"og:site_name\" content=\"STOURM\" \/>\n<meta property=\"article:publisher\" content=\"https:\/\/www.facebook.com\/stourmnews\/\" \/>\n<meta property=\"article:published_time\" content=\"2024-11-15T17:50:18+00:00\" \/>\n<meta property=\"og:image\" content=\"https:\/\/stourm.news\/wp-content\/uploads\/2024\/11\/session-attachment-2024-11-14-011622_002.jpg\" \/>\n\t<meta property=\"og:image:width\" content=\"2097\" \/>\n\t<meta property=\"og:image:height\" content=\"1080\" \/>\n\t<meta property=\"og:image:type\" content=\"image\/jpeg\" \/>\n<meta name=\"author\" content=\"La r\u00e9daction\" \/>\n<meta name=\"twitter:card\" content=\"summary_large_image\" \/>\n<meta name=\"twitter:label1\" content=\"\u00c9crit par\" \/>\n\t<meta name=\"twitter:data1\" content=\"La r\u00e9daction\" \/>\n\t<meta name=\"twitter:label2\" content=\"Dur\u00e9e de lecture estim\u00e9e\" \/>\n\t<meta name=\"twitter:data2\" content=\"3 minutes\" \/>\n<script type=\"application\/ld+json\" class=\"yoast-schema-graph\">{\"@context\":\"https:\/\/schema.org\",\"@graph\":[{\"@type\":\"Article\",\"@id\":\"https:\/\/stourm.news\/?p=2836#article\",\"isPartOf\":{\"@id\":\"https:\/\/stourm.news\/?p=2836\"},\"author\":{\"name\":\"La r\u00e9daction\",\"@id\":\"https:\/\/stourm.news\/#\/schema\/person\/c3e1dc65988632e190969234ef046cf9\"},\"headline\":\"Pourquoi le PNB affiche \u00ab\u00a0La Bretagne aux Bretons\u00a0\u00bb et \u00ab\u00a0Ni gauche ni droite, Breton seulement\u00a0\u00bb dans le Pays de Foug\u00e8res\",\"datePublished\":\"2024-11-15T17:50:18+00:00\",\"mainEntityOfPage\":{\"@id\":\"https:\/\/stourm.news\/?p=2836\"},\"wordCount\":538,\"commentCount\":0,\"publisher\":{\"@id\":\"https:\/\/stourm.news\/#organization\"},\"image\":{\"@id\":\"https:\/\/stourm.news\/?p=2836#primaryimage\"},\"thumbnailUrl\":\"https:\/\/stourm.news\/wp-content\/uploads\/2024\/11\/session-attachment-2024-11-14-011622_002.jpg\",\"articleSection\":[\"Principale\",\"Vie du Parti\"],\"inLanguage\":\"fr-FR\",\"potentialAction\":[{\"@type\":\"CommentAction\",\"name\":\"Comment\",\"target\":[\"https:\/\/stourm.news\/?p=2836#respond\"]}]},{\"@type\":\"WebPage\",\"@id\":\"https:\/\/stourm.news\/?p=2836\",\"url\":\"https:\/\/stourm.news\/?p=2836\",\"name\":\"Pourquoi le PNB affiche \\\"La Bretagne aux Bretons\\\" et \\\"Ni gauche ni droite, Breton seulement\\\" dans le Pays de Foug\u00e8res - STOURM\",\"isPartOf\":{\"@id\":\"https:\/\/stourm.news\/#website\"},\"primaryImageOfPage\":{\"@id\":\"https:\/\/stourm.news\/?p=2836#primaryimage\"},\"image\":{\"@id\":\"https:\/\/stourm.news\/?p=2836#primaryimage\"},\"thumbnailUrl\":\"https:\/\/stourm.news\/wp-content\/uploads\/2024\/11\/session-attachment-2024-11-14-011622_002.jpg\",\"datePublished\":\"2024-11-15T17:50:18+00:00\",\"breadcrumb\":{\"@id\":\"https:\/\/stourm.news\/?p=2836#breadcrumb\"},\"inLanguage\":\"fr-FR\",\"potentialAction\":[{\"@type\":\"ReadAction\",\"target\":[\"https:\/\/stourm.news\/?p=2836\"]}]},{\"@type\":\"ImageObject\",\"inLanguage\":\"fr-FR\",\"@id\":\"https:\/\/stourm.news\/?p=2836#primaryimage\",\"url\":\"https:\/\/stourm.news\/wp-content\/uploads\/2024\/11\/session-attachment-2024-11-14-011622_002.jpg\",\"contentUrl\":\"https:\/\/stourm.news\/wp-content\/uploads\/2024\/11\/session-attachment-2024-11-14-011622_002.jpg\",\"width\":2097,\"height\":1080},{\"@type\":\"BreadcrumbList\",\"@id\":\"https:\/\/stourm.news\/?p=2836#breadcrumb\",\"itemListElement\":[{\"@type\":\"ListItem\",\"position\":1,\"name\":\"Accueil\",\"item\":\"https:\/\/stourm.news\/\"},{\"@type\":\"ListItem\",\"position\":2,\"name\":\"Pourquoi le PNB affiche \u00ab\u00a0La Bretagne aux Bretons\u00a0\u00bb et \u00ab\u00a0Ni gauche ni droite, Breton seulement\u00a0\u00bb dans le Pays de Foug\u00e8res\"}]},{\"@type\":\"WebSite\",\"@id\":\"https:\/\/stourm.news\/#website\",\"url\":\"https:\/\/stourm.news\/\",\"name\":\"Stourm\",\"description\":\"Kazetenn Strollad Broadel Breizh\",\"publisher\":{\"@id\":\"https:\/\/stourm.news\/#organization\"},\"potentialAction\":[{\"@type\":\"SearchAction\",\"target\":{\"@type\":\"EntryPoint\",\"urlTemplate\":\"https:\/\/stourm.news\/?s={search_term_string}\"},\"query-input\":{\"@type\":\"PropertyValueSpecification\",\"valueRequired\":true,\"valueName\":\"search_term_string\"}}],\"inLanguage\":\"fr-FR\"},{\"@type\":\"Organization\",\"@id\":\"https:\/\/stourm.news\/#organization\",\"name\":\"Stourm\",\"url\":\"https:\/\/stourm.news\/\",\"logo\":{\"@type\":\"ImageObject\",\"inLanguage\":\"fr-FR\",\"@id\":\"https:\/\/stourm.news\/#\/schema\/logo\/image\/\",\"url\":\"https:\/\/stourm.news\/wp-content\/uploads\/2025\/11\/cropped-Capture-decran-2025-11-28-a-15.19.07.png\",\"contentUrl\":\"https:\/\/stourm.news\/wp-content\/uploads\/2025\/11\/cropped-Capture-decran-2025-11-28-a-15.19.07.png\",\"width\":1855,\"height\":383,\"caption\":\"Stourm\"},\"image\":{\"@id\":\"https:\/\/stourm.news\/#\/schema\/logo\/image\/\"},\"sameAs\":[\"https:\/\/www.facebook.com\/stourmnews\/\"]},{\"@type\":\"Person\",\"@id\":\"https:\/\/stourm.news\/#\/schema\/person\/c3e1dc65988632e190969234ef046cf9\",\"name\":\"La r\u00e9daction\",\"image\":{\"@type\":\"ImageObject\",\"inLanguage\":\"fr-FR\",\"@id\":\"https:\/\/stourm.news\/#\/schema\/person\/image\/\",\"url\":\"https:\/\/secure.gravatar.com\/avatar\/7463443f194b6b5fb706b074ca0ef59a0cfcfd720cb47764b0ec5a952ce422b3?s=96&d=mm&r=g\",\"contentUrl\":\"https:\/\/secure.gravatar.com\/avatar\/7463443f194b6b5fb706b074ca0ef59a0cfcfd720cb47764b0ec5a952ce422b3?s=96&d=mm&r=g\",\"caption\":\"La r\u00e9daction\"},\"sameAs\":[\"https:\/\/stourm.news\"],\"url\":\"https:\/\/stourm.news\/?author=1\"}]}<\/script>\n<!-- \/ Yoast SEO plugin. -->","yoast_head_json":{"title":"Pourquoi le PNB affiche \"La Bretagne aux Bretons\" et \"Ni gauche ni droite, Breton seulement\" dans le Pays de Foug\u00e8res - STOURM","robots":{"index":"index","follow":"follow","max-snippet":"max-snippet:-1","max-image-preview":"max-image-preview:large","max-video-preview":"max-video-preview:-1"},"canonical":"https:\/\/stourm.news\/?p=2836","og_locale":"fr_FR","og_type":"article","og_title":"Pourquoi le PNB affiche \"La Bretagne aux Bretons\" et \"Ni gauche ni droite, Breton seulement\" dans le Pays de Foug\u00e8res - STOURM","og_description":"Le Parti National Breton (PNB) intensifie son engagement pour la d\u00e9fense des int\u00e9r\u00eats bretons en lan\u00e7ant une campagne d\u2019affichage dans le Pays de Foug\u00e8res. Les slogans \u00ab\u00a0La Bretagne aux Bretons\u00a0\u00bb et \u00ab\u00a0Ni gauche ni droite, Breton seulement\u00a0\u00bb refl\u00e8tent une position politique claire : r\u00e9affirmer l&rsquo;identit\u00e9 bretonne face aux menaces historiques et actuelles, tout en rejetant [&hellip;]","og_url":"https:\/\/stourm.news\/?p=2836","og_site_name":"STOURM","article_publisher":"https:\/\/www.facebook.com\/stourmnews\/","article_published_time":"2024-11-15T17:50:18+00:00","og_image":[{"width":2097,"height":1080,"url":"https:\/\/stourm.news\/wp-content\/uploads\/2024\/11\/session-attachment-2024-11-14-011622_002.jpg","type":"image\/jpeg"}],"author":"La r\u00e9daction","twitter_card":"summary_large_image","twitter_misc":{"\u00c9crit par":"La r\u00e9daction","Dur\u00e9e de lecture estim\u00e9e":"3 minutes"},"schema":{"@context":"https:\/\/schema.org","@graph":[{"@type":"Article","@id":"https:\/\/stourm.news\/?p=2836#article","isPartOf":{"@id":"https:\/\/stourm.news\/?p=2836"},"author":{"name":"La r\u00e9daction","@id":"https:\/\/stourm.news\/#\/schema\/person\/c3e1dc65988632e190969234ef046cf9"},"headline":"Pourquoi le PNB affiche \u00ab\u00a0La Bretagne aux Bretons\u00a0\u00bb et \u00ab\u00a0Ni gauche ni droite, Breton seulement\u00a0\u00bb dans le Pays de Foug\u00e8res","datePublished":"2024-11-15T17:50:18+00:00","mainEntityOfPage":{"@id":"https:\/\/stourm.news\/?p=2836"},"wordCount":538,"commentCount":0,"publisher":{"@id":"https:\/\/stourm.news\/#organization"},"image":{"@id":"https:\/\/stourm.news\/?p=2836#primaryimage"},"thumbnailUrl":"https:\/\/stourm.news\/wp-content\/uploads\/2024\/11\/session-attachment-2024-11-14-011622_002.jpg","articleSection":["Principale","Vie du Parti"],"inLanguage":"fr-FR","potentialAction":[{"@type":"CommentAction","name":"Comment","target":["https:\/\/stourm.news\/?p=2836#respond"]}]},{"@type":"WebPage","@id":"https:\/\/stourm.news\/?p=2836","url":"https:\/\/stourm.news\/?p=2836","name":"Pourquoi le PNB affiche \"La Bretagne aux Bretons\" et \"Ni gauche ni droite, Breton seulement\" dans le Pays de Foug\u00e8res - STOURM","isPartOf":{"@id":"https:\/\/stourm.news\/#website"},"primaryImageOfPage":{"@id":"https:\/\/stourm.news\/?p=2836#primaryimage"},"image":{"@id":"https:\/\/stourm.news\/?p=2836#primaryimage"},"thumbnailUrl":"https:\/\/stourm.news\/wp-content\/uploads\/2024\/11\/session-attachment-2024-11-14-011622_002.jpg","datePublished":"2024-11-15T17:50:18+00:00","breadcrumb":{"@id":"https:\/\/stourm.news\/?p=2836#breadcrumb"},"inLanguage":"fr-FR","potentialAction":[{"@type":"ReadAction","target":["https:\/\/stourm.news\/?p=2836"]}]},{"@type":"ImageObject","inLanguage":"fr-FR","@id":"https:\/\/stourm.news\/?p=2836#primaryimage","url":"https:\/\/stourm.news\/wp-content\/uploads\/2024\/11\/session-attachment-2024-11-14-011622_002.jpg","contentUrl":"https:\/\/stourm.news\/wp-content\/uploads\/2024\/11\/session-attachment-2024-11-14-011622_002.jpg","width":2097,"height":1080},{"@type":"BreadcrumbList","@id":"https:\/\/stourm.news\/?p=2836#breadcrumb","itemListElement":[{"@type":"ListItem","position":1,"name":"Accueil","item":"https:\/\/stourm.news\/"},{"@type":"ListItem","position":2,"name":"Pourquoi le PNB affiche \u00ab\u00a0La Bretagne aux Bretons\u00a0\u00bb et \u00ab\u00a0Ni gauche ni droite, Breton seulement\u00a0\u00bb dans le Pays de Foug\u00e8res"}]},{"@type":"WebSite","@id":"https:\/\/stourm.news\/#website","url":"https:\/\/stourm.news\/","name":"Stourm","description":"Kazetenn Strollad Broadel Breizh","publisher":{"@id":"https:\/\/stourm.news\/#organization"},"potentialAction":[{"@type":"SearchAction","target":{"@type":"EntryPoint","urlTemplate":"https:\/\/stourm.news\/?s={search_term_string}"},"query-input":{"@type":"PropertyValueSpecification","valueRequired":true,"valueName":"search_term_string"}}],"inLanguage":"fr-FR"},{"@type":"Organization","@id":"https:\/\/stourm.news\/#organization","name":"Stourm","url":"https:\/\/stourm.news\/","logo":{"@type":"ImageObject","inLanguage":"fr-FR","@id":"https:\/\/stourm.news\/#\/schema\/logo\/image\/","url":"https:\/\/stourm.news\/wp-content\/uploads\/2025\/11\/cropped-Capture-decran-2025-11-28-a-15.19.07.png","contentUrl":"https:\/\/stourm.news\/wp-content\/uploads\/2025\/11\/cropped-Capture-decran-2025-11-28-a-15.19.07.png","width":1855,"height":383,"caption":"Stourm"},"image":{"@id":"https:\/\/stourm.news\/#\/schema\/logo\/image\/"},"sameAs":["https:\/\/www.facebook.com\/stourmnews\/"]},{"@type":"Person","@id":"https:\/\/stourm.news\/#\/schema\/person\/c3e1dc65988632e190969234ef046cf9","name":"La r\u00e9daction","image":{"@type":"ImageObject","inLanguage":"fr-FR","@id":"https:\/\/stourm.news\/#\/schema\/person\/image\/","url":"https:\/\/secure.gravatar.com\/avatar\/7463443f194b6b5fb706b074ca0ef59a0cfcfd720cb47764b0ec5a952ce422b3?s=96&d=mm&r=g","contentUrl":"https:\/\/secure.gravatar.com\/avatar\/7463443f194b6b5fb706b074ca0ef59a0cfcfd720cb47764b0ec5a952ce422b3?s=96&d=mm&r=g","caption":"La r\u00e9daction"},"sameAs":["https:\/\/stourm.news"],"url":"https:\/\/stourm.news\/?author=1"}]}},"_links":{"self":[{"href":"https:\/\/stourm.news\/index.php?rest_route=\/wp\/v2\/posts\/2836","targetHints":{"allow":["GET"]}}],"collection":[{"href":"https:\/\/stourm.news\/index.php?rest_route=\/wp\/v2\/posts"}],"about":[{"href":"https:\/\/stourm.news\/index.php?rest_route=\/wp\/v2\/types\/post"}],"author":[{"embeddable":true,"href":"https:\/\/stourm.news\/index.php?rest_route=\/wp\/v2\/users\/1"}],"replies":[{"embeddable":true,"href":"https:\/\/stourm.news\/index.php?rest_route=%2Fwp%2Fv2%2Fcomments&post=2836"}],"version-history":[{"count":1,"href":"https:\/\/stourm.news\/index.php?rest_route=\/wp\/v2\/posts\/2836\/revisions"}],"predecessor-version":[{"id":2838,"href":"https:\/\/stourm.news\/index.php?rest_route=\/wp\/v2\/posts\/2836\/revisions\/2838"}],"wp:featuredmedia":[{"embeddable":true,"href":"https:\/\/stourm.news\/index.php?rest_route=\/wp\/v2\/media\/2837"}],"wp:attachment":[{"href":"https:\/\/stourm.news\/index.php?rest_route=%2Fwp%2Fv2%2Fmedia&parent=2836"}],"wp:term":[{"taxonomy":"category","embeddable":true,"href":"https:\/\/stourm.news\/index.php?rest_route=%2Fwp%2Fv2%2Fcategories&post=2836"},{"taxonomy":"post_tag","embeddable":true,"href":"https:\/\/stourm.news\/index.php?rest_route=%2Fwp%2Fv2%2Ftags&post=2836"}],"curies":[{"name":"wp","href":"https:\/\/api.w.org\/{rel}","templated":true}]}}