{"id":2843,"date":"2024-11-20T06:23:09","date_gmt":"2024-11-20T06:23:09","guid":{"rendered":"https:\/\/stourm.news\/?p=2843"},"modified":"2024-11-20T06:23:09","modified_gmt":"2024-11-20T06:23:09","slug":"rennes-soutenue-par-lextreme-gauche-une-clandestine-du-nigeria-exige-que-son-expulsion-soit-annulee","status":"publish","type":"post","link":"https:\/\/stourm.news\/?p=2843","title":{"rendered":"Rennes : soutenue par l&rsquo;extr\u00eame-gauche, une clandestine du Nig\u00e9ria exige que son expulsion soit annul\u00e9e"},"content":{"rendered":"<p style=\"text-align: justify;\">\u00c0 Rennes ce mardi 19 novembre, <strong>Faith Otasowie<\/strong>, 37 ans, est venue plaider son droit \u00e0 rester en France devant le tribunal administratif. Arriv\u00e9e en 2011 depuis le <strong>Nig\u00e9ria<\/strong>, cette aide-soignante, m\u00e8re d&rsquo;un petit gar\u00e7on de cinq ans, lutte contre une <strong>OQTF<\/strong> (Obligation de Quitter le Territoire Fran\u00e7ais) qui menace de <strong>l&rsquo;expulser<\/strong> vers un pass\u00e9 douloureux qu&rsquo;elle tente d&rsquo;oublier. \u00ab\u00a0Je veux vivre ici, avec mon fils, mes amis. Ma vie est en France, <strong>pas en Afrique<\/strong>\u00ab\u00a0, a-t-elle d\u00e9clar\u00e9 ce matin les larmes aux yeux.<\/p>\n<p style=\"text-align: justify;\">Source : <a href=\"https:\/\/france3-regions.francetvinfo.fr\/bretagne\/ille-et-vilaine\/rennes\/lutte-contre-une-oqtf-faith-otasowie-aide-soignante-se-bat-pour-rester-en-france-3062647.html\">France 3 Bretagne<\/a><\/p>\n","protected":false},"excerpt":{"rendered":"<p>\u00c0 Rennes ce mardi 19 novembre, Faith Otasowie, 37 ans, est venue plaider son droit \u00e0 rester en France devant le tribunal administratif. Arriv\u00e9e en 2011 depuis le Nig\u00e9ria, cette aide-soignante, m\u00e8re d&rsquo;un petit gar\u00e7on de cinq ans, lutte contre une OQTF (Obligation de Quitter le Territoire Fran\u00e7ais) qui menace de l&rsquo;expulser vers un pass\u00e9 [&hellip;]<\/p>\n","protected":false},"author":1,"featured_media":2844,"comment_status":"open","ping_status":"open","sticky":false,"template":"","format":"standard","meta":{"sb_editor_width":"","footnotes":""},"categories":[41,33,62],"tags":[],"class_list":["post-2843","post","type-post","status-publish","format-standard","has-post-thumbnail","hentry","category-ille-et-vilaine","category-immigration","category-revue-de-presse"],"relative_dates":{"created":"1 an ago","modified":"1 an ago"},"yoast_head":"<!-- This site is optimized with the Yoast SEO plugin v26.3 - https:\/\/yoast.com\/wordpress\/plugins\/seo\/ -->\n<title>Rennes : soutenue par l&#039;extr\u00eame-gauche, une clandestine du Nig\u00e9ria exige que son expulsion soit annul\u00e9e - STOURM<\/title>\n<meta name=\"robots\" content=\"index, follow, max-snippet:-1, max-image-preview:large, max-video-preview:-1\" \/>\n<link rel=\"canonical\" href=\"https:\/\/stourm.news\/?p=2843\" \/>\n<meta property=\"og:locale\" content=\"fr_FR\" \/>\n<meta property=\"og:type\" content=\"article\" \/>\n<meta property=\"og:title\" content=\"Rennes : soutenue par l&#039;extr\u00eame-gauche, une clandestine du Nig\u00e9ria exige que son expulsion soit annul\u00e9e - STOURM\" \/>\n<meta property=\"og:description\" content=\"\u00c0 Rennes ce mardi 19 novembre, Faith Otasowie, 37 ans, est venue plaider son droit \u00e0 rester en France devant le tribunal administratif. Arriv\u00e9e en 2011 depuis le Nig\u00e9ria, cette aide-soignante, m\u00e8re d&rsquo;un petit gar\u00e7on de cinq ans, lutte contre une OQTF (Obligation de Quitter le Territoire Fran\u00e7ais) qui menace de l&rsquo;expulser vers un pass\u00e9 [&hellip;]\" \/>\n<meta property=\"og:url\" content=\"https:\/\/stourm.news\/?p=2843\" \/>\n<meta property=\"og:site_name\" content=\"STOURM\" \/>\n<meta property=\"article:publisher\" content=\"https:\/\/www.facebook.com\/stourmnews\/\" \/>\n<meta property=\"article:published_time\" content=\"2024-11-20T06:23:09+00:00\" \/>\n<meta property=\"og:image\" content=\"https:\/\/stourm.news\/wp-content\/uploads\/2024\/11\/Capture-decran-2024-11-20-a-15.21.27-1024x616.png\" \/>\n\t<meta property=\"og:image:width\" content=\"1024\" \/>\n\t<meta property=\"og:image:height\" content=\"616\" \/>\n\t<meta property=\"og:image:type\" content=\"image\/png\" \/>\n<meta name=\"author\" content=\"La r\u00e9daction\" \/>\n<meta name=\"twitter:card\" content=\"summary_large_image\" \/>\n<meta name=\"twitter:label1\" content=\"\u00c9crit par\" \/>\n\t<meta name=\"twitter:data1\" content=\"La r\u00e9daction\" \/>\n\t<meta name=\"twitter:label2\" content=\"Dur\u00e9e de lecture estim\u00e9e\" \/>\n\t<meta name=\"twitter:data2\" content=\"1 minute\" \/>\n<script type=\"application\/ld+json\" class=\"yoast-schema-graph\">{\"@context\":\"https:\/\/schema.org\",\"@graph\":[{\"@type\":\"Article\",\"@id\":\"https:\/\/stourm.news\/?p=2843#article\",\"isPartOf\":{\"@id\":\"https:\/\/stourm.news\/?p=2843\"},\"author\":{\"name\":\"La r\u00e9daction\",\"@id\":\"https:\/\/stourm.news\/#\/schema\/person\/c3e1dc65988632e190969234ef046cf9\"},\"headline\":\"Rennes : soutenue par l&rsquo;extr\u00eame-gauche, une clandestine du Nig\u00e9ria exige que son expulsion soit annul\u00e9e\",\"datePublished\":\"2024-11-20T06:23:09+00:00\",\"mainEntityOfPage\":{\"@id\":\"https:\/\/stourm.news\/?p=2843\"},\"wordCount\":110,\"commentCount\":0,\"publisher\":{\"@id\":\"https:\/\/stourm.news\/#organization\"},\"image\":{\"@id\":\"https:\/\/stourm.news\/?p=2843#primaryimage\"},\"thumbnailUrl\":\"https:\/\/stourm.news\/wp-content\/uploads\/2024\/11\/Capture-decran-2024-11-20-a-15.21.27.png\",\"articleSection\":[\"Ille-et-Vilaine\",\"Immigration\",\"Revue de presse\"],\"inLanguage\":\"fr-FR\",\"potentialAction\":[{\"@type\":\"CommentAction\",\"name\":\"Comment\",\"target\":[\"https:\/\/stourm.news\/?p=2843#respond\"]}]},{\"@type\":\"WebPage\",\"@id\":\"https:\/\/stourm.news\/?p=2843\",\"url\":\"https:\/\/stourm.news\/?p=2843\",\"name\":\"Rennes : soutenue par l'extr\u00eame-gauche, une clandestine du Nig\u00e9ria exige que son expulsion soit annul\u00e9e - STOURM\",\"isPartOf\":{\"@id\":\"https:\/\/stourm.news\/#website\"},\"primaryImageOfPage\":{\"@id\":\"https:\/\/stourm.news\/?p=2843#primaryimage\"},\"image\":{\"@id\":\"https:\/\/stourm.news\/?p=2843#primaryimage\"},\"thumbnailUrl\":\"https:\/\/stourm.news\/wp-content\/uploads\/2024\/11\/Capture-decran-2024-11-20-a-15.21.27.png\",\"datePublished\":\"2024-11-20T06:23:09+00:00\",\"breadcrumb\":{\"@id\":\"https:\/\/stourm.news\/?p=2843#breadcrumb\"},\"inLanguage\":\"fr-FR\",\"potentialAction\":[{\"@type\":\"ReadAction\",\"target\":[\"https:\/\/stourm.news\/?p=2843\"]}]},{\"@type\":\"ImageObject\",\"inLanguage\":\"fr-FR\",\"@id\":\"https:\/\/stourm.news\/?p=2843#primaryimage\",\"url\":\"https:\/\/stourm.news\/wp-content\/uploads\/2024\/11\/Capture-decran-2024-11-20-a-15.21.27.png\",\"contentUrl\":\"https:\/\/stourm.news\/wp-content\/uploads\/2024\/11\/Capture-decran-2024-11-20-a-15.21.27.png\",\"width\":1562,\"height\":940},{\"@type\":\"BreadcrumbList\",\"@id\":\"https:\/\/stourm.news\/?p=2843#breadcrumb\",\"itemListElement\":[{\"@type\":\"ListItem\",\"position\":1,\"name\":\"Accueil\",\"item\":\"https:\/\/stourm.news\/\"},{\"@type\":\"ListItem\",\"position\":2,\"name\":\"Rennes : soutenue par l&rsquo;extr\u00eame-gauche, une clandestine du Nig\u00e9ria exige que son expulsion soit annul\u00e9e\"}]},{\"@type\":\"WebSite\",\"@id\":\"https:\/\/stourm.news\/#website\",\"url\":\"https:\/\/stourm.news\/\",\"name\":\"Stourm\",\"description\":\"Kazetenn Strollad Broadel Breizh\",\"publisher\":{\"@id\":\"https:\/\/stourm.news\/#organization\"},\"potentialAction\":[{\"@type\":\"SearchAction\",\"target\":{\"@type\":\"EntryPoint\",\"urlTemplate\":\"https:\/\/stourm.news\/?s={search_term_string}\"},\"query-input\":{\"@type\":\"PropertyValueSpecification\",\"valueRequired\":true,\"valueName\":\"search_term_string\"}}],\"inLanguage\":\"fr-FR\"},{\"@type\":\"Organization\",\"@id\":\"https:\/\/stourm.news\/#organization\",\"name\":\"Stourm\",\"url\":\"https:\/\/stourm.news\/\",\"logo\":{\"@type\":\"ImageObject\",\"inLanguage\":\"fr-FR\",\"@id\":\"https:\/\/stourm.news\/#\/schema\/logo\/image\/\",\"url\":\"https:\/\/stourm.news\/wp-content\/uploads\/2025\/11\/cropped-Capture-decran-2025-11-28-a-15.19.07.png\",\"contentUrl\":\"https:\/\/stourm.news\/wp-content\/uploads\/2025\/11\/cropped-Capture-decran-2025-11-28-a-15.19.07.png\",\"width\":1855,\"height\":383,\"caption\":\"Stourm\"},\"image\":{\"@id\":\"https:\/\/stourm.news\/#\/schema\/logo\/image\/\"},\"sameAs\":[\"https:\/\/www.facebook.com\/stourmnews\/\"]},{\"@type\":\"Person\",\"@id\":\"https:\/\/stourm.news\/#\/schema\/person\/c3e1dc65988632e190969234ef046cf9\",\"name\":\"La r\u00e9daction\",\"image\":{\"@type\":\"ImageObject\",\"inLanguage\":\"fr-FR\",\"@id\":\"https:\/\/stourm.news\/#\/schema\/person\/image\/\",\"url\":\"https:\/\/secure.gravatar.com\/avatar\/7463443f194b6b5fb706b074ca0ef59a0cfcfd720cb47764b0ec5a952ce422b3?s=96&d=mm&r=g\",\"contentUrl\":\"https:\/\/secure.gravatar.com\/avatar\/7463443f194b6b5fb706b074ca0ef59a0cfcfd720cb47764b0ec5a952ce422b3?s=96&d=mm&r=g\",\"caption\":\"La r\u00e9daction\"},\"sameAs\":[\"https:\/\/stourm.news\"],\"url\":\"https:\/\/stourm.news\/?author=1\"}]}<\/script>\n<!-- \/ Yoast SEO plugin. -->","yoast_head_json":{"title":"Rennes : soutenue par l'extr\u00eame-gauche, une clandestine du Nig\u00e9ria exige que son expulsion soit annul\u00e9e - STOURM","robots":{"index":"index","follow":"follow","max-snippet":"max-snippet:-1","max-image-preview":"max-image-preview:large","max-video-preview":"max-video-preview:-1"},"canonical":"https:\/\/stourm.news\/?p=2843","og_locale":"fr_FR","og_type":"article","og_title":"Rennes : soutenue par l'extr\u00eame-gauche, une clandestine du Nig\u00e9ria exige que son expulsion soit annul\u00e9e - STOURM","og_description":"\u00c0 Rennes ce mardi 19 novembre, Faith Otasowie, 37 ans, est venue plaider son droit \u00e0 rester en France devant le tribunal administratif. Arriv\u00e9e en 2011 depuis le Nig\u00e9ria, cette aide-soignante, m\u00e8re d&rsquo;un petit gar\u00e7on de cinq ans, lutte contre une OQTF (Obligation de Quitter le Territoire Fran\u00e7ais) qui menace de l&rsquo;expulser vers un pass\u00e9 [&hellip;]","og_url":"https:\/\/stourm.news\/?p=2843","og_site_name":"STOURM","article_publisher":"https:\/\/www.facebook.com\/stourmnews\/","article_published_time":"2024-11-20T06:23:09+00:00","og_image":[{"width":1024,"height":616,"url":"https:\/\/stourm.news\/wp-content\/uploads\/2024\/11\/Capture-decran-2024-11-20-a-15.21.27-1024x616.png","type":"image\/png"}],"author":"La r\u00e9daction","twitter_card":"summary_large_image","twitter_misc":{"\u00c9crit par":"La r\u00e9daction","Dur\u00e9e de lecture estim\u00e9e":"1 minute"},"schema":{"@context":"https:\/\/schema.org","@graph":[{"@type":"Article","@id":"https:\/\/stourm.news\/?p=2843#article","isPartOf":{"@id":"https:\/\/stourm.news\/?p=2843"},"author":{"name":"La r\u00e9daction","@id":"https:\/\/stourm.news\/#\/schema\/person\/c3e1dc65988632e190969234ef046cf9"},"headline":"Rennes : soutenue par l&rsquo;extr\u00eame-gauche, une clandestine du Nig\u00e9ria exige que son expulsion soit annul\u00e9e","datePublished":"2024-11-20T06:23:09+00:00","mainEntityOfPage":{"@id":"https:\/\/stourm.news\/?p=2843"},"wordCount":110,"commentCount":0,"publisher":{"@id":"https:\/\/stourm.news\/#organization"},"image":{"@id":"https:\/\/stourm.news\/?p=2843#primaryimage"},"thumbnailUrl":"https:\/\/stourm.news\/wp-content\/uploads\/2024\/11\/Capture-decran-2024-11-20-a-15.21.27.png","articleSection":["Ille-et-Vilaine","Immigration","Revue de presse"],"inLanguage":"fr-FR","potentialAction":[{"@type":"CommentAction","name":"Comment","target":["https:\/\/stourm.news\/?p=2843#respond"]}]},{"@type":"WebPage","@id":"https:\/\/stourm.news\/?p=2843","url":"https:\/\/stourm.news\/?p=2843","name":"Rennes : soutenue par l'extr\u00eame-gauche, une clandestine du Nig\u00e9ria exige que son expulsion soit annul\u00e9e - STOURM","isPartOf":{"@id":"https:\/\/stourm.news\/#website"},"primaryImageOfPage":{"@id":"https:\/\/stourm.news\/?p=2843#primaryimage"},"image":{"@id":"https:\/\/stourm.news\/?p=2843#primaryimage"},"thumbnailUrl":"https:\/\/stourm.news\/wp-content\/uploads\/2024\/11\/Capture-decran-2024-11-20-a-15.21.27.png","datePublished":"2024-11-20T06:23:09+00:00","breadcrumb":{"@id":"https:\/\/stourm.news\/?p=2843#breadcrumb"},"inLanguage":"fr-FR","potentialAction":[{"@type":"ReadAction","target":["https:\/\/stourm.news\/?p=2843"]}]},{"@type":"ImageObject","inLanguage":"fr-FR","@id":"https:\/\/stourm.news\/?p=2843#primaryimage","url":"https:\/\/stourm.news\/wp-content\/uploads\/2024\/11\/Capture-decran-2024-11-20-a-15.21.27.png","contentUrl":"https:\/\/stourm.news\/wp-content\/uploads\/2024\/11\/Capture-decran-2024-11-20-a-15.21.27.png","width":1562,"height":940},{"@type":"BreadcrumbList","@id":"https:\/\/stourm.news\/?p=2843#breadcrumb","itemListElement":[{"@type":"ListItem","position":1,"name":"Accueil","item":"https:\/\/stourm.news\/"},{"@type":"ListItem","position":2,"name":"Rennes : soutenue par l&rsquo;extr\u00eame-gauche, une clandestine du Nig\u00e9ria exige que son expulsion soit annul\u00e9e"}]},{"@type":"WebSite","@id":"https:\/\/stourm.news\/#website","url":"https:\/\/stourm.news\/","name":"Stourm","description":"Kazetenn Strollad Broadel Breizh","publisher":{"@id":"https:\/\/stourm.news\/#organization"},"potentialAction":[{"@type":"SearchAction","target":{"@type":"EntryPoint","urlTemplate":"https:\/\/stourm.news\/?s={search_term_string}"},"query-input":{"@type":"PropertyValueSpecification","valueRequired":true,"valueName":"search_term_string"}}],"inLanguage":"fr-FR"},{"@type":"Organization","@id":"https:\/\/stourm.news\/#organization","name":"Stourm","url":"https:\/\/stourm.news\/","logo":{"@type":"ImageObject","inLanguage":"fr-FR","@id":"https:\/\/stourm.news\/#\/schema\/logo\/image\/","url":"https:\/\/stourm.news\/wp-content\/uploads\/2025\/11\/cropped-Capture-decran-2025-11-28-a-15.19.07.png","contentUrl":"https:\/\/stourm.news\/wp-content\/uploads\/2025\/11\/cropped-Capture-decran-2025-11-28-a-15.19.07.png","width":1855,"height":383,"caption":"Stourm"},"image":{"@id":"https:\/\/stourm.news\/#\/schema\/logo\/image\/"},"sameAs":["https:\/\/www.facebook.com\/stourmnews\/"]},{"@type":"Person","@id":"https:\/\/stourm.news\/#\/schema\/person\/c3e1dc65988632e190969234ef046cf9","name":"La r\u00e9daction","image":{"@type":"ImageObject","inLanguage":"fr-FR","@id":"https:\/\/stourm.news\/#\/schema\/person\/image\/","url":"https:\/\/secure.gravatar.com\/avatar\/7463443f194b6b5fb706b074ca0ef59a0cfcfd720cb47764b0ec5a952ce422b3?s=96&d=mm&r=g","contentUrl":"https:\/\/secure.gravatar.com\/avatar\/7463443f194b6b5fb706b074ca0ef59a0cfcfd720cb47764b0ec5a952ce422b3?s=96&d=mm&r=g","caption":"La r\u00e9daction"},"sameAs":["https:\/\/stourm.news"],"url":"https:\/\/stourm.news\/?author=1"}]}},"_links":{"self":[{"href":"https:\/\/stourm.news\/index.php?rest_route=\/wp\/v2\/posts\/2843","targetHints":{"allow":["GET"]}}],"collection":[{"href":"https:\/\/stourm.news\/index.php?rest_route=\/wp\/v2\/posts"}],"about":[{"href":"https:\/\/stourm.news\/index.php?rest_route=\/wp\/v2\/types\/post"}],"author":[{"embeddable":true,"href":"https:\/\/stourm.news\/index.php?rest_route=\/wp\/v2\/users\/1"}],"replies":[{"embeddable":true,"href":"https:\/\/stourm.news\/index.php?rest_route=%2Fwp%2Fv2%2Fcomments&post=2843"}],"version-history":[{"count":1,"href":"https:\/\/stourm.news\/index.php?rest_route=\/wp\/v2\/posts\/2843\/revisions"}],"predecessor-version":[{"id":2845,"href":"https:\/\/stourm.news\/index.php?rest_route=\/wp\/v2\/posts\/2843\/revisions\/2845"}],"wp:featuredmedia":[{"embeddable":true,"href":"https:\/\/stourm.news\/index.php?rest_route=\/wp\/v2\/media\/2844"}],"wp:attachment":[{"href":"https:\/\/stourm.news\/index.php?rest_route=%2Fwp%2Fv2%2Fmedia&parent=2843"}],"wp:term":[{"taxonomy":"category","embeddable":true,"href":"https:\/\/stourm.news\/index.php?rest_route=%2Fwp%2Fv2%2Fcategories&post=2843"},{"taxonomy":"post_tag","embeddable":true,"href":"https:\/\/stourm.news\/index.php?rest_route=%2Fwp%2Fv2%2Ftags&post=2843"}],"curies":[{"name":"wp","href":"https:\/\/api.w.org\/{rel}","templated":true}]}}