{"id":2846,"date":"2024-11-20T07:15:24","date_gmt":"2024-11-20T07:15:24","guid":{"rendered":"https:\/\/stourm.news\/?p=2846"},"modified":"2024-11-20T07:17:24","modified_gmt":"2024-11-20T07:17:24","slug":"les-langues-natives-de-lhexagone-instruments-de-division-selon-macron-un-discours-a-deconstruire","status":"publish","type":"post","link":"https:\/\/stourm.news\/?p=2846","title":{"rendered":"Les langues natives de l&rsquo;Hexagone, \u00ab\u00a0instruments de division\u00a0\u00bb selon Macron : un discours \u00e0 d\u00e9construire"},"content":{"rendered":"<p style=\"text-align: justify;\">Emmanuel Macron, lors de son intervention \u00e0 l&rsquo;Acad\u00e9mie fran\u00e7aise pour saluer la nouvelle \u00e9dition du dictionnaire, a qualifi\u00e9 ce qu&rsquo;il qualifie de <strong>\u00ab\u00a0langues r\u00e9gionales\u00a0\u00bb<\/strong> d\u2019<strong>\u00ab\u00a0instruments de division de la nation\u00a0\u00bb<\/strong> (\u00e0 partir de 29&rsquo;00), tout en louant le courage des Canadiens parlant fran\u00e7ais comme une forme de \u00ab r\u00e9sistance \u00bb (37&rsquo;00).<\/p>\n<p><iframe title=\"Pr\u00e9sentation de la 9\u00e8me \u00e9dition du \u00ab\u00a0Dictionnaire de l\u2019Acad\u00e9mie fran\u00e7aise \u00bb \u00e0 l&#039;Institut de France.\" width=\"500\" height=\"281\" src=\"https:\/\/www.youtube.com\/embed\/pw0rU3NPL1Y?feature=oembed\" frameborder=\"0\" allow=\"accelerometer; autoplay; clipboard-write; encrypted-media; gyroscope; picture-in-picture; web-share\" referrerpolicy=\"strict-origin-when-cross-origin\" allowfullscreen><\/iframe><\/p>\n<p style=\"text-align: justify;\">Ce double discours exige une analyse approfondie, tant il illustre une contradiction historique, politique et philosophique qui perp\u00e9tue l\u2019effacement des langues des peuples sous administration hexagonale.<\/p>\n<p><strong>Le fran\u00e7ais, langue de l&rsquo;orthodoxie id\u00e9ologique<\/strong><\/p>\n<p style=\"text-align: justify;\">L\u2019id\u00e9e que les langues natives diviseraient la \u00ab\u00a0nation\u00a0\u00bb s\u2019inscrit dans une tradition \u00e9tatiste et centralisatrice qui remonte \u00e0 la R\u00e9volution fran\u00e7aise, laquelle assimile l&rsquo;usage de la langue de Paris \u00e0 l&rsquo;orthodoxe id\u00e9ologique requise par le nouveau r\u00e9gime. En 1794, l\u2019abb\u00e9 Gr\u00e9goire publiait son c\u00e9l\u00e8bre rapport sur la \u00ab n\u00e9cessit\u00e9 et les moyens <strong>d\u2019an\u00e9antir les patois<\/strong> et d\u2019universaliser la langue fran\u00e7aise \u00bb, dans lequel il qualifiait les langues autochtones d\u2019obstacles \u00e0 la R\u00e9publique. Ce discours, fond\u00e9 sur une vision autoritaire d&rsquo;un \u00e9tat central d\u00e9pourvue d&rsquo;unit\u00e9 ethno-culturelle, oublie que la diversit\u00e9 linguistique a toujours exist\u00e9 dans ce que l&rsquo;on appelle la France et que les langues ne sont pas des menaces. Ce langage guerrier entre un \u00ab\u00a0nous\u00a0\u00bb central et un \u00ab\u00a0eux\u00a0\u00bb p\u00e9riph\u00e9rique traduit bien la parano\u00efa sous-jacente qui traverse l&rsquo;\u00e9lite parisienne depuis 1789.<\/p>\n<p><strong>Le fran\u00e7ais, une langue r\u00e9gionale \u00e0 pr\u00e9tention nationale<\/strong><\/p>\n<p style=\"text-align: justify;\">La langue fran\u00e7aise elle-m\u00eame s\u2019est constitu\u00e9e sur une base r\u00e9gionale : issue d\u2019un dialecte d\u2019\u00cele-de-France, elle n\u2019a \u00e9t\u00e9 impos\u00e9e qu\u2019au prix d\u2019une marginalisation violente des autres langues. Cette approche, loin de rassembler, a souvent g\u00e9n\u00e9r\u00e9 du ressentiment dans les provinces soumises \u00e0 la f\u00e9roce r\u00e9pression linguistique du centre politique francilien.<\/p>\n<p style=\"text-align: justify;\">La distinction purement artificielle qu&rsquo;op\u00e8re le r\u00e9gime de Paris entre la langue fran\u00e7aise et les langues \u00ab\u00a0r\u00e9gionales\u00a0\u00bb, p\u00e9riph\u00e9riques, pr\u00e9tend distinguer la langue de la nation, seule l\u00e9gitime, et celles des marges, d\u00e9su\u00e8tes, qui ne sauraient pr\u00e9tendre \u00e0 cette qualit\u00e9. Par cette hi\u00e9rarchisation id\u00e9ologique des langues d\u00e9bute dans les esprit le processus de l\u00e9gitimation de leur destruction telle qu&rsquo;est poursuivie par l&rsquo;\u00c9tat fran\u00e7ais depuis la R\u00e9volution.<\/p>\n<p><strong>Fran\u00e7ais, langue hypocrite de l&rsquo;imp\u00e9rialisme<\/strong><\/p>\n<p style=\"text-align: justify;\">Parler de \u00ab r\u00e9sistance \u00bb pour les francophones canadiens tout en condamnant les locuteurs de breton, de basque ou d\u2019occitan en France r\u00e9v\u00e8le une incoh\u00e9rence, du moins en apparence. Si la d\u00e9fense d\u2019une langue minoritaire est une forme de r\u00e9sistance en Am\u00e9rique du Nord, pourquoi ne serait-elle pas l\u00e9gitime en Bretagne ? Les Bretons qui s\u2019expriment en breton aujourd\u2019hui r\u00e9sistent eux aussi \u00e0 un syst\u00e8me oppressif qui, depuis des si\u00e8cles, d\u00e9nigre leur identit\u00e9 culturelle.<\/p>\n<p style=\"text-align: justify;\">Le pr\u00e9sident de la R\u00e9publique feint d&rsquo;ignorer que les langues natives ne sont pas seulement des outils de communication, mais aussi des vecteurs de pens\u00e9e et de cr\u00e9ativit\u00e9. En condamnant ces langues comme suspectes de s\u00e9dition, il condamne des visions du monde diff\u00e9rentes, des fa\u00e7ons uniques de percevoir et de nommer la r\u00e9alit\u00e9.<\/p>\n<p style=\"text-align: justify;\">Comme nous l&rsquo;avons vu, en France, l&rsquo;usage de la langue du gouvernement est un acte de conformit\u00e9 id\u00e9ologique et de loyaut\u00e9 \u00e0 l&rsquo;\u00e9gard de l&rsquo;\u00c9tat r\u00e9volutionnaire. Le fran\u00e7ais lui-m\u00eame n&rsquo;est donc qu&rsquo;un moyen au service d&rsquo;une fin : l&rsquo;exportation de l&rsquo;id\u00e9ologie jacobine dont la pr\u00e9tention \u00e0 conqu\u00e9rir le monde est explicite d\u00e8s le d\u00e9but de la proclamation de la R\u00e9publique en 1792. Les r\u00e9volutionnaires fran\u00e7ais ne font pas myst\u00e8re de leurs intentions \u00e0 cet \u00e9gard. Ce projet, fonci\u00e8rement imp\u00e9rialiste, se mat\u00e9rialise rapidement avec l&rsquo;invasion de l&rsquo;Europe par les arm\u00e9es fran\u00e7aises, ce qui fait na\u00eetre en retour un sentiment de r\u00e9sistance nationale dans tout le continent, en Espagne, en Allemagne, en Italie, en Russie, etc..<\/p>\n<p style=\"text-align: justify;\">Lorsque le pr\u00e9sident fran\u00e7ais d\u00e9nonce les langues natives de l&rsquo;Hexagone comme des \u00ab\u00a0instruments de division\u00a0\u00bb, mais qu&rsquo;il vante parall\u00e8lement l&rsquo;usage de la langue fran\u00e7aise au Canada en y voyant une \u00ab\u00a0r\u00e9sistance\u00a0\u00bb (\u00e0 quoi ?), il exprime une conception purement politique et opportuniste de ce qu&rsquo;est une langue. Pour lui, conform\u00e9ment \u00e0 la conception jacobine, la langue est un outil de force dans un rapport d&rsquo;affrontement entre \u00e9tats porteurs &#8211; ou non &#8211; d&rsquo;id\u00e9ologies contradictoires.<\/p>\n<p style=\"text-align: justify;\"><strong>Les langues natives, langue du particulier<\/strong><\/p>\n<p style=\"text-align: justify;\">L&rsquo;imp\u00e9rialisme fran\u00e7ais, comme tous les imp\u00e9rialismes, a un discours sur lui-m\u00eame qui le pr\u00e9sente comme une force bienveillante et civilisatrice dont la validit\u00e9 est garantie par la justesse id\u00e9ologique, en l&rsquo;occurrence celle des \u00ab\u00a0droits de l&rsquo;homme\u00a0\u00bb. Cet imp\u00e9rialisme dit faire le bien des peuples, y compris malgr\u00e9 eux, selon une approche paternaliste caract\u00e9ristique. Franciser les Bretons, les Vietnamiens, les Alg\u00e9riens ou les Congolais, est, selon cette conception, un \u00ab\u00a0mal n\u00e9cessaire\u00a0\u00bb pour leur apporter une civilisation \u00e0 la pr\u00e9tention universelle. En r\u00e9alit\u00e9, elle n&rsquo;est que la domination linguistique d&rsquo;un syst\u00e8me et d&rsquo;une caste particuli\u00e8re, et non pas l&rsquo;expression d&rsquo;un consensus mondial en faveur de la France ou de son id\u00e9ologie r\u00e9volutionnaire.<\/p>\n<p style=\"text-align: justify;\">Par contrecoup, en Bretagne, le breton est bel et bien une langue de \u00ab\u00a0r\u00e9sistance\u00a0\u00bb et d\u2019\u00e9mancipation, porteuse d\u2019une histoire et d\u2019une culture mill\u00e9naires. La qualifier d\u2019instrument de \u00ab\u00a0division\u00a0\u00bb, quand elle unit un peuple, c\u2019est nier les luttes pour sa survie face \u00e0 une r\u00e9pression institutionnalis\u00e9e, notamment sous la IIIe R\u00e9publique. La destruction des langues autochtones est un moyen de domination politique du centre sur les p\u00e9riph\u00e9ries subordonn\u00e9es par la force, non pas d\u2019unit\u00e9 naturelle et consentie.<\/p>\n<p style=\"text-align: justify;\">Emmanuel Macron, en qualifiant les langues r\u00e9gionales d\u2019\u00ab instruments de division \u00bb, r\u00e9affirme une vision de la France centralis\u00e9e et homog\u00e8ne, en contradiction avec la r\u00e9alit\u00e9 de son peuplement. Ce discours, s\u2019il n\u2019est pas d\u00e9construit, continuera d\u2019alimenter l\u2019ali\u00e9nation des peuples autochtones. \u00c0 nous, Bretons, de montrer que la diversit\u00e9 est une force et que notre langue est un levier d\u2019ind\u00e9pendance culturelle et politique.<\/p>\n<p style=\"text-align: right;\"><strong>Budig Gourmaelon<\/strong><\/p>\n","protected":false},"excerpt":{"rendered":"<p>Emmanuel Macron, lors de son intervention \u00e0 l&rsquo;Acad\u00e9mie fran\u00e7aise pour saluer la nouvelle \u00e9dition du dictionnaire, a qualifi\u00e9 ce qu&rsquo;il qualifie de \u00ab\u00a0langues r\u00e9gionales\u00a0\u00bb d\u2019\u00ab\u00a0instruments de division de la nation\u00a0\u00bb (\u00e0 partir de 29&rsquo;00), tout en louant le courage des Canadiens parlant fran\u00e7ais comme une forme de \u00ab r\u00e9sistance \u00bb (37&rsquo;00). Ce double discours exige [&hellip;]<\/p>\n","protected":false},"author":1,"featured_media":2847,"comment_status":"open","ping_status":"open","sticky":false,"template":"","format":"standard","meta":{"sb_editor_width":"","footnotes":""},"categories":[63,65,70],"tags":[],"class_list":["post-2846","post","type-post","status-publish","format-standard","has-post-thumbnail","hentry","category-editorial","category-principale","category-tribune"],"relative_dates":{"created":"1 an ago","modified":"1 an ago"},"yoast_head":"<!-- This site is optimized with the Yoast SEO plugin v26.3 - https:\/\/yoast.com\/wordpress\/plugins\/seo\/ -->\n<title>Les langues natives de l&#039;Hexagone, &quot;instruments de division&quot; selon Macron : un discours \u00e0 d\u00e9construire - STOURM<\/title>\n<meta name=\"robots\" content=\"index, follow, max-snippet:-1, max-image-preview:large, max-video-preview:-1\" \/>\n<link rel=\"canonical\" href=\"https:\/\/stourm.news\/?p=2846\" \/>\n<meta property=\"og:locale\" content=\"fr_FR\" \/>\n<meta property=\"og:type\" content=\"article\" \/>\n<meta property=\"og:title\" content=\"Les langues natives de l&#039;Hexagone, &quot;instruments de division&quot; selon Macron : un discours \u00e0 d\u00e9construire - STOURM\" \/>\n<meta property=\"og:description\" content=\"Emmanuel Macron, lors de son intervention \u00e0 l&rsquo;Acad\u00e9mie fran\u00e7aise pour saluer la nouvelle \u00e9dition du dictionnaire, a qualifi\u00e9 ce qu&rsquo;il qualifie de \u00ab\u00a0langues r\u00e9gionales\u00a0\u00bb d\u2019\u00ab\u00a0instruments de division de la nation\u00a0\u00bb (\u00e0 partir de 29&rsquo;00), tout en louant le courage des Canadiens parlant fran\u00e7ais comme une forme de \u00ab r\u00e9sistance \u00bb (37&rsquo;00). Ce double discours exige [&hellip;]\" \/>\n<meta property=\"og:url\" content=\"https:\/\/stourm.news\/?p=2846\" \/>\n<meta property=\"og:site_name\" content=\"STOURM\" \/>\n<meta property=\"article:publisher\" content=\"https:\/\/www.facebook.com\/stourmnews\/\" \/>\n<meta property=\"article:published_time\" content=\"2024-11-20T07:15:24+00:00\" \/>\n<meta property=\"article:modified_time\" content=\"2024-11-20T07:17:24+00:00\" \/>\n<meta property=\"og:image\" content=\"https:\/\/stourm.news\/wp-content\/uploads\/2024\/11\/puid_b8631f0b-11fe-4fbe-ba5d-cb8e0c48ea8e_20241114170433468.jpg\" \/>\n\t<meta property=\"og:image:width\" content=\"1400\" \/>\n\t<meta property=\"og:image:height\" content=\"787\" \/>\n\t<meta property=\"og:image:type\" content=\"image\/jpeg\" \/>\n<meta name=\"author\" content=\"La r\u00e9daction\" \/>\n<meta name=\"twitter:card\" content=\"summary_large_image\" \/>\n<meta name=\"twitter:label1\" content=\"\u00c9crit par\" \/>\n\t<meta name=\"twitter:data1\" content=\"La r\u00e9daction\" \/>\n\t<meta name=\"twitter:label2\" content=\"Dur\u00e9e de lecture estim\u00e9e\" \/>\n\t<meta name=\"twitter:data2\" content=\"5 minutes\" \/>\n<script type=\"application\/ld+json\" class=\"yoast-schema-graph\">{\"@context\":\"https:\/\/schema.org\",\"@graph\":[{\"@type\":\"Article\",\"@id\":\"https:\/\/stourm.news\/?p=2846#article\",\"isPartOf\":{\"@id\":\"https:\/\/stourm.news\/?p=2846\"},\"author\":{\"name\":\"La r\u00e9daction\",\"@id\":\"https:\/\/stourm.news\/#\/schema\/person\/c3e1dc65988632e190969234ef046cf9\"},\"headline\":\"Les langues natives de l&rsquo;Hexagone, \u00ab\u00a0instruments de division\u00a0\u00bb selon Macron : un discours \u00e0 d\u00e9construire\",\"datePublished\":\"2024-11-20T07:15:24+00:00\",\"dateModified\":\"2024-11-20T07:17:24+00:00\",\"mainEntityOfPage\":{\"@id\":\"https:\/\/stourm.news\/?p=2846\"},\"wordCount\":1109,\"commentCount\":0,\"publisher\":{\"@id\":\"https:\/\/stourm.news\/#organization\"},\"image\":{\"@id\":\"https:\/\/stourm.news\/?p=2846#primaryimage\"},\"thumbnailUrl\":\"https:\/\/stourm.news\/wp-content\/uploads\/2024\/11\/puid_b8631f0b-11fe-4fbe-ba5d-cb8e0c48ea8e_20241114170433468.jpg\",\"articleSection\":[\"Editorial\",\"Principale\",\"Tribune\"],\"inLanguage\":\"fr-FR\",\"potentialAction\":[{\"@type\":\"CommentAction\",\"name\":\"Comment\",\"target\":[\"https:\/\/stourm.news\/?p=2846#respond\"]}]},{\"@type\":\"WebPage\",\"@id\":\"https:\/\/stourm.news\/?p=2846\",\"url\":\"https:\/\/stourm.news\/?p=2846\",\"name\":\"Les langues natives de l'Hexagone, \\\"instruments de division\\\" selon Macron : un discours \u00e0 d\u00e9construire - STOURM\",\"isPartOf\":{\"@id\":\"https:\/\/stourm.news\/#website\"},\"primaryImageOfPage\":{\"@id\":\"https:\/\/stourm.news\/?p=2846#primaryimage\"},\"image\":{\"@id\":\"https:\/\/stourm.news\/?p=2846#primaryimage\"},\"thumbnailUrl\":\"https:\/\/stourm.news\/wp-content\/uploads\/2024\/11\/puid_b8631f0b-11fe-4fbe-ba5d-cb8e0c48ea8e_20241114170433468.jpg\",\"datePublished\":\"2024-11-20T07:15:24+00:00\",\"dateModified\":\"2024-11-20T07:17:24+00:00\",\"breadcrumb\":{\"@id\":\"https:\/\/stourm.news\/?p=2846#breadcrumb\"},\"inLanguage\":\"fr-FR\",\"potentialAction\":[{\"@type\":\"ReadAction\",\"target\":[\"https:\/\/stourm.news\/?p=2846\"]}]},{\"@type\":\"ImageObject\",\"inLanguage\":\"fr-FR\",\"@id\":\"https:\/\/stourm.news\/?p=2846#primaryimage\",\"url\":\"https:\/\/stourm.news\/wp-content\/uploads\/2024\/11\/puid_b8631f0b-11fe-4fbe-ba5d-cb8e0c48ea8e_20241114170433468.jpg\",\"contentUrl\":\"https:\/\/stourm.news\/wp-content\/uploads\/2024\/11\/puid_b8631f0b-11fe-4fbe-ba5d-cb8e0c48ea8e_20241114170433468.jpg\",\"width\":1400,\"height\":787},{\"@type\":\"BreadcrumbList\",\"@id\":\"https:\/\/stourm.news\/?p=2846#breadcrumb\",\"itemListElement\":[{\"@type\":\"ListItem\",\"position\":1,\"name\":\"Accueil\",\"item\":\"https:\/\/stourm.news\/\"},{\"@type\":\"ListItem\",\"position\":2,\"name\":\"Les langues natives de l&rsquo;Hexagone, \u00ab\u00a0instruments de division\u00a0\u00bb selon Macron : un discours \u00e0 d\u00e9construire\"}]},{\"@type\":\"WebSite\",\"@id\":\"https:\/\/stourm.news\/#website\",\"url\":\"https:\/\/stourm.news\/\",\"name\":\"Stourm\",\"description\":\"Kazetenn Strollad Broadel Breizh\",\"publisher\":{\"@id\":\"https:\/\/stourm.news\/#organization\"},\"potentialAction\":[{\"@type\":\"SearchAction\",\"target\":{\"@type\":\"EntryPoint\",\"urlTemplate\":\"https:\/\/stourm.news\/?s={search_term_string}\"},\"query-input\":{\"@type\":\"PropertyValueSpecification\",\"valueRequired\":true,\"valueName\":\"search_term_string\"}}],\"inLanguage\":\"fr-FR\"},{\"@type\":\"Organization\",\"@id\":\"https:\/\/stourm.news\/#organization\",\"name\":\"Stourm\",\"url\":\"https:\/\/stourm.news\/\",\"logo\":{\"@type\":\"ImageObject\",\"inLanguage\":\"fr-FR\",\"@id\":\"https:\/\/stourm.news\/#\/schema\/logo\/image\/\",\"url\":\"https:\/\/stourm.news\/wp-content\/uploads\/2025\/11\/cropped-Capture-decran-2025-11-28-a-15.19.07.png\",\"contentUrl\":\"https:\/\/stourm.news\/wp-content\/uploads\/2025\/11\/cropped-Capture-decran-2025-11-28-a-15.19.07.png\",\"width\":1855,\"height\":383,\"caption\":\"Stourm\"},\"image\":{\"@id\":\"https:\/\/stourm.news\/#\/schema\/logo\/image\/\"},\"sameAs\":[\"https:\/\/www.facebook.com\/stourmnews\/\"]},{\"@type\":\"Person\",\"@id\":\"https:\/\/stourm.news\/#\/schema\/person\/c3e1dc65988632e190969234ef046cf9\",\"name\":\"La r\u00e9daction\",\"image\":{\"@type\":\"ImageObject\",\"inLanguage\":\"fr-FR\",\"@id\":\"https:\/\/stourm.news\/#\/schema\/person\/image\/\",\"url\":\"https:\/\/secure.gravatar.com\/avatar\/7463443f194b6b5fb706b074ca0ef59a0cfcfd720cb47764b0ec5a952ce422b3?s=96&d=mm&r=g\",\"contentUrl\":\"https:\/\/secure.gravatar.com\/avatar\/7463443f194b6b5fb706b074ca0ef59a0cfcfd720cb47764b0ec5a952ce422b3?s=96&d=mm&r=g\",\"caption\":\"La r\u00e9daction\"},\"sameAs\":[\"https:\/\/stourm.news\"],\"url\":\"https:\/\/stourm.news\/?author=1\"}]}<\/script>\n<!-- \/ Yoast SEO plugin. -->","yoast_head_json":{"title":"Les langues natives de l'Hexagone, \"instruments de division\" selon Macron : un discours \u00e0 d\u00e9construire - STOURM","robots":{"index":"index","follow":"follow","max-snippet":"max-snippet:-1","max-image-preview":"max-image-preview:large","max-video-preview":"max-video-preview:-1"},"canonical":"https:\/\/stourm.news\/?p=2846","og_locale":"fr_FR","og_type":"article","og_title":"Les langues natives de l'Hexagone, \"instruments de division\" selon Macron : un discours \u00e0 d\u00e9construire - STOURM","og_description":"Emmanuel Macron, lors de son intervention \u00e0 l&rsquo;Acad\u00e9mie fran\u00e7aise pour saluer la nouvelle \u00e9dition du dictionnaire, a qualifi\u00e9 ce qu&rsquo;il qualifie de \u00ab\u00a0langues r\u00e9gionales\u00a0\u00bb d\u2019\u00ab\u00a0instruments de division de la nation\u00a0\u00bb (\u00e0 partir de 29&rsquo;00), tout en louant le courage des Canadiens parlant fran\u00e7ais comme une forme de \u00ab r\u00e9sistance \u00bb (37&rsquo;00). Ce double discours exige [&hellip;]","og_url":"https:\/\/stourm.news\/?p=2846","og_site_name":"STOURM","article_publisher":"https:\/\/www.facebook.com\/stourmnews\/","article_published_time":"2024-11-20T07:15:24+00:00","article_modified_time":"2024-11-20T07:17:24+00:00","og_image":[{"width":1400,"height":787,"url":"https:\/\/stourm.news\/wp-content\/uploads\/2024\/11\/puid_b8631f0b-11fe-4fbe-ba5d-cb8e0c48ea8e_20241114170433468.jpg","type":"image\/jpeg"}],"author":"La r\u00e9daction","twitter_card":"summary_large_image","twitter_misc":{"\u00c9crit par":"La r\u00e9daction","Dur\u00e9e de lecture estim\u00e9e":"5 minutes"},"schema":{"@context":"https:\/\/schema.org","@graph":[{"@type":"Article","@id":"https:\/\/stourm.news\/?p=2846#article","isPartOf":{"@id":"https:\/\/stourm.news\/?p=2846"},"author":{"name":"La r\u00e9daction","@id":"https:\/\/stourm.news\/#\/schema\/person\/c3e1dc65988632e190969234ef046cf9"},"headline":"Les langues natives de l&rsquo;Hexagone, \u00ab\u00a0instruments de division\u00a0\u00bb selon Macron : un discours \u00e0 d\u00e9construire","datePublished":"2024-11-20T07:15:24+00:00","dateModified":"2024-11-20T07:17:24+00:00","mainEntityOfPage":{"@id":"https:\/\/stourm.news\/?p=2846"},"wordCount":1109,"commentCount":0,"publisher":{"@id":"https:\/\/stourm.news\/#organization"},"image":{"@id":"https:\/\/stourm.news\/?p=2846#primaryimage"},"thumbnailUrl":"https:\/\/stourm.news\/wp-content\/uploads\/2024\/11\/puid_b8631f0b-11fe-4fbe-ba5d-cb8e0c48ea8e_20241114170433468.jpg","articleSection":["Editorial","Principale","Tribune"],"inLanguage":"fr-FR","potentialAction":[{"@type":"CommentAction","name":"Comment","target":["https:\/\/stourm.news\/?p=2846#respond"]}]},{"@type":"WebPage","@id":"https:\/\/stourm.news\/?p=2846","url":"https:\/\/stourm.news\/?p=2846","name":"Les langues natives de l'Hexagone, \"instruments de division\" selon Macron : un discours \u00e0 d\u00e9construire - STOURM","isPartOf":{"@id":"https:\/\/stourm.news\/#website"},"primaryImageOfPage":{"@id":"https:\/\/stourm.news\/?p=2846#primaryimage"},"image":{"@id":"https:\/\/stourm.news\/?p=2846#primaryimage"},"thumbnailUrl":"https:\/\/stourm.news\/wp-content\/uploads\/2024\/11\/puid_b8631f0b-11fe-4fbe-ba5d-cb8e0c48ea8e_20241114170433468.jpg","datePublished":"2024-11-20T07:15:24+00:00","dateModified":"2024-11-20T07:17:24+00:00","breadcrumb":{"@id":"https:\/\/stourm.news\/?p=2846#breadcrumb"},"inLanguage":"fr-FR","potentialAction":[{"@type":"ReadAction","target":["https:\/\/stourm.news\/?p=2846"]}]},{"@type":"ImageObject","inLanguage":"fr-FR","@id":"https:\/\/stourm.news\/?p=2846#primaryimage","url":"https:\/\/stourm.news\/wp-content\/uploads\/2024\/11\/puid_b8631f0b-11fe-4fbe-ba5d-cb8e0c48ea8e_20241114170433468.jpg","contentUrl":"https:\/\/stourm.news\/wp-content\/uploads\/2024\/11\/puid_b8631f0b-11fe-4fbe-ba5d-cb8e0c48ea8e_20241114170433468.jpg","width":1400,"height":787},{"@type":"BreadcrumbList","@id":"https:\/\/stourm.news\/?p=2846#breadcrumb","itemListElement":[{"@type":"ListItem","position":1,"name":"Accueil","item":"https:\/\/stourm.news\/"},{"@type":"ListItem","position":2,"name":"Les langues natives de l&rsquo;Hexagone, \u00ab\u00a0instruments de division\u00a0\u00bb selon Macron : un discours \u00e0 d\u00e9construire"}]},{"@type":"WebSite","@id":"https:\/\/stourm.news\/#website","url":"https:\/\/stourm.news\/","name":"Stourm","description":"Kazetenn Strollad Broadel Breizh","publisher":{"@id":"https:\/\/stourm.news\/#organization"},"potentialAction":[{"@type":"SearchAction","target":{"@type":"EntryPoint","urlTemplate":"https:\/\/stourm.news\/?s={search_term_string}"},"query-input":{"@type":"PropertyValueSpecification","valueRequired":true,"valueName":"search_term_string"}}],"inLanguage":"fr-FR"},{"@type":"Organization","@id":"https:\/\/stourm.news\/#organization","name":"Stourm","url":"https:\/\/stourm.news\/","logo":{"@type":"ImageObject","inLanguage":"fr-FR","@id":"https:\/\/stourm.news\/#\/schema\/logo\/image\/","url":"https:\/\/stourm.news\/wp-content\/uploads\/2025\/11\/cropped-Capture-decran-2025-11-28-a-15.19.07.png","contentUrl":"https:\/\/stourm.news\/wp-content\/uploads\/2025\/11\/cropped-Capture-decran-2025-11-28-a-15.19.07.png","width":1855,"height":383,"caption":"Stourm"},"image":{"@id":"https:\/\/stourm.news\/#\/schema\/logo\/image\/"},"sameAs":["https:\/\/www.facebook.com\/stourmnews\/"]},{"@type":"Person","@id":"https:\/\/stourm.news\/#\/schema\/person\/c3e1dc65988632e190969234ef046cf9","name":"La r\u00e9daction","image":{"@type":"ImageObject","inLanguage":"fr-FR","@id":"https:\/\/stourm.news\/#\/schema\/person\/image\/","url":"https:\/\/secure.gravatar.com\/avatar\/7463443f194b6b5fb706b074ca0ef59a0cfcfd720cb47764b0ec5a952ce422b3?s=96&d=mm&r=g","contentUrl":"https:\/\/secure.gravatar.com\/avatar\/7463443f194b6b5fb706b074ca0ef59a0cfcfd720cb47764b0ec5a952ce422b3?s=96&d=mm&r=g","caption":"La r\u00e9daction"},"sameAs":["https:\/\/stourm.news"],"url":"https:\/\/stourm.news\/?author=1"}]}},"_links":{"self":[{"href":"https:\/\/stourm.news\/index.php?rest_route=\/wp\/v2\/posts\/2846","targetHints":{"allow":["GET"]}}],"collection":[{"href":"https:\/\/stourm.news\/index.php?rest_route=\/wp\/v2\/posts"}],"about":[{"href":"https:\/\/stourm.news\/index.php?rest_route=\/wp\/v2\/types\/post"}],"author":[{"embeddable":true,"href":"https:\/\/stourm.news\/index.php?rest_route=\/wp\/v2\/users\/1"}],"replies":[{"embeddable":true,"href":"https:\/\/stourm.news\/index.php?rest_route=%2Fwp%2Fv2%2Fcomments&post=2846"}],"version-history":[{"count":3,"href":"https:\/\/stourm.news\/index.php?rest_route=\/wp\/v2\/posts\/2846\/revisions"}],"predecessor-version":[{"id":2850,"href":"https:\/\/stourm.news\/index.php?rest_route=\/wp\/v2\/posts\/2846\/revisions\/2850"}],"wp:featuredmedia":[{"embeddable":true,"href":"https:\/\/stourm.news\/index.php?rest_route=\/wp\/v2\/media\/2847"}],"wp:attachment":[{"href":"https:\/\/stourm.news\/index.php?rest_route=%2Fwp%2Fv2%2Fmedia&parent=2846"}],"wp:term":[{"taxonomy":"category","embeddable":true,"href":"https:\/\/stourm.news\/index.php?rest_route=%2Fwp%2Fv2%2Fcategories&post=2846"},{"taxonomy":"post_tag","embeddable":true,"href":"https:\/\/stourm.news\/index.php?rest_route=%2Fwp%2Fv2%2Ftags&post=2846"}],"curies":[{"name":"wp","href":"https:\/\/api.w.org\/{rel}","templated":true}]}}