{"id":2851,"date":"2024-11-21T07:56:58","date_gmt":"2024-11-21T07:56:58","guid":{"rendered":"https:\/\/stourm.news\/?p=2851"},"modified":"2024-11-21T07:56:58","modified_gmt":"2024-11-21T07:56:58","slug":"ti-ar-vro-gwened-quand-la-culture-bretonne-sefface-devant-le-cosmopolitisme-de-la-gauche-hexagonale","status":"publish","type":"post","link":"https:\/\/stourm.news\/?p=2851","title":{"rendered":"Ti ar Vro Gwened : quand la culture bretonne s&rsquo;efface devant le cosmopolitisme de la gauche hexagonale"},"content":{"rendered":"<p style=\"text-align: justify;\">Suite \u00e0 un incident impliquant une de ses salari\u00e9es pr\u00e9sent\u00e9e comme \u00ab\u00a0d&rsquo;origine africaine\u00a0\u00bb, l&rsquo;association \u00ab\u00a0Ti ar Vro\u00a0\u00bb de Vannes a publi\u00e9 <strong><a href=\"https:\/\/tiarvro-bro-gwened.bzh\/news_bretagne\/agression-raciste-a-ti-ar-vro-bro-gwened-lagresseur-condamne\/\">un communiqu\u00e9<\/a><\/strong> au ton des plus r\u00e9v\u00e9lateurs quant \u00e0 la d\u00e9rive cosmopolite, et par voie de cons\u00e9quence anti-bretonne, de ce que l&rsquo;on doit appeler l&rsquo;\u00e9tablissement \u00ab\u00a0culturel\u00a0\u00bb en Bretagne.<\/p>\n<p style=\"text-align: justify;\"><strong>\u00ab\u00a0\u00catre bretonne ou breton signifie pour nous se reconna\u00eetre comme tel. Et nul besoin d\u2019ailleurs d\u2019\u00eatre bretonne ou breton d\u2019origine pour vivre sa culture et agir pour sa vitalit\u00e9\u00a0\u00bb<\/strong> affirme ainsi p\u00e9remptoirement \u00ab\u00a0Ti ar Vro Gwened\u00a0\u00bb dans son communiqu\u00e9. Nous objecterons que, si, pour qu&rsquo;une culture vive il faut que le peuple dont elle n&rsquo;est que l&rsquo;expression vive \u00e9galement, les deux \u00e9tant mat\u00e9riellement indissociables. Cette segmentation artificielle entre peuple et culture proc\u00e8de d&rsquo;une conception cosmopolite fran\u00e7aise, individualiste, intellectuelle et d\u00e9racin\u00e9e, alors que la culture bretonne, comme culture ethnique, est la somme des expressions collectives d&rsquo;un peuple particulier.<\/p>\n<p style=\"text-align: justify;\"><strong>\u00ab\u00a0Cet \u00e9pisode et l\u2019apparition ici et l\u00e0 en Bretagne de mouvements d\u2019extr\u00eame droite se revendiquant plus bretons que bretons sont des signes d\u2019un r\u00e9el danger pour l\u2019avenir de la culture bretonne, qui se retrouve d\u00e9j\u00e0 de plus en plus minoris\u00e9e au sein de la culture occidentale\u00a0\u00bb <\/strong>poursuit \u00ab\u00a0Ti ar Vro Gwened\u00a0\u00bb sur un ton r\u00e9solument politique, orient\u00e9 \u00e0 l&rsquo;extr\u00eame-gauche. Les mouvements qui revendiquent leur appartenance authentique au peuple breton expriment au contraire une r\u00e9sistance \u00e0 la dilution de celui-ci dans la \u00ab\u00a0culture occidentale\u00a0\u00bb dont se plaint paradoxalement \u00ab\u00a0Ti ar Vro\u00a0\u00bb. Nous avons l\u00e0 la contradiction interne caract\u00e9ristique de l&rsquo;\u00e9tablissement culturel en Bretagne, lequel adh\u00e8re au cosmopolitisme dogmatique de la gauche fran\u00e7aise tout en pr\u00e9tendant d\u00e9fendre les sp\u00e9cificit\u00e9s ethniques bretonnes.<\/p>\n<p style=\"text-align: justify;\">Enfin, l&rsquo;association conclut par un pr\u00eache l\u00e9nifiant sur le th\u00e8me de l&rsquo;internationalisme. <strong>\u00ab\u00a0Plut\u00f4t qu\u2019une conception bas\u00e9e sur la haine des autres et sur un pass\u00e9 fantasm\u00e9, nous estimons au contraire que la culture bretonne se doit d\u2019\u00eatre int\u00e9gratrice, innovante et b\u00e9n\u00e9ficie \u00e0 \u00e9voluer avec son temps. Car c\u2019est ce qui permet de faire soci\u00e9t\u00e9, de vivre ensemble en lien avec notre territoire et nos traditions\u00a0\u00bb\u00a0<\/strong>conclut-elle.<\/p>\n<p style=\"text-align: justify;\">Le d\u00e9sastre quotidien que repr\u00e9sente l&rsquo;immigration en Bretagne suffit \u00e0 balayer d&rsquo;un revers de main ces divagations. La fonction de la culture bretonne n&rsquo;est pas \u00ab\u00a0d&rsquo;int\u00e9grer\u00a0\u00bb qui que ce soit, mais d&rsquo;\u00eatre bretonne, par les Bretons, pour les Bretons. La culture bretonne n&rsquo;est pas celle d&rsquo;un \u00e9tat artificiel ou d&rsquo;une zone \u00e9conomique sans identit\u00e9, mais celle d&rsquo;un peuple singulier qui refuse de dispara\u00eetre sur sa terre ancestrale. C&rsquo;est au contraire par une affirmation farouche et exclusive que la culture bretonne pourra se redresser face \u00e0 l&rsquo;\u00e9rosion qui la menace sous l&rsquo;effet de l&rsquo;immigration de remplacement et de l&rsquo;acculturation fran\u00e7aise. L&rsquo;id\u00e9e d&rsquo;une culture bretonne qui existerait sans les Bretons est une hallucination que seule des gens sous l&rsquo;influence de la gauche hexagonale peuvent encore nourrir.<\/p>\n<p style=\"text-align: right;\"><strong>Ewen Broc&rsquo;han<\/strong><\/p>\n","protected":false},"excerpt":{"rendered":"<p>Suite \u00e0 un incident impliquant une de ses salari\u00e9es pr\u00e9sent\u00e9e comme \u00ab\u00a0d&rsquo;origine africaine\u00a0\u00bb, l&rsquo;association \u00ab\u00a0Ti ar Vro\u00a0\u00bb de Vannes a publi\u00e9 un communiqu\u00e9 au ton des plus r\u00e9v\u00e9lateurs quant \u00e0 la d\u00e9rive cosmopolite, et par voie de cons\u00e9quence anti-bretonne, de ce que l&rsquo;on doit appeler l&rsquo;\u00e9tablissement \u00ab\u00a0culturel\u00a0\u00bb en Bretagne. \u00ab\u00a0\u00catre bretonne ou breton signifie pour [&hellip;]<\/p>\n","protected":false},"author":1,"featured_media":2852,"comment_status":"open","ping_status":"open","sticky":false,"template":"","format":"standard","meta":{"sb_editor_width":"","footnotes":""},"categories":[58,63,65],"tags":[],"class_list":["post-2851","post","type-post","status-publish","format-standard","has-post-thumbnail","hentry","category-breizh","category-editorial","category-principale"],"relative_dates":{"created":"1 an ago","modified":"1 an ago"},"yoast_head":"<!-- This site is optimized with the Yoast SEO plugin v26.3 - https:\/\/yoast.com\/wordpress\/plugins\/seo\/ -->\n<title>Ti ar Vro Gwened : quand la culture bretonne s&#039;efface devant le cosmopolitisme de la gauche hexagonale - STOURM<\/title>\n<meta name=\"robots\" content=\"index, follow, max-snippet:-1, max-image-preview:large, max-video-preview:-1\" \/>\n<link rel=\"canonical\" href=\"https:\/\/stourm.news\/?p=2851\" \/>\n<meta property=\"og:locale\" content=\"fr_FR\" \/>\n<meta property=\"og:type\" content=\"article\" \/>\n<meta property=\"og:title\" content=\"Ti ar Vro Gwened : quand la culture bretonne s&#039;efface devant le cosmopolitisme de la gauche hexagonale - STOURM\" \/>\n<meta property=\"og:description\" content=\"Suite \u00e0 un incident impliquant une de ses salari\u00e9es pr\u00e9sent\u00e9e comme \u00ab\u00a0d&rsquo;origine africaine\u00a0\u00bb, l&rsquo;association \u00ab\u00a0Ti ar Vro\u00a0\u00bb de Vannes a publi\u00e9 un communiqu\u00e9 au ton des plus r\u00e9v\u00e9lateurs quant \u00e0 la d\u00e9rive cosmopolite, et par voie de cons\u00e9quence anti-bretonne, de ce que l&rsquo;on doit appeler l&rsquo;\u00e9tablissement \u00ab\u00a0culturel\u00a0\u00bb en Bretagne. \u00ab\u00a0\u00catre bretonne ou breton signifie pour [&hellip;]\" \/>\n<meta property=\"og:url\" content=\"https:\/\/stourm.news\/?p=2851\" \/>\n<meta property=\"og:site_name\" content=\"STOURM\" \/>\n<meta property=\"article:publisher\" content=\"https:\/\/www.facebook.com\/stourmnews\/\" \/>\n<meta property=\"article:published_time\" content=\"2024-11-21T07:56:58+00:00\" \/>\n<meta property=\"og:image\" content=\"https:\/\/stourm.news\/wp-content\/uploads\/2024\/11\/EXPORT_LOGO_CARRE.webp\" \/>\n\t<meta property=\"og:image:width\" content=\"800\" \/>\n\t<meta property=\"og:image:height\" content=\"800\" \/>\n\t<meta property=\"og:image:type\" content=\"image\/webp\" \/>\n<meta name=\"author\" content=\"La r\u00e9daction\" \/>\n<meta name=\"twitter:card\" content=\"summary_large_image\" \/>\n<meta name=\"twitter:label1\" content=\"\u00c9crit par\" \/>\n\t<meta name=\"twitter:data1\" content=\"La r\u00e9daction\" \/>\n\t<meta name=\"twitter:label2\" content=\"Dur\u00e9e de lecture estim\u00e9e\" \/>\n\t<meta name=\"twitter:data2\" content=\"3 minutes\" \/>\n<script type=\"application\/ld+json\" class=\"yoast-schema-graph\">{\"@context\":\"https:\/\/schema.org\",\"@graph\":[{\"@type\":\"Article\",\"@id\":\"https:\/\/stourm.news\/?p=2851#article\",\"isPartOf\":{\"@id\":\"https:\/\/stourm.news\/?p=2851\"},\"author\":{\"name\":\"La r\u00e9daction\",\"@id\":\"https:\/\/stourm.news\/#\/schema\/person\/c3e1dc65988632e190969234ef046cf9\"},\"headline\":\"Ti ar Vro Gwened : quand la culture bretonne s&rsquo;efface devant le cosmopolitisme de la gauche hexagonale\",\"datePublished\":\"2024-11-21T07:56:58+00:00\",\"mainEntityOfPage\":{\"@id\":\"https:\/\/stourm.news\/?p=2851\"},\"wordCount\":551,\"commentCount\":0,\"publisher\":{\"@id\":\"https:\/\/stourm.news\/#organization\"},\"image\":{\"@id\":\"https:\/\/stourm.news\/?p=2851#primaryimage\"},\"thumbnailUrl\":\"https:\/\/stourm.news\/wp-content\/uploads\/2024\/11\/EXPORT_LOGO_CARRE.webp\",\"articleSection\":[\"Breizh\",\"Editorial\",\"Principale\"],\"inLanguage\":\"fr-FR\",\"potentialAction\":[{\"@type\":\"CommentAction\",\"name\":\"Comment\",\"target\":[\"https:\/\/stourm.news\/?p=2851#respond\"]}]},{\"@type\":\"WebPage\",\"@id\":\"https:\/\/stourm.news\/?p=2851\",\"url\":\"https:\/\/stourm.news\/?p=2851\",\"name\":\"Ti ar Vro Gwened : quand la culture bretonne s'efface devant le cosmopolitisme de la gauche hexagonale - STOURM\",\"isPartOf\":{\"@id\":\"https:\/\/stourm.news\/#website\"},\"primaryImageOfPage\":{\"@id\":\"https:\/\/stourm.news\/?p=2851#primaryimage\"},\"image\":{\"@id\":\"https:\/\/stourm.news\/?p=2851#primaryimage\"},\"thumbnailUrl\":\"https:\/\/stourm.news\/wp-content\/uploads\/2024\/11\/EXPORT_LOGO_CARRE.webp\",\"datePublished\":\"2024-11-21T07:56:58+00:00\",\"breadcrumb\":{\"@id\":\"https:\/\/stourm.news\/?p=2851#breadcrumb\"},\"inLanguage\":\"fr-FR\",\"potentialAction\":[{\"@type\":\"ReadAction\",\"target\":[\"https:\/\/stourm.news\/?p=2851\"]}]},{\"@type\":\"ImageObject\",\"inLanguage\":\"fr-FR\",\"@id\":\"https:\/\/stourm.news\/?p=2851#primaryimage\",\"url\":\"https:\/\/stourm.news\/wp-content\/uploads\/2024\/11\/EXPORT_LOGO_CARRE.webp\",\"contentUrl\":\"https:\/\/stourm.news\/wp-content\/uploads\/2024\/11\/EXPORT_LOGO_CARRE.webp\",\"width\":800,\"height\":800},{\"@type\":\"BreadcrumbList\",\"@id\":\"https:\/\/stourm.news\/?p=2851#breadcrumb\",\"itemListElement\":[{\"@type\":\"ListItem\",\"position\":1,\"name\":\"Accueil\",\"item\":\"https:\/\/stourm.news\/\"},{\"@type\":\"ListItem\",\"position\":2,\"name\":\"Ti ar Vro Gwened : quand la culture bretonne s&rsquo;efface devant le cosmopolitisme de la gauche hexagonale\"}]},{\"@type\":\"WebSite\",\"@id\":\"https:\/\/stourm.news\/#website\",\"url\":\"https:\/\/stourm.news\/\",\"name\":\"Stourm\",\"description\":\"Kazetenn Strollad Broadel Breizh\",\"publisher\":{\"@id\":\"https:\/\/stourm.news\/#organization\"},\"potentialAction\":[{\"@type\":\"SearchAction\",\"target\":{\"@type\":\"EntryPoint\",\"urlTemplate\":\"https:\/\/stourm.news\/?s={search_term_string}\"},\"query-input\":{\"@type\":\"PropertyValueSpecification\",\"valueRequired\":true,\"valueName\":\"search_term_string\"}}],\"inLanguage\":\"fr-FR\"},{\"@type\":\"Organization\",\"@id\":\"https:\/\/stourm.news\/#organization\",\"name\":\"Stourm\",\"url\":\"https:\/\/stourm.news\/\",\"logo\":{\"@type\":\"ImageObject\",\"inLanguage\":\"fr-FR\",\"@id\":\"https:\/\/stourm.news\/#\/schema\/logo\/image\/\",\"url\":\"https:\/\/stourm.news\/wp-content\/uploads\/2025\/11\/cropped-Capture-decran-2025-11-28-a-15.19.07.png\",\"contentUrl\":\"https:\/\/stourm.news\/wp-content\/uploads\/2025\/11\/cropped-Capture-decran-2025-11-28-a-15.19.07.png\",\"width\":1855,\"height\":383,\"caption\":\"Stourm\"},\"image\":{\"@id\":\"https:\/\/stourm.news\/#\/schema\/logo\/image\/\"},\"sameAs\":[\"https:\/\/www.facebook.com\/stourmnews\/\"]},{\"@type\":\"Person\",\"@id\":\"https:\/\/stourm.news\/#\/schema\/person\/c3e1dc65988632e190969234ef046cf9\",\"name\":\"La r\u00e9daction\",\"image\":{\"@type\":\"ImageObject\",\"inLanguage\":\"fr-FR\",\"@id\":\"https:\/\/stourm.news\/#\/schema\/person\/image\/\",\"url\":\"https:\/\/secure.gravatar.com\/avatar\/7463443f194b6b5fb706b074ca0ef59a0cfcfd720cb47764b0ec5a952ce422b3?s=96&d=mm&r=g\",\"contentUrl\":\"https:\/\/secure.gravatar.com\/avatar\/7463443f194b6b5fb706b074ca0ef59a0cfcfd720cb47764b0ec5a952ce422b3?s=96&d=mm&r=g\",\"caption\":\"La r\u00e9daction\"},\"sameAs\":[\"https:\/\/stourm.news\"],\"url\":\"https:\/\/stourm.news\/?author=1\"}]}<\/script>\n<!-- \/ Yoast SEO plugin. -->","yoast_head_json":{"title":"Ti ar Vro Gwened : quand la culture bretonne s'efface devant le cosmopolitisme de la gauche hexagonale - STOURM","robots":{"index":"index","follow":"follow","max-snippet":"max-snippet:-1","max-image-preview":"max-image-preview:large","max-video-preview":"max-video-preview:-1"},"canonical":"https:\/\/stourm.news\/?p=2851","og_locale":"fr_FR","og_type":"article","og_title":"Ti ar Vro Gwened : quand la culture bretonne s'efface devant le cosmopolitisme de la gauche hexagonale - STOURM","og_description":"Suite \u00e0 un incident impliquant une de ses salari\u00e9es pr\u00e9sent\u00e9e comme \u00ab\u00a0d&rsquo;origine africaine\u00a0\u00bb, l&rsquo;association \u00ab\u00a0Ti ar Vro\u00a0\u00bb de Vannes a publi\u00e9 un communiqu\u00e9 au ton des plus r\u00e9v\u00e9lateurs quant \u00e0 la d\u00e9rive cosmopolite, et par voie de cons\u00e9quence anti-bretonne, de ce que l&rsquo;on doit appeler l&rsquo;\u00e9tablissement \u00ab\u00a0culturel\u00a0\u00bb en Bretagne. \u00ab\u00a0\u00catre bretonne ou breton signifie pour [&hellip;]","og_url":"https:\/\/stourm.news\/?p=2851","og_site_name":"STOURM","article_publisher":"https:\/\/www.facebook.com\/stourmnews\/","article_published_time":"2024-11-21T07:56:58+00:00","og_image":[{"width":800,"height":800,"url":"https:\/\/stourm.news\/wp-content\/uploads\/2024\/11\/EXPORT_LOGO_CARRE.webp","type":"image\/webp"}],"author":"La r\u00e9daction","twitter_card":"summary_large_image","twitter_misc":{"\u00c9crit par":"La r\u00e9daction","Dur\u00e9e de lecture estim\u00e9e":"3 minutes"},"schema":{"@context":"https:\/\/schema.org","@graph":[{"@type":"Article","@id":"https:\/\/stourm.news\/?p=2851#article","isPartOf":{"@id":"https:\/\/stourm.news\/?p=2851"},"author":{"name":"La r\u00e9daction","@id":"https:\/\/stourm.news\/#\/schema\/person\/c3e1dc65988632e190969234ef046cf9"},"headline":"Ti ar Vro Gwened : quand la culture bretonne s&rsquo;efface devant le cosmopolitisme de la gauche hexagonale","datePublished":"2024-11-21T07:56:58+00:00","mainEntityOfPage":{"@id":"https:\/\/stourm.news\/?p=2851"},"wordCount":551,"commentCount":0,"publisher":{"@id":"https:\/\/stourm.news\/#organization"},"image":{"@id":"https:\/\/stourm.news\/?p=2851#primaryimage"},"thumbnailUrl":"https:\/\/stourm.news\/wp-content\/uploads\/2024\/11\/EXPORT_LOGO_CARRE.webp","articleSection":["Breizh","Editorial","Principale"],"inLanguage":"fr-FR","potentialAction":[{"@type":"CommentAction","name":"Comment","target":["https:\/\/stourm.news\/?p=2851#respond"]}]},{"@type":"WebPage","@id":"https:\/\/stourm.news\/?p=2851","url":"https:\/\/stourm.news\/?p=2851","name":"Ti ar Vro Gwened : quand la culture bretonne s'efface devant le cosmopolitisme de la gauche hexagonale - STOURM","isPartOf":{"@id":"https:\/\/stourm.news\/#website"},"primaryImageOfPage":{"@id":"https:\/\/stourm.news\/?p=2851#primaryimage"},"image":{"@id":"https:\/\/stourm.news\/?p=2851#primaryimage"},"thumbnailUrl":"https:\/\/stourm.news\/wp-content\/uploads\/2024\/11\/EXPORT_LOGO_CARRE.webp","datePublished":"2024-11-21T07:56:58+00:00","breadcrumb":{"@id":"https:\/\/stourm.news\/?p=2851#breadcrumb"},"inLanguage":"fr-FR","potentialAction":[{"@type":"ReadAction","target":["https:\/\/stourm.news\/?p=2851"]}]},{"@type":"ImageObject","inLanguage":"fr-FR","@id":"https:\/\/stourm.news\/?p=2851#primaryimage","url":"https:\/\/stourm.news\/wp-content\/uploads\/2024\/11\/EXPORT_LOGO_CARRE.webp","contentUrl":"https:\/\/stourm.news\/wp-content\/uploads\/2024\/11\/EXPORT_LOGO_CARRE.webp","width":800,"height":800},{"@type":"BreadcrumbList","@id":"https:\/\/stourm.news\/?p=2851#breadcrumb","itemListElement":[{"@type":"ListItem","position":1,"name":"Accueil","item":"https:\/\/stourm.news\/"},{"@type":"ListItem","position":2,"name":"Ti ar Vro Gwened : quand la culture bretonne s&rsquo;efface devant le cosmopolitisme de la gauche hexagonale"}]},{"@type":"WebSite","@id":"https:\/\/stourm.news\/#website","url":"https:\/\/stourm.news\/","name":"Stourm","description":"Kazetenn Strollad Broadel Breizh","publisher":{"@id":"https:\/\/stourm.news\/#organization"},"potentialAction":[{"@type":"SearchAction","target":{"@type":"EntryPoint","urlTemplate":"https:\/\/stourm.news\/?s={search_term_string}"},"query-input":{"@type":"PropertyValueSpecification","valueRequired":true,"valueName":"search_term_string"}}],"inLanguage":"fr-FR"},{"@type":"Organization","@id":"https:\/\/stourm.news\/#organization","name":"Stourm","url":"https:\/\/stourm.news\/","logo":{"@type":"ImageObject","inLanguage":"fr-FR","@id":"https:\/\/stourm.news\/#\/schema\/logo\/image\/","url":"https:\/\/stourm.news\/wp-content\/uploads\/2025\/11\/cropped-Capture-decran-2025-11-28-a-15.19.07.png","contentUrl":"https:\/\/stourm.news\/wp-content\/uploads\/2025\/11\/cropped-Capture-decran-2025-11-28-a-15.19.07.png","width":1855,"height":383,"caption":"Stourm"},"image":{"@id":"https:\/\/stourm.news\/#\/schema\/logo\/image\/"},"sameAs":["https:\/\/www.facebook.com\/stourmnews\/"]},{"@type":"Person","@id":"https:\/\/stourm.news\/#\/schema\/person\/c3e1dc65988632e190969234ef046cf9","name":"La r\u00e9daction","image":{"@type":"ImageObject","inLanguage":"fr-FR","@id":"https:\/\/stourm.news\/#\/schema\/person\/image\/","url":"https:\/\/secure.gravatar.com\/avatar\/7463443f194b6b5fb706b074ca0ef59a0cfcfd720cb47764b0ec5a952ce422b3?s=96&d=mm&r=g","contentUrl":"https:\/\/secure.gravatar.com\/avatar\/7463443f194b6b5fb706b074ca0ef59a0cfcfd720cb47764b0ec5a952ce422b3?s=96&d=mm&r=g","caption":"La r\u00e9daction"},"sameAs":["https:\/\/stourm.news"],"url":"https:\/\/stourm.news\/?author=1"}]}},"_links":{"self":[{"href":"https:\/\/stourm.news\/index.php?rest_route=\/wp\/v2\/posts\/2851","targetHints":{"allow":["GET"]}}],"collection":[{"href":"https:\/\/stourm.news\/index.php?rest_route=\/wp\/v2\/posts"}],"about":[{"href":"https:\/\/stourm.news\/index.php?rest_route=\/wp\/v2\/types\/post"}],"author":[{"embeddable":true,"href":"https:\/\/stourm.news\/index.php?rest_route=\/wp\/v2\/users\/1"}],"replies":[{"embeddable":true,"href":"https:\/\/stourm.news\/index.php?rest_route=%2Fwp%2Fv2%2Fcomments&post=2851"}],"version-history":[{"count":1,"href":"https:\/\/stourm.news\/index.php?rest_route=\/wp\/v2\/posts\/2851\/revisions"}],"predecessor-version":[{"id":2853,"href":"https:\/\/stourm.news\/index.php?rest_route=\/wp\/v2\/posts\/2851\/revisions\/2853"}],"wp:featuredmedia":[{"embeddable":true,"href":"https:\/\/stourm.news\/index.php?rest_route=\/wp\/v2\/media\/2852"}],"wp:attachment":[{"href":"https:\/\/stourm.news\/index.php?rest_route=%2Fwp%2Fv2%2Fmedia&parent=2851"}],"wp:term":[{"taxonomy":"category","embeddable":true,"href":"https:\/\/stourm.news\/index.php?rest_route=%2Fwp%2Fv2%2Fcategories&post=2851"},{"taxonomy":"post_tag","embeddable":true,"href":"https:\/\/stourm.news\/index.php?rest_route=%2Fwp%2Fv2%2Ftags&post=2851"}],"curies":[{"name":"wp","href":"https:\/\/api.w.org\/{rel}","templated":true}]}}