{"id":2861,"date":"2024-11-23T08:23:46","date_gmt":"2024-11-23T08:23:46","guid":{"rendered":"https:\/\/stourm.news\/?p=2861"},"modified":"2024-11-23T08:23:46","modified_gmt":"2024-11-23T08:23:46","slug":"tirs-darme-violences-un-mineur-de-15-ans-du-pays-de-retz-interpelle-apres-deux-violentes-agressions","status":"publish","type":"post","link":"https:\/\/stourm.news\/?p=2861","title":{"rendered":"Tirs d&rsquo;arme, violences : un mineur de 15 ans du Pays de Retz interpell\u00e9 apr\u00e8s deux violentes agressions"},"content":{"rendered":"<p style=\"text-align: justify;\">Les deux agressions ont eu lieu le m\u00eame jour la semaine derni\u00e8re, le 15 novembre. La premi\u00e8re a eu lieu aux alentours de 18h, au niveau d&rsquo;un terrain de sport \u00e0 Saint-Viaud. Un jeune homme de 16 ans a \u00e9t\u00e9 rou\u00e9 de coups. L&rsquo;auteur, qui s&rsquo;\u00e9tait muni d&rsquo;une arme de poing, l&rsquo;avait violemment frapp\u00e9 au visage, \u00ab\u00a0occasionnant de s\u00e9rieuses blessures\u00a0\u00bb racontent les gendarmes. Pour le moment, le motif de cette premi\u00e8re agression n&rsquo;est toujours pas connu. Cette sc\u00e8ne de violence a \u00e9t\u00e9 film\u00e9e par une mineure de 16 ans.<\/p>\n<p style=\"text-align: justify;\">Le m\u00eame jour, vers 23h50, l&rsquo;auteur, \u00e2g\u00e9 de 15 ans, a ensuite \u00e9t\u00e9 au c\u0153ur d&rsquo;une altercation sur le parking du bowling de Saint-Br\u00e9vin-les-Pins, sur fond de vol de scooter. La victime, un homme \u00e2g\u00e9 de 25 ans, a \u00e9t\u00e9 touch\u00e9e par deux tirs d&rsquo;arme. Gravement bless\u00e9 \u00e0 l&rsquo;\u0153il, il a ensuite \u00e9t\u00e9 transport\u00e9 \u00e0 l&rsquo;h\u00f4pital de Nantes, des actes \u00ab\u00a0peu communs dans le pays de Retz\u00a0\u00bb expliquent la gendarmerie.<\/p>\n<p style=\"text-align: justify;\">Quatre jours plus tard, le 19 novembre, les gendarmes interpellent puis placent 4 individus en garde \u00e0 vue, \u00e2g\u00e9s de 15 \u00e0 18 ans. Suite \u00e0 ces mesures, les forces de l&rsquo;ordre parviennent \u00e0 identifier ce mineur de 15 ans, domicili\u00e9 \u00e0 Saint-Viaud, comme seul responsable impliqu\u00e9 dans ces deux altercations. Le jeune a rapidement reconnu les faits. Plac\u00e9 sous contr\u00f4le judicaire, il sera convoqu\u00e9, avec la jeune fille de 16 ans qui a film\u00e9 l&rsquo;une des agressions, le 28 janvier prochain pour son audience de jugement.<\/p>\n<p style=\"text-align: justify;\">Source : <a href=\"https:\/\/www.francebleu.fr\/infos\/faits-divers-justice\/tirs-d-arme-violences-un-mineur-de-15-ans-du-pays-de-retz-interpelle-apres-deux-violentes-agressions-8453625\">France Bleu<\/a><\/p>\n","protected":false},"excerpt":{"rendered":"<p>Les deux agressions ont eu lieu le m\u00eame jour la semaine derni\u00e8re, le 15 novembre. La premi\u00e8re a eu lieu aux alentours de 18h, au niveau d&rsquo;un terrain de sport \u00e0 Saint-Viaud. Un jeune homme de 16 ans a \u00e9t\u00e9 rou\u00e9 de coups. L&rsquo;auteur, qui s&rsquo;\u00e9tait muni d&rsquo;une arme de poing, l&rsquo;avait violemment frapp\u00e9 au [&hellip;]<\/p>\n","protected":false},"author":1,"featured_media":2862,"comment_status":"open","ping_status":"open","sticky":false,"template":"","format":"standard","meta":{"sb_editor_width":"","footnotes":""},"categories":[31,42,62],"tags":[],"class_list":["post-2861","post","type-post","status-publish","format-standard","has-post-thumbnail","hentry","category-agression","category-loire-atlantique","category-revue-de-presse"],"relative_dates":{"created":"1 an ago","modified":"1 an ago"},"yoast_head":"<!-- This site is optimized with the Yoast SEO plugin v26.3 - https:\/\/yoast.com\/wordpress\/plugins\/seo\/ -->\n<title>Tirs d&#039;arme, violences : un mineur de 15 ans du Pays de Retz interpell\u00e9 apr\u00e8s deux violentes agressions - STOURM<\/title>\n<meta name=\"robots\" content=\"index, follow, max-snippet:-1, max-image-preview:large, max-video-preview:-1\" \/>\n<link rel=\"canonical\" href=\"https:\/\/stourm.news\/?p=2861\" \/>\n<meta property=\"og:locale\" content=\"fr_FR\" \/>\n<meta property=\"og:type\" content=\"article\" \/>\n<meta property=\"og:title\" content=\"Tirs d&#039;arme, violences : un mineur de 15 ans du Pays de Retz interpell\u00e9 apr\u00e8s deux violentes agressions - STOURM\" \/>\n<meta property=\"og:description\" content=\"Les deux agressions ont eu lieu le m\u00eame jour la semaine derni\u00e8re, le 15 novembre. La premi\u00e8re a eu lieu aux alentours de 18h, au niveau d&rsquo;un terrain de sport \u00e0 Saint-Viaud. Un jeune homme de 16 ans a \u00e9t\u00e9 rou\u00e9 de coups. L&rsquo;auteur, qui s&rsquo;\u00e9tait muni d&rsquo;une arme de poing, l&rsquo;avait violemment frapp\u00e9 au [&hellip;]\" \/>\n<meta property=\"og:url\" content=\"https:\/\/stourm.news\/?p=2861\" \/>\n<meta property=\"og:site_name\" content=\"STOURM\" \/>\n<meta property=\"article:publisher\" content=\"https:\/\/www.facebook.com\/stourmnews\/\" \/>\n<meta property=\"article:published_time\" content=\"2024-11-23T08:23:46+00:00\" \/>\n<meta property=\"og:image\" content=\"https:\/\/stourm.news\/wp-content\/uploads\/2024\/11\/1200x680_sc_sc_sc_952990-29kdrp7x8h-whr.webp\" \/>\n\t<meta property=\"og:image:width\" content=\"1200\" \/>\n\t<meta property=\"og:image:height\" content=\"680\" \/>\n\t<meta property=\"og:image:type\" content=\"image\/webp\" \/>\n<meta name=\"author\" content=\"La r\u00e9daction\" \/>\n<meta name=\"twitter:card\" content=\"summary_large_image\" \/>\n<meta name=\"twitter:label1\" content=\"\u00c9crit par\" \/>\n\t<meta name=\"twitter:data1\" content=\"La r\u00e9daction\" \/>\n\t<meta name=\"twitter:label2\" content=\"Dur\u00e9e de lecture estim\u00e9e\" \/>\n\t<meta name=\"twitter:data2\" content=\"2 minutes\" \/>\n<script type=\"application\/ld+json\" class=\"yoast-schema-graph\">{\"@context\":\"https:\/\/schema.org\",\"@graph\":[{\"@type\":\"Article\",\"@id\":\"https:\/\/stourm.news\/?p=2861#article\",\"isPartOf\":{\"@id\":\"https:\/\/stourm.news\/?p=2861\"},\"author\":{\"name\":\"La r\u00e9daction\",\"@id\":\"https:\/\/stourm.news\/#\/schema\/person\/c3e1dc65988632e190969234ef046cf9\"},\"headline\":\"Tirs d&rsquo;arme, violences : un mineur de 15 ans du Pays de Retz interpell\u00e9 apr\u00e8s deux violentes agressions\",\"datePublished\":\"2024-11-23T08:23:46+00:00\",\"mainEntityOfPage\":{\"@id\":\"https:\/\/stourm.news\/?p=2861\"},\"wordCount\":274,\"commentCount\":0,\"publisher\":{\"@id\":\"https:\/\/stourm.news\/#organization\"},\"image\":{\"@id\":\"https:\/\/stourm.news\/?p=2861#primaryimage\"},\"thumbnailUrl\":\"https:\/\/stourm.news\/wp-content\/uploads\/2024\/11\/1200x680_sc_sc_sc_952990-29kdrp7x8h-whr.webp\",\"articleSection\":[\"Agression\",\"Loire-Atlantique\",\"Revue de presse\"],\"inLanguage\":\"fr-FR\",\"potentialAction\":[{\"@type\":\"CommentAction\",\"name\":\"Comment\",\"target\":[\"https:\/\/stourm.news\/?p=2861#respond\"]}]},{\"@type\":\"WebPage\",\"@id\":\"https:\/\/stourm.news\/?p=2861\",\"url\":\"https:\/\/stourm.news\/?p=2861\",\"name\":\"Tirs d'arme, violences : un mineur de 15 ans du Pays de Retz interpell\u00e9 apr\u00e8s deux violentes agressions - STOURM\",\"isPartOf\":{\"@id\":\"https:\/\/stourm.news\/#website\"},\"primaryImageOfPage\":{\"@id\":\"https:\/\/stourm.news\/?p=2861#primaryimage\"},\"image\":{\"@id\":\"https:\/\/stourm.news\/?p=2861#primaryimage\"},\"thumbnailUrl\":\"https:\/\/stourm.news\/wp-content\/uploads\/2024\/11\/1200x680_sc_sc_sc_952990-29kdrp7x8h-whr.webp\",\"datePublished\":\"2024-11-23T08:23:46+00:00\",\"breadcrumb\":{\"@id\":\"https:\/\/stourm.news\/?p=2861#breadcrumb\"},\"inLanguage\":\"fr-FR\",\"potentialAction\":[{\"@type\":\"ReadAction\",\"target\":[\"https:\/\/stourm.news\/?p=2861\"]}]},{\"@type\":\"ImageObject\",\"inLanguage\":\"fr-FR\",\"@id\":\"https:\/\/stourm.news\/?p=2861#primaryimage\",\"url\":\"https:\/\/stourm.news\/wp-content\/uploads\/2024\/11\/1200x680_sc_sc_sc_952990-29kdrp7x8h-whr.webp\",\"contentUrl\":\"https:\/\/stourm.news\/wp-content\/uploads\/2024\/11\/1200x680_sc_sc_sc_952990-29kdrp7x8h-whr.webp\",\"width\":1200,\"height\":680},{\"@type\":\"BreadcrumbList\",\"@id\":\"https:\/\/stourm.news\/?p=2861#breadcrumb\",\"itemListElement\":[{\"@type\":\"ListItem\",\"position\":1,\"name\":\"Accueil\",\"item\":\"https:\/\/stourm.news\/\"},{\"@type\":\"ListItem\",\"position\":2,\"name\":\"Tirs d&rsquo;arme, violences : un mineur de 15 ans du Pays de Retz interpell\u00e9 apr\u00e8s deux violentes agressions\"}]},{\"@type\":\"WebSite\",\"@id\":\"https:\/\/stourm.news\/#website\",\"url\":\"https:\/\/stourm.news\/\",\"name\":\"Stourm\",\"description\":\"Kazetenn Strollad Broadel Breizh\",\"publisher\":{\"@id\":\"https:\/\/stourm.news\/#organization\"},\"potentialAction\":[{\"@type\":\"SearchAction\",\"target\":{\"@type\":\"EntryPoint\",\"urlTemplate\":\"https:\/\/stourm.news\/?s={search_term_string}\"},\"query-input\":{\"@type\":\"PropertyValueSpecification\",\"valueRequired\":true,\"valueName\":\"search_term_string\"}}],\"inLanguage\":\"fr-FR\"},{\"@type\":\"Organization\",\"@id\":\"https:\/\/stourm.news\/#organization\",\"name\":\"Stourm\",\"url\":\"https:\/\/stourm.news\/\",\"logo\":{\"@type\":\"ImageObject\",\"inLanguage\":\"fr-FR\",\"@id\":\"https:\/\/stourm.news\/#\/schema\/logo\/image\/\",\"url\":\"https:\/\/stourm.news\/wp-content\/uploads\/2025\/11\/cropped-Capture-decran-2025-11-28-a-15.19.07.png\",\"contentUrl\":\"https:\/\/stourm.news\/wp-content\/uploads\/2025\/11\/cropped-Capture-decran-2025-11-28-a-15.19.07.png\",\"width\":1855,\"height\":383,\"caption\":\"Stourm\"},\"image\":{\"@id\":\"https:\/\/stourm.news\/#\/schema\/logo\/image\/\"},\"sameAs\":[\"https:\/\/www.facebook.com\/stourmnews\/\"]},{\"@type\":\"Person\",\"@id\":\"https:\/\/stourm.news\/#\/schema\/person\/c3e1dc65988632e190969234ef046cf9\",\"name\":\"La r\u00e9daction\",\"image\":{\"@type\":\"ImageObject\",\"inLanguage\":\"fr-FR\",\"@id\":\"https:\/\/stourm.news\/#\/schema\/person\/image\/\",\"url\":\"https:\/\/secure.gravatar.com\/avatar\/7463443f194b6b5fb706b074ca0ef59a0cfcfd720cb47764b0ec5a952ce422b3?s=96&d=mm&r=g\",\"contentUrl\":\"https:\/\/secure.gravatar.com\/avatar\/7463443f194b6b5fb706b074ca0ef59a0cfcfd720cb47764b0ec5a952ce422b3?s=96&d=mm&r=g\",\"caption\":\"La r\u00e9daction\"},\"sameAs\":[\"https:\/\/stourm.news\"],\"url\":\"https:\/\/stourm.news\/?author=1\"}]}<\/script>\n<!-- \/ Yoast SEO plugin. -->","yoast_head_json":{"title":"Tirs d'arme, violences : un mineur de 15 ans du Pays de Retz interpell\u00e9 apr\u00e8s deux violentes agressions - STOURM","robots":{"index":"index","follow":"follow","max-snippet":"max-snippet:-1","max-image-preview":"max-image-preview:large","max-video-preview":"max-video-preview:-1"},"canonical":"https:\/\/stourm.news\/?p=2861","og_locale":"fr_FR","og_type":"article","og_title":"Tirs d'arme, violences : un mineur de 15 ans du Pays de Retz interpell\u00e9 apr\u00e8s deux violentes agressions - STOURM","og_description":"Les deux agressions ont eu lieu le m\u00eame jour la semaine derni\u00e8re, le 15 novembre. La premi\u00e8re a eu lieu aux alentours de 18h, au niveau d&rsquo;un terrain de sport \u00e0 Saint-Viaud. Un jeune homme de 16 ans a \u00e9t\u00e9 rou\u00e9 de coups. L&rsquo;auteur, qui s&rsquo;\u00e9tait muni d&rsquo;une arme de poing, l&rsquo;avait violemment frapp\u00e9 au [&hellip;]","og_url":"https:\/\/stourm.news\/?p=2861","og_site_name":"STOURM","article_publisher":"https:\/\/www.facebook.com\/stourmnews\/","article_published_time":"2024-11-23T08:23:46+00:00","og_image":[{"width":1200,"height":680,"url":"https:\/\/stourm.news\/wp-content\/uploads\/2024\/11\/1200x680_sc_sc_sc_952990-29kdrp7x8h-whr.webp","type":"image\/webp"}],"author":"La r\u00e9daction","twitter_card":"summary_large_image","twitter_misc":{"\u00c9crit par":"La r\u00e9daction","Dur\u00e9e de lecture estim\u00e9e":"2 minutes"},"schema":{"@context":"https:\/\/schema.org","@graph":[{"@type":"Article","@id":"https:\/\/stourm.news\/?p=2861#article","isPartOf":{"@id":"https:\/\/stourm.news\/?p=2861"},"author":{"name":"La r\u00e9daction","@id":"https:\/\/stourm.news\/#\/schema\/person\/c3e1dc65988632e190969234ef046cf9"},"headline":"Tirs d&rsquo;arme, violences : un mineur de 15 ans du Pays de Retz interpell\u00e9 apr\u00e8s deux violentes agressions","datePublished":"2024-11-23T08:23:46+00:00","mainEntityOfPage":{"@id":"https:\/\/stourm.news\/?p=2861"},"wordCount":274,"commentCount":0,"publisher":{"@id":"https:\/\/stourm.news\/#organization"},"image":{"@id":"https:\/\/stourm.news\/?p=2861#primaryimage"},"thumbnailUrl":"https:\/\/stourm.news\/wp-content\/uploads\/2024\/11\/1200x680_sc_sc_sc_952990-29kdrp7x8h-whr.webp","articleSection":["Agression","Loire-Atlantique","Revue de presse"],"inLanguage":"fr-FR","potentialAction":[{"@type":"CommentAction","name":"Comment","target":["https:\/\/stourm.news\/?p=2861#respond"]}]},{"@type":"WebPage","@id":"https:\/\/stourm.news\/?p=2861","url":"https:\/\/stourm.news\/?p=2861","name":"Tirs d'arme, violences : un mineur de 15 ans du Pays de Retz interpell\u00e9 apr\u00e8s deux violentes agressions - STOURM","isPartOf":{"@id":"https:\/\/stourm.news\/#website"},"primaryImageOfPage":{"@id":"https:\/\/stourm.news\/?p=2861#primaryimage"},"image":{"@id":"https:\/\/stourm.news\/?p=2861#primaryimage"},"thumbnailUrl":"https:\/\/stourm.news\/wp-content\/uploads\/2024\/11\/1200x680_sc_sc_sc_952990-29kdrp7x8h-whr.webp","datePublished":"2024-11-23T08:23:46+00:00","breadcrumb":{"@id":"https:\/\/stourm.news\/?p=2861#breadcrumb"},"inLanguage":"fr-FR","potentialAction":[{"@type":"ReadAction","target":["https:\/\/stourm.news\/?p=2861"]}]},{"@type":"ImageObject","inLanguage":"fr-FR","@id":"https:\/\/stourm.news\/?p=2861#primaryimage","url":"https:\/\/stourm.news\/wp-content\/uploads\/2024\/11\/1200x680_sc_sc_sc_952990-29kdrp7x8h-whr.webp","contentUrl":"https:\/\/stourm.news\/wp-content\/uploads\/2024\/11\/1200x680_sc_sc_sc_952990-29kdrp7x8h-whr.webp","width":1200,"height":680},{"@type":"BreadcrumbList","@id":"https:\/\/stourm.news\/?p=2861#breadcrumb","itemListElement":[{"@type":"ListItem","position":1,"name":"Accueil","item":"https:\/\/stourm.news\/"},{"@type":"ListItem","position":2,"name":"Tirs d&rsquo;arme, violences : un mineur de 15 ans du Pays de Retz interpell\u00e9 apr\u00e8s deux violentes agressions"}]},{"@type":"WebSite","@id":"https:\/\/stourm.news\/#website","url":"https:\/\/stourm.news\/","name":"Stourm","description":"Kazetenn Strollad Broadel Breizh","publisher":{"@id":"https:\/\/stourm.news\/#organization"},"potentialAction":[{"@type":"SearchAction","target":{"@type":"EntryPoint","urlTemplate":"https:\/\/stourm.news\/?s={search_term_string}"},"query-input":{"@type":"PropertyValueSpecification","valueRequired":true,"valueName":"search_term_string"}}],"inLanguage":"fr-FR"},{"@type":"Organization","@id":"https:\/\/stourm.news\/#organization","name":"Stourm","url":"https:\/\/stourm.news\/","logo":{"@type":"ImageObject","inLanguage":"fr-FR","@id":"https:\/\/stourm.news\/#\/schema\/logo\/image\/","url":"https:\/\/stourm.news\/wp-content\/uploads\/2025\/11\/cropped-Capture-decran-2025-11-28-a-15.19.07.png","contentUrl":"https:\/\/stourm.news\/wp-content\/uploads\/2025\/11\/cropped-Capture-decran-2025-11-28-a-15.19.07.png","width":1855,"height":383,"caption":"Stourm"},"image":{"@id":"https:\/\/stourm.news\/#\/schema\/logo\/image\/"},"sameAs":["https:\/\/www.facebook.com\/stourmnews\/"]},{"@type":"Person","@id":"https:\/\/stourm.news\/#\/schema\/person\/c3e1dc65988632e190969234ef046cf9","name":"La r\u00e9daction","image":{"@type":"ImageObject","inLanguage":"fr-FR","@id":"https:\/\/stourm.news\/#\/schema\/person\/image\/","url":"https:\/\/secure.gravatar.com\/avatar\/7463443f194b6b5fb706b074ca0ef59a0cfcfd720cb47764b0ec5a952ce422b3?s=96&d=mm&r=g","contentUrl":"https:\/\/secure.gravatar.com\/avatar\/7463443f194b6b5fb706b074ca0ef59a0cfcfd720cb47764b0ec5a952ce422b3?s=96&d=mm&r=g","caption":"La r\u00e9daction"},"sameAs":["https:\/\/stourm.news"],"url":"https:\/\/stourm.news\/?author=1"}]}},"_links":{"self":[{"href":"https:\/\/stourm.news\/index.php?rest_route=\/wp\/v2\/posts\/2861","targetHints":{"allow":["GET"]}}],"collection":[{"href":"https:\/\/stourm.news\/index.php?rest_route=\/wp\/v2\/posts"}],"about":[{"href":"https:\/\/stourm.news\/index.php?rest_route=\/wp\/v2\/types\/post"}],"author":[{"embeddable":true,"href":"https:\/\/stourm.news\/index.php?rest_route=\/wp\/v2\/users\/1"}],"replies":[{"embeddable":true,"href":"https:\/\/stourm.news\/index.php?rest_route=%2Fwp%2Fv2%2Fcomments&post=2861"}],"version-history":[{"count":1,"href":"https:\/\/stourm.news\/index.php?rest_route=\/wp\/v2\/posts\/2861\/revisions"}],"predecessor-version":[{"id":2863,"href":"https:\/\/stourm.news\/index.php?rest_route=\/wp\/v2\/posts\/2861\/revisions\/2863"}],"wp:featuredmedia":[{"embeddable":true,"href":"https:\/\/stourm.news\/index.php?rest_route=\/wp\/v2\/media\/2862"}],"wp:attachment":[{"href":"https:\/\/stourm.news\/index.php?rest_route=%2Fwp%2Fv2%2Fmedia&parent=2861"}],"wp:term":[{"taxonomy":"category","embeddable":true,"href":"https:\/\/stourm.news\/index.php?rest_route=%2Fwp%2Fv2%2Fcategories&post=2861"},{"taxonomy":"post_tag","embeddable":true,"href":"https:\/\/stourm.news\/index.php?rest_route=%2Fwp%2Fv2%2Ftags&post=2861"}],"curies":[{"name":"wp","href":"https:\/\/api.w.org\/{rel}","templated":true}]}}