{"id":2864,"date":"2024-11-23T08:26:42","date_gmt":"2024-11-23T08:26:42","guid":{"rendered":"https:\/\/stourm.news\/?p=2864"},"modified":"2024-11-23T08:26:42","modified_gmt":"2024-11-23T08:26:42","slug":"rennes-nouvelle-agression-au-couteau-dans-le-quartier-multiculturel-du-blosne","status":"publish","type":"post","link":"https:\/\/stourm.news\/?p=2864","title":{"rendered":"Rennes : nouvelle agression au couteau dans le quartier multiculturel du Blosne"},"content":{"rendered":"<p style=\"text-align: justify;\">Vendredi 22 novembre 2024, vers 19\u2009h\u200930, les forces de l\u2019ordre \u00e9taient pr\u00e9sentes dans le quartier du Blosne, non loin du centre commercial Italie, square de S\u00e9tubal, comme a pu le constater un journaliste d\u2019actu Rennes.<\/p>\n<p style=\"text-align: justify;\">Selon nos confr\u00e8res de Ouest-France, deux hommes auraient \u00e9t\u00e9 \u00ab\u2009bless\u00e9s par arme blanche\u2009\u00bb avant d\u2019\u00eatre pris en charge par les secours et transport\u00e9s \u00e0 l\u2019h\u00f4pital.<\/p>\n<p style=\"text-align: justify;\">Contact\u00e9s par la r\u00e9daction, les sapeurs-pompiers n\u2019ont pas souhait\u00e9 communiquer \u00e0 ce sujet. \u00c9galement sollicit\u00e9, le parquet de Rennes n\u2019a pas r\u00e9pondu \u00e0 notre demande \u00e0 l\u2019heure o\u00f9 nous publions ces lignes.<\/p>\n<p style=\"text-align: justify;\">Depuis le d\u00e9but du mois, ce type d\u2019\u00e9v\u00e9nement s\u2019encha\u00eene. Il s\u2019agit de la 5e agression par arme blanche.<\/p>\n<p style=\"text-align: justify;\">Source : Actu.fr<\/p>\n","protected":false},"excerpt":{"rendered":"<p>Vendredi 22 novembre 2024, vers 19\u2009h\u200930, les forces de l\u2019ordre \u00e9taient pr\u00e9sentes dans le quartier du Blosne, non loin du centre commercial Italie, square de S\u00e9tubal, comme a pu le constater un journaliste d\u2019actu Rennes. Selon nos confr\u00e8res de Ouest-France, deux hommes auraient \u00e9t\u00e9 \u00ab\u2009bless\u00e9s par arme blanche\u2009\u00bb avant d\u2019\u00eatre pris en charge par les [&hellip;]<\/p>\n","protected":false},"author":1,"featured_media":2865,"comment_status":"open","ping_status":"open","sticky":false,"template":"","format":"standard","meta":{"sb_editor_width":"","footnotes":""},"categories":[31,29,41,62],"tags":[],"class_list":["post-2864","post","type-post","status-publish","format-standard","has-post-thumbnail","hentry","category-agression","category-drogue","category-ille-et-vilaine","category-revue-de-presse"],"relative_dates":{"created":"1 an ago","modified":"1 an ago"},"yoast_head":"<!-- This site is optimized with the Yoast SEO plugin v26.3 - https:\/\/yoast.com\/wordpress\/plugins\/seo\/ -->\n<title>Rennes : nouvelle agression au couteau dans le quartier multiculturel du Blosne - STOURM<\/title>\n<meta name=\"robots\" content=\"index, follow, max-snippet:-1, max-image-preview:large, max-video-preview:-1\" \/>\n<link rel=\"canonical\" href=\"https:\/\/stourm.news\/?p=2864\" \/>\n<meta property=\"og:locale\" content=\"fr_FR\" \/>\n<meta property=\"og:type\" content=\"article\" \/>\n<meta property=\"og:title\" content=\"Rennes : nouvelle agression au couteau dans le quartier multiculturel du Blosne - STOURM\" \/>\n<meta property=\"og:description\" content=\"Vendredi 22 novembre 2024, vers 19\u2009h\u200930, les forces de l\u2019ordre \u00e9taient pr\u00e9sentes dans le quartier du Blosne, non loin du centre commercial Italie, square de S\u00e9tubal, comme a pu le constater un journaliste d\u2019actu Rennes. Selon nos confr\u00e8res de Ouest-France, deux hommes auraient \u00e9t\u00e9 \u00ab\u2009bless\u00e9s par arme blanche\u2009\u00bb avant d\u2019\u00eatre pris en charge par les [&hellip;]\" \/>\n<meta property=\"og:url\" content=\"https:\/\/stourm.news\/?p=2864\" \/>\n<meta property=\"og:site_name\" content=\"STOURM\" \/>\n<meta property=\"article:publisher\" content=\"https:\/\/www.facebook.com\/stourmnews\/\" \/>\n<meta property=\"article:published_time\" content=\"2024-11-23T08:26:42+00:00\" \/>\n<meta property=\"og:image\" content=\"https:\/\/stourm.news\/wp-content\/uploads\/2024\/11\/rennes-police-agression-italie-le-blosne-960x640-1.jpg\" \/>\n\t<meta property=\"og:image:width\" content=\"960\" \/>\n\t<meta property=\"og:image:height\" content=\"640\" \/>\n\t<meta property=\"og:image:type\" content=\"image\/jpeg\" \/>\n<meta name=\"author\" content=\"La r\u00e9daction\" \/>\n<meta name=\"twitter:card\" content=\"summary_large_image\" \/>\n<meta name=\"twitter:label1\" content=\"\u00c9crit par\" \/>\n\t<meta name=\"twitter:data1\" content=\"La r\u00e9daction\" \/>\n\t<meta name=\"twitter:label2\" content=\"Dur\u00e9e de lecture estim\u00e9e\" \/>\n\t<meta name=\"twitter:data2\" content=\"1 minute\" \/>\n<script type=\"application\/ld+json\" class=\"yoast-schema-graph\">{\"@context\":\"https:\/\/schema.org\",\"@graph\":[{\"@type\":\"Article\",\"@id\":\"https:\/\/stourm.news\/?p=2864#article\",\"isPartOf\":{\"@id\":\"https:\/\/stourm.news\/?p=2864\"},\"author\":{\"name\":\"La r\u00e9daction\",\"@id\":\"https:\/\/stourm.news\/#\/schema\/person\/c3e1dc65988632e190969234ef046cf9\"},\"headline\":\"Rennes : nouvelle agression au couteau dans le quartier multiculturel du Blosne\",\"datePublished\":\"2024-11-23T08:26:42+00:00\",\"mainEntityOfPage\":{\"@id\":\"https:\/\/stourm.news\/?p=2864\"},\"wordCount\":140,\"commentCount\":0,\"publisher\":{\"@id\":\"https:\/\/stourm.news\/#organization\"},\"image\":{\"@id\":\"https:\/\/stourm.news\/?p=2864#primaryimage\"},\"thumbnailUrl\":\"https:\/\/stourm.news\/wp-content\/uploads\/2024\/11\/rennes-police-agression-italie-le-blosne-960x640-1.jpg\",\"articleSection\":[\"Agression\",\"Drogue\",\"Ille-et-Vilaine\",\"Revue de presse\"],\"inLanguage\":\"fr-FR\",\"potentialAction\":[{\"@type\":\"CommentAction\",\"name\":\"Comment\",\"target\":[\"https:\/\/stourm.news\/?p=2864#respond\"]}]},{\"@type\":\"WebPage\",\"@id\":\"https:\/\/stourm.news\/?p=2864\",\"url\":\"https:\/\/stourm.news\/?p=2864\",\"name\":\"Rennes : nouvelle agression au couteau dans le quartier multiculturel du Blosne - STOURM\",\"isPartOf\":{\"@id\":\"https:\/\/stourm.news\/#website\"},\"primaryImageOfPage\":{\"@id\":\"https:\/\/stourm.news\/?p=2864#primaryimage\"},\"image\":{\"@id\":\"https:\/\/stourm.news\/?p=2864#primaryimage\"},\"thumbnailUrl\":\"https:\/\/stourm.news\/wp-content\/uploads\/2024\/11\/rennes-police-agression-italie-le-blosne-960x640-1.jpg\",\"datePublished\":\"2024-11-23T08:26:42+00:00\",\"breadcrumb\":{\"@id\":\"https:\/\/stourm.news\/?p=2864#breadcrumb\"},\"inLanguage\":\"fr-FR\",\"potentialAction\":[{\"@type\":\"ReadAction\",\"target\":[\"https:\/\/stourm.news\/?p=2864\"]}]},{\"@type\":\"ImageObject\",\"inLanguage\":\"fr-FR\",\"@id\":\"https:\/\/stourm.news\/?p=2864#primaryimage\",\"url\":\"https:\/\/stourm.news\/wp-content\/uploads\/2024\/11\/rennes-police-agression-italie-le-blosne-960x640-1.jpg\",\"contentUrl\":\"https:\/\/stourm.news\/wp-content\/uploads\/2024\/11\/rennes-police-agression-italie-le-blosne-960x640-1.jpg\",\"width\":960,\"height\":640},{\"@type\":\"BreadcrumbList\",\"@id\":\"https:\/\/stourm.news\/?p=2864#breadcrumb\",\"itemListElement\":[{\"@type\":\"ListItem\",\"position\":1,\"name\":\"Accueil\",\"item\":\"https:\/\/stourm.news\/\"},{\"@type\":\"ListItem\",\"position\":2,\"name\":\"Rennes : nouvelle agression au couteau dans le quartier multiculturel du Blosne\"}]},{\"@type\":\"WebSite\",\"@id\":\"https:\/\/stourm.news\/#website\",\"url\":\"https:\/\/stourm.news\/\",\"name\":\"Stourm\",\"description\":\"Kazetenn Strollad Broadel Breizh\",\"publisher\":{\"@id\":\"https:\/\/stourm.news\/#organization\"},\"potentialAction\":[{\"@type\":\"SearchAction\",\"target\":{\"@type\":\"EntryPoint\",\"urlTemplate\":\"https:\/\/stourm.news\/?s={search_term_string}\"},\"query-input\":{\"@type\":\"PropertyValueSpecification\",\"valueRequired\":true,\"valueName\":\"search_term_string\"}}],\"inLanguage\":\"fr-FR\"},{\"@type\":\"Organization\",\"@id\":\"https:\/\/stourm.news\/#organization\",\"name\":\"Stourm\",\"url\":\"https:\/\/stourm.news\/\",\"logo\":{\"@type\":\"ImageObject\",\"inLanguage\":\"fr-FR\",\"@id\":\"https:\/\/stourm.news\/#\/schema\/logo\/image\/\",\"url\":\"https:\/\/stourm.news\/wp-content\/uploads\/2025\/11\/cropped-Capture-decran-2025-11-28-a-15.19.07.png\",\"contentUrl\":\"https:\/\/stourm.news\/wp-content\/uploads\/2025\/11\/cropped-Capture-decran-2025-11-28-a-15.19.07.png\",\"width\":1855,\"height\":383,\"caption\":\"Stourm\"},\"image\":{\"@id\":\"https:\/\/stourm.news\/#\/schema\/logo\/image\/\"},\"sameAs\":[\"https:\/\/www.facebook.com\/stourmnews\/\"]},{\"@type\":\"Person\",\"@id\":\"https:\/\/stourm.news\/#\/schema\/person\/c3e1dc65988632e190969234ef046cf9\",\"name\":\"La r\u00e9daction\",\"image\":{\"@type\":\"ImageObject\",\"inLanguage\":\"fr-FR\",\"@id\":\"https:\/\/stourm.news\/#\/schema\/person\/image\/\",\"url\":\"https:\/\/secure.gravatar.com\/avatar\/7463443f194b6b5fb706b074ca0ef59a0cfcfd720cb47764b0ec5a952ce422b3?s=96&d=mm&r=g\",\"contentUrl\":\"https:\/\/secure.gravatar.com\/avatar\/7463443f194b6b5fb706b074ca0ef59a0cfcfd720cb47764b0ec5a952ce422b3?s=96&d=mm&r=g\",\"caption\":\"La r\u00e9daction\"},\"sameAs\":[\"https:\/\/stourm.news\"],\"url\":\"https:\/\/stourm.news\/?author=1\"}]}<\/script>\n<!-- \/ Yoast SEO plugin. -->","yoast_head_json":{"title":"Rennes : nouvelle agression au couteau dans le quartier multiculturel du Blosne - STOURM","robots":{"index":"index","follow":"follow","max-snippet":"max-snippet:-1","max-image-preview":"max-image-preview:large","max-video-preview":"max-video-preview:-1"},"canonical":"https:\/\/stourm.news\/?p=2864","og_locale":"fr_FR","og_type":"article","og_title":"Rennes : nouvelle agression au couteau dans le quartier multiculturel du Blosne - STOURM","og_description":"Vendredi 22 novembre 2024, vers 19\u2009h\u200930, les forces de l\u2019ordre \u00e9taient pr\u00e9sentes dans le quartier du Blosne, non loin du centre commercial Italie, square de S\u00e9tubal, comme a pu le constater un journaliste d\u2019actu Rennes. Selon nos confr\u00e8res de Ouest-France, deux hommes auraient \u00e9t\u00e9 \u00ab\u2009bless\u00e9s par arme blanche\u2009\u00bb avant d\u2019\u00eatre pris en charge par les [&hellip;]","og_url":"https:\/\/stourm.news\/?p=2864","og_site_name":"STOURM","article_publisher":"https:\/\/www.facebook.com\/stourmnews\/","article_published_time":"2024-11-23T08:26:42+00:00","og_image":[{"width":960,"height":640,"url":"https:\/\/stourm.news\/wp-content\/uploads\/2024\/11\/rennes-police-agression-italie-le-blosne-960x640-1.jpg","type":"image\/jpeg"}],"author":"La r\u00e9daction","twitter_card":"summary_large_image","twitter_misc":{"\u00c9crit par":"La r\u00e9daction","Dur\u00e9e de lecture estim\u00e9e":"1 minute"},"schema":{"@context":"https:\/\/schema.org","@graph":[{"@type":"Article","@id":"https:\/\/stourm.news\/?p=2864#article","isPartOf":{"@id":"https:\/\/stourm.news\/?p=2864"},"author":{"name":"La r\u00e9daction","@id":"https:\/\/stourm.news\/#\/schema\/person\/c3e1dc65988632e190969234ef046cf9"},"headline":"Rennes : nouvelle agression au couteau dans le quartier multiculturel du Blosne","datePublished":"2024-11-23T08:26:42+00:00","mainEntityOfPage":{"@id":"https:\/\/stourm.news\/?p=2864"},"wordCount":140,"commentCount":0,"publisher":{"@id":"https:\/\/stourm.news\/#organization"},"image":{"@id":"https:\/\/stourm.news\/?p=2864#primaryimage"},"thumbnailUrl":"https:\/\/stourm.news\/wp-content\/uploads\/2024\/11\/rennes-police-agression-italie-le-blosne-960x640-1.jpg","articleSection":["Agression","Drogue","Ille-et-Vilaine","Revue de presse"],"inLanguage":"fr-FR","potentialAction":[{"@type":"CommentAction","name":"Comment","target":["https:\/\/stourm.news\/?p=2864#respond"]}]},{"@type":"WebPage","@id":"https:\/\/stourm.news\/?p=2864","url":"https:\/\/stourm.news\/?p=2864","name":"Rennes : nouvelle agression au couteau dans le quartier multiculturel du Blosne - STOURM","isPartOf":{"@id":"https:\/\/stourm.news\/#website"},"primaryImageOfPage":{"@id":"https:\/\/stourm.news\/?p=2864#primaryimage"},"image":{"@id":"https:\/\/stourm.news\/?p=2864#primaryimage"},"thumbnailUrl":"https:\/\/stourm.news\/wp-content\/uploads\/2024\/11\/rennes-police-agression-italie-le-blosne-960x640-1.jpg","datePublished":"2024-11-23T08:26:42+00:00","breadcrumb":{"@id":"https:\/\/stourm.news\/?p=2864#breadcrumb"},"inLanguage":"fr-FR","potentialAction":[{"@type":"ReadAction","target":["https:\/\/stourm.news\/?p=2864"]}]},{"@type":"ImageObject","inLanguage":"fr-FR","@id":"https:\/\/stourm.news\/?p=2864#primaryimage","url":"https:\/\/stourm.news\/wp-content\/uploads\/2024\/11\/rennes-police-agression-italie-le-blosne-960x640-1.jpg","contentUrl":"https:\/\/stourm.news\/wp-content\/uploads\/2024\/11\/rennes-police-agression-italie-le-blosne-960x640-1.jpg","width":960,"height":640},{"@type":"BreadcrumbList","@id":"https:\/\/stourm.news\/?p=2864#breadcrumb","itemListElement":[{"@type":"ListItem","position":1,"name":"Accueil","item":"https:\/\/stourm.news\/"},{"@type":"ListItem","position":2,"name":"Rennes : nouvelle agression au couteau dans le quartier multiculturel du Blosne"}]},{"@type":"WebSite","@id":"https:\/\/stourm.news\/#website","url":"https:\/\/stourm.news\/","name":"Stourm","description":"Kazetenn Strollad Broadel Breizh","publisher":{"@id":"https:\/\/stourm.news\/#organization"},"potentialAction":[{"@type":"SearchAction","target":{"@type":"EntryPoint","urlTemplate":"https:\/\/stourm.news\/?s={search_term_string}"},"query-input":{"@type":"PropertyValueSpecification","valueRequired":true,"valueName":"search_term_string"}}],"inLanguage":"fr-FR"},{"@type":"Organization","@id":"https:\/\/stourm.news\/#organization","name":"Stourm","url":"https:\/\/stourm.news\/","logo":{"@type":"ImageObject","inLanguage":"fr-FR","@id":"https:\/\/stourm.news\/#\/schema\/logo\/image\/","url":"https:\/\/stourm.news\/wp-content\/uploads\/2025\/11\/cropped-Capture-decran-2025-11-28-a-15.19.07.png","contentUrl":"https:\/\/stourm.news\/wp-content\/uploads\/2025\/11\/cropped-Capture-decran-2025-11-28-a-15.19.07.png","width":1855,"height":383,"caption":"Stourm"},"image":{"@id":"https:\/\/stourm.news\/#\/schema\/logo\/image\/"},"sameAs":["https:\/\/www.facebook.com\/stourmnews\/"]},{"@type":"Person","@id":"https:\/\/stourm.news\/#\/schema\/person\/c3e1dc65988632e190969234ef046cf9","name":"La r\u00e9daction","image":{"@type":"ImageObject","inLanguage":"fr-FR","@id":"https:\/\/stourm.news\/#\/schema\/person\/image\/","url":"https:\/\/secure.gravatar.com\/avatar\/7463443f194b6b5fb706b074ca0ef59a0cfcfd720cb47764b0ec5a952ce422b3?s=96&d=mm&r=g","contentUrl":"https:\/\/secure.gravatar.com\/avatar\/7463443f194b6b5fb706b074ca0ef59a0cfcfd720cb47764b0ec5a952ce422b3?s=96&d=mm&r=g","caption":"La r\u00e9daction"},"sameAs":["https:\/\/stourm.news"],"url":"https:\/\/stourm.news\/?author=1"}]}},"_links":{"self":[{"href":"https:\/\/stourm.news\/index.php?rest_route=\/wp\/v2\/posts\/2864","targetHints":{"allow":["GET"]}}],"collection":[{"href":"https:\/\/stourm.news\/index.php?rest_route=\/wp\/v2\/posts"}],"about":[{"href":"https:\/\/stourm.news\/index.php?rest_route=\/wp\/v2\/types\/post"}],"author":[{"embeddable":true,"href":"https:\/\/stourm.news\/index.php?rest_route=\/wp\/v2\/users\/1"}],"replies":[{"embeddable":true,"href":"https:\/\/stourm.news\/index.php?rest_route=%2Fwp%2Fv2%2Fcomments&post=2864"}],"version-history":[{"count":1,"href":"https:\/\/stourm.news\/index.php?rest_route=\/wp\/v2\/posts\/2864\/revisions"}],"predecessor-version":[{"id":2866,"href":"https:\/\/stourm.news\/index.php?rest_route=\/wp\/v2\/posts\/2864\/revisions\/2866"}],"wp:featuredmedia":[{"embeddable":true,"href":"https:\/\/stourm.news\/index.php?rest_route=\/wp\/v2\/media\/2865"}],"wp:attachment":[{"href":"https:\/\/stourm.news\/index.php?rest_route=%2Fwp%2Fv2%2Fmedia&parent=2864"}],"wp:term":[{"taxonomy":"category","embeddable":true,"href":"https:\/\/stourm.news\/index.php?rest_route=%2Fwp%2Fv2%2Fcategories&post=2864"},{"taxonomy":"post_tag","embeddable":true,"href":"https:\/\/stourm.news\/index.php?rest_route=%2Fwp%2Fv2%2Ftags&post=2864"}],"curies":[{"name":"wp","href":"https:\/\/api.w.org\/{rel}","templated":true}]}}