{"id":2871,"date":"2024-11-26T05:03:29","date_gmt":"2024-11-26T05:03:29","guid":{"rendered":"https:\/\/stourm.news\/?p=2871"},"modified":"2024-11-26T05:03:29","modified_gmt":"2024-11-26T05:03:29","slug":"saint-herblain-un-jeune-handicape-viole-dans-les-toilettes-du-centre-commercial-atlantis-par-un-algerien","status":"publish","type":"post","link":"https:\/\/stourm.news\/?p=2871","title":{"rendered":"Saint-Herblain : un jeune handicap\u00e9 viol\u00e9 dans les toilettes du centre commercial Atlantis par un Alg\u00e9rien"},"content":{"rendered":"<p style=\"text-align: justify;\">Il est 15 h, vendredi. C\u2019est l\u2019affluence au centre commercial r\u00e9gional Atlantis aux couleurs et aux d\u00e9cors f\u00e9eriques de No\u00ebl, \u00e0 Saint-Herblain, \u00e0 l\u2019ouest de Nantes. Dans les vastes all\u00e9es de la galerie, lors de leur ronde, \u00ab des agents de s\u00e9curit\u00e9 comprennent qu\u2019il y a un probl\u00e8me, que quelque chose ne va pas \u00bb, relate la directrice, Alexandra Farci, que nous avons jointe dimanche soir.<\/p>\n<p style=\"text-align: justify;\">Les professionnels de la surveillance s\u2019enqui\u00e8rent aupr\u00e8s d\u2019une femme. Cette m\u00e8re d\u00e9nonce <strong>un viol<\/strong> subi par son fils de 25 ans tr\u00e8s vuln\u00e9rable, qui souffre d\u2019un trouble mental. Ne le voyant pas revenir des toilettes publiques, elle est all\u00e9e le chercher\u2026 L\u2019endroit o\u00f9 il aurait \u00e9t\u00e9 <strong>viol\u00e9<\/strong>. Les vigiles ont fait en sorte que le suspect \u00ab ne s\u2019\u00e9chappe pas \u00bb, poursuit la responsable. Ils l\u2019arr\u00eatent et alertent la police. Une patrouille, qui tourne r\u00e9guli\u00e8rement dans le secteur, arrive rapidement sur place.<\/p>\n<p style=\"text-align: justify;\">Les enqu\u00eateurs du service local de police judiciaire (ex-s\u00fbret\u00e9 d\u00e9partementale) de Nantes peuvent s\u2019appuyer sur la vid\u00e9osurveillance pr\u00e9sente dans la galerie marchande de 43 000 m2. \u00ab Nos halls de toilettes et les espaces salles de bains sont film\u00e9s \u00bb,pr\u00e9cise Alexandra Farci, dont les pens\u00e9es vont \u00ab particuli\u00e8rement \u00e0 la victime et \u00e0 sa m\u00e8re \u00bb. Le procureur de la R\u00e9publique de Nantes, Renaud Gaudeul, pr\u00e9cise que l\u2019homme mis en examen, <strong>un Alg\u00e9rien en errance<\/strong>, sans domicile et sans papiers&#8230;<\/p>\n<p>Source : <a href=\"https:\/\/www.ouest-france.fr\/faits-divers\/violence-sexuelle\/viol\/a-saint-herblain-un-jeune-homme-victime-dun-viol-dans-les-toilettes-du-centre-commercial-atlantis-63ac944e-aa5d-11ef-b615-96f9c0483433\">Ouest-France<\/a><\/p>\n","protected":false},"excerpt":{"rendered":"<p>Il est 15 h, vendredi. C\u2019est l\u2019affluence au centre commercial r\u00e9gional Atlantis aux couleurs et aux d\u00e9cors f\u00e9eriques de No\u00ebl, \u00e0 Saint-Herblain, \u00e0 l\u2019ouest de Nantes. Dans les vastes all\u00e9es de la galerie, lors de leur ronde, \u00ab des agents de s\u00e9curit\u00e9 comprennent qu\u2019il y a un probl\u00e8me, que quelque chose ne va pas \u00bb, [&hellip;]<\/p>\n","protected":false},"author":1,"featured_media":2872,"comment_status":"open","ping_status":"open","sticky":false,"template":"","format":"standard","meta":{"sb_editor_width":"","footnotes":""},"categories":[34,42,62],"tags":[],"class_list":["post-2871","post","type-post","status-publish","format-standard","has-post-thumbnail","hentry","category-agression-sexuelle","category-loire-atlantique","category-revue-de-presse"],"relative_dates":{"created":"1 an ago","modified":"1 an ago"},"yoast_head":"<!-- This site is optimized with the Yoast SEO plugin v26.3 - https:\/\/yoast.com\/wordpress\/plugins\/seo\/ -->\n<title>Saint-Herblain : un jeune handicap\u00e9 viol\u00e9 dans les toilettes du centre commercial Atlantis par un Alg\u00e9rien - STOURM<\/title>\n<meta name=\"robots\" content=\"index, follow, max-snippet:-1, max-image-preview:large, max-video-preview:-1\" \/>\n<link rel=\"canonical\" href=\"https:\/\/stourm.news\/?p=2871\" \/>\n<meta property=\"og:locale\" content=\"fr_FR\" \/>\n<meta property=\"og:type\" content=\"article\" \/>\n<meta property=\"og:title\" content=\"Saint-Herblain : un jeune handicap\u00e9 viol\u00e9 dans les toilettes du centre commercial Atlantis par un Alg\u00e9rien - STOURM\" \/>\n<meta property=\"og:description\" content=\"Il est 15 h, vendredi. C\u2019est l\u2019affluence au centre commercial r\u00e9gional Atlantis aux couleurs et aux d\u00e9cors f\u00e9eriques de No\u00ebl, \u00e0 Saint-Herblain, \u00e0 l\u2019ouest de Nantes. Dans les vastes all\u00e9es de la galerie, lors de leur ronde, \u00ab des agents de s\u00e9curit\u00e9 comprennent qu\u2019il y a un probl\u00e8me, que quelque chose ne va pas \u00bb, [&hellip;]\" \/>\n<meta property=\"og:url\" content=\"https:\/\/stourm.news\/?p=2871\" \/>\n<meta property=\"og:site_name\" content=\"STOURM\" \/>\n<meta property=\"article:publisher\" content=\"https:\/\/www.facebook.com\/stourmnews\/\" \/>\n<meta property=\"article:published_time\" content=\"2024-11-26T05:03:29+00:00\" \/>\n<meta name=\"author\" content=\"La r\u00e9daction\" \/>\n<meta name=\"twitter:card\" content=\"summary_large_image\" \/>\n<meta name=\"twitter:label1\" content=\"\u00c9crit par\" \/>\n\t<meta name=\"twitter:data1\" content=\"La r\u00e9daction\" \/>\n\t<meta name=\"twitter:label2\" content=\"Dur\u00e9e de lecture estim\u00e9e\" \/>\n\t<meta name=\"twitter:data2\" content=\"2 minutes\" \/>\n<script type=\"application\/ld+json\" class=\"yoast-schema-graph\">{\"@context\":\"https:\/\/schema.org\",\"@graph\":[{\"@type\":\"Article\",\"@id\":\"https:\/\/stourm.news\/?p=2871#article\",\"isPartOf\":{\"@id\":\"https:\/\/stourm.news\/?p=2871\"},\"author\":{\"name\":\"La r\u00e9daction\",\"@id\":\"https:\/\/stourm.news\/#\/schema\/person\/c3e1dc65988632e190969234ef046cf9\"},\"headline\":\"Saint-Herblain : un jeune handicap\u00e9 viol\u00e9 dans les toilettes du centre commercial Atlantis par un Alg\u00e9rien\",\"datePublished\":\"2024-11-26T05:03:29+00:00\",\"mainEntityOfPage\":{\"@id\":\"https:\/\/stourm.news\/?p=2871\"},\"wordCount\":273,\"commentCount\":0,\"publisher\":{\"@id\":\"https:\/\/stourm.news\/#organization\"},\"image\":{\"@id\":\"https:\/\/stourm.news\/?p=2871#primaryimage\"},\"thumbnailUrl\":\"https:\/\/stourm.news\/wp-content\/uploads\/2024\/11\/MjAyNDA3NWZiY2ZkMmU4ZmI4MDRiNGQyYjZjMmFhY2EzODJmOTU.avif\",\"articleSection\":[\"Agression sexuelle\",\"Loire-Atlantique\",\"Revue de presse\"],\"inLanguage\":\"fr-FR\",\"potentialAction\":[{\"@type\":\"CommentAction\",\"name\":\"Comment\",\"target\":[\"https:\/\/stourm.news\/?p=2871#respond\"]}]},{\"@type\":\"WebPage\",\"@id\":\"https:\/\/stourm.news\/?p=2871\",\"url\":\"https:\/\/stourm.news\/?p=2871\",\"name\":\"Saint-Herblain : un jeune handicap\u00e9 viol\u00e9 dans les toilettes du centre commercial Atlantis par un Alg\u00e9rien - STOURM\",\"isPartOf\":{\"@id\":\"https:\/\/stourm.news\/#website\"},\"primaryImageOfPage\":{\"@id\":\"https:\/\/stourm.news\/?p=2871#primaryimage\"},\"image\":{\"@id\":\"https:\/\/stourm.news\/?p=2871#primaryimage\"},\"thumbnailUrl\":\"https:\/\/stourm.news\/wp-content\/uploads\/2024\/11\/MjAyNDA3NWZiY2ZkMmU4ZmI4MDRiNGQyYjZjMmFhY2EzODJmOTU.avif\",\"datePublished\":\"2024-11-26T05:03:29+00:00\",\"breadcrumb\":{\"@id\":\"https:\/\/stourm.news\/?p=2871#breadcrumb\"},\"inLanguage\":\"fr-FR\",\"potentialAction\":[{\"@type\":\"ReadAction\",\"target\":[\"https:\/\/stourm.news\/?p=2871\"]}]},{\"@type\":\"ImageObject\",\"inLanguage\":\"fr-FR\",\"@id\":\"https:\/\/stourm.news\/?p=2871#primaryimage\",\"url\":\"https:\/\/stourm.news\/wp-content\/uploads\/2024\/11\/MjAyNDA3NWZiY2ZkMmU4ZmI4MDRiNGQyYjZjMmFhY2EzODJmOTU.avif\",\"contentUrl\":\"https:\/\/stourm.news\/wp-content\/uploads\/2024\/11\/MjAyNDA3NWZiY2ZkMmU4ZmI4MDRiNGQyYjZjMmFhY2EzODJmOTU.avif\",\"width\":1260,\"height\":708},{\"@type\":\"BreadcrumbList\",\"@id\":\"https:\/\/stourm.news\/?p=2871#breadcrumb\",\"itemListElement\":[{\"@type\":\"ListItem\",\"position\":1,\"name\":\"Accueil\",\"item\":\"https:\/\/stourm.news\/\"},{\"@type\":\"ListItem\",\"position\":2,\"name\":\"Saint-Herblain : un jeune handicap\u00e9 viol\u00e9 dans les toilettes du centre commercial Atlantis par un Alg\u00e9rien\"}]},{\"@type\":\"WebSite\",\"@id\":\"https:\/\/stourm.news\/#website\",\"url\":\"https:\/\/stourm.news\/\",\"name\":\"Stourm\",\"description\":\"Kazetenn Strollad Broadel Breizh\",\"publisher\":{\"@id\":\"https:\/\/stourm.news\/#organization\"},\"potentialAction\":[{\"@type\":\"SearchAction\",\"target\":{\"@type\":\"EntryPoint\",\"urlTemplate\":\"https:\/\/stourm.news\/?s={search_term_string}\"},\"query-input\":{\"@type\":\"PropertyValueSpecification\",\"valueRequired\":true,\"valueName\":\"search_term_string\"}}],\"inLanguage\":\"fr-FR\"},{\"@type\":\"Organization\",\"@id\":\"https:\/\/stourm.news\/#organization\",\"name\":\"Stourm\",\"url\":\"https:\/\/stourm.news\/\",\"logo\":{\"@type\":\"ImageObject\",\"inLanguage\":\"fr-FR\",\"@id\":\"https:\/\/stourm.news\/#\/schema\/logo\/image\/\",\"url\":\"https:\/\/stourm.news\/wp-content\/uploads\/2025\/11\/cropped-Capture-decran-2025-11-28-a-15.19.07.png\",\"contentUrl\":\"https:\/\/stourm.news\/wp-content\/uploads\/2025\/11\/cropped-Capture-decran-2025-11-28-a-15.19.07.png\",\"width\":1855,\"height\":383,\"caption\":\"Stourm\"},\"image\":{\"@id\":\"https:\/\/stourm.news\/#\/schema\/logo\/image\/\"},\"sameAs\":[\"https:\/\/www.facebook.com\/stourmnews\/\"]},{\"@type\":\"Person\",\"@id\":\"https:\/\/stourm.news\/#\/schema\/person\/c3e1dc65988632e190969234ef046cf9\",\"name\":\"La r\u00e9daction\",\"image\":{\"@type\":\"ImageObject\",\"inLanguage\":\"fr-FR\",\"@id\":\"https:\/\/stourm.news\/#\/schema\/person\/image\/\",\"url\":\"https:\/\/secure.gravatar.com\/avatar\/7463443f194b6b5fb706b074ca0ef59a0cfcfd720cb47764b0ec5a952ce422b3?s=96&d=mm&r=g\",\"contentUrl\":\"https:\/\/secure.gravatar.com\/avatar\/7463443f194b6b5fb706b074ca0ef59a0cfcfd720cb47764b0ec5a952ce422b3?s=96&d=mm&r=g\",\"caption\":\"La r\u00e9daction\"},\"sameAs\":[\"https:\/\/stourm.news\"],\"url\":\"https:\/\/stourm.news\/?author=1\"}]}<\/script>\n<!-- \/ Yoast SEO plugin. -->","yoast_head_json":{"title":"Saint-Herblain : un jeune handicap\u00e9 viol\u00e9 dans les toilettes du centre commercial Atlantis par un Alg\u00e9rien - STOURM","robots":{"index":"index","follow":"follow","max-snippet":"max-snippet:-1","max-image-preview":"max-image-preview:large","max-video-preview":"max-video-preview:-1"},"canonical":"https:\/\/stourm.news\/?p=2871","og_locale":"fr_FR","og_type":"article","og_title":"Saint-Herblain : un jeune handicap\u00e9 viol\u00e9 dans les toilettes du centre commercial Atlantis par un Alg\u00e9rien - STOURM","og_description":"Il est 15 h, vendredi. C\u2019est l\u2019affluence au centre commercial r\u00e9gional Atlantis aux couleurs et aux d\u00e9cors f\u00e9eriques de No\u00ebl, \u00e0 Saint-Herblain, \u00e0 l\u2019ouest de Nantes. Dans les vastes all\u00e9es de la galerie, lors de leur ronde, \u00ab des agents de s\u00e9curit\u00e9 comprennent qu\u2019il y a un probl\u00e8me, que quelque chose ne va pas \u00bb, [&hellip;]","og_url":"https:\/\/stourm.news\/?p=2871","og_site_name":"STOURM","article_publisher":"https:\/\/www.facebook.com\/stourmnews\/","article_published_time":"2024-11-26T05:03:29+00:00","author":"La r\u00e9daction","twitter_card":"summary_large_image","twitter_misc":{"\u00c9crit par":"La r\u00e9daction","Dur\u00e9e de lecture estim\u00e9e":"2 minutes"},"schema":{"@context":"https:\/\/schema.org","@graph":[{"@type":"Article","@id":"https:\/\/stourm.news\/?p=2871#article","isPartOf":{"@id":"https:\/\/stourm.news\/?p=2871"},"author":{"name":"La r\u00e9daction","@id":"https:\/\/stourm.news\/#\/schema\/person\/c3e1dc65988632e190969234ef046cf9"},"headline":"Saint-Herblain : un jeune handicap\u00e9 viol\u00e9 dans les toilettes du centre commercial Atlantis par un Alg\u00e9rien","datePublished":"2024-11-26T05:03:29+00:00","mainEntityOfPage":{"@id":"https:\/\/stourm.news\/?p=2871"},"wordCount":273,"commentCount":0,"publisher":{"@id":"https:\/\/stourm.news\/#organization"},"image":{"@id":"https:\/\/stourm.news\/?p=2871#primaryimage"},"thumbnailUrl":"https:\/\/stourm.news\/wp-content\/uploads\/2024\/11\/MjAyNDA3NWZiY2ZkMmU4ZmI4MDRiNGQyYjZjMmFhY2EzODJmOTU.avif","articleSection":["Agression sexuelle","Loire-Atlantique","Revue de presse"],"inLanguage":"fr-FR","potentialAction":[{"@type":"CommentAction","name":"Comment","target":["https:\/\/stourm.news\/?p=2871#respond"]}]},{"@type":"WebPage","@id":"https:\/\/stourm.news\/?p=2871","url":"https:\/\/stourm.news\/?p=2871","name":"Saint-Herblain : un jeune handicap\u00e9 viol\u00e9 dans les toilettes du centre commercial Atlantis par un Alg\u00e9rien - STOURM","isPartOf":{"@id":"https:\/\/stourm.news\/#website"},"primaryImageOfPage":{"@id":"https:\/\/stourm.news\/?p=2871#primaryimage"},"image":{"@id":"https:\/\/stourm.news\/?p=2871#primaryimage"},"thumbnailUrl":"https:\/\/stourm.news\/wp-content\/uploads\/2024\/11\/MjAyNDA3NWZiY2ZkMmU4ZmI4MDRiNGQyYjZjMmFhY2EzODJmOTU.avif","datePublished":"2024-11-26T05:03:29+00:00","breadcrumb":{"@id":"https:\/\/stourm.news\/?p=2871#breadcrumb"},"inLanguage":"fr-FR","potentialAction":[{"@type":"ReadAction","target":["https:\/\/stourm.news\/?p=2871"]}]},{"@type":"ImageObject","inLanguage":"fr-FR","@id":"https:\/\/stourm.news\/?p=2871#primaryimage","url":"https:\/\/stourm.news\/wp-content\/uploads\/2024\/11\/MjAyNDA3NWZiY2ZkMmU4ZmI4MDRiNGQyYjZjMmFhY2EzODJmOTU.avif","contentUrl":"https:\/\/stourm.news\/wp-content\/uploads\/2024\/11\/MjAyNDA3NWZiY2ZkMmU4ZmI4MDRiNGQyYjZjMmFhY2EzODJmOTU.avif","width":1260,"height":708},{"@type":"BreadcrumbList","@id":"https:\/\/stourm.news\/?p=2871#breadcrumb","itemListElement":[{"@type":"ListItem","position":1,"name":"Accueil","item":"https:\/\/stourm.news\/"},{"@type":"ListItem","position":2,"name":"Saint-Herblain : un jeune handicap\u00e9 viol\u00e9 dans les toilettes du centre commercial Atlantis par un Alg\u00e9rien"}]},{"@type":"WebSite","@id":"https:\/\/stourm.news\/#website","url":"https:\/\/stourm.news\/","name":"Stourm","description":"Kazetenn Strollad Broadel Breizh","publisher":{"@id":"https:\/\/stourm.news\/#organization"},"potentialAction":[{"@type":"SearchAction","target":{"@type":"EntryPoint","urlTemplate":"https:\/\/stourm.news\/?s={search_term_string}"},"query-input":{"@type":"PropertyValueSpecification","valueRequired":true,"valueName":"search_term_string"}}],"inLanguage":"fr-FR"},{"@type":"Organization","@id":"https:\/\/stourm.news\/#organization","name":"Stourm","url":"https:\/\/stourm.news\/","logo":{"@type":"ImageObject","inLanguage":"fr-FR","@id":"https:\/\/stourm.news\/#\/schema\/logo\/image\/","url":"https:\/\/stourm.news\/wp-content\/uploads\/2025\/11\/cropped-Capture-decran-2025-11-28-a-15.19.07.png","contentUrl":"https:\/\/stourm.news\/wp-content\/uploads\/2025\/11\/cropped-Capture-decran-2025-11-28-a-15.19.07.png","width":1855,"height":383,"caption":"Stourm"},"image":{"@id":"https:\/\/stourm.news\/#\/schema\/logo\/image\/"},"sameAs":["https:\/\/www.facebook.com\/stourmnews\/"]},{"@type":"Person","@id":"https:\/\/stourm.news\/#\/schema\/person\/c3e1dc65988632e190969234ef046cf9","name":"La r\u00e9daction","image":{"@type":"ImageObject","inLanguage":"fr-FR","@id":"https:\/\/stourm.news\/#\/schema\/person\/image\/","url":"https:\/\/secure.gravatar.com\/avatar\/7463443f194b6b5fb706b074ca0ef59a0cfcfd720cb47764b0ec5a952ce422b3?s=96&d=mm&r=g","contentUrl":"https:\/\/secure.gravatar.com\/avatar\/7463443f194b6b5fb706b074ca0ef59a0cfcfd720cb47764b0ec5a952ce422b3?s=96&d=mm&r=g","caption":"La r\u00e9daction"},"sameAs":["https:\/\/stourm.news"],"url":"https:\/\/stourm.news\/?author=1"}]}},"_links":{"self":[{"href":"https:\/\/stourm.news\/index.php?rest_route=\/wp\/v2\/posts\/2871","targetHints":{"allow":["GET"]}}],"collection":[{"href":"https:\/\/stourm.news\/index.php?rest_route=\/wp\/v2\/posts"}],"about":[{"href":"https:\/\/stourm.news\/index.php?rest_route=\/wp\/v2\/types\/post"}],"author":[{"embeddable":true,"href":"https:\/\/stourm.news\/index.php?rest_route=\/wp\/v2\/users\/1"}],"replies":[{"embeddable":true,"href":"https:\/\/stourm.news\/index.php?rest_route=%2Fwp%2Fv2%2Fcomments&post=2871"}],"version-history":[{"count":1,"href":"https:\/\/stourm.news\/index.php?rest_route=\/wp\/v2\/posts\/2871\/revisions"}],"predecessor-version":[{"id":2873,"href":"https:\/\/stourm.news\/index.php?rest_route=\/wp\/v2\/posts\/2871\/revisions\/2873"}],"wp:featuredmedia":[{"embeddable":true,"href":"https:\/\/stourm.news\/index.php?rest_route=\/wp\/v2\/media\/2872"}],"wp:attachment":[{"href":"https:\/\/stourm.news\/index.php?rest_route=%2Fwp%2Fv2%2Fmedia&parent=2871"}],"wp:term":[{"taxonomy":"category","embeddable":true,"href":"https:\/\/stourm.news\/index.php?rest_route=%2Fwp%2Fv2%2Fcategories&post=2871"},{"taxonomy":"post_tag","embeddable":true,"href":"https:\/\/stourm.news\/index.php?rest_route=%2Fwp%2Fv2%2Ftags&post=2871"}],"curies":[{"name":"wp","href":"https:\/\/api.w.org\/{rel}","templated":true}]}}