{"id":2877,"date":"2024-11-26T07:43:36","date_gmt":"2024-11-26T07:43:36","guid":{"rendered":"https:\/\/stourm.news\/?p=2877"},"modified":"2024-11-26T07:43:36","modified_gmt":"2024-11-26T07:43:36","slug":"assemblee-de-corse-letat-interdit-lusage-du-corse-lors-des-debats","status":"publish","type":"post","link":"https:\/\/stourm.news\/?p=2877","title":{"rendered":"Assembl\u00e9e de Corse : l&rsquo;\u00c9tat interdit l&rsquo;usage du corse lors des d\u00e9bats"},"content":{"rendered":"<p style=\"text-align: justify;\">La r\u00e9pression de l&rsquo;\u00c9tat fran\u00e7ais se poursuit contre les peuples de l&rsquo;Hexagone. Paris, par l&rsquo;interm\u00e9diaire d&rsquo;un tribunal de Marseille, vient de confirmer l&rsquo;interdiction de la langue corse dans l&rsquo;enceinte de l&rsquo;Assembl\u00e9e de Corse.<\/p>\n<p style=\"text-align: justify;\">Les autorit\u00e9s politiques corses ont d\u00e9nonc\u00e9 cette mesure de r\u00e9pression coloniale et annonc\u00e9 leur intention de former <strong>\u00ab\u00a0un pourvoi devant le Conseil d\u2019\u00c9tat, notamment pour aller contester cet argumentaire devant les juridictions europ\u00e9ennes et internationales\u00a0\u00bb<\/strong>.<\/p>\n<blockquote class=\"twitter-tweet\">\n<p dir=\"ltr\" lang=\"fr\">Cumunicatu di stampa : La Cour administrative d&rsquo;appel interdit l&rsquo;usage de la langue corse dans les d\u00e9bats de l&rsquo;Assembl\u00e9e de Corse. R\u00e9action du Pr\u00e9sident du Conseil ex\u00e9cutif de Corse et de la Pr\u00e9sidente de l&rsquo;Assembl\u00e9e de Corse.<a href=\"https:\/\/t.co\/BmIQOzTe4K\">https:\/\/t.co\/BmIQOzTe4K<\/a> <a href=\"https:\/\/t.co\/vBxzo6f0Pr\">pic.twitter.com\/vBxzo6f0Pr<\/a><\/p>\n<p>\u2014 Cullettivit\u00e0 di Corsica &#8211; Collectivit\u00e9 de Corse (@IsulaCorsica) <a href=\"https:\/\/twitter.com\/IsulaCorsica\/status\/1861105661951521024?ref_src=twsrc%5Etfw\">November 25, 2024<\/a><\/p><\/blockquote>\n<p><script async src=\"https:\/\/platform.twitter.com\/widgets.js\" charset=\"utf-8\"><\/script><\/p>\n<blockquote class=\"twitter-tweet\">\n<p dir=\"ltr\" lang=\"fr\">Pour la Cour administrative d\u2019appel de Marseille, le droit de s\u2019exprimer en langue corse au sein de l\u2019Assembl\u00e9e de Corse est contraire \u00e0 la Constitution. Notre r\u00e9ponse : il faut changer la Constitution !<br \/>\nLingua corsa, Lingua ufficiale ! <a href=\"https:\/\/t.co\/Etf31N5p5l\">pic.twitter.com\/Etf31N5p5l<\/a><\/p>\n<p>\u2014 Gilles Simeoni (@Gilles_Simeoni) <a href=\"https:\/\/twitter.com\/Gilles_Simeoni\/status\/1861109986035650964?ref_src=twsrc%5Etfw\">November 25, 2024<\/a><\/p><\/blockquote>\n<p><script async src=\"https:\/\/platform.twitter.com\/widgets.js\" charset=\"utf-8\"><\/script><\/p>\n<p style=\"text-align: justify;\">La situation int\u00e9resse au premier chef la Bretagne. Une partie des d\u00e9bats au sein du Conseil \u00ab\u00a0r\u00e9gional\u00a0\u00bb de Bretagne ont lieu en langue bretonne et il dispose \u00e0 ce titre d&rsquo;un syst\u00e8me de traduction. \u00c0 cette heure, aucune mesure de harc\u00e8lement judiciaire n&rsquo;a \u00e9t\u00e9 initi\u00e9e par les partisans de l&rsquo;occupation fran\u00e7aise contre les Bretons, mais le risque est grand.<\/p>\n<p style=\"text-align: justify;\">Cette nouvelle attaque contre les droits fondamentaux des peuples \u00e0 utiliser leur langue nationale d\u00e9montre que le r\u00e9gime hexagonal, fonci\u00e8rement imp\u00e9rialiste et destructeur depuis sa fondation en 1789, ne comprend que le rapport de force. Rappelons qu&rsquo;aucune \u00ab\u00a0d\u00e9cision de justice\u00a0\u00bb venue de France ne peut emp\u00eacher les peuples de parler leur langue, que ce soit dans l&rsquo;enceinte de l&rsquo;Assembl\u00e9e de Corse ou ailleurs. Outre la riposte l\u00e9gale au plan europ\u00e9en et internationale, c&rsquo;est tout simplement ignorant les oukases de Paris que les peuples que l&rsquo;\u00c9tat fran\u00e7ais encha\u00eene se lib\u00e9reront.<\/p>\n<p style=\"text-align: right;\"><strong>Ewen Broc&rsquo;han<\/strong><\/p>\n<p style=\"text-align: justify;\">\n","protected":false},"excerpt":{"rendered":"<p>La r\u00e9pression de l&rsquo;\u00c9tat fran\u00e7ais se poursuit contre les peuples de l&rsquo;Hexagone. Paris, par l&rsquo;interm\u00e9diaire d&rsquo;un tribunal de Marseille, vient de confirmer l&rsquo;interdiction de la langue corse dans l&rsquo;enceinte de l&rsquo;Assembl\u00e9e de Corse. Les autorit\u00e9s politiques corses ont d\u00e9nonc\u00e9 cette mesure de r\u00e9pression coloniale et annonc\u00e9 leur intention de former \u00ab\u00a0un pourvoi devant le Conseil [&hellip;]<\/p>\n","protected":false},"author":1,"featured_media":2878,"comment_status":"open","ping_status":"open","sticky":false,"template":"","format":"standard","meta":{"sb_editor_width":"","footnotes":""},"categories":[48,67,65],"tags":[],"class_list":["post-2877","post","type-post","status-publish","format-standard","has-post-thumbnail","hentry","category-occupation-francaise","category-politique","category-principale"],"relative_dates":{"created":"1 an ago","modified":"1 an ago"},"yoast_head":"<!-- This site is optimized with the Yoast SEO plugin v26.3 - https:\/\/yoast.com\/wordpress\/plugins\/seo\/ -->\n<title>Assembl\u00e9e de Corse : l&#039;\u00c9tat interdit l&#039;usage du corse lors des d\u00e9bats - STOURM<\/title>\n<meta name=\"robots\" content=\"index, follow, max-snippet:-1, max-image-preview:large, max-video-preview:-1\" \/>\n<link rel=\"canonical\" href=\"https:\/\/stourm.news\/?p=2877\" \/>\n<meta property=\"og:locale\" content=\"fr_FR\" \/>\n<meta property=\"og:type\" content=\"article\" \/>\n<meta property=\"og:title\" content=\"Assembl\u00e9e de Corse : l&#039;\u00c9tat interdit l&#039;usage du corse lors des d\u00e9bats - STOURM\" \/>\n<meta property=\"og:description\" content=\"La r\u00e9pression de l&rsquo;\u00c9tat fran\u00e7ais se poursuit contre les peuples de l&rsquo;Hexagone. Paris, par l&rsquo;interm\u00e9diaire d&rsquo;un tribunal de Marseille, vient de confirmer l&rsquo;interdiction de la langue corse dans l&rsquo;enceinte de l&rsquo;Assembl\u00e9e de Corse. Les autorit\u00e9s politiques corses ont d\u00e9nonc\u00e9 cette mesure de r\u00e9pression coloniale et annonc\u00e9 leur intention de former \u00ab\u00a0un pourvoi devant le Conseil [&hellip;]\" \/>\n<meta property=\"og:url\" content=\"https:\/\/stourm.news\/?p=2877\" \/>\n<meta property=\"og:site_name\" content=\"STOURM\" \/>\n<meta property=\"article:publisher\" content=\"https:\/\/www.facebook.com\/stourmnews\/\" \/>\n<meta property=\"article:published_time\" content=\"2024-11-26T07:43:36+00:00\" \/>\n<meta property=\"og:image\" content=\"https:\/\/stourm.news\/wp-content\/uploads\/2024\/11\/capture_decran_2022-03-25_a_11.22.33_623d98a86e5a7_0.png\" \/>\n\t<meta property=\"og:image:width\" content=\"750\" \/>\n\t<meta property=\"og:image:height\" content=\"422\" \/>\n\t<meta property=\"og:image:type\" content=\"image\/png\" \/>\n<meta name=\"author\" content=\"La r\u00e9daction\" \/>\n<meta name=\"twitter:card\" content=\"summary_large_image\" \/>\n<meta name=\"twitter:label1\" content=\"\u00c9crit par\" \/>\n\t<meta name=\"twitter:data1\" content=\"La r\u00e9daction\" \/>\n\t<meta name=\"twitter:label2\" content=\"Dur\u00e9e de lecture estim\u00e9e\" \/>\n\t<meta name=\"twitter:data2\" content=\"2 minutes\" \/>\n<script type=\"application\/ld+json\" class=\"yoast-schema-graph\">{\"@context\":\"https:\/\/schema.org\",\"@graph\":[{\"@type\":\"Article\",\"@id\":\"https:\/\/stourm.news\/?p=2877#article\",\"isPartOf\":{\"@id\":\"https:\/\/stourm.news\/?p=2877\"},\"author\":{\"name\":\"La r\u00e9daction\",\"@id\":\"https:\/\/stourm.news\/#\/schema\/person\/c3e1dc65988632e190969234ef046cf9\"},\"headline\":\"Assembl\u00e9e de Corse : l&rsquo;\u00c9tat interdit l&rsquo;usage du corse lors des d\u00e9bats\",\"datePublished\":\"2024-11-26T07:43:36+00:00\",\"mainEntityOfPage\":{\"@id\":\"https:\/\/stourm.news\/?p=2877\"},\"wordCount\":392,\"commentCount\":0,\"publisher\":{\"@id\":\"https:\/\/stourm.news\/#organization\"},\"image\":{\"@id\":\"https:\/\/stourm.news\/?p=2877#primaryimage\"},\"thumbnailUrl\":\"https:\/\/stourm.news\/wp-content\/uploads\/2024\/11\/capture_decran_2022-03-25_a_11.22.33_623d98a86e5a7_0.png\",\"articleSection\":[\"Occupation fran\u00e7aise\",\"Politique\",\"Principale\"],\"inLanguage\":\"fr-FR\",\"potentialAction\":[{\"@type\":\"CommentAction\",\"name\":\"Comment\",\"target\":[\"https:\/\/stourm.news\/?p=2877#respond\"]}]},{\"@type\":\"WebPage\",\"@id\":\"https:\/\/stourm.news\/?p=2877\",\"url\":\"https:\/\/stourm.news\/?p=2877\",\"name\":\"Assembl\u00e9e de Corse : l'\u00c9tat interdit l'usage du corse lors des d\u00e9bats - STOURM\",\"isPartOf\":{\"@id\":\"https:\/\/stourm.news\/#website\"},\"primaryImageOfPage\":{\"@id\":\"https:\/\/stourm.news\/?p=2877#primaryimage\"},\"image\":{\"@id\":\"https:\/\/stourm.news\/?p=2877#primaryimage\"},\"thumbnailUrl\":\"https:\/\/stourm.news\/wp-content\/uploads\/2024\/11\/capture_decran_2022-03-25_a_11.22.33_623d98a86e5a7_0.png\",\"datePublished\":\"2024-11-26T07:43:36+00:00\",\"breadcrumb\":{\"@id\":\"https:\/\/stourm.news\/?p=2877#breadcrumb\"},\"inLanguage\":\"fr-FR\",\"potentialAction\":[{\"@type\":\"ReadAction\",\"target\":[\"https:\/\/stourm.news\/?p=2877\"]}]},{\"@type\":\"ImageObject\",\"inLanguage\":\"fr-FR\",\"@id\":\"https:\/\/stourm.news\/?p=2877#primaryimage\",\"url\":\"https:\/\/stourm.news\/wp-content\/uploads\/2024\/11\/capture_decran_2022-03-25_a_11.22.33_623d98a86e5a7_0.png\",\"contentUrl\":\"https:\/\/stourm.news\/wp-content\/uploads\/2024\/11\/capture_decran_2022-03-25_a_11.22.33_623d98a86e5a7_0.png\",\"width\":750,\"height\":422},{\"@type\":\"BreadcrumbList\",\"@id\":\"https:\/\/stourm.news\/?p=2877#breadcrumb\",\"itemListElement\":[{\"@type\":\"ListItem\",\"position\":1,\"name\":\"Accueil\",\"item\":\"https:\/\/stourm.news\/\"},{\"@type\":\"ListItem\",\"position\":2,\"name\":\"Assembl\u00e9e de Corse : l&rsquo;\u00c9tat interdit l&rsquo;usage du corse lors des d\u00e9bats\"}]},{\"@type\":\"WebSite\",\"@id\":\"https:\/\/stourm.news\/#website\",\"url\":\"https:\/\/stourm.news\/\",\"name\":\"Stourm\",\"description\":\"Kazetenn Strollad Broadel Breizh\",\"publisher\":{\"@id\":\"https:\/\/stourm.news\/#organization\"},\"potentialAction\":[{\"@type\":\"SearchAction\",\"target\":{\"@type\":\"EntryPoint\",\"urlTemplate\":\"https:\/\/stourm.news\/?s={search_term_string}\"},\"query-input\":{\"@type\":\"PropertyValueSpecification\",\"valueRequired\":true,\"valueName\":\"search_term_string\"}}],\"inLanguage\":\"fr-FR\"},{\"@type\":\"Organization\",\"@id\":\"https:\/\/stourm.news\/#organization\",\"name\":\"Stourm\",\"url\":\"https:\/\/stourm.news\/\",\"logo\":{\"@type\":\"ImageObject\",\"inLanguage\":\"fr-FR\",\"@id\":\"https:\/\/stourm.news\/#\/schema\/logo\/image\/\",\"url\":\"https:\/\/stourm.news\/wp-content\/uploads\/2025\/11\/cropped-Capture-decran-2025-11-28-a-15.19.07.png\",\"contentUrl\":\"https:\/\/stourm.news\/wp-content\/uploads\/2025\/11\/cropped-Capture-decran-2025-11-28-a-15.19.07.png\",\"width\":1855,\"height\":383,\"caption\":\"Stourm\"},\"image\":{\"@id\":\"https:\/\/stourm.news\/#\/schema\/logo\/image\/\"},\"sameAs\":[\"https:\/\/www.facebook.com\/stourmnews\/\"]},{\"@type\":\"Person\",\"@id\":\"https:\/\/stourm.news\/#\/schema\/person\/c3e1dc65988632e190969234ef046cf9\",\"name\":\"La r\u00e9daction\",\"image\":{\"@type\":\"ImageObject\",\"inLanguage\":\"fr-FR\",\"@id\":\"https:\/\/stourm.news\/#\/schema\/person\/image\/\",\"url\":\"https:\/\/secure.gravatar.com\/avatar\/7463443f194b6b5fb706b074ca0ef59a0cfcfd720cb47764b0ec5a952ce422b3?s=96&d=mm&r=g\",\"contentUrl\":\"https:\/\/secure.gravatar.com\/avatar\/7463443f194b6b5fb706b074ca0ef59a0cfcfd720cb47764b0ec5a952ce422b3?s=96&d=mm&r=g\",\"caption\":\"La r\u00e9daction\"},\"sameAs\":[\"https:\/\/stourm.news\"],\"url\":\"https:\/\/stourm.news\/?author=1\"}]}<\/script>\n<!-- \/ Yoast SEO plugin. -->","yoast_head_json":{"title":"Assembl\u00e9e de Corse : l'\u00c9tat interdit l'usage du corse lors des d\u00e9bats - STOURM","robots":{"index":"index","follow":"follow","max-snippet":"max-snippet:-1","max-image-preview":"max-image-preview:large","max-video-preview":"max-video-preview:-1"},"canonical":"https:\/\/stourm.news\/?p=2877","og_locale":"fr_FR","og_type":"article","og_title":"Assembl\u00e9e de Corse : l'\u00c9tat interdit l'usage du corse lors des d\u00e9bats - STOURM","og_description":"La r\u00e9pression de l&rsquo;\u00c9tat fran\u00e7ais se poursuit contre les peuples de l&rsquo;Hexagone. Paris, par l&rsquo;interm\u00e9diaire d&rsquo;un tribunal de Marseille, vient de confirmer l&rsquo;interdiction de la langue corse dans l&rsquo;enceinte de l&rsquo;Assembl\u00e9e de Corse. Les autorit\u00e9s politiques corses ont d\u00e9nonc\u00e9 cette mesure de r\u00e9pression coloniale et annonc\u00e9 leur intention de former \u00ab\u00a0un pourvoi devant le Conseil [&hellip;]","og_url":"https:\/\/stourm.news\/?p=2877","og_site_name":"STOURM","article_publisher":"https:\/\/www.facebook.com\/stourmnews\/","article_published_time":"2024-11-26T07:43:36+00:00","og_image":[{"width":750,"height":422,"url":"https:\/\/stourm.news\/wp-content\/uploads\/2024\/11\/capture_decran_2022-03-25_a_11.22.33_623d98a86e5a7_0.png","type":"image\/png"}],"author":"La r\u00e9daction","twitter_card":"summary_large_image","twitter_misc":{"\u00c9crit par":"La r\u00e9daction","Dur\u00e9e de lecture estim\u00e9e":"2 minutes"},"schema":{"@context":"https:\/\/schema.org","@graph":[{"@type":"Article","@id":"https:\/\/stourm.news\/?p=2877#article","isPartOf":{"@id":"https:\/\/stourm.news\/?p=2877"},"author":{"name":"La r\u00e9daction","@id":"https:\/\/stourm.news\/#\/schema\/person\/c3e1dc65988632e190969234ef046cf9"},"headline":"Assembl\u00e9e de Corse : l&rsquo;\u00c9tat interdit l&rsquo;usage du corse lors des d\u00e9bats","datePublished":"2024-11-26T07:43:36+00:00","mainEntityOfPage":{"@id":"https:\/\/stourm.news\/?p=2877"},"wordCount":392,"commentCount":0,"publisher":{"@id":"https:\/\/stourm.news\/#organization"},"image":{"@id":"https:\/\/stourm.news\/?p=2877#primaryimage"},"thumbnailUrl":"https:\/\/stourm.news\/wp-content\/uploads\/2024\/11\/capture_decran_2022-03-25_a_11.22.33_623d98a86e5a7_0.png","articleSection":["Occupation fran\u00e7aise","Politique","Principale"],"inLanguage":"fr-FR","potentialAction":[{"@type":"CommentAction","name":"Comment","target":["https:\/\/stourm.news\/?p=2877#respond"]}]},{"@type":"WebPage","@id":"https:\/\/stourm.news\/?p=2877","url":"https:\/\/stourm.news\/?p=2877","name":"Assembl\u00e9e de Corse : l'\u00c9tat interdit l'usage du corse lors des d\u00e9bats - STOURM","isPartOf":{"@id":"https:\/\/stourm.news\/#website"},"primaryImageOfPage":{"@id":"https:\/\/stourm.news\/?p=2877#primaryimage"},"image":{"@id":"https:\/\/stourm.news\/?p=2877#primaryimage"},"thumbnailUrl":"https:\/\/stourm.news\/wp-content\/uploads\/2024\/11\/capture_decran_2022-03-25_a_11.22.33_623d98a86e5a7_0.png","datePublished":"2024-11-26T07:43:36+00:00","breadcrumb":{"@id":"https:\/\/stourm.news\/?p=2877#breadcrumb"},"inLanguage":"fr-FR","potentialAction":[{"@type":"ReadAction","target":["https:\/\/stourm.news\/?p=2877"]}]},{"@type":"ImageObject","inLanguage":"fr-FR","@id":"https:\/\/stourm.news\/?p=2877#primaryimage","url":"https:\/\/stourm.news\/wp-content\/uploads\/2024\/11\/capture_decran_2022-03-25_a_11.22.33_623d98a86e5a7_0.png","contentUrl":"https:\/\/stourm.news\/wp-content\/uploads\/2024\/11\/capture_decran_2022-03-25_a_11.22.33_623d98a86e5a7_0.png","width":750,"height":422},{"@type":"BreadcrumbList","@id":"https:\/\/stourm.news\/?p=2877#breadcrumb","itemListElement":[{"@type":"ListItem","position":1,"name":"Accueil","item":"https:\/\/stourm.news\/"},{"@type":"ListItem","position":2,"name":"Assembl\u00e9e de Corse : l&rsquo;\u00c9tat interdit l&rsquo;usage du corse lors des d\u00e9bats"}]},{"@type":"WebSite","@id":"https:\/\/stourm.news\/#website","url":"https:\/\/stourm.news\/","name":"Stourm","description":"Kazetenn Strollad Broadel Breizh","publisher":{"@id":"https:\/\/stourm.news\/#organization"},"potentialAction":[{"@type":"SearchAction","target":{"@type":"EntryPoint","urlTemplate":"https:\/\/stourm.news\/?s={search_term_string}"},"query-input":{"@type":"PropertyValueSpecification","valueRequired":true,"valueName":"search_term_string"}}],"inLanguage":"fr-FR"},{"@type":"Organization","@id":"https:\/\/stourm.news\/#organization","name":"Stourm","url":"https:\/\/stourm.news\/","logo":{"@type":"ImageObject","inLanguage":"fr-FR","@id":"https:\/\/stourm.news\/#\/schema\/logo\/image\/","url":"https:\/\/stourm.news\/wp-content\/uploads\/2025\/11\/cropped-Capture-decran-2025-11-28-a-15.19.07.png","contentUrl":"https:\/\/stourm.news\/wp-content\/uploads\/2025\/11\/cropped-Capture-decran-2025-11-28-a-15.19.07.png","width":1855,"height":383,"caption":"Stourm"},"image":{"@id":"https:\/\/stourm.news\/#\/schema\/logo\/image\/"},"sameAs":["https:\/\/www.facebook.com\/stourmnews\/"]},{"@type":"Person","@id":"https:\/\/stourm.news\/#\/schema\/person\/c3e1dc65988632e190969234ef046cf9","name":"La r\u00e9daction","image":{"@type":"ImageObject","inLanguage":"fr-FR","@id":"https:\/\/stourm.news\/#\/schema\/person\/image\/","url":"https:\/\/secure.gravatar.com\/avatar\/7463443f194b6b5fb706b074ca0ef59a0cfcfd720cb47764b0ec5a952ce422b3?s=96&d=mm&r=g","contentUrl":"https:\/\/secure.gravatar.com\/avatar\/7463443f194b6b5fb706b074ca0ef59a0cfcfd720cb47764b0ec5a952ce422b3?s=96&d=mm&r=g","caption":"La r\u00e9daction"},"sameAs":["https:\/\/stourm.news"],"url":"https:\/\/stourm.news\/?author=1"}]}},"_links":{"self":[{"href":"https:\/\/stourm.news\/index.php?rest_route=\/wp\/v2\/posts\/2877","targetHints":{"allow":["GET"]}}],"collection":[{"href":"https:\/\/stourm.news\/index.php?rest_route=\/wp\/v2\/posts"}],"about":[{"href":"https:\/\/stourm.news\/index.php?rest_route=\/wp\/v2\/types\/post"}],"author":[{"embeddable":true,"href":"https:\/\/stourm.news\/index.php?rest_route=\/wp\/v2\/users\/1"}],"replies":[{"embeddable":true,"href":"https:\/\/stourm.news\/index.php?rest_route=%2Fwp%2Fv2%2Fcomments&post=2877"}],"version-history":[{"count":1,"href":"https:\/\/stourm.news\/index.php?rest_route=\/wp\/v2\/posts\/2877\/revisions"}],"predecessor-version":[{"id":2879,"href":"https:\/\/stourm.news\/index.php?rest_route=\/wp\/v2\/posts\/2877\/revisions\/2879"}],"wp:featuredmedia":[{"embeddable":true,"href":"https:\/\/stourm.news\/index.php?rest_route=\/wp\/v2\/media\/2878"}],"wp:attachment":[{"href":"https:\/\/stourm.news\/index.php?rest_route=%2Fwp%2Fv2%2Fmedia&parent=2877"}],"wp:term":[{"taxonomy":"category","embeddable":true,"href":"https:\/\/stourm.news\/index.php?rest_route=%2Fwp%2Fv2%2Fcategories&post=2877"},{"taxonomy":"post_tag","embeddable":true,"href":"https:\/\/stourm.news\/index.php?rest_route=%2Fwp%2Fv2%2Ftags&post=2877"}],"curies":[{"name":"wp","href":"https:\/\/api.w.org\/{rel}","templated":true}]}}