{"id":2886,"date":"2024-11-27T16:12:57","date_gmt":"2024-11-27T16:12:57","guid":{"rendered":"https:\/\/stourm.news\/?p=2886"},"modified":"2024-11-27T16:22:21","modified_gmt":"2024-11-27T16:22:21","slug":"la-langue-bretonne-instrument-de-division-de-la-nation-selon-macron-lhypocrisie-disabelle-le-callennec-et-de-la-droite-loyaliste","status":"publish","type":"post","link":"https:\/\/stourm.news\/?p=2886","title":{"rendered":"La langue bretonne \u00ab instrument de division de la Nation \u00bb selon Macron : l&rsquo;hypocrisie d&rsquo;Isabelle Le Callennec et de la droite loyaliste"},"content":{"rendered":"<p style=\"text-align: justify;\">Quel sentiment d&rsquo;exasp\u00e9ration en lisant la r\u00e9action d&rsquo;Isabelle Le Callennec, cit\u00e9 par <a href=\"https:\/\/www.letelegramme.fr\/bretagne\/les-langues-regionales-instrument-de-division-de-la-nation-macron-accuse-de-double-discours-par-la-droite-bretonne-6711230.php\">Le T\u00e9l\u00e9gramme<\/a>, qui d\u00e9nonce le \u00ab\u00a0double discours\u00a0\u00bb d&rsquo;Emmanuel Macron apr\u00e8s son \u00e0 l&rsquo;Acad\u00e9mie fran\u00e7aise dans lequel il affirme :<\/p>\n<blockquote>\n<p style=\"text-align: justify;\"><strong>\u00ab Notre nation a \u00e9t\u00e9 constitu\u00e9e par l\u2019\u00c9tat et par la langue&#8230; elle a \u00e9t\u00e9 la fabrique d\u2019une Nation qui, sinon, s\u2019\u00e9chappait entre ses langues vernaculaires, ses patois, ses diff\u00e9rentes langues r\u00e9gionales qui, pour nombre d\u2019entre elles, existent encore mais qui \u00e9taient un instrument, au fond, de division de la Nation. \u00c0 travers votre r\u00f4le, votre travail, notre langue, c\u2019est bien l\u2019unit\u00e9 du pays et la cr\u00e9ation de la Nation qui \u00e9tait \u00e0 l\u2019\u0153uvre. \u00bb\u00a0<\/strong><\/p>\n<\/blockquote>\n<p style=\"text-align: justify;\">Il n&rsquo;y a aucun \u00ab\u00a0double discours\u00a0\u00bb de la part de M. Macron. Celui-ci s&rsquo;inscrit dans la longue tradition centralisatrice de l\u2019\u00c9tat fran\u00e7ais. Ce que Macron dit, ce n\u2019est pas nouveau : c\u2019est la continuit\u00e9 d\u2019une politique qui cherche depuis des si\u00e8cles \u00e0 \u00e9radiquer les langues et cultures des peuples soumis \u00e0 l&rsquo;administration du gouvernement de Paris sous pr\u00e9texte d\u2019unit\u00e9 nationale.<\/p>\n<p style=\"text-align: justify;\">Ce n\u2019est pas Macron en tant que personne qui est \u00e0 bl\u00e2mer ici, mais bien l\u2019\u00c9tat qu\u2019il incarne, celui qui, depuis 1789, n\u2019a cess\u00e9 de nier la diversit\u00e9 culturelle et linguistique au sein de ses fronti\u00e8res agrandies par la force des armes. La Bretagne, comme tant d\u2019autres nations, a \u00e9t\u00e9 victime de cette machine imp\u00e9rialiste et centralisatrice qui a impos\u00e9 une langue unique, \u00e9cras\u00e9 les langues et marginalis\u00e9 des nationalit\u00e9s. Macron, dans son discours, ne fait que r\u00e9affirmer cette id\u00e9ologie expansionniste.<\/p>\n<p style=\"text-align: justify;\">Ce qui est particuli\u00e8rement ironique, c\u2019est que les m\u00eames politiciens qui d\u00e9noncent aujourd\u2019hui ces propos, comme Isabelle Le Callennec, ont eux-m\u00eames servi et continuent de servir cet \u00c9tat qui d\u00e9truit cultures et nationalit\u00e9s et le revendique. La droite loyaliste au pouvoir \u00e0 Rennes, \u00e0 laquelle Madame Le Callennec appartient, a toujours \u00e9t\u00e9 complice de cette politique. Ce \u00ab\u00a0double discours\u00a0\u00bb qu\u2019elle reproche \u00e0 Macron, elle en est elle-m\u00eame le parfait exemple : critiquer superficiellement le pr\u00e9sident de l&rsquo;\u00c9tat fran\u00e7ais, mais rester loyale \u00e0 cet \u00c9tat qui perp\u00e9tue la politique de destruction ethnique et linguistique.<\/p>\n<p style=\"text-align: justify;\">L\u2019\u00c9tat fran\u00e7ais ne veut pas sauver les langues qu&rsquo;il d\u00e9truit depuis que le conventionnel Gr\u00e9goire a fix\u00e9 la ligne en la mati\u00e8re. La censure r\u00e9cente de la loi Molac par le Conseil constitutionnel l&rsquo;a prouv\u00e9. Les associations qui luttent pour pr\u00e9server ces langues n\u2019ont que peu de soutien. Pendant ce temps, le nombre de locuteurs du breton diminue dramatiquement. La survie de cette langue et des autres langues repose uniquement sur des efforts et des initiatives priv\u00e9s, souvent contre les politiques de l\u2019\u00c9tat fran\u00e7ais. Et tant que l\u2019\u00c9tat fran\u00e7ais administrera la Bretagne en puissance occup\u00e9e, avec ou sans Macron, nous perdrons une part essentielle de notre patrimoine collectif.<\/p>\n<p style=\"text-align: right;\"><strong>Konomor Penhou\u00ebt<\/strong><\/p>\n","protected":false},"excerpt":{"rendered":"<p>Quel sentiment d&rsquo;exasp\u00e9ration en lisant la r\u00e9action d&rsquo;Isabelle Le Callennec, cit\u00e9 par Le T\u00e9l\u00e9gramme, qui d\u00e9nonce le \u00ab\u00a0double discours\u00a0\u00bb d&rsquo;Emmanuel Macron apr\u00e8s son \u00e0 l&rsquo;Acad\u00e9mie fran\u00e7aise dans lequel il affirme : \u00ab Notre nation a \u00e9t\u00e9 constitu\u00e9e par l\u2019\u00c9tat et par la langue&#8230; elle a \u00e9t\u00e9 la fabrique d\u2019une Nation qui, sinon, s\u2019\u00e9chappait entre ses [&hellip;]<\/p>\n","protected":false},"author":1,"featured_media":2887,"comment_status":"open","ping_status":"open","sticky":false,"template":"","format":"standard","meta":{"sb_editor_width":"","footnotes":""},"categories":[63,65],"tags":[],"class_list":["post-2886","post","type-post","status-publish","format-standard","has-post-thumbnail","hentry","category-editorial","category-principale"],"relative_dates":{"created":"1 an ago","modified":"1 an ago"},"yoast_head":"<!-- This site is optimized with the Yoast SEO plugin v26.3 - https:\/\/yoast.com\/wordpress\/plugins\/seo\/ -->\n<title>La langue bretonne \u00ab instrument de division de la Nation \u00bb selon Macron : l&#039;hypocrisie d&#039;Isabelle Le Callennec et de la droite loyaliste - STOURM<\/title>\n<meta name=\"robots\" content=\"index, follow, max-snippet:-1, max-image-preview:large, max-video-preview:-1\" \/>\n<link rel=\"canonical\" href=\"https:\/\/stourm.news\/?p=2886\" \/>\n<meta property=\"og:locale\" content=\"fr_FR\" \/>\n<meta property=\"og:type\" content=\"article\" \/>\n<meta property=\"og:title\" content=\"La langue bretonne \u00ab instrument de division de la Nation \u00bb selon Macron : l&#039;hypocrisie d&#039;Isabelle Le Callennec et de la droite loyaliste - STOURM\" \/>\n<meta property=\"og:description\" content=\"Quel sentiment d&rsquo;exasp\u00e9ration en lisant la r\u00e9action d&rsquo;Isabelle Le Callennec, cit\u00e9 par Le T\u00e9l\u00e9gramme, qui d\u00e9nonce le \u00ab\u00a0double discours\u00a0\u00bb d&rsquo;Emmanuel Macron apr\u00e8s son \u00e0 l&rsquo;Acad\u00e9mie fran\u00e7aise dans lequel il affirme : \u00ab Notre nation a \u00e9t\u00e9 constitu\u00e9e par l\u2019\u00c9tat et par la langue&#8230; elle a \u00e9t\u00e9 la fabrique d\u2019une Nation qui, sinon, s\u2019\u00e9chappait entre ses [&hellip;]\" \/>\n<meta property=\"og:url\" content=\"https:\/\/stourm.news\/?p=2886\" \/>\n<meta property=\"og:site_name\" content=\"STOURM\" \/>\n<meta property=\"article:publisher\" content=\"https:\/\/www.facebook.com\/stourmnews\/\" \/>\n<meta property=\"article:published_time\" content=\"2024-11-27T16:12:57+00:00\" \/>\n<meta property=\"article:modified_time\" content=\"2024-11-27T16:22:21+00:00\" \/>\n<meta property=\"og:image\" content=\"https:\/\/stourm.news\/wp-content\/uploads\/2024\/11\/6746f5f8f0154170082c7d6c.1.webp\" \/>\n\t<meta property=\"og:image:width\" content=\"1200\" \/>\n\t<meta property=\"og:image:height\" content=\"750\" \/>\n\t<meta property=\"og:image:type\" content=\"image\/webp\" \/>\n<meta name=\"author\" content=\"La r\u00e9daction\" \/>\n<meta name=\"twitter:card\" content=\"summary_large_image\" \/>\n<meta name=\"twitter:label1\" content=\"\u00c9crit par\" \/>\n\t<meta name=\"twitter:data1\" content=\"La r\u00e9daction\" \/>\n\t<meta name=\"twitter:label2\" content=\"Dur\u00e9e de lecture estim\u00e9e\" \/>\n\t<meta name=\"twitter:data2\" content=\"3 minutes\" \/>\n<script type=\"application\/ld+json\" class=\"yoast-schema-graph\">{\"@context\":\"https:\/\/schema.org\",\"@graph\":[{\"@type\":\"Article\",\"@id\":\"https:\/\/stourm.news\/?p=2886#article\",\"isPartOf\":{\"@id\":\"https:\/\/stourm.news\/?p=2886\"},\"author\":{\"name\":\"La r\u00e9daction\",\"@id\":\"https:\/\/stourm.news\/#\/schema\/person\/c3e1dc65988632e190969234ef046cf9\"},\"headline\":\"La langue bretonne \u00ab instrument de division de la Nation \u00bb selon Macron : l&rsquo;hypocrisie d&rsquo;Isabelle Le Callennec et de la droite loyaliste\",\"datePublished\":\"2024-11-27T16:12:57+00:00\",\"dateModified\":\"2024-11-27T16:22:21+00:00\",\"mainEntityOfPage\":{\"@id\":\"https:\/\/stourm.news\/?p=2886\"},\"wordCount\":533,\"commentCount\":0,\"publisher\":{\"@id\":\"https:\/\/stourm.news\/#organization\"},\"image\":{\"@id\":\"https:\/\/stourm.news\/?p=2886#primaryimage\"},\"thumbnailUrl\":\"https:\/\/stourm.news\/wp-content\/uploads\/2024\/11\/6746f5f8f0154170082c7d6c.1.webp\",\"articleSection\":[\"Editorial\",\"Principale\"],\"inLanguage\":\"fr-FR\",\"potentialAction\":[{\"@type\":\"CommentAction\",\"name\":\"Comment\",\"target\":[\"https:\/\/stourm.news\/?p=2886#respond\"]}]},{\"@type\":\"WebPage\",\"@id\":\"https:\/\/stourm.news\/?p=2886\",\"url\":\"https:\/\/stourm.news\/?p=2886\",\"name\":\"La langue bretonne \u00ab instrument de division de la Nation \u00bb selon Macron : l'hypocrisie d'Isabelle Le Callennec et de la droite loyaliste - STOURM\",\"isPartOf\":{\"@id\":\"https:\/\/stourm.news\/#website\"},\"primaryImageOfPage\":{\"@id\":\"https:\/\/stourm.news\/?p=2886#primaryimage\"},\"image\":{\"@id\":\"https:\/\/stourm.news\/?p=2886#primaryimage\"},\"thumbnailUrl\":\"https:\/\/stourm.news\/wp-content\/uploads\/2024\/11\/6746f5f8f0154170082c7d6c.1.webp\",\"datePublished\":\"2024-11-27T16:12:57+00:00\",\"dateModified\":\"2024-11-27T16:22:21+00:00\",\"breadcrumb\":{\"@id\":\"https:\/\/stourm.news\/?p=2886#breadcrumb\"},\"inLanguage\":\"fr-FR\",\"potentialAction\":[{\"@type\":\"ReadAction\",\"target\":[\"https:\/\/stourm.news\/?p=2886\"]}]},{\"@type\":\"ImageObject\",\"inLanguage\":\"fr-FR\",\"@id\":\"https:\/\/stourm.news\/?p=2886#primaryimage\",\"url\":\"https:\/\/stourm.news\/wp-content\/uploads\/2024\/11\/6746f5f8f0154170082c7d6c.1.webp\",\"contentUrl\":\"https:\/\/stourm.news\/wp-content\/uploads\/2024\/11\/6746f5f8f0154170082c7d6c.1.webp\",\"width\":1200,\"height\":750},{\"@type\":\"BreadcrumbList\",\"@id\":\"https:\/\/stourm.news\/?p=2886#breadcrumb\",\"itemListElement\":[{\"@type\":\"ListItem\",\"position\":1,\"name\":\"Accueil\",\"item\":\"https:\/\/stourm.news\/\"},{\"@type\":\"ListItem\",\"position\":2,\"name\":\"La langue bretonne \u00ab instrument de division de la Nation \u00bb selon Macron : l&rsquo;hypocrisie d&rsquo;Isabelle Le Callennec et de la droite loyaliste\"}]},{\"@type\":\"WebSite\",\"@id\":\"https:\/\/stourm.news\/#website\",\"url\":\"https:\/\/stourm.news\/\",\"name\":\"Stourm\",\"description\":\"Kazetenn Strollad Broadel Breizh\",\"publisher\":{\"@id\":\"https:\/\/stourm.news\/#organization\"},\"potentialAction\":[{\"@type\":\"SearchAction\",\"target\":{\"@type\":\"EntryPoint\",\"urlTemplate\":\"https:\/\/stourm.news\/?s={search_term_string}\"},\"query-input\":{\"@type\":\"PropertyValueSpecification\",\"valueRequired\":true,\"valueName\":\"search_term_string\"}}],\"inLanguage\":\"fr-FR\"},{\"@type\":\"Organization\",\"@id\":\"https:\/\/stourm.news\/#organization\",\"name\":\"Stourm\",\"url\":\"https:\/\/stourm.news\/\",\"logo\":{\"@type\":\"ImageObject\",\"inLanguage\":\"fr-FR\",\"@id\":\"https:\/\/stourm.news\/#\/schema\/logo\/image\/\",\"url\":\"https:\/\/stourm.news\/wp-content\/uploads\/2025\/11\/cropped-Capture-decran-2025-11-28-a-15.19.07.png\",\"contentUrl\":\"https:\/\/stourm.news\/wp-content\/uploads\/2025\/11\/cropped-Capture-decran-2025-11-28-a-15.19.07.png\",\"width\":1855,\"height\":383,\"caption\":\"Stourm\"},\"image\":{\"@id\":\"https:\/\/stourm.news\/#\/schema\/logo\/image\/\"},\"sameAs\":[\"https:\/\/www.facebook.com\/stourmnews\/\"]},{\"@type\":\"Person\",\"@id\":\"https:\/\/stourm.news\/#\/schema\/person\/c3e1dc65988632e190969234ef046cf9\",\"name\":\"La r\u00e9daction\",\"image\":{\"@type\":\"ImageObject\",\"inLanguage\":\"fr-FR\",\"@id\":\"https:\/\/stourm.news\/#\/schema\/person\/image\/\",\"url\":\"https:\/\/secure.gravatar.com\/avatar\/7463443f194b6b5fb706b074ca0ef59a0cfcfd720cb47764b0ec5a952ce422b3?s=96&d=mm&r=g\",\"contentUrl\":\"https:\/\/secure.gravatar.com\/avatar\/7463443f194b6b5fb706b074ca0ef59a0cfcfd720cb47764b0ec5a952ce422b3?s=96&d=mm&r=g\",\"caption\":\"La r\u00e9daction\"},\"sameAs\":[\"https:\/\/stourm.news\"],\"url\":\"https:\/\/stourm.news\/?author=1\"}]}<\/script>\n<!-- \/ Yoast SEO plugin. -->","yoast_head_json":{"title":"La langue bretonne \u00ab instrument de division de la Nation \u00bb selon Macron : l'hypocrisie d'Isabelle Le Callennec et de la droite loyaliste - STOURM","robots":{"index":"index","follow":"follow","max-snippet":"max-snippet:-1","max-image-preview":"max-image-preview:large","max-video-preview":"max-video-preview:-1"},"canonical":"https:\/\/stourm.news\/?p=2886","og_locale":"fr_FR","og_type":"article","og_title":"La langue bretonne \u00ab instrument de division de la Nation \u00bb selon Macron : l'hypocrisie d'Isabelle Le Callennec et de la droite loyaliste - STOURM","og_description":"Quel sentiment d&rsquo;exasp\u00e9ration en lisant la r\u00e9action d&rsquo;Isabelle Le Callennec, cit\u00e9 par Le T\u00e9l\u00e9gramme, qui d\u00e9nonce le \u00ab\u00a0double discours\u00a0\u00bb d&rsquo;Emmanuel Macron apr\u00e8s son \u00e0 l&rsquo;Acad\u00e9mie fran\u00e7aise dans lequel il affirme : \u00ab Notre nation a \u00e9t\u00e9 constitu\u00e9e par l\u2019\u00c9tat et par la langue&#8230; elle a \u00e9t\u00e9 la fabrique d\u2019une Nation qui, sinon, s\u2019\u00e9chappait entre ses [&hellip;]","og_url":"https:\/\/stourm.news\/?p=2886","og_site_name":"STOURM","article_publisher":"https:\/\/www.facebook.com\/stourmnews\/","article_published_time":"2024-11-27T16:12:57+00:00","article_modified_time":"2024-11-27T16:22:21+00:00","og_image":[{"width":1200,"height":750,"url":"https:\/\/stourm.news\/wp-content\/uploads\/2024\/11\/6746f5f8f0154170082c7d6c.1.webp","type":"image\/webp"}],"author":"La r\u00e9daction","twitter_card":"summary_large_image","twitter_misc":{"\u00c9crit par":"La r\u00e9daction","Dur\u00e9e de lecture estim\u00e9e":"3 minutes"},"schema":{"@context":"https:\/\/schema.org","@graph":[{"@type":"Article","@id":"https:\/\/stourm.news\/?p=2886#article","isPartOf":{"@id":"https:\/\/stourm.news\/?p=2886"},"author":{"name":"La r\u00e9daction","@id":"https:\/\/stourm.news\/#\/schema\/person\/c3e1dc65988632e190969234ef046cf9"},"headline":"La langue bretonne \u00ab instrument de division de la Nation \u00bb selon Macron : l&rsquo;hypocrisie d&rsquo;Isabelle Le Callennec et de la droite loyaliste","datePublished":"2024-11-27T16:12:57+00:00","dateModified":"2024-11-27T16:22:21+00:00","mainEntityOfPage":{"@id":"https:\/\/stourm.news\/?p=2886"},"wordCount":533,"commentCount":0,"publisher":{"@id":"https:\/\/stourm.news\/#organization"},"image":{"@id":"https:\/\/stourm.news\/?p=2886#primaryimage"},"thumbnailUrl":"https:\/\/stourm.news\/wp-content\/uploads\/2024\/11\/6746f5f8f0154170082c7d6c.1.webp","articleSection":["Editorial","Principale"],"inLanguage":"fr-FR","potentialAction":[{"@type":"CommentAction","name":"Comment","target":["https:\/\/stourm.news\/?p=2886#respond"]}]},{"@type":"WebPage","@id":"https:\/\/stourm.news\/?p=2886","url":"https:\/\/stourm.news\/?p=2886","name":"La langue bretonne \u00ab instrument de division de la Nation \u00bb selon Macron : l'hypocrisie d'Isabelle Le Callennec et de la droite loyaliste - STOURM","isPartOf":{"@id":"https:\/\/stourm.news\/#website"},"primaryImageOfPage":{"@id":"https:\/\/stourm.news\/?p=2886#primaryimage"},"image":{"@id":"https:\/\/stourm.news\/?p=2886#primaryimage"},"thumbnailUrl":"https:\/\/stourm.news\/wp-content\/uploads\/2024\/11\/6746f5f8f0154170082c7d6c.1.webp","datePublished":"2024-11-27T16:12:57+00:00","dateModified":"2024-11-27T16:22:21+00:00","breadcrumb":{"@id":"https:\/\/stourm.news\/?p=2886#breadcrumb"},"inLanguage":"fr-FR","potentialAction":[{"@type":"ReadAction","target":["https:\/\/stourm.news\/?p=2886"]}]},{"@type":"ImageObject","inLanguage":"fr-FR","@id":"https:\/\/stourm.news\/?p=2886#primaryimage","url":"https:\/\/stourm.news\/wp-content\/uploads\/2024\/11\/6746f5f8f0154170082c7d6c.1.webp","contentUrl":"https:\/\/stourm.news\/wp-content\/uploads\/2024\/11\/6746f5f8f0154170082c7d6c.1.webp","width":1200,"height":750},{"@type":"BreadcrumbList","@id":"https:\/\/stourm.news\/?p=2886#breadcrumb","itemListElement":[{"@type":"ListItem","position":1,"name":"Accueil","item":"https:\/\/stourm.news\/"},{"@type":"ListItem","position":2,"name":"La langue bretonne \u00ab instrument de division de la Nation \u00bb selon Macron : l&rsquo;hypocrisie d&rsquo;Isabelle Le Callennec et de la droite loyaliste"}]},{"@type":"WebSite","@id":"https:\/\/stourm.news\/#website","url":"https:\/\/stourm.news\/","name":"Stourm","description":"Kazetenn Strollad Broadel Breizh","publisher":{"@id":"https:\/\/stourm.news\/#organization"},"potentialAction":[{"@type":"SearchAction","target":{"@type":"EntryPoint","urlTemplate":"https:\/\/stourm.news\/?s={search_term_string}"},"query-input":{"@type":"PropertyValueSpecification","valueRequired":true,"valueName":"search_term_string"}}],"inLanguage":"fr-FR"},{"@type":"Organization","@id":"https:\/\/stourm.news\/#organization","name":"Stourm","url":"https:\/\/stourm.news\/","logo":{"@type":"ImageObject","inLanguage":"fr-FR","@id":"https:\/\/stourm.news\/#\/schema\/logo\/image\/","url":"https:\/\/stourm.news\/wp-content\/uploads\/2025\/11\/cropped-Capture-decran-2025-11-28-a-15.19.07.png","contentUrl":"https:\/\/stourm.news\/wp-content\/uploads\/2025\/11\/cropped-Capture-decran-2025-11-28-a-15.19.07.png","width":1855,"height":383,"caption":"Stourm"},"image":{"@id":"https:\/\/stourm.news\/#\/schema\/logo\/image\/"},"sameAs":["https:\/\/www.facebook.com\/stourmnews\/"]},{"@type":"Person","@id":"https:\/\/stourm.news\/#\/schema\/person\/c3e1dc65988632e190969234ef046cf9","name":"La r\u00e9daction","image":{"@type":"ImageObject","inLanguage":"fr-FR","@id":"https:\/\/stourm.news\/#\/schema\/person\/image\/","url":"https:\/\/secure.gravatar.com\/avatar\/7463443f194b6b5fb706b074ca0ef59a0cfcfd720cb47764b0ec5a952ce422b3?s=96&d=mm&r=g","contentUrl":"https:\/\/secure.gravatar.com\/avatar\/7463443f194b6b5fb706b074ca0ef59a0cfcfd720cb47764b0ec5a952ce422b3?s=96&d=mm&r=g","caption":"La r\u00e9daction"},"sameAs":["https:\/\/stourm.news"],"url":"https:\/\/stourm.news\/?author=1"}]}},"_links":{"self":[{"href":"https:\/\/stourm.news\/index.php?rest_route=\/wp\/v2\/posts\/2886","targetHints":{"allow":["GET"]}}],"collection":[{"href":"https:\/\/stourm.news\/index.php?rest_route=\/wp\/v2\/posts"}],"about":[{"href":"https:\/\/stourm.news\/index.php?rest_route=\/wp\/v2\/types\/post"}],"author":[{"embeddable":true,"href":"https:\/\/stourm.news\/index.php?rest_route=\/wp\/v2\/users\/1"}],"replies":[{"embeddable":true,"href":"https:\/\/stourm.news\/index.php?rest_route=%2Fwp%2Fv2%2Fcomments&post=2886"}],"version-history":[{"count":3,"href":"https:\/\/stourm.news\/index.php?rest_route=\/wp\/v2\/posts\/2886\/revisions"}],"predecessor-version":[{"id":2890,"href":"https:\/\/stourm.news\/index.php?rest_route=\/wp\/v2\/posts\/2886\/revisions\/2890"}],"wp:featuredmedia":[{"embeddable":true,"href":"https:\/\/stourm.news\/index.php?rest_route=\/wp\/v2\/media\/2887"}],"wp:attachment":[{"href":"https:\/\/stourm.news\/index.php?rest_route=%2Fwp%2Fv2%2Fmedia&parent=2886"}],"wp:term":[{"taxonomy":"category","embeddable":true,"href":"https:\/\/stourm.news\/index.php?rest_route=%2Fwp%2Fv2%2Fcategories&post=2886"},{"taxonomy":"post_tag","embeddable":true,"href":"https:\/\/stourm.news\/index.php?rest_route=%2Fwp%2Fv2%2Ftags&post=2886"}],"curies":[{"name":"wp","href":"https:\/\/api.w.org\/{rel}","templated":true}]}}