{"id":2891,"date":"2024-11-27T16:30:29","date_gmt":"2024-11-27T16:30:29","guid":{"rendered":"https:\/\/stourm.news\/?p=2891"},"modified":"2024-11-27T16:30:29","modified_gmt":"2024-11-27T16:30:29","slug":"rodeos-mortiers-impact-de-balle-a-quimper-les-habitants-du-quartier-multiculturel-de-kermoysan-evoquent-linsecurite","status":"publish","type":"post","link":"https:\/\/stourm.news\/?p=2891","title":{"rendered":"Rod\u00e9os, mortiers, impact de balle : \u00e0 Quimper, les habitants du quartier multiculturel de Kermoysan \u00e9voquent l&rsquo;ins\u00e9curit\u00e9"},"content":{"rendered":"<p style=\"text-align: justify;\">Un quartier o\u00f9 \u00ab il fait bon vivre \u00bb, confie \u00c9lodie mais qui nuance aussit\u00f4t son propos en \u00e9voquant les nuisances de l\u2019\u00e9t\u00e9 dernier. \u00ab J\u2019entendais <strong>les rod\u00e9os sauvages<\/strong> et les bruits <strong>de feux d\u2019artifice<\/strong> qui me r\u00e9veillaient brusquement la nuit \u00bb. Ces \u00e9v\u00e9nements, elle en fait part aux policiers pr\u00e9sents ce mardi 26 novembre. \u00ab Je suis bien ici pourtant. Les relations entre voisins sont excellentes \u00bb, poursuit la sexag\u00e9naire qui vit dans le quartier de Kermoysan depuis plus de 30 ans. Elle salue l\u2019initiative du jour. \u00ab \u00c7a nous rassure qu\u2019ils (les policiers) viennent \u00e0 notre rencontre. Ils sont \u00e0 l\u2019\u00e9coute. C\u2019est important \u00bb.<\/p>\n<p style=\"text-align: justify;\">Pour Marianne, 75 ans, qui vit dans le quartier depuis plus de 40 ans, c\u2019est ici qu\u2019elle a tiss\u00e9 son r\u00e9seau social. \u00ab Je me sens bien ici, c\u2019est chez moi \u00bb, d\u00e9clare celle qui n\u2019\u00e9lude pas les difficult\u00e9s. \u00ab Il y a quelques fois o\u00f9 le sentiment <strong>d\u2019ins\u00e9curit\u00e9<\/strong> et <strong>la peur<\/strong> me gagnent. Un jour, j\u2019ai vu un jeune homme sortir du b\u00e2timent en face de chez moi avec <strong>un pistolet<\/strong> \u00e0 la main, qu\u2019il faisait tourner autour de son doigt \u00bb, confie la retrait\u00e9e.<\/p>\n<p style=\"text-align: justify;\">Nouvellement propri\u00e9taire \u00e0 Kermoysan, Marc, 28 ans, lui, est venu \u00e9changer avec les policiers sur un \u00e9v\u00e9nement bien pr\u00e9cis qu\u2019il le pr\u00e9occupe. Il y a quelque mois, apr\u00e8s s\u2019\u00eatre absent\u00e9 pour un long week-end, il a constat\u00e9 <strong>un impact<\/strong> dans sa baie vitr\u00e9e. C\u2019est en regardant rapidement autour de lui, dans son salon, qu\u2019il a d\u00e9couvert <strong>une douille<\/strong>. \u00ab J\u2019ai imm\u00e9diatement port\u00e9 plainte, mais il n\u2019y a pas eu de suite. Je suis venu aujourd\u2019hui pour savoir si les d\u00e9marches que j\u2019ai engag\u00e9es ont avanc\u00e9 ou si elles sont au point mort \u00bb.<\/p>\n<p style=\"text-align: justify;\">Source : <a href=\"https:\/\/www.letelegramme.fr\/finistere\/quimper-29000\/a-kermoysan-des-habitants-attaches-a-leur-quartier-mais-preoccupes-par-linsecurite-6710986.php\">Le T\u00e9l\u00e9gramme<\/a><\/p>\n","protected":false},"excerpt":{"rendered":"<p>Un quartier o\u00f9 \u00ab il fait bon vivre \u00bb, confie \u00c9lodie mais qui nuance aussit\u00f4t son propos en \u00e9voquant les nuisances de l\u2019\u00e9t\u00e9 dernier. \u00ab J\u2019entendais les rod\u00e9os sauvages et les bruits de feux d\u2019artifice qui me r\u00e9veillaient brusquement la nuit \u00bb. Ces \u00e9v\u00e9nements, elle en fait part aux policiers pr\u00e9sents ce mardi 26 novembre. [&hellip;]<\/p>\n","protected":false},"author":1,"featured_media":2892,"comment_status":"open","ping_status":"open","sticky":false,"template":"","format":"standard","meta":{"sb_editor_width":"","footnotes":""},"categories":[38,62,54],"tags":[],"class_list":["post-2891","post","type-post","status-publish","format-standard","has-post-thumbnail","hentry","category-finistere","category-revue-de-presse","category-societe"],"relative_dates":{"created":"1 an ago","modified":"1 an ago"},"yoast_head":"<!-- This site is optimized with the Yoast SEO plugin v26.3 - https:\/\/yoast.com\/wordpress\/plugins\/seo\/ -->\n<title>Rod\u00e9os, mortiers, impact de balle : \u00e0 Quimper, les habitants du quartier multiculturel de Kermoysan \u00e9voquent l&#039;ins\u00e9curit\u00e9 - STOURM<\/title>\n<meta name=\"robots\" content=\"index, follow, max-snippet:-1, max-image-preview:large, max-video-preview:-1\" \/>\n<link rel=\"canonical\" href=\"https:\/\/stourm.news\/?p=2891\" \/>\n<meta property=\"og:locale\" content=\"fr_FR\" \/>\n<meta property=\"og:type\" content=\"article\" \/>\n<meta property=\"og:title\" content=\"Rod\u00e9os, mortiers, impact de balle : \u00e0 Quimper, les habitants du quartier multiculturel de Kermoysan \u00e9voquent l&#039;ins\u00e9curit\u00e9 - STOURM\" \/>\n<meta property=\"og:description\" content=\"Un quartier o\u00f9 \u00ab il fait bon vivre \u00bb, confie \u00c9lodie mais qui nuance aussit\u00f4t son propos en \u00e9voquant les nuisances de l\u2019\u00e9t\u00e9 dernier. \u00ab J\u2019entendais les rod\u00e9os sauvages et les bruits de feux d\u2019artifice qui me r\u00e9veillaient brusquement la nuit \u00bb. Ces \u00e9v\u00e9nements, elle en fait part aux policiers pr\u00e9sents ce mardi 26 novembre. [&hellip;]\" \/>\n<meta property=\"og:url\" content=\"https:\/\/stourm.news\/?p=2891\" \/>\n<meta property=\"og:site_name\" content=\"STOURM\" \/>\n<meta property=\"article:publisher\" content=\"https:\/\/www.facebook.com\/stourmnews\/\" \/>\n<meta property=\"article:published_time\" content=\"2024-11-27T16:30:29+00:00\" \/>\n<meta property=\"og:image\" content=\"https:\/\/stourm.news\/wp-content\/uploads\/2024\/11\/Capture-decran-2024-11-28-a-01.26.07.png\" \/>\n\t<meta property=\"og:image:width\" content=\"1236\" \/>\n\t<meta property=\"og:image:height\" content=\"800\" \/>\n\t<meta property=\"og:image:type\" content=\"image\/png\" \/>\n<meta name=\"author\" content=\"La r\u00e9daction\" \/>\n<meta name=\"twitter:card\" content=\"summary_large_image\" \/>\n<meta name=\"twitter:label1\" content=\"\u00c9crit par\" \/>\n\t<meta name=\"twitter:data1\" content=\"La r\u00e9daction\" \/>\n\t<meta name=\"twitter:label2\" content=\"Dur\u00e9e de lecture estim\u00e9e\" \/>\n\t<meta name=\"twitter:data2\" content=\"2 minutes\" \/>\n<script type=\"application\/ld+json\" class=\"yoast-schema-graph\">{\"@context\":\"https:\/\/schema.org\",\"@graph\":[{\"@type\":\"Article\",\"@id\":\"https:\/\/stourm.news\/?p=2891#article\",\"isPartOf\":{\"@id\":\"https:\/\/stourm.news\/?p=2891\"},\"author\":{\"name\":\"La r\u00e9daction\",\"@id\":\"https:\/\/stourm.news\/#\/schema\/person\/c3e1dc65988632e190969234ef046cf9\"},\"headline\":\"Rod\u00e9os, mortiers, impact de balle : \u00e0 Quimper, les habitants du quartier multiculturel de Kermoysan \u00e9voquent l&rsquo;ins\u00e9curit\u00e9\",\"datePublished\":\"2024-11-27T16:30:29+00:00\",\"mainEntityOfPage\":{\"@id\":\"https:\/\/stourm.news\/?p=2891\"},\"wordCount\":329,\"commentCount\":0,\"publisher\":{\"@id\":\"https:\/\/stourm.news\/#organization\"},\"image\":{\"@id\":\"https:\/\/stourm.news\/?p=2891#primaryimage\"},\"thumbnailUrl\":\"https:\/\/stourm.news\/wp-content\/uploads\/2024\/11\/Capture-decran-2024-11-28-a-01.26.07.png\",\"articleSection\":[\"Finist\u00e8re\",\"Revue de presse\",\"Soci\u00e9t\u00e9\"],\"inLanguage\":\"fr-FR\",\"potentialAction\":[{\"@type\":\"CommentAction\",\"name\":\"Comment\",\"target\":[\"https:\/\/stourm.news\/?p=2891#respond\"]}]},{\"@type\":\"WebPage\",\"@id\":\"https:\/\/stourm.news\/?p=2891\",\"url\":\"https:\/\/stourm.news\/?p=2891\",\"name\":\"Rod\u00e9os, mortiers, impact de balle : \u00e0 Quimper, les habitants du quartier multiculturel de Kermoysan \u00e9voquent l'ins\u00e9curit\u00e9 - STOURM\",\"isPartOf\":{\"@id\":\"https:\/\/stourm.news\/#website\"},\"primaryImageOfPage\":{\"@id\":\"https:\/\/stourm.news\/?p=2891#primaryimage\"},\"image\":{\"@id\":\"https:\/\/stourm.news\/?p=2891#primaryimage\"},\"thumbnailUrl\":\"https:\/\/stourm.news\/wp-content\/uploads\/2024\/11\/Capture-decran-2024-11-28-a-01.26.07.png\",\"datePublished\":\"2024-11-27T16:30:29+00:00\",\"breadcrumb\":{\"@id\":\"https:\/\/stourm.news\/?p=2891#breadcrumb\"},\"inLanguage\":\"fr-FR\",\"potentialAction\":[{\"@type\":\"ReadAction\",\"target\":[\"https:\/\/stourm.news\/?p=2891\"]}]},{\"@type\":\"ImageObject\",\"inLanguage\":\"fr-FR\",\"@id\":\"https:\/\/stourm.news\/?p=2891#primaryimage\",\"url\":\"https:\/\/stourm.news\/wp-content\/uploads\/2024\/11\/Capture-decran-2024-11-28-a-01.26.07.png\",\"contentUrl\":\"https:\/\/stourm.news\/wp-content\/uploads\/2024\/11\/Capture-decran-2024-11-28-a-01.26.07.png\",\"width\":1236,\"height\":800},{\"@type\":\"BreadcrumbList\",\"@id\":\"https:\/\/stourm.news\/?p=2891#breadcrumb\",\"itemListElement\":[{\"@type\":\"ListItem\",\"position\":1,\"name\":\"Accueil\",\"item\":\"https:\/\/stourm.news\/\"},{\"@type\":\"ListItem\",\"position\":2,\"name\":\"Rod\u00e9os, mortiers, impact de balle : \u00e0 Quimper, les habitants du quartier multiculturel de Kermoysan \u00e9voquent l&rsquo;ins\u00e9curit\u00e9\"}]},{\"@type\":\"WebSite\",\"@id\":\"https:\/\/stourm.news\/#website\",\"url\":\"https:\/\/stourm.news\/\",\"name\":\"Stourm\",\"description\":\"Kazetenn Strollad Broadel Breizh\",\"publisher\":{\"@id\":\"https:\/\/stourm.news\/#organization\"},\"potentialAction\":[{\"@type\":\"SearchAction\",\"target\":{\"@type\":\"EntryPoint\",\"urlTemplate\":\"https:\/\/stourm.news\/?s={search_term_string}\"},\"query-input\":{\"@type\":\"PropertyValueSpecification\",\"valueRequired\":true,\"valueName\":\"search_term_string\"}}],\"inLanguage\":\"fr-FR\"},{\"@type\":\"Organization\",\"@id\":\"https:\/\/stourm.news\/#organization\",\"name\":\"Stourm\",\"url\":\"https:\/\/stourm.news\/\",\"logo\":{\"@type\":\"ImageObject\",\"inLanguage\":\"fr-FR\",\"@id\":\"https:\/\/stourm.news\/#\/schema\/logo\/image\/\",\"url\":\"https:\/\/stourm.news\/wp-content\/uploads\/2025\/11\/cropped-Capture-decran-2025-11-28-a-15.19.07.png\",\"contentUrl\":\"https:\/\/stourm.news\/wp-content\/uploads\/2025\/11\/cropped-Capture-decran-2025-11-28-a-15.19.07.png\",\"width\":1855,\"height\":383,\"caption\":\"Stourm\"},\"image\":{\"@id\":\"https:\/\/stourm.news\/#\/schema\/logo\/image\/\"},\"sameAs\":[\"https:\/\/www.facebook.com\/stourmnews\/\"]},{\"@type\":\"Person\",\"@id\":\"https:\/\/stourm.news\/#\/schema\/person\/c3e1dc65988632e190969234ef046cf9\",\"name\":\"La r\u00e9daction\",\"image\":{\"@type\":\"ImageObject\",\"inLanguage\":\"fr-FR\",\"@id\":\"https:\/\/stourm.news\/#\/schema\/person\/image\/\",\"url\":\"https:\/\/secure.gravatar.com\/avatar\/7463443f194b6b5fb706b074ca0ef59a0cfcfd720cb47764b0ec5a952ce422b3?s=96&d=mm&r=g\",\"contentUrl\":\"https:\/\/secure.gravatar.com\/avatar\/7463443f194b6b5fb706b074ca0ef59a0cfcfd720cb47764b0ec5a952ce422b3?s=96&d=mm&r=g\",\"caption\":\"La r\u00e9daction\"},\"sameAs\":[\"https:\/\/stourm.news\"],\"url\":\"https:\/\/stourm.news\/?author=1\"}]}<\/script>\n<!-- \/ Yoast SEO plugin. -->","yoast_head_json":{"title":"Rod\u00e9os, mortiers, impact de balle : \u00e0 Quimper, les habitants du quartier multiculturel de Kermoysan \u00e9voquent l'ins\u00e9curit\u00e9 - STOURM","robots":{"index":"index","follow":"follow","max-snippet":"max-snippet:-1","max-image-preview":"max-image-preview:large","max-video-preview":"max-video-preview:-1"},"canonical":"https:\/\/stourm.news\/?p=2891","og_locale":"fr_FR","og_type":"article","og_title":"Rod\u00e9os, mortiers, impact de balle : \u00e0 Quimper, les habitants du quartier multiculturel de Kermoysan \u00e9voquent l'ins\u00e9curit\u00e9 - STOURM","og_description":"Un quartier o\u00f9 \u00ab il fait bon vivre \u00bb, confie \u00c9lodie mais qui nuance aussit\u00f4t son propos en \u00e9voquant les nuisances de l\u2019\u00e9t\u00e9 dernier. \u00ab J\u2019entendais les rod\u00e9os sauvages et les bruits de feux d\u2019artifice qui me r\u00e9veillaient brusquement la nuit \u00bb. Ces \u00e9v\u00e9nements, elle en fait part aux policiers pr\u00e9sents ce mardi 26 novembre. [&hellip;]","og_url":"https:\/\/stourm.news\/?p=2891","og_site_name":"STOURM","article_publisher":"https:\/\/www.facebook.com\/stourmnews\/","article_published_time":"2024-11-27T16:30:29+00:00","og_image":[{"width":1236,"height":800,"url":"https:\/\/stourm.news\/wp-content\/uploads\/2024\/11\/Capture-decran-2024-11-28-a-01.26.07.png","type":"image\/png"}],"author":"La r\u00e9daction","twitter_card":"summary_large_image","twitter_misc":{"\u00c9crit par":"La r\u00e9daction","Dur\u00e9e de lecture estim\u00e9e":"2 minutes"},"schema":{"@context":"https:\/\/schema.org","@graph":[{"@type":"Article","@id":"https:\/\/stourm.news\/?p=2891#article","isPartOf":{"@id":"https:\/\/stourm.news\/?p=2891"},"author":{"name":"La r\u00e9daction","@id":"https:\/\/stourm.news\/#\/schema\/person\/c3e1dc65988632e190969234ef046cf9"},"headline":"Rod\u00e9os, mortiers, impact de balle : \u00e0 Quimper, les habitants du quartier multiculturel de Kermoysan \u00e9voquent l&rsquo;ins\u00e9curit\u00e9","datePublished":"2024-11-27T16:30:29+00:00","mainEntityOfPage":{"@id":"https:\/\/stourm.news\/?p=2891"},"wordCount":329,"commentCount":0,"publisher":{"@id":"https:\/\/stourm.news\/#organization"},"image":{"@id":"https:\/\/stourm.news\/?p=2891#primaryimage"},"thumbnailUrl":"https:\/\/stourm.news\/wp-content\/uploads\/2024\/11\/Capture-decran-2024-11-28-a-01.26.07.png","articleSection":["Finist\u00e8re","Revue de presse","Soci\u00e9t\u00e9"],"inLanguage":"fr-FR","potentialAction":[{"@type":"CommentAction","name":"Comment","target":["https:\/\/stourm.news\/?p=2891#respond"]}]},{"@type":"WebPage","@id":"https:\/\/stourm.news\/?p=2891","url":"https:\/\/stourm.news\/?p=2891","name":"Rod\u00e9os, mortiers, impact de balle : \u00e0 Quimper, les habitants du quartier multiculturel de Kermoysan \u00e9voquent l'ins\u00e9curit\u00e9 - STOURM","isPartOf":{"@id":"https:\/\/stourm.news\/#website"},"primaryImageOfPage":{"@id":"https:\/\/stourm.news\/?p=2891#primaryimage"},"image":{"@id":"https:\/\/stourm.news\/?p=2891#primaryimage"},"thumbnailUrl":"https:\/\/stourm.news\/wp-content\/uploads\/2024\/11\/Capture-decran-2024-11-28-a-01.26.07.png","datePublished":"2024-11-27T16:30:29+00:00","breadcrumb":{"@id":"https:\/\/stourm.news\/?p=2891#breadcrumb"},"inLanguage":"fr-FR","potentialAction":[{"@type":"ReadAction","target":["https:\/\/stourm.news\/?p=2891"]}]},{"@type":"ImageObject","inLanguage":"fr-FR","@id":"https:\/\/stourm.news\/?p=2891#primaryimage","url":"https:\/\/stourm.news\/wp-content\/uploads\/2024\/11\/Capture-decran-2024-11-28-a-01.26.07.png","contentUrl":"https:\/\/stourm.news\/wp-content\/uploads\/2024\/11\/Capture-decran-2024-11-28-a-01.26.07.png","width":1236,"height":800},{"@type":"BreadcrumbList","@id":"https:\/\/stourm.news\/?p=2891#breadcrumb","itemListElement":[{"@type":"ListItem","position":1,"name":"Accueil","item":"https:\/\/stourm.news\/"},{"@type":"ListItem","position":2,"name":"Rod\u00e9os, mortiers, impact de balle : \u00e0 Quimper, les habitants du quartier multiculturel de Kermoysan \u00e9voquent l&rsquo;ins\u00e9curit\u00e9"}]},{"@type":"WebSite","@id":"https:\/\/stourm.news\/#website","url":"https:\/\/stourm.news\/","name":"Stourm","description":"Kazetenn Strollad Broadel Breizh","publisher":{"@id":"https:\/\/stourm.news\/#organization"},"potentialAction":[{"@type":"SearchAction","target":{"@type":"EntryPoint","urlTemplate":"https:\/\/stourm.news\/?s={search_term_string}"},"query-input":{"@type":"PropertyValueSpecification","valueRequired":true,"valueName":"search_term_string"}}],"inLanguage":"fr-FR"},{"@type":"Organization","@id":"https:\/\/stourm.news\/#organization","name":"Stourm","url":"https:\/\/stourm.news\/","logo":{"@type":"ImageObject","inLanguage":"fr-FR","@id":"https:\/\/stourm.news\/#\/schema\/logo\/image\/","url":"https:\/\/stourm.news\/wp-content\/uploads\/2025\/11\/cropped-Capture-decran-2025-11-28-a-15.19.07.png","contentUrl":"https:\/\/stourm.news\/wp-content\/uploads\/2025\/11\/cropped-Capture-decran-2025-11-28-a-15.19.07.png","width":1855,"height":383,"caption":"Stourm"},"image":{"@id":"https:\/\/stourm.news\/#\/schema\/logo\/image\/"},"sameAs":["https:\/\/www.facebook.com\/stourmnews\/"]},{"@type":"Person","@id":"https:\/\/stourm.news\/#\/schema\/person\/c3e1dc65988632e190969234ef046cf9","name":"La r\u00e9daction","image":{"@type":"ImageObject","inLanguage":"fr-FR","@id":"https:\/\/stourm.news\/#\/schema\/person\/image\/","url":"https:\/\/secure.gravatar.com\/avatar\/7463443f194b6b5fb706b074ca0ef59a0cfcfd720cb47764b0ec5a952ce422b3?s=96&d=mm&r=g","contentUrl":"https:\/\/secure.gravatar.com\/avatar\/7463443f194b6b5fb706b074ca0ef59a0cfcfd720cb47764b0ec5a952ce422b3?s=96&d=mm&r=g","caption":"La r\u00e9daction"},"sameAs":["https:\/\/stourm.news"],"url":"https:\/\/stourm.news\/?author=1"}]}},"_links":{"self":[{"href":"https:\/\/stourm.news\/index.php?rest_route=\/wp\/v2\/posts\/2891","targetHints":{"allow":["GET"]}}],"collection":[{"href":"https:\/\/stourm.news\/index.php?rest_route=\/wp\/v2\/posts"}],"about":[{"href":"https:\/\/stourm.news\/index.php?rest_route=\/wp\/v2\/types\/post"}],"author":[{"embeddable":true,"href":"https:\/\/stourm.news\/index.php?rest_route=\/wp\/v2\/users\/1"}],"replies":[{"embeddable":true,"href":"https:\/\/stourm.news\/index.php?rest_route=%2Fwp%2Fv2%2Fcomments&post=2891"}],"version-history":[{"count":1,"href":"https:\/\/stourm.news\/index.php?rest_route=\/wp\/v2\/posts\/2891\/revisions"}],"predecessor-version":[{"id":2893,"href":"https:\/\/stourm.news\/index.php?rest_route=\/wp\/v2\/posts\/2891\/revisions\/2893"}],"wp:featuredmedia":[{"embeddable":true,"href":"https:\/\/stourm.news\/index.php?rest_route=\/wp\/v2\/media\/2892"}],"wp:attachment":[{"href":"https:\/\/stourm.news\/index.php?rest_route=%2Fwp%2Fv2%2Fmedia&parent=2891"}],"wp:term":[{"taxonomy":"category","embeddable":true,"href":"https:\/\/stourm.news\/index.php?rest_route=%2Fwp%2Fv2%2Fcategories&post=2891"},{"taxonomy":"post_tag","embeddable":true,"href":"https:\/\/stourm.news\/index.php?rest_route=%2Fwp%2Fv2%2Ftags&post=2891"}],"curies":[{"name":"wp","href":"https:\/\/api.w.org\/{rel}","templated":true}]}}