{"id":2903,"date":"2024-11-28T17:01:30","date_gmt":"2024-11-28T17:01:30","guid":{"rendered":"https:\/\/stourm.news\/?p=2903"},"modified":"2024-11-28T17:03:04","modified_gmt":"2024-11-28T17:03:04","slug":"rennes-un-controleur-de-bus-transporte-a-lhopital-apres-avoir-le-nez-fracture-par-un-passager-sans-titre-de-transport","status":"publish","type":"post","link":"https:\/\/stourm.news\/?p=2903","title":{"rendered":"Rennes : un contr\u00f4leur de bus transport\u00e9 \u00e0 l\u2019h\u00f4pital apr\u00e8s avoir eu le nez fractur\u00e9 par un passager sans titre de transport"},"content":{"rendered":"<p style=\"text-align: justify;\">Les faits se sont d\u00e9roul\u00e9s ce jeudi, un peu avant midi, au niveau de l\u2019arr\u00eat de bus Haut Sanc\u00e9, dans le quartier La Pommeraie. Lors de son service, un agent de contr\u00f4le du STAR a \u00e9t\u00e9 agress\u00e9 par un individu qui refusait de lui pr\u00e9senter son titre de transport.<\/p>\n<p style=\"text-align: justify;\">Apr\u00e8s lui avoir adress\u00e9 <strong>un coup de poing<\/strong> dans le nez, l\u2019agresseur se serait enfui avant l\u2019arriv\u00e9e de la police. \u00c2g\u00e9e d\u2019une quarantaine d\u2019ann\u00e9es, la victime a \u00e9t\u00e9 prise en charge par une ambulance du SAMU qui l\u2019a transport\u00e9 \u00e0 l\u2019h\u00f4pital pour passer des examens. Une <strong>fracture du nez<\/strong> est soup\u00e7onn\u00e9e.<\/p>\n<p style=\"text-align: justify;\">\u00ab C\u2019est tr\u00e8s grave, \u00e7a ne peut plus continuer \u00bb, s\u2019indigne Philippe Simon, d\u00e9l\u00e9gu\u00e9 syndical UNSA Keolis. \u00ab Il y a eu plus de 30 agressions contre des personnels du STAR depuis le d\u00e9but de l\u2019ann\u00e9e. \u00c7a devient trop dangereux de faire notre m\u00e9tier \u00bb.<\/p>\n<p style=\"text-align: justify;\">\u00ab On en a ras le bol \u00bb, abonde Christian Demay, conducteur et d\u00e9l\u00e9gu\u00e9 CGT. \u00ab <strong>L\u2019ambiance est de plus en plus tendue<\/strong>. On presse les contr\u00f4leurs pour faire du chiffre en verbalisant des gens qui ont simplement oubli\u00e9 leur carte malgr\u00e9 avoir pay\u00e9 un abonnement. \u00c7a contribue \u00e0 cr\u00e9er une ambiance pesante \u00bb.<\/p>\n<p style=\"text-align: justify;\">Suite \u00e0 cet incident, les contr\u00f4leurs du STAR ont exerc\u00e9 leur droit de retrait pour alerter sur une situation qui se \u00ab d\u00e9grade \u00bb. Celui-ci a finalement \u00e9t\u00e9 lev\u00e9 en toute fin de journ\u00e9e. Convoqu\u00e9e en urgence par la direction, une r\u00e9union sur le th\u00e8me de la s\u00e9curit\u00e9 du r\u00e9seau se tiendra demain matin en pr\u00e9sence des syndicats.<\/p>\n<p style=\"text-align: justify;\">Contact\u00e9, Keolis Rennes pr\u00e9cise \u00ab d\u00e9plorer ce genre d\u2018\u00e9v\u00e9nement \u00bb et apporte son soutien aux agents victimes de ce type d\u2019incident.<\/p>\n<p style=\"text-align: justify;\">Source : <a href=\"https:\/\/www.letelegramme.fr\/ille-et-vilaine\/rennes-35000\/cest-tres-grave-un-controleur-de-bus-transporte-a-lhopital-apres-une-agression-a-rennes-6712272.php\">Le T\u00e9l\u00e9gramme<\/a><\/p>\n","protected":false},"excerpt":{"rendered":"<p>Les faits se sont d\u00e9roul\u00e9s ce jeudi, un peu avant midi, au niveau de l\u2019arr\u00eat de bus Haut Sanc\u00e9, dans le quartier La Pommeraie. Lors de son service, un agent de contr\u00f4le du STAR a \u00e9t\u00e9 agress\u00e9 par un individu qui refusait de lui pr\u00e9senter son titre de transport. Apr\u00e8s lui avoir adress\u00e9 un coup [&hellip;]<\/p>\n","protected":false},"author":1,"featured_media":2904,"comment_status":"open","ping_status":"open","sticky":false,"template":"","format":"standard","meta":{"sb_editor_width":"","footnotes":""},"categories":[31,41,62],"tags":[],"class_list":["post-2903","post","type-post","status-publish","format-standard","has-post-thumbnail","hentry","category-agression","category-ille-et-vilaine","category-revue-de-presse"],"relative_dates":{"created":"1 an ago","modified":"1 an ago"},"yoast_head":"<!-- This site is optimized with the Yoast SEO plugin v26.3 - https:\/\/yoast.com\/wordpress\/plugins\/seo\/ -->\n<title>Rennes : un contr\u00f4leur de bus transport\u00e9 \u00e0 l\u2019h\u00f4pital apr\u00e8s avoir eu le nez fractur\u00e9 par un passager sans titre de transport - STOURM<\/title>\n<meta name=\"robots\" content=\"index, follow, max-snippet:-1, max-image-preview:large, max-video-preview:-1\" \/>\n<link rel=\"canonical\" href=\"https:\/\/stourm.news\/?p=2903\" \/>\n<meta property=\"og:locale\" content=\"fr_FR\" \/>\n<meta property=\"og:type\" content=\"article\" \/>\n<meta property=\"og:title\" content=\"Rennes : un contr\u00f4leur de bus transport\u00e9 \u00e0 l\u2019h\u00f4pital apr\u00e8s avoir eu le nez fractur\u00e9 par un passager sans titre de transport - STOURM\" \/>\n<meta property=\"og:description\" content=\"Les faits se sont d\u00e9roul\u00e9s ce jeudi, un peu avant midi, au niveau de l\u2019arr\u00eat de bus Haut Sanc\u00e9, dans le quartier La Pommeraie. Lors de son service, un agent de contr\u00f4le du STAR a \u00e9t\u00e9 agress\u00e9 par un individu qui refusait de lui pr\u00e9senter son titre de transport. Apr\u00e8s lui avoir adress\u00e9 un coup [&hellip;]\" \/>\n<meta property=\"og:url\" content=\"https:\/\/stourm.news\/?p=2903\" \/>\n<meta property=\"og:site_name\" content=\"STOURM\" \/>\n<meta property=\"article:publisher\" content=\"https:\/\/www.facebook.com\/stourmnews\/\" \/>\n<meta property=\"article:published_time\" content=\"2024-11-28T17:01:30+00:00\" \/>\n<meta property=\"article:modified_time\" content=\"2024-11-28T17:03:04+00:00\" \/>\n<meta property=\"og:image\" content=\"https:\/\/stourm.news\/wp-content\/uploads\/2024\/11\/6748998fe9ec487ee478a0ac.webp\" \/>\n\t<meta property=\"og:image:width\" content=\"1200\" \/>\n\t<meta property=\"og:image:height\" content=\"750\" \/>\n\t<meta property=\"og:image:type\" content=\"image\/webp\" \/>\n<meta name=\"author\" content=\"La r\u00e9daction\" \/>\n<meta name=\"twitter:card\" content=\"summary_large_image\" \/>\n<meta name=\"twitter:label1\" content=\"\u00c9crit par\" \/>\n\t<meta name=\"twitter:data1\" content=\"La r\u00e9daction\" \/>\n\t<meta name=\"twitter:label2\" content=\"Dur\u00e9e de lecture estim\u00e9e\" \/>\n\t<meta name=\"twitter:data2\" content=\"2 minutes\" \/>\n<script type=\"application\/ld+json\" class=\"yoast-schema-graph\">{\"@context\":\"https:\/\/schema.org\",\"@graph\":[{\"@type\":\"Article\",\"@id\":\"https:\/\/stourm.news\/?p=2903#article\",\"isPartOf\":{\"@id\":\"https:\/\/stourm.news\/?p=2903\"},\"author\":{\"name\":\"La r\u00e9daction\",\"@id\":\"https:\/\/stourm.news\/#\/schema\/person\/c3e1dc65988632e190969234ef046cf9\"},\"headline\":\"Rennes : un contr\u00f4leur de bus transport\u00e9 \u00e0 l\u2019h\u00f4pital apr\u00e8s avoir eu le nez fractur\u00e9 par un passager sans titre de transport\",\"datePublished\":\"2024-11-28T17:01:30+00:00\",\"dateModified\":\"2024-11-28T17:03:04+00:00\",\"mainEntityOfPage\":{\"@id\":\"https:\/\/stourm.news\/?p=2903\"},\"wordCount\":338,\"commentCount\":0,\"publisher\":{\"@id\":\"https:\/\/stourm.news\/#organization\"},\"image\":{\"@id\":\"https:\/\/stourm.news\/?p=2903#primaryimage\"},\"thumbnailUrl\":\"https:\/\/stourm.news\/wp-content\/uploads\/2024\/11\/6748998fe9ec487ee478a0ac.webp\",\"articleSection\":[\"Agression\",\"Ille-et-Vilaine\",\"Revue de presse\"],\"inLanguage\":\"fr-FR\",\"potentialAction\":[{\"@type\":\"CommentAction\",\"name\":\"Comment\",\"target\":[\"https:\/\/stourm.news\/?p=2903#respond\"]}]},{\"@type\":\"WebPage\",\"@id\":\"https:\/\/stourm.news\/?p=2903\",\"url\":\"https:\/\/stourm.news\/?p=2903\",\"name\":\"Rennes : un contr\u00f4leur de bus transport\u00e9 \u00e0 l\u2019h\u00f4pital apr\u00e8s avoir eu le nez fractur\u00e9 par un passager sans titre de transport - STOURM\",\"isPartOf\":{\"@id\":\"https:\/\/stourm.news\/#website\"},\"primaryImageOfPage\":{\"@id\":\"https:\/\/stourm.news\/?p=2903#primaryimage\"},\"image\":{\"@id\":\"https:\/\/stourm.news\/?p=2903#primaryimage\"},\"thumbnailUrl\":\"https:\/\/stourm.news\/wp-content\/uploads\/2024\/11\/6748998fe9ec487ee478a0ac.webp\",\"datePublished\":\"2024-11-28T17:01:30+00:00\",\"dateModified\":\"2024-11-28T17:03:04+00:00\",\"breadcrumb\":{\"@id\":\"https:\/\/stourm.news\/?p=2903#breadcrumb\"},\"inLanguage\":\"fr-FR\",\"potentialAction\":[{\"@type\":\"ReadAction\",\"target\":[\"https:\/\/stourm.news\/?p=2903\"]}]},{\"@type\":\"ImageObject\",\"inLanguage\":\"fr-FR\",\"@id\":\"https:\/\/stourm.news\/?p=2903#primaryimage\",\"url\":\"https:\/\/stourm.news\/wp-content\/uploads\/2024\/11\/6748998fe9ec487ee478a0ac.webp\",\"contentUrl\":\"https:\/\/stourm.news\/wp-content\/uploads\/2024\/11\/6748998fe9ec487ee478a0ac.webp\",\"width\":1200,\"height\":750},{\"@type\":\"BreadcrumbList\",\"@id\":\"https:\/\/stourm.news\/?p=2903#breadcrumb\",\"itemListElement\":[{\"@type\":\"ListItem\",\"position\":1,\"name\":\"Accueil\",\"item\":\"https:\/\/stourm.news\/\"},{\"@type\":\"ListItem\",\"position\":2,\"name\":\"Rennes : un contr\u00f4leur de bus transport\u00e9 \u00e0 l\u2019h\u00f4pital apr\u00e8s avoir eu le nez fractur\u00e9 par un passager sans titre de transport\"}]},{\"@type\":\"WebSite\",\"@id\":\"https:\/\/stourm.news\/#website\",\"url\":\"https:\/\/stourm.news\/\",\"name\":\"Stourm\",\"description\":\"Kazetenn Strollad Broadel Breizh\",\"publisher\":{\"@id\":\"https:\/\/stourm.news\/#organization\"},\"potentialAction\":[{\"@type\":\"SearchAction\",\"target\":{\"@type\":\"EntryPoint\",\"urlTemplate\":\"https:\/\/stourm.news\/?s={search_term_string}\"},\"query-input\":{\"@type\":\"PropertyValueSpecification\",\"valueRequired\":true,\"valueName\":\"search_term_string\"}}],\"inLanguage\":\"fr-FR\"},{\"@type\":\"Organization\",\"@id\":\"https:\/\/stourm.news\/#organization\",\"name\":\"Stourm\",\"url\":\"https:\/\/stourm.news\/\",\"logo\":{\"@type\":\"ImageObject\",\"inLanguage\":\"fr-FR\",\"@id\":\"https:\/\/stourm.news\/#\/schema\/logo\/image\/\",\"url\":\"https:\/\/stourm.news\/wp-content\/uploads\/2025\/11\/cropped-Capture-decran-2025-11-28-a-15.19.07.png\",\"contentUrl\":\"https:\/\/stourm.news\/wp-content\/uploads\/2025\/11\/cropped-Capture-decran-2025-11-28-a-15.19.07.png\",\"width\":1855,\"height\":383,\"caption\":\"Stourm\"},\"image\":{\"@id\":\"https:\/\/stourm.news\/#\/schema\/logo\/image\/\"},\"sameAs\":[\"https:\/\/www.facebook.com\/stourmnews\/\"]},{\"@type\":\"Person\",\"@id\":\"https:\/\/stourm.news\/#\/schema\/person\/c3e1dc65988632e190969234ef046cf9\",\"name\":\"La r\u00e9daction\",\"image\":{\"@type\":\"ImageObject\",\"inLanguage\":\"fr-FR\",\"@id\":\"https:\/\/stourm.news\/#\/schema\/person\/image\/\",\"url\":\"https:\/\/secure.gravatar.com\/avatar\/7463443f194b6b5fb706b074ca0ef59a0cfcfd720cb47764b0ec5a952ce422b3?s=96&d=mm&r=g\",\"contentUrl\":\"https:\/\/secure.gravatar.com\/avatar\/7463443f194b6b5fb706b074ca0ef59a0cfcfd720cb47764b0ec5a952ce422b3?s=96&d=mm&r=g\",\"caption\":\"La r\u00e9daction\"},\"sameAs\":[\"https:\/\/stourm.news\"],\"url\":\"https:\/\/stourm.news\/?author=1\"}]}<\/script>\n<!-- \/ Yoast SEO plugin. -->","yoast_head_json":{"title":"Rennes : un contr\u00f4leur de bus transport\u00e9 \u00e0 l\u2019h\u00f4pital apr\u00e8s avoir eu le nez fractur\u00e9 par un passager sans titre de transport - STOURM","robots":{"index":"index","follow":"follow","max-snippet":"max-snippet:-1","max-image-preview":"max-image-preview:large","max-video-preview":"max-video-preview:-1"},"canonical":"https:\/\/stourm.news\/?p=2903","og_locale":"fr_FR","og_type":"article","og_title":"Rennes : un contr\u00f4leur de bus transport\u00e9 \u00e0 l\u2019h\u00f4pital apr\u00e8s avoir eu le nez fractur\u00e9 par un passager sans titre de transport - STOURM","og_description":"Les faits se sont d\u00e9roul\u00e9s ce jeudi, un peu avant midi, au niveau de l\u2019arr\u00eat de bus Haut Sanc\u00e9, dans le quartier La Pommeraie. Lors de son service, un agent de contr\u00f4le du STAR a \u00e9t\u00e9 agress\u00e9 par un individu qui refusait de lui pr\u00e9senter son titre de transport. Apr\u00e8s lui avoir adress\u00e9 un coup [&hellip;]","og_url":"https:\/\/stourm.news\/?p=2903","og_site_name":"STOURM","article_publisher":"https:\/\/www.facebook.com\/stourmnews\/","article_published_time":"2024-11-28T17:01:30+00:00","article_modified_time":"2024-11-28T17:03:04+00:00","og_image":[{"width":1200,"height":750,"url":"https:\/\/stourm.news\/wp-content\/uploads\/2024\/11\/6748998fe9ec487ee478a0ac.webp","type":"image\/webp"}],"author":"La r\u00e9daction","twitter_card":"summary_large_image","twitter_misc":{"\u00c9crit par":"La r\u00e9daction","Dur\u00e9e de lecture estim\u00e9e":"2 minutes"},"schema":{"@context":"https:\/\/schema.org","@graph":[{"@type":"Article","@id":"https:\/\/stourm.news\/?p=2903#article","isPartOf":{"@id":"https:\/\/stourm.news\/?p=2903"},"author":{"name":"La r\u00e9daction","@id":"https:\/\/stourm.news\/#\/schema\/person\/c3e1dc65988632e190969234ef046cf9"},"headline":"Rennes : un contr\u00f4leur de bus transport\u00e9 \u00e0 l\u2019h\u00f4pital apr\u00e8s avoir eu le nez fractur\u00e9 par un passager sans titre de transport","datePublished":"2024-11-28T17:01:30+00:00","dateModified":"2024-11-28T17:03:04+00:00","mainEntityOfPage":{"@id":"https:\/\/stourm.news\/?p=2903"},"wordCount":338,"commentCount":0,"publisher":{"@id":"https:\/\/stourm.news\/#organization"},"image":{"@id":"https:\/\/stourm.news\/?p=2903#primaryimage"},"thumbnailUrl":"https:\/\/stourm.news\/wp-content\/uploads\/2024\/11\/6748998fe9ec487ee478a0ac.webp","articleSection":["Agression","Ille-et-Vilaine","Revue de presse"],"inLanguage":"fr-FR","potentialAction":[{"@type":"CommentAction","name":"Comment","target":["https:\/\/stourm.news\/?p=2903#respond"]}]},{"@type":"WebPage","@id":"https:\/\/stourm.news\/?p=2903","url":"https:\/\/stourm.news\/?p=2903","name":"Rennes : un contr\u00f4leur de bus transport\u00e9 \u00e0 l\u2019h\u00f4pital apr\u00e8s avoir eu le nez fractur\u00e9 par un passager sans titre de transport - STOURM","isPartOf":{"@id":"https:\/\/stourm.news\/#website"},"primaryImageOfPage":{"@id":"https:\/\/stourm.news\/?p=2903#primaryimage"},"image":{"@id":"https:\/\/stourm.news\/?p=2903#primaryimage"},"thumbnailUrl":"https:\/\/stourm.news\/wp-content\/uploads\/2024\/11\/6748998fe9ec487ee478a0ac.webp","datePublished":"2024-11-28T17:01:30+00:00","dateModified":"2024-11-28T17:03:04+00:00","breadcrumb":{"@id":"https:\/\/stourm.news\/?p=2903#breadcrumb"},"inLanguage":"fr-FR","potentialAction":[{"@type":"ReadAction","target":["https:\/\/stourm.news\/?p=2903"]}]},{"@type":"ImageObject","inLanguage":"fr-FR","@id":"https:\/\/stourm.news\/?p=2903#primaryimage","url":"https:\/\/stourm.news\/wp-content\/uploads\/2024\/11\/6748998fe9ec487ee478a0ac.webp","contentUrl":"https:\/\/stourm.news\/wp-content\/uploads\/2024\/11\/6748998fe9ec487ee478a0ac.webp","width":1200,"height":750},{"@type":"BreadcrumbList","@id":"https:\/\/stourm.news\/?p=2903#breadcrumb","itemListElement":[{"@type":"ListItem","position":1,"name":"Accueil","item":"https:\/\/stourm.news\/"},{"@type":"ListItem","position":2,"name":"Rennes : un contr\u00f4leur de bus transport\u00e9 \u00e0 l\u2019h\u00f4pital apr\u00e8s avoir eu le nez fractur\u00e9 par un passager sans titre de transport"}]},{"@type":"WebSite","@id":"https:\/\/stourm.news\/#website","url":"https:\/\/stourm.news\/","name":"Stourm","description":"Kazetenn Strollad Broadel Breizh","publisher":{"@id":"https:\/\/stourm.news\/#organization"},"potentialAction":[{"@type":"SearchAction","target":{"@type":"EntryPoint","urlTemplate":"https:\/\/stourm.news\/?s={search_term_string}"},"query-input":{"@type":"PropertyValueSpecification","valueRequired":true,"valueName":"search_term_string"}}],"inLanguage":"fr-FR"},{"@type":"Organization","@id":"https:\/\/stourm.news\/#organization","name":"Stourm","url":"https:\/\/stourm.news\/","logo":{"@type":"ImageObject","inLanguage":"fr-FR","@id":"https:\/\/stourm.news\/#\/schema\/logo\/image\/","url":"https:\/\/stourm.news\/wp-content\/uploads\/2025\/11\/cropped-Capture-decran-2025-11-28-a-15.19.07.png","contentUrl":"https:\/\/stourm.news\/wp-content\/uploads\/2025\/11\/cropped-Capture-decran-2025-11-28-a-15.19.07.png","width":1855,"height":383,"caption":"Stourm"},"image":{"@id":"https:\/\/stourm.news\/#\/schema\/logo\/image\/"},"sameAs":["https:\/\/www.facebook.com\/stourmnews\/"]},{"@type":"Person","@id":"https:\/\/stourm.news\/#\/schema\/person\/c3e1dc65988632e190969234ef046cf9","name":"La r\u00e9daction","image":{"@type":"ImageObject","inLanguage":"fr-FR","@id":"https:\/\/stourm.news\/#\/schema\/person\/image\/","url":"https:\/\/secure.gravatar.com\/avatar\/7463443f194b6b5fb706b074ca0ef59a0cfcfd720cb47764b0ec5a952ce422b3?s=96&d=mm&r=g","contentUrl":"https:\/\/secure.gravatar.com\/avatar\/7463443f194b6b5fb706b074ca0ef59a0cfcfd720cb47764b0ec5a952ce422b3?s=96&d=mm&r=g","caption":"La r\u00e9daction"},"sameAs":["https:\/\/stourm.news"],"url":"https:\/\/stourm.news\/?author=1"}]}},"_links":{"self":[{"href":"https:\/\/stourm.news\/index.php?rest_route=\/wp\/v2\/posts\/2903","targetHints":{"allow":["GET"]}}],"collection":[{"href":"https:\/\/stourm.news\/index.php?rest_route=\/wp\/v2\/posts"}],"about":[{"href":"https:\/\/stourm.news\/index.php?rest_route=\/wp\/v2\/types\/post"}],"author":[{"embeddable":true,"href":"https:\/\/stourm.news\/index.php?rest_route=\/wp\/v2\/users\/1"}],"replies":[{"embeddable":true,"href":"https:\/\/stourm.news\/index.php?rest_route=%2Fwp%2Fv2%2Fcomments&post=2903"}],"version-history":[{"count":2,"href":"https:\/\/stourm.news\/index.php?rest_route=\/wp\/v2\/posts\/2903\/revisions"}],"predecessor-version":[{"id":2906,"href":"https:\/\/stourm.news\/index.php?rest_route=\/wp\/v2\/posts\/2903\/revisions\/2906"}],"wp:featuredmedia":[{"embeddable":true,"href":"https:\/\/stourm.news\/index.php?rest_route=\/wp\/v2\/media\/2904"}],"wp:attachment":[{"href":"https:\/\/stourm.news\/index.php?rest_route=%2Fwp%2Fv2%2Fmedia&parent=2903"}],"wp:term":[{"taxonomy":"category","embeddable":true,"href":"https:\/\/stourm.news\/index.php?rest_route=%2Fwp%2Fv2%2Fcategories&post=2903"},{"taxonomy":"post_tag","embeddable":true,"href":"https:\/\/stourm.news\/index.php?rest_route=%2Fwp%2Fv2%2Ftags&post=2903"}],"curies":[{"name":"wp","href":"https:\/\/api.w.org\/{rel}","templated":true}]}}