{"id":2907,"date":"2024-11-29T05:10:13","date_gmt":"2024-11-29T05:10:13","guid":{"rendered":"https:\/\/stourm.news\/?p=2907"},"modified":"2024-11-29T05:11:00","modified_gmt":"2024-11-29T05:11:00","slug":"les-dieux-des-bretons-nodons-et-la-royaute-celtique-sacree","status":"publish","type":"post","link":"https:\/\/stourm.news\/?p=2907","title":{"rendered":"Les dieux des Bretons : Nodons et la royaut\u00e9 celtique sacr\u00e9e"},"content":{"rendered":"<p style=\"text-align: justify;\">Dans le panth\u00e9on des dieux brittoniques, Nodons est l&rsquo;un des rois d&rsquo;un peuple mythique dont les membres souvent consid\u00e9r\u00e9 comme des dieux ou des h\u00e9ros divins dans le panth\u00e9on celtique. Sa pr\u00e9sence est bien attest\u00e9e dans le contexte celte de la Grande-Bretagne romaine.<\/p>\n<p style=\"text-align: justify;\">Le nom Nodons (ou Nodens) d\u00e9rive probablement de la racine proto-celtique nodo- ou noud- signifiant \u00ab nouer \u00bb ou \u00ab gu\u00e9rir \u00bb. Cette \u00e9tymologie pourrait \u00e9voquer son r\u00f4le de gu\u00e9risseur ou de restaurateur. Nodens est li\u00e9 \u00e0 l&rsquo;ancien irlandais Nuadu et au gallois Nudd.<\/p>\n<p><img fetchpriority=\"high\" decoding=\"async\" class=\"alignnone size-medium\" src=\"https:\/\/upload.wikimedia.org\/wikipedia\/commons\/1\/11\/Roman_Temple_-_geograph.org.uk_-_1318760.jpg\" width=\"1936\" height=\"1296\" \/><\/p>\n<p style=\"text-align: center;\"><em>Le culte de Nodons est particuli\u00e8rement bien document\u00e9 \u00e0 Lydney Park, dans le Gloucestershire (ouest de l&rsquo;Angleterre). Un complexe religieux y a \u00e9t\u00e9 d\u00e9di\u00e9 \u00e0 cette divinit\u00e9.<\/em><\/p>\n<p style=\"text-align: justify;\">\u00c0 Lydney Park, les fouilles ont r\u00e9v\u00e9l\u00e9 un grand sanctuaire romano-brittonique du IVe si\u00e8cle d\u00e9di\u00e9 \u00e0 Nodons. On y a trouv\u00e9 des mosa\u00efques, des inscriptions votives et des objets li\u00e9s \u00e0 la gu\u00e9rison, comme des ex-voto repr\u00e9sentant des parties du corps humain.<\/p>\n<p style=\"text-align: justify;\">Une inscription importante retrouv\u00e9e sur le site porte l&rsquo;inscription : \u00ab\u00a0Deo Nodenti\u00a0\u00bb (au dieu Nodons), confirmant le lien direct avec cette divinit\u00e9. Des offrandes telles que des pi\u00e8ces et des anneaux t\u00e9moignent d&rsquo;un culte actif.<\/p>\n<blockquote>\n<p style=\"text-align: center;\">DEVO NODENTI SILVIANVS ANILVM PERDEDIT DEMEDIAM PARTEM DONAVIT NODENTI INTER QVIBVS NOMEN SENICIANI NOLLIS PETMITTAS SANITATEM DONEC PERFERA VSQVE TEMPLVM DENTIS<br \/>\n<strong>Pour le dieu Nodens. Silvianus a perdu un anneau et en a donn\u00e9 la moiti\u00e9 \u00e0 Nodens. Parmi ceux qui sont nomm\u00e9s Senicianus ne permet aucune bonne sant\u00e9 jusqu&rsquo;\u00e0 ce qu&rsquo;il soit retourn\u00e9 au temple de Nodens).<\/strong><\/p>\n<\/blockquote>\n<p style=\"text-align: justify;\">\u00c0 Lydney, des mosa\u00efques repr\u00e9sentant des dauphins et des cr\u00e9atures marines, des statues de chiens (associ\u00e9s \u00e0 la gu\u00e9rison), et des milliers de pi\u00e8ces de monnaie ont \u00e9t\u00e9 retrouv\u00e9es. Ces artefacts montrent une forte connexion \u00e0 la mer et aux fonctions curatives<\/p>\n<p><img decoding=\"async\" class=\"aligncenter\" src=\"https:\/\/lornasmithers.files.wordpress.com\/2017\/08\/serpents-nodens-temple.jpg\" alt=\"\" width=\"775\" height=\"365\" \/><\/p>\n<p style=\"text-align: center;\"><em>Mosa\u00efque du temple de Lydney Park<\/em><\/p>\n<p style=\"text-align: justify;\">Nodens est l&rsquo;\u00e9quivalent breton du dieu irlandais Nuada Airgetl\u00e1m (\u00ab Main d&rsquo;argent \u00bb), un roi mythologique des Tuatha D\u00e9 Danann, qui incarne la gu\u00e9rison et le pouvoir restaur\u00e9 gr\u00e2ce \u00e0 une main artificielle. En gallois, Lludd Llaw Eraint (\u00e9quivalent de Nuada) partage cette symbolique.<\/p>\n<p><strong>Nodons et la royaut\u00e9 sacr\u00e9e<\/strong><\/p>\n<p style=\"text-align: justify;\">La royaut\u00e9 sacr\u00e9e d\u00e9signe une conception du pouvoir o\u00f9 le roi ou le chef est investi d&rsquo;une fonction \u00e0 la fois politique et religieuse. Dans cette vision, la souverainet\u00e9 du roi n&rsquo;est pas seulement administrative ou guerri\u00e8re, mais elle refl\u00e8te un r\u00f4le sacr\u00e9 et cosmique.<\/p>\n<p style=\"text-align: justify;\">Dans la mythologie celtique, les rois, comme Nuada, sont souvent li\u00e9s \u00e0 une fonction divine, garantissant l&rsquo;ordre du cosmos et la prosp\u00e9rit\u00e9 de leur peuple. La royaut\u00e9 sacr\u00e9e est souvent associ\u00e9e \u00e0 la f\u00e9condit\u00e9 des terres et au bien-\u00eatre de la communaut\u00e9. Si le roi est juste et sacr\u00e9, le royaume prosp\u00e8re. Si le roi est corrompu ou bless\u00e9, le pays peut souffrir (par exemple, \u00e0 travers des famines ou des d\u00e9sordres sociaux).<\/p>\n<p style=\"text-align: justify;\">Le roi doit souvent incarner la perfection, tant physique que morale. Dans la mythologie irlandaise, la destitution de Nuada apr\u00e8s la perte de son bras refl\u00e8te cette exigence. Sa restauration \u00e0 la royaut\u00e9 apr\u00e8s avoir re\u00e7u une main d&rsquo;argent souligne la nature rituelle et symbolique de cette perfection.<\/p>\n<p><img decoding=\"async\" class=\"alignnone wp-image-2911 size-full\" src=\"https:\/\/stourm.news\/wp-content\/uploads\/2024\/11\/Designer-89.jpeg\" alt=\"\" width=\"1792\" height=\"1024\" srcset=\"https:\/\/stourm.news\/wp-content\/uploads\/2024\/11\/Designer-89.jpeg 1792w, https:\/\/stourm.news\/wp-content\/uploads\/2024\/11\/Designer-89-300x171.jpeg 300w, https:\/\/stourm.news\/wp-content\/uploads\/2024\/11\/Designer-89-1024x585.jpeg 1024w, https:\/\/stourm.news\/wp-content\/uploads\/2024\/11\/Designer-89-768x439.jpeg 768w, https:\/\/stourm.news\/wp-content\/uploads\/2024\/11\/Designer-89-1536x878.jpeg 1536w\" sizes=\"(max-width: 1792px) 100vw, 1792px\" \/><\/p>\n<p style=\"text-align: justify;\">Le roi joue le r\u00f4le de pont entre le divin et l&rsquo;humain. Il accomplit des rites, dirige des c\u00e9r\u00e9monies et garantit que l&rsquo;ordre sacr\u00e9 est respect\u00e9 dans le royaume.<\/p>\n<p style=\"text-align: justify;\">Le roi incarne une force stabilisatrice. En assurant justice et harmonie, il maintient l\u2019\u00e9quilibre entre les forces du chaos (souvent repr\u00e9sent\u00e9es par des ennemis mythiques ou des catastrophes naturelles) et les forces de l\u2019ordre.<\/p>\n<p style=\"text-align: justify;\">Nodons peut \u00eatre interpr\u00e9t\u00e9 dans le cadre des trois fonctions indo-europ\u00e9ennes.<\/p>\n<ul>\n<li style=\"text-align: justify;\">Souverainet\u00e9 : En tant que roi, il repr\u00e9sente la gouvernance et l&rsquo;ordre.<\/li>\n<li style=\"text-align: justify;\">Guerri\u00e8re : Par son r\u00f4le de chef militaire.<\/li>\n<li style=\"text-align: justify;\">Productive : Moins directement li\u00e9e, mais \u00e9voqu\u00e9e par son lien avec la gu\u00e9rison et la restauration.<\/li>\n<\/ul>\n<p><strong>Mars Nodons<\/strong><\/p>\n<p style=\"text-align: justify;\">Qui est Mars Nodons mentionn\u00e9 au temple de Lydney Park ? Les parall\u00e8les les plus \u00e9vidents sont le dieu gallois Nudd\/Lludd Llaw Ereint (\u00ab Lludd de la main d&rsquo;argent \u00bb) et le dieu irlandais Nuadu. Outre les affinit\u00e9s linguistiques, il existe \u00e9galement un parall\u00e8le surprenant : le dieu Nuadu a perdu un bras lors de sa premi\u00e8re bataille. Prot\u00e9g\u00e9 par le Dagda, il a surv\u00e9cu \u00e0 la bataille, mais ne pouvait plus \u00eatre roi car il n&rsquo;\u00e9tait plus physiquement parfait ; il a \u00e9t\u00e9 remplac\u00e9 par Bres, un demi-Fomorien. Les Formoriens sont semblables aux Titans grecs : des dieux primitifs, incarnant les forces primordiales, venus de la mer ou du sous-sol. Oppos\u00e9s aux Tuatha D\u00e9 Danann, les nouveaux dieux porteurs d&rsquo;ordre, ils repr\u00e9sentent les puissances destructrices et la personnification du chaos et des t\u00e9n\u00e8bres, sans toutefois \u00eatre \u00ab\u00a0mal\u00e9fiques\u00a0\u00bb au sens manich\u00e9en du mot.<\/p>\n<p><img loading=\"lazy\" decoding=\"async\" class=\"alignnone size-medium\" src=\"https:\/\/oldworldgods.com\/wp-content\/uploads\/2023\/09\/cetch1.jpg\" width=\"1759\" height=\"1001\" \/><\/p>\n<p style=\"text-align: center;\"><em>Dian C\u00e9cht<\/em><\/p>\n<p style=\"text-align: justify;\">Apr\u00e8s que le dieu de la gu\u00e9rison, Dian C\u00e9cht, eut remplac\u00e9 le bras perdu de Nuadu par un bras d&rsquo;argent en \u00e9tat de marche, Nuadu put enfin d\u00e9barrasser Bres de sa domination oppressive et retrouver sa place de souverain. Est-ce une co\u00efncidence qu&rsquo;un bras gauche en bronze, qui \u00e9tait expos\u00e9 debout, ait \u00e9t\u00e9 d\u00e9couvert \u00e0 Lydney ? Cela pourrait sugg\u00e9rer que le mythe du bras perdu de Nuadu et de son remplacement en argent &#8211; ou une variante de ce mythe &#8211; \u00e9tait d\u00e9j\u00e0 connu en Grande-Bretagne au IVe si\u00e8cle et\/ou qu&rsquo;il y a pris naissance avant de se r\u00e9pandre en Irlande. Le r\u00f4le de Nuadu dans les batailles et en tant que protecteur du peuple\/tuath peut \u00e9galement aider \u00e0 comprendre pourquoi les habitants de Lydney romaine associaient les Nodons \u00e0 Mars.<\/p>\n<p style=\"text-align: right;\"><strong>Olwen Kerdrel<\/strong><\/p>\n<p style=\"text-align: justify;\">\n","protected":false},"excerpt":{"rendered":"<p>Dans le panth\u00e9on des dieux brittoniques, Nodons est l&rsquo;un des rois d&rsquo;un peuple mythique dont les membres souvent consid\u00e9r\u00e9 comme des dieux ou des h\u00e9ros divins dans le panth\u00e9on celtique. Sa pr\u00e9sence est bien attest\u00e9e dans le contexte celte de la Grande-Bretagne romaine. Le nom Nodons (ou Nodens) d\u00e9rive probablement de la racine proto-celtique nodo- [&hellip;]<\/p>\n","protected":false},"author":1,"featured_media":2911,"comment_status":"open","ping_status":"open","sticky":false,"template":"","format":"standard","meta":{"sb_editor_width":"","footnotes":""},"categories":[58,84,50,65],"tags":[],"class_list":["post-2907","post","type-post","status-publish","format-standard","has-post-thumbnail","hentry","category-breizh","category-celtisme","category-histoire-de-bretagne","category-principale"],"relative_dates":{"created":"1 an ago","modified":"1 an ago"},"yoast_head":"<!-- This site is optimized with the Yoast SEO plugin v26.3 - https:\/\/yoast.com\/wordpress\/plugins\/seo\/ -->\n<title>Les dieux des Bretons : Nodons et la royaut\u00e9 celtique sacr\u00e9e - STOURM<\/title>\n<meta name=\"robots\" content=\"index, follow, max-snippet:-1, max-image-preview:large, max-video-preview:-1\" \/>\n<link rel=\"canonical\" href=\"https:\/\/stourm.news\/?p=2907\" \/>\n<meta property=\"og:locale\" content=\"fr_FR\" \/>\n<meta property=\"og:type\" content=\"article\" \/>\n<meta property=\"og:title\" content=\"Les dieux des Bretons : Nodons et la royaut\u00e9 celtique sacr\u00e9e - STOURM\" \/>\n<meta property=\"og:description\" content=\"Dans le panth\u00e9on des dieux brittoniques, Nodons est l&rsquo;un des rois d&rsquo;un peuple mythique dont les membres souvent consid\u00e9r\u00e9 comme des dieux ou des h\u00e9ros divins dans le panth\u00e9on celtique. Sa pr\u00e9sence est bien attest\u00e9e dans le contexte celte de la Grande-Bretagne romaine. Le nom Nodons (ou Nodens) d\u00e9rive probablement de la racine proto-celtique nodo- [&hellip;]\" \/>\n<meta property=\"og:url\" content=\"https:\/\/stourm.news\/?p=2907\" \/>\n<meta property=\"og:site_name\" content=\"STOURM\" \/>\n<meta property=\"article:publisher\" content=\"https:\/\/www.facebook.com\/stourmnews\/\" \/>\n<meta property=\"article:published_time\" content=\"2024-11-29T05:10:13+00:00\" \/>\n<meta property=\"article:modified_time\" content=\"2024-11-29T05:11:00+00:00\" \/>\n<meta property=\"og:image\" content=\"https:\/\/stourm.news\/wp-content\/uploads\/2024\/11\/Designer-89.jpeg\" \/>\n\t<meta property=\"og:image:width\" content=\"1792\" \/>\n\t<meta property=\"og:image:height\" content=\"1024\" \/>\n\t<meta property=\"og:image:type\" content=\"image\/jpeg\" \/>\n<meta name=\"author\" content=\"La r\u00e9daction\" \/>\n<meta name=\"twitter:card\" content=\"summary_large_image\" \/>\n<meta name=\"twitter:label1\" content=\"\u00c9crit par\" \/>\n\t<meta name=\"twitter:data1\" content=\"La r\u00e9daction\" \/>\n\t<meta name=\"twitter:label2\" content=\"Dur\u00e9e de lecture estim\u00e9e\" \/>\n\t<meta name=\"twitter:data2\" content=\"6 minutes\" \/>\n<script type=\"application\/ld+json\" class=\"yoast-schema-graph\">{\"@context\":\"https:\/\/schema.org\",\"@graph\":[{\"@type\":\"Article\",\"@id\":\"https:\/\/stourm.news\/?p=2907#article\",\"isPartOf\":{\"@id\":\"https:\/\/stourm.news\/?p=2907\"},\"author\":{\"name\":\"La r\u00e9daction\",\"@id\":\"https:\/\/stourm.news\/#\/schema\/person\/c3e1dc65988632e190969234ef046cf9\"},\"headline\":\"Les dieux des Bretons : Nodons et la royaut\u00e9 celtique sacr\u00e9e\",\"datePublished\":\"2024-11-29T05:10:13+00:00\",\"dateModified\":\"2024-11-29T05:11:00+00:00\",\"mainEntityOfPage\":{\"@id\":\"https:\/\/stourm.news\/?p=2907\"},\"wordCount\":994,\"commentCount\":0,\"publisher\":{\"@id\":\"https:\/\/stourm.news\/#organization\"},\"image\":{\"@id\":\"https:\/\/stourm.news\/?p=2907#primaryimage\"},\"thumbnailUrl\":\"https:\/\/stourm.news\/wp-content\/uploads\/2024\/11\/Designer-89.jpeg\",\"articleSection\":[\"Breizh\",\"Celtisme\",\"Histoire de Bretagne\",\"Principale\"],\"inLanguage\":\"fr-FR\",\"potentialAction\":[{\"@type\":\"CommentAction\",\"name\":\"Comment\",\"target\":[\"https:\/\/stourm.news\/?p=2907#respond\"]}]},{\"@type\":\"WebPage\",\"@id\":\"https:\/\/stourm.news\/?p=2907\",\"url\":\"https:\/\/stourm.news\/?p=2907\",\"name\":\"Les dieux des Bretons : Nodons et la royaut\u00e9 celtique sacr\u00e9e - STOURM\",\"isPartOf\":{\"@id\":\"https:\/\/stourm.news\/#website\"},\"primaryImageOfPage\":{\"@id\":\"https:\/\/stourm.news\/?p=2907#primaryimage\"},\"image\":{\"@id\":\"https:\/\/stourm.news\/?p=2907#primaryimage\"},\"thumbnailUrl\":\"https:\/\/stourm.news\/wp-content\/uploads\/2024\/11\/Designer-89.jpeg\",\"datePublished\":\"2024-11-29T05:10:13+00:00\",\"dateModified\":\"2024-11-29T05:11:00+00:00\",\"breadcrumb\":{\"@id\":\"https:\/\/stourm.news\/?p=2907#breadcrumb\"},\"inLanguage\":\"fr-FR\",\"potentialAction\":[{\"@type\":\"ReadAction\",\"target\":[\"https:\/\/stourm.news\/?p=2907\"]}]},{\"@type\":\"ImageObject\",\"inLanguage\":\"fr-FR\",\"@id\":\"https:\/\/stourm.news\/?p=2907#primaryimage\",\"url\":\"https:\/\/stourm.news\/wp-content\/uploads\/2024\/11\/Designer-89.jpeg\",\"contentUrl\":\"https:\/\/stourm.news\/wp-content\/uploads\/2024\/11\/Designer-89.jpeg\",\"width\":1792,\"height\":1024},{\"@type\":\"BreadcrumbList\",\"@id\":\"https:\/\/stourm.news\/?p=2907#breadcrumb\",\"itemListElement\":[{\"@type\":\"ListItem\",\"position\":1,\"name\":\"Accueil\",\"item\":\"https:\/\/stourm.news\/\"},{\"@type\":\"ListItem\",\"position\":2,\"name\":\"Les dieux des Bretons : Nodons et la royaut\u00e9 celtique sacr\u00e9e\"}]},{\"@type\":\"WebSite\",\"@id\":\"https:\/\/stourm.news\/#website\",\"url\":\"https:\/\/stourm.news\/\",\"name\":\"Stourm\",\"description\":\"Kazetenn Strollad Broadel Breizh\",\"publisher\":{\"@id\":\"https:\/\/stourm.news\/#organization\"},\"potentialAction\":[{\"@type\":\"SearchAction\",\"target\":{\"@type\":\"EntryPoint\",\"urlTemplate\":\"https:\/\/stourm.news\/?s={search_term_string}\"},\"query-input\":{\"@type\":\"PropertyValueSpecification\",\"valueRequired\":true,\"valueName\":\"search_term_string\"}}],\"inLanguage\":\"fr-FR\"},{\"@type\":\"Organization\",\"@id\":\"https:\/\/stourm.news\/#organization\",\"name\":\"Stourm\",\"url\":\"https:\/\/stourm.news\/\",\"logo\":{\"@type\":\"ImageObject\",\"inLanguage\":\"fr-FR\",\"@id\":\"https:\/\/stourm.news\/#\/schema\/logo\/image\/\",\"url\":\"https:\/\/stourm.news\/wp-content\/uploads\/2025\/11\/cropped-Capture-decran-2025-11-28-a-15.19.07.png\",\"contentUrl\":\"https:\/\/stourm.news\/wp-content\/uploads\/2025\/11\/cropped-Capture-decran-2025-11-28-a-15.19.07.png\",\"width\":1855,\"height\":383,\"caption\":\"Stourm\"},\"image\":{\"@id\":\"https:\/\/stourm.news\/#\/schema\/logo\/image\/\"},\"sameAs\":[\"https:\/\/www.facebook.com\/stourmnews\/\"]},{\"@type\":\"Person\",\"@id\":\"https:\/\/stourm.news\/#\/schema\/person\/c3e1dc65988632e190969234ef046cf9\",\"name\":\"La r\u00e9daction\",\"image\":{\"@type\":\"ImageObject\",\"inLanguage\":\"fr-FR\",\"@id\":\"https:\/\/stourm.news\/#\/schema\/person\/image\/\",\"url\":\"https:\/\/secure.gravatar.com\/avatar\/7463443f194b6b5fb706b074ca0ef59a0cfcfd720cb47764b0ec5a952ce422b3?s=96&d=mm&r=g\",\"contentUrl\":\"https:\/\/secure.gravatar.com\/avatar\/7463443f194b6b5fb706b074ca0ef59a0cfcfd720cb47764b0ec5a952ce422b3?s=96&d=mm&r=g\",\"caption\":\"La r\u00e9daction\"},\"sameAs\":[\"https:\/\/stourm.news\"],\"url\":\"https:\/\/stourm.news\/?author=1\"}]}<\/script>\n<!-- \/ Yoast SEO plugin. -->","yoast_head_json":{"title":"Les dieux des Bretons : Nodons et la royaut\u00e9 celtique sacr\u00e9e - STOURM","robots":{"index":"index","follow":"follow","max-snippet":"max-snippet:-1","max-image-preview":"max-image-preview:large","max-video-preview":"max-video-preview:-1"},"canonical":"https:\/\/stourm.news\/?p=2907","og_locale":"fr_FR","og_type":"article","og_title":"Les dieux des Bretons : Nodons et la royaut\u00e9 celtique sacr\u00e9e - STOURM","og_description":"Dans le panth\u00e9on des dieux brittoniques, Nodons est l&rsquo;un des rois d&rsquo;un peuple mythique dont les membres souvent consid\u00e9r\u00e9 comme des dieux ou des h\u00e9ros divins dans le panth\u00e9on celtique. Sa pr\u00e9sence est bien attest\u00e9e dans le contexte celte de la Grande-Bretagne romaine. Le nom Nodons (ou Nodens) d\u00e9rive probablement de la racine proto-celtique nodo- [&hellip;]","og_url":"https:\/\/stourm.news\/?p=2907","og_site_name":"STOURM","article_publisher":"https:\/\/www.facebook.com\/stourmnews\/","article_published_time":"2024-11-29T05:10:13+00:00","article_modified_time":"2024-11-29T05:11:00+00:00","og_image":[{"width":1792,"height":1024,"url":"https:\/\/stourm.news\/wp-content\/uploads\/2024\/11\/Designer-89.jpeg","type":"image\/jpeg"}],"author":"La r\u00e9daction","twitter_card":"summary_large_image","twitter_misc":{"\u00c9crit par":"La r\u00e9daction","Dur\u00e9e de lecture estim\u00e9e":"6 minutes"},"schema":{"@context":"https:\/\/schema.org","@graph":[{"@type":"Article","@id":"https:\/\/stourm.news\/?p=2907#article","isPartOf":{"@id":"https:\/\/stourm.news\/?p=2907"},"author":{"name":"La r\u00e9daction","@id":"https:\/\/stourm.news\/#\/schema\/person\/c3e1dc65988632e190969234ef046cf9"},"headline":"Les dieux des Bretons : Nodons et la royaut\u00e9 celtique sacr\u00e9e","datePublished":"2024-11-29T05:10:13+00:00","dateModified":"2024-11-29T05:11:00+00:00","mainEntityOfPage":{"@id":"https:\/\/stourm.news\/?p=2907"},"wordCount":994,"commentCount":0,"publisher":{"@id":"https:\/\/stourm.news\/#organization"},"image":{"@id":"https:\/\/stourm.news\/?p=2907#primaryimage"},"thumbnailUrl":"https:\/\/stourm.news\/wp-content\/uploads\/2024\/11\/Designer-89.jpeg","articleSection":["Breizh","Celtisme","Histoire de Bretagne","Principale"],"inLanguage":"fr-FR","potentialAction":[{"@type":"CommentAction","name":"Comment","target":["https:\/\/stourm.news\/?p=2907#respond"]}]},{"@type":"WebPage","@id":"https:\/\/stourm.news\/?p=2907","url":"https:\/\/stourm.news\/?p=2907","name":"Les dieux des Bretons : Nodons et la royaut\u00e9 celtique sacr\u00e9e - STOURM","isPartOf":{"@id":"https:\/\/stourm.news\/#website"},"primaryImageOfPage":{"@id":"https:\/\/stourm.news\/?p=2907#primaryimage"},"image":{"@id":"https:\/\/stourm.news\/?p=2907#primaryimage"},"thumbnailUrl":"https:\/\/stourm.news\/wp-content\/uploads\/2024\/11\/Designer-89.jpeg","datePublished":"2024-11-29T05:10:13+00:00","dateModified":"2024-11-29T05:11:00+00:00","breadcrumb":{"@id":"https:\/\/stourm.news\/?p=2907#breadcrumb"},"inLanguage":"fr-FR","potentialAction":[{"@type":"ReadAction","target":["https:\/\/stourm.news\/?p=2907"]}]},{"@type":"ImageObject","inLanguage":"fr-FR","@id":"https:\/\/stourm.news\/?p=2907#primaryimage","url":"https:\/\/stourm.news\/wp-content\/uploads\/2024\/11\/Designer-89.jpeg","contentUrl":"https:\/\/stourm.news\/wp-content\/uploads\/2024\/11\/Designer-89.jpeg","width":1792,"height":1024},{"@type":"BreadcrumbList","@id":"https:\/\/stourm.news\/?p=2907#breadcrumb","itemListElement":[{"@type":"ListItem","position":1,"name":"Accueil","item":"https:\/\/stourm.news\/"},{"@type":"ListItem","position":2,"name":"Les dieux des Bretons : Nodons et la royaut\u00e9 celtique sacr\u00e9e"}]},{"@type":"WebSite","@id":"https:\/\/stourm.news\/#website","url":"https:\/\/stourm.news\/","name":"Stourm","description":"Kazetenn Strollad Broadel Breizh","publisher":{"@id":"https:\/\/stourm.news\/#organization"},"potentialAction":[{"@type":"SearchAction","target":{"@type":"EntryPoint","urlTemplate":"https:\/\/stourm.news\/?s={search_term_string}"},"query-input":{"@type":"PropertyValueSpecification","valueRequired":true,"valueName":"search_term_string"}}],"inLanguage":"fr-FR"},{"@type":"Organization","@id":"https:\/\/stourm.news\/#organization","name":"Stourm","url":"https:\/\/stourm.news\/","logo":{"@type":"ImageObject","inLanguage":"fr-FR","@id":"https:\/\/stourm.news\/#\/schema\/logo\/image\/","url":"https:\/\/stourm.news\/wp-content\/uploads\/2025\/11\/cropped-Capture-decran-2025-11-28-a-15.19.07.png","contentUrl":"https:\/\/stourm.news\/wp-content\/uploads\/2025\/11\/cropped-Capture-decran-2025-11-28-a-15.19.07.png","width":1855,"height":383,"caption":"Stourm"},"image":{"@id":"https:\/\/stourm.news\/#\/schema\/logo\/image\/"},"sameAs":["https:\/\/www.facebook.com\/stourmnews\/"]},{"@type":"Person","@id":"https:\/\/stourm.news\/#\/schema\/person\/c3e1dc65988632e190969234ef046cf9","name":"La r\u00e9daction","image":{"@type":"ImageObject","inLanguage":"fr-FR","@id":"https:\/\/stourm.news\/#\/schema\/person\/image\/","url":"https:\/\/secure.gravatar.com\/avatar\/7463443f194b6b5fb706b074ca0ef59a0cfcfd720cb47764b0ec5a952ce422b3?s=96&d=mm&r=g","contentUrl":"https:\/\/secure.gravatar.com\/avatar\/7463443f194b6b5fb706b074ca0ef59a0cfcfd720cb47764b0ec5a952ce422b3?s=96&d=mm&r=g","caption":"La r\u00e9daction"},"sameAs":["https:\/\/stourm.news"],"url":"https:\/\/stourm.news\/?author=1"}]}},"_links":{"self":[{"href":"https:\/\/stourm.news\/index.php?rest_route=\/wp\/v2\/posts\/2907","targetHints":{"allow":["GET"]}}],"collection":[{"href":"https:\/\/stourm.news\/index.php?rest_route=\/wp\/v2\/posts"}],"about":[{"href":"https:\/\/stourm.news\/index.php?rest_route=\/wp\/v2\/types\/post"}],"author":[{"embeddable":true,"href":"https:\/\/stourm.news\/index.php?rest_route=\/wp\/v2\/users\/1"}],"replies":[{"embeddable":true,"href":"https:\/\/stourm.news\/index.php?rest_route=%2Fwp%2Fv2%2Fcomments&post=2907"}],"version-history":[{"count":2,"href":"https:\/\/stourm.news\/index.php?rest_route=\/wp\/v2\/posts\/2907\/revisions"}],"predecessor-version":[{"id":2913,"href":"https:\/\/stourm.news\/index.php?rest_route=\/wp\/v2\/posts\/2907\/revisions\/2913"}],"wp:featuredmedia":[{"embeddable":true,"href":"https:\/\/stourm.news\/index.php?rest_route=\/wp\/v2\/media\/2911"}],"wp:attachment":[{"href":"https:\/\/stourm.news\/index.php?rest_route=%2Fwp%2Fv2%2Fmedia&parent=2907"}],"wp:term":[{"taxonomy":"category","embeddable":true,"href":"https:\/\/stourm.news\/index.php?rest_route=%2Fwp%2Fv2%2Fcategories&post=2907"},{"taxonomy":"post_tag","embeddable":true,"href":"https:\/\/stourm.news\/index.php?rest_route=%2Fwp%2Fv2%2Ftags&post=2907"}],"curies":[{"name":"wp","href":"https:\/\/api.w.org\/{rel}","templated":true}]}}