{"id":2908,"date":"2024-11-28T18:33:27","date_gmt":"2024-11-28T18:33:27","guid":{"rendered":"https:\/\/stourm.news\/?p=2908"},"modified":"2024-11-28T18:33:27","modified_gmt":"2024-11-28T18:33:27","slug":"ecoute-homme-breton-par-brythur","status":"publish","type":"post","link":"https:\/\/stourm.news\/?p=2908","title":{"rendered":"\u00ab\u00a0\u00c9coute, homme breton !\u00a0\u00bb par Brythur"},"content":{"rendered":"<p style=\"text-align: justify;\">Ecoute, homme de Bretagne, toi qui arpentes ces terres battues par les vents, o\u00f9 le granit se dresse comme le souvenir des titans de jadis. Il est temps que tu t\u2019\u00e9veilles, car depuis trop longtemps, tu vis pli\u00e9 sous le poids d\u2019une fatalit\u00e9 que tu n\u2019as pas choisie. Ne vois-tu pas que l\u2019\u00e9cume de la mer, qui caresse et ravage \u00e0 la fois, est le miroir de ce que tu dois \u00eatre ? F\u00e9roce, indompt\u00e9, ma\u00eetre de toi-m\u00eame !<\/p>\n<p style=\"text-align: justify;\">\u00c0 l\u2019origine, ton peuple \u00e9tait noble et libre, guid\u00e9 par des forces qu\u2019il comprenait intuitivement \u2014 la mer, la pierre, le ciel. Mais l\u2019Histoire, cette tyrannie des plus forts, a voulu te dompter. Ils ont dress\u00e9 des fronti\u00e8res, \u00e9rig\u00e9 des lois, impos\u00e9 leur langue comme un joug autour de ton cou. Et toi, homme breton, tu t\u2019es inclin\u00e9. Tu as \u00e9chang\u00e9 ta fiert\u00e9 contre un confort illusoire, ton \u00e9lan vital contre la qui\u00e9tude servile.<\/p>\n<p style=\"text-align: justify;\">Mais je te le dis : la servitude est une honte, et la honte un poison. Ton salut ne viendra pas des autres. Ce n\u2019est ni l\u2019\u00c9tat, ni une quelconque providence qui brisera tes cha\u00eenes. L\u2019homme libre ne se repose pas sur des dieux ou des ma\u00eetres. Non, il forge sa volont\u00e9 comme l\u2019artiste sculpte son \u0153uvre : avec violence, amour et acharnement.<\/p>\n<p style=\"text-align: justify;\">Regarde tes symboles ! Le triskell, cette roue \u00e9ternelle, n\u2019est-elle pas le signe que tout recommence, que tout peut rena\u00eetre ? Ne sens-tu pas que les anciens dieux \u2014 Nodens, Lug, et ceux que la mer cache encore \u2014 murmurent dans le vent, t\u2019appelant \u00e0 reprendre ta place dans l\u2019ordre du monde ?<\/p>\n<p style=\"text-align: justify;\">Rejette la complaisance. Rejette les mots de ceux qui te disent que ta culture doit se fondre dans un moule universel, car cet universel est un mensonge \u2014 une arme pour effacer les singuliers. L\u2019homme breton ne peut pas vivre sans horizon, et cet horizon n\u2019est pas celui d\u2019un syst\u00e8me. Il est celui d\u2019un peuple qui respire en harmonie avec ses racines, tout en tendant vers l\u2019avenir.<\/p>\n<p style=\"text-align: justify;\">L\u2019\u00e2me bretonne est celle d\u2019un combattant. Mais le plus grand combat n\u2019est pas celui que tu livres contre un ennemi ext\u00e9rieur. Non, il est en toi. C\u2019est la lutte contre ton propre renoncement, contre cette voix insidieuse qui murmure que le d\u00e9clin est in\u00e9vitable. Ce n\u2019est pas un retour en arri\u00e8re que je pr\u00e9conise, mais une ascension \u2014 un surpassement de tout ce que tu as \u00e9t\u00e9. Sois plus fort que tes oppresseurs, mais surtout, sois plus fort que toi-m\u00eame.<\/p>\n<p style=\"text-align: justify;\">Cr\u00e9e, chante, b\u00e2tis ! Redonne \u00e0 ta langue le souffle qu\u2019elle a perdu. Redonne \u00e0 tes terres la dignit\u00e9 qu\u2019elles m\u00e9ritent. Redonne \u00e0 ton nom une valeur qui \u00e9claire les \u00e2mes, non pas en servant d\u2019exemple, mais en \u00e9tant un phare dans la temp\u00eate.<\/p>\n<p style=\"text-align: justify;\">Et lorsque viendra le jour o\u00f9 tu sentiras le vent crier ton nom, alors tu sauras : tu es devenu ce que tu devais \u00eatre depuis toujours \u2014 un homme libre, ma\u00eetre de son destin.<\/p>\n<p style=\"text-align: right;\"><strong>Brythur<\/strong><\/p>\n","protected":false},"excerpt":{"rendered":"<p>Ecoute, homme de Bretagne, toi qui arpentes ces terres battues par les vents, o\u00f9 le granit se dresse comme le souvenir des titans de jadis. Il est temps que tu t\u2019\u00e9veilles, car depuis trop longtemps, tu vis pli\u00e9 sous le poids d\u2019une fatalit\u00e9 que tu n\u2019as pas choisie. Ne vois-tu pas que l\u2019\u00e9cume de la [&hellip;]<\/p>\n","protected":false},"author":1,"featured_media":2909,"comment_status":"open","ping_status":"open","sticky":false,"template":"","format":"standard","meta":{"sb_editor_width":"","footnotes":""},"categories":[58,65],"tags":[],"class_list":["post-2908","post","type-post","status-publish","format-standard","has-post-thumbnail","hentry","category-breizh","category-principale"],"relative_dates":{"created":"1 an ago","modified":"1 an ago"},"yoast_head":"<!-- This site is optimized with the Yoast SEO plugin v26.3 - https:\/\/yoast.com\/wordpress\/plugins\/seo\/ -->\n<title>&quot;\u00c9coute, homme breton !&quot; par Brythur - STOURM<\/title>\n<meta name=\"robots\" content=\"index, follow, max-snippet:-1, max-image-preview:large, max-video-preview:-1\" \/>\n<link rel=\"canonical\" href=\"https:\/\/stourm.news\/?p=2908\" \/>\n<meta property=\"og:locale\" content=\"fr_FR\" \/>\n<meta property=\"og:type\" content=\"article\" \/>\n<meta property=\"og:title\" content=\"&quot;\u00c9coute, homme breton !&quot; par Brythur - STOURM\" \/>\n<meta property=\"og:description\" content=\"Ecoute, homme de Bretagne, toi qui arpentes ces terres battues par les vents, o\u00f9 le granit se dresse comme le souvenir des titans de jadis. Il est temps que tu t\u2019\u00e9veilles, car depuis trop longtemps, tu vis pli\u00e9 sous le poids d\u2019une fatalit\u00e9 que tu n\u2019as pas choisie. Ne vois-tu pas que l\u2019\u00e9cume de la [&hellip;]\" \/>\n<meta property=\"og:url\" content=\"https:\/\/stourm.news\/?p=2908\" \/>\n<meta property=\"og:site_name\" content=\"STOURM\" \/>\n<meta property=\"article:publisher\" content=\"https:\/\/www.facebook.com\/stourmnews\/\" \/>\n<meta property=\"article:published_time\" content=\"2024-11-28T18:33:27+00:00\" \/>\n<meta property=\"og:image\" content=\"https:\/\/stourm.news\/wp-content\/uploads\/2024\/11\/Nuada.jpg\" \/>\n\t<meta property=\"og:image:width\" content=\"944\" \/>\n\t<meta property=\"og:image:height\" content=\"671\" \/>\n\t<meta property=\"og:image:type\" content=\"image\/jpeg\" \/>\n<meta name=\"author\" content=\"La r\u00e9daction\" \/>\n<meta name=\"twitter:card\" content=\"summary_large_image\" \/>\n<meta name=\"twitter:label1\" content=\"\u00c9crit par\" \/>\n\t<meta name=\"twitter:data1\" content=\"La r\u00e9daction\" \/>\n\t<meta name=\"twitter:label2\" content=\"Dur\u00e9e de lecture estim\u00e9e\" \/>\n\t<meta name=\"twitter:data2\" content=\"3 minutes\" \/>\n<script type=\"application\/ld+json\" class=\"yoast-schema-graph\">{\"@context\":\"https:\/\/schema.org\",\"@graph\":[{\"@type\":\"Article\",\"@id\":\"https:\/\/stourm.news\/?p=2908#article\",\"isPartOf\":{\"@id\":\"https:\/\/stourm.news\/?p=2908\"},\"author\":{\"name\":\"La r\u00e9daction\",\"@id\":\"https:\/\/stourm.news\/#\/schema\/person\/c3e1dc65988632e190969234ef046cf9\"},\"headline\":\"\u00ab\u00a0\u00c9coute, homme breton !\u00a0\u00bb par Brythur\",\"datePublished\":\"2024-11-28T18:33:27+00:00\",\"mainEntityOfPage\":{\"@id\":\"https:\/\/stourm.news\/?p=2908\"},\"wordCount\":528,\"commentCount\":0,\"publisher\":{\"@id\":\"https:\/\/stourm.news\/#organization\"},\"image\":{\"@id\":\"https:\/\/stourm.news\/?p=2908#primaryimage\"},\"thumbnailUrl\":\"https:\/\/stourm.news\/wp-content\/uploads\/2024\/11\/Nuada.jpg\",\"articleSection\":[\"Breizh\",\"Principale\"],\"inLanguage\":\"fr-FR\",\"potentialAction\":[{\"@type\":\"CommentAction\",\"name\":\"Comment\",\"target\":[\"https:\/\/stourm.news\/?p=2908#respond\"]}]},{\"@type\":\"WebPage\",\"@id\":\"https:\/\/stourm.news\/?p=2908\",\"url\":\"https:\/\/stourm.news\/?p=2908\",\"name\":\"\\\"\u00c9coute, homme breton !\\\" par Brythur - STOURM\",\"isPartOf\":{\"@id\":\"https:\/\/stourm.news\/#website\"},\"primaryImageOfPage\":{\"@id\":\"https:\/\/stourm.news\/?p=2908#primaryimage\"},\"image\":{\"@id\":\"https:\/\/stourm.news\/?p=2908#primaryimage\"},\"thumbnailUrl\":\"https:\/\/stourm.news\/wp-content\/uploads\/2024\/11\/Nuada.jpg\",\"datePublished\":\"2024-11-28T18:33:27+00:00\",\"breadcrumb\":{\"@id\":\"https:\/\/stourm.news\/?p=2908#breadcrumb\"},\"inLanguage\":\"fr-FR\",\"potentialAction\":[{\"@type\":\"ReadAction\",\"target\":[\"https:\/\/stourm.news\/?p=2908\"]}]},{\"@type\":\"ImageObject\",\"inLanguage\":\"fr-FR\",\"@id\":\"https:\/\/stourm.news\/?p=2908#primaryimage\",\"url\":\"https:\/\/stourm.news\/wp-content\/uploads\/2024\/11\/Nuada.jpg\",\"contentUrl\":\"https:\/\/stourm.news\/wp-content\/uploads\/2024\/11\/Nuada.jpg\",\"width\":944,\"height\":671},{\"@type\":\"BreadcrumbList\",\"@id\":\"https:\/\/stourm.news\/?p=2908#breadcrumb\",\"itemListElement\":[{\"@type\":\"ListItem\",\"position\":1,\"name\":\"Accueil\",\"item\":\"https:\/\/stourm.news\/\"},{\"@type\":\"ListItem\",\"position\":2,\"name\":\"\u00ab\u00a0\u00c9coute, homme breton !\u00a0\u00bb par Brythur\"}]},{\"@type\":\"WebSite\",\"@id\":\"https:\/\/stourm.news\/#website\",\"url\":\"https:\/\/stourm.news\/\",\"name\":\"Stourm\",\"description\":\"Kazetenn Strollad Broadel Breizh\",\"publisher\":{\"@id\":\"https:\/\/stourm.news\/#organization\"},\"potentialAction\":[{\"@type\":\"SearchAction\",\"target\":{\"@type\":\"EntryPoint\",\"urlTemplate\":\"https:\/\/stourm.news\/?s={search_term_string}\"},\"query-input\":{\"@type\":\"PropertyValueSpecification\",\"valueRequired\":true,\"valueName\":\"search_term_string\"}}],\"inLanguage\":\"fr-FR\"},{\"@type\":\"Organization\",\"@id\":\"https:\/\/stourm.news\/#organization\",\"name\":\"Stourm\",\"url\":\"https:\/\/stourm.news\/\",\"logo\":{\"@type\":\"ImageObject\",\"inLanguage\":\"fr-FR\",\"@id\":\"https:\/\/stourm.news\/#\/schema\/logo\/image\/\",\"url\":\"https:\/\/stourm.news\/wp-content\/uploads\/2025\/11\/cropped-Capture-decran-2025-11-28-a-15.19.07.png\",\"contentUrl\":\"https:\/\/stourm.news\/wp-content\/uploads\/2025\/11\/cropped-Capture-decran-2025-11-28-a-15.19.07.png\",\"width\":1855,\"height\":383,\"caption\":\"Stourm\"},\"image\":{\"@id\":\"https:\/\/stourm.news\/#\/schema\/logo\/image\/\"},\"sameAs\":[\"https:\/\/www.facebook.com\/stourmnews\/\"]},{\"@type\":\"Person\",\"@id\":\"https:\/\/stourm.news\/#\/schema\/person\/c3e1dc65988632e190969234ef046cf9\",\"name\":\"La r\u00e9daction\",\"image\":{\"@type\":\"ImageObject\",\"inLanguage\":\"fr-FR\",\"@id\":\"https:\/\/stourm.news\/#\/schema\/person\/image\/\",\"url\":\"https:\/\/secure.gravatar.com\/avatar\/7463443f194b6b5fb706b074ca0ef59a0cfcfd720cb47764b0ec5a952ce422b3?s=96&d=mm&r=g\",\"contentUrl\":\"https:\/\/secure.gravatar.com\/avatar\/7463443f194b6b5fb706b074ca0ef59a0cfcfd720cb47764b0ec5a952ce422b3?s=96&d=mm&r=g\",\"caption\":\"La r\u00e9daction\"},\"sameAs\":[\"https:\/\/stourm.news\"],\"url\":\"https:\/\/stourm.news\/?author=1\"}]}<\/script>\n<!-- \/ Yoast SEO plugin. -->","yoast_head_json":{"title":"\"\u00c9coute, homme breton !\" par Brythur - STOURM","robots":{"index":"index","follow":"follow","max-snippet":"max-snippet:-1","max-image-preview":"max-image-preview:large","max-video-preview":"max-video-preview:-1"},"canonical":"https:\/\/stourm.news\/?p=2908","og_locale":"fr_FR","og_type":"article","og_title":"\"\u00c9coute, homme breton !\" par Brythur - STOURM","og_description":"Ecoute, homme de Bretagne, toi qui arpentes ces terres battues par les vents, o\u00f9 le granit se dresse comme le souvenir des titans de jadis. Il est temps que tu t\u2019\u00e9veilles, car depuis trop longtemps, tu vis pli\u00e9 sous le poids d\u2019une fatalit\u00e9 que tu n\u2019as pas choisie. Ne vois-tu pas que l\u2019\u00e9cume de la [&hellip;]","og_url":"https:\/\/stourm.news\/?p=2908","og_site_name":"STOURM","article_publisher":"https:\/\/www.facebook.com\/stourmnews\/","article_published_time":"2024-11-28T18:33:27+00:00","og_image":[{"width":944,"height":671,"url":"https:\/\/stourm.news\/wp-content\/uploads\/2024\/11\/Nuada.jpg","type":"image\/jpeg"}],"author":"La r\u00e9daction","twitter_card":"summary_large_image","twitter_misc":{"\u00c9crit par":"La r\u00e9daction","Dur\u00e9e de lecture estim\u00e9e":"3 minutes"},"schema":{"@context":"https:\/\/schema.org","@graph":[{"@type":"Article","@id":"https:\/\/stourm.news\/?p=2908#article","isPartOf":{"@id":"https:\/\/stourm.news\/?p=2908"},"author":{"name":"La r\u00e9daction","@id":"https:\/\/stourm.news\/#\/schema\/person\/c3e1dc65988632e190969234ef046cf9"},"headline":"\u00ab\u00a0\u00c9coute, homme breton !\u00a0\u00bb par Brythur","datePublished":"2024-11-28T18:33:27+00:00","mainEntityOfPage":{"@id":"https:\/\/stourm.news\/?p=2908"},"wordCount":528,"commentCount":0,"publisher":{"@id":"https:\/\/stourm.news\/#organization"},"image":{"@id":"https:\/\/stourm.news\/?p=2908#primaryimage"},"thumbnailUrl":"https:\/\/stourm.news\/wp-content\/uploads\/2024\/11\/Nuada.jpg","articleSection":["Breizh","Principale"],"inLanguage":"fr-FR","potentialAction":[{"@type":"CommentAction","name":"Comment","target":["https:\/\/stourm.news\/?p=2908#respond"]}]},{"@type":"WebPage","@id":"https:\/\/stourm.news\/?p=2908","url":"https:\/\/stourm.news\/?p=2908","name":"\"\u00c9coute, homme breton !\" par Brythur - STOURM","isPartOf":{"@id":"https:\/\/stourm.news\/#website"},"primaryImageOfPage":{"@id":"https:\/\/stourm.news\/?p=2908#primaryimage"},"image":{"@id":"https:\/\/stourm.news\/?p=2908#primaryimage"},"thumbnailUrl":"https:\/\/stourm.news\/wp-content\/uploads\/2024\/11\/Nuada.jpg","datePublished":"2024-11-28T18:33:27+00:00","breadcrumb":{"@id":"https:\/\/stourm.news\/?p=2908#breadcrumb"},"inLanguage":"fr-FR","potentialAction":[{"@type":"ReadAction","target":["https:\/\/stourm.news\/?p=2908"]}]},{"@type":"ImageObject","inLanguage":"fr-FR","@id":"https:\/\/stourm.news\/?p=2908#primaryimage","url":"https:\/\/stourm.news\/wp-content\/uploads\/2024\/11\/Nuada.jpg","contentUrl":"https:\/\/stourm.news\/wp-content\/uploads\/2024\/11\/Nuada.jpg","width":944,"height":671},{"@type":"BreadcrumbList","@id":"https:\/\/stourm.news\/?p=2908#breadcrumb","itemListElement":[{"@type":"ListItem","position":1,"name":"Accueil","item":"https:\/\/stourm.news\/"},{"@type":"ListItem","position":2,"name":"\u00ab\u00a0\u00c9coute, homme breton !\u00a0\u00bb par Brythur"}]},{"@type":"WebSite","@id":"https:\/\/stourm.news\/#website","url":"https:\/\/stourm.news\/","name":"Stourm","description":"Kazetenn Strollad Broadel Breizh","publisher":{"@id":"https:\/\/stourm.news\/#organization"},"potentialAction":[{"@type":"SearchAction","target":{"@type":"EntryPoint","urlTemplate":"https:\/\/stourm.news\/?s={search_term_string}"},"query-input":{"@type":"PropertyValueSpecification","valueRequired":true,"valueName":"search_term_string"}}],"inLanguage":"fr-FR"},{"@type":"Organization","@id":"https:\/\/stourm.news\/#organization","name":"Stourm","url":"https:\/\/stourm.news\/","logo":{"@type":"ImageObject","inLanguage":"fr-FR","@id":"https:\/\/stourm.news\/#\/schema\/logo\/image\/","url":"https:\/\/stourm.news\/wp-content\/uploads\/2025\/11\/cropped-Capture-decran-2025-11-28-a-15.19.07.png","contentUrl":"https:\/\/stourm.news\/wp-content\/uploads\/2025\/11\/cropped-Capture-decran-2025-11-28-a-15.19.07.png","width":1855,"height":383,"caption":"Stourm"},"image":{"@id":"https:\/\/stourm.news\/#\/schema\/logo\/image\/"},"sameAs":["https:\/\/www.facebook.com\/stourmnews\/"]},{"@type":"Person","@id":"https:\/\/stourm.news\/#\/schema\/person\/c3e1dc65988632e190969234ef046cf9","name":"La r\u00e9daction","image":{"@type":"ImageObject","inLanguage":"fr-FR","@id":"https:\/\/stourm.news\/#\/schema\/person\/image\/","url":"https:\/\/secure.gravatar.com\/avatar\/7463443f194b6b5fb706b074ca0ef59a0cfcfd720cb47764b0ec5a952ce422b3?s=96&d=mm&r=g","contentUrl":"https:\/\/secure.gravatar.com\/avatar\/7463443f194b6b5fb706b074ca0ef59a0cfcfd720cb47764b0ec5a952ce422b3?s=96&d=mm&r=g","caption":"La r\u00e9daction"},"sameAs":["https:\/\/stourm.news"],"url":"https:\/\/stourm.news\/?author=1"}]}},"_links":{"self":[{"href":"https:\/\/stourm.news\/index.php?rest_route=\/wp\/v2\/posts\/2908","targetHints":{"allow":["GET"]}}],"collection":[{"href":"https:\/\/stourm.news\/index.php?rest_route=\/wp\/v2\/posts"}],"about":[{"href":"https:\/\/stourm.news\/index.php?rest_route=\/wp\/v2\/types\/post"}],"author":[{"embeddable":true,"href":"https:\/\/stourm.news\/index.php?rest_route=\/wp\/v2\/users\/1"}],"replies":[{"embeddable":true,"href":"https:\/\/stourm.news\/index.php?rest_route=%2Fwp%2Fv2%2Fcomments&post=2908"}],"version-history":[{"count":1,"href":"https:\/\/stourm.news\/index.php?rest_route=\/wp\/v2\/posts\/2908\/revisions"}],"predecessor-version":[{"id":2910,"href":"https:\/\/stourm.news\/index.php?rest_route=\/wp\/v2\/posts\/2908\/revisions\/2910"}],"wp:featuredmedia":[{"embeddable":true,"href":"https:\/\/stourm.news\/index.php?rest_route=\/wp\/v2\/media\/2909"}],"wp:attachment":[{"href":"https:\/\/stourm.news\/index.php?rest_route=%2Fwp%2Fv2%2Fmedia&parent=2908"}],"wp:term":[{"taxonomy":"category","embeddable":true,"href":"https:\/\/stourm.news\/index.php?rest_route=%2Fwp%2Fv2%2Fcategories&post=2908"},{"taxonomy":"post_tag","embeddable":true,"href":"https:\/\/stourm.news\/index.php?rest_route=%2Fwp%2Fv2%2Ftags&post=2908"}],"curies":[{"name":"wp","href":"https:\/\/api.w.org\/{rel}","templated":true}]}}