{"id":2914,"date":"2024-11-29T06:18:26","date_gmt":"2024-11-29T06:18:26","guid":{"rendered":"https:\/\/stourm.news\/?p=2914"},"modified":"2024-11-29T06:18:26","modified_gmt":"2024-11-29T06:18:26","slug":"le-senegal-et-le-tchad-somment-la-france-devacuer-ses-bases-militaires","status":"publish","type":"post","link":"https:\/\/stourm.news\/?p=2914","title":{"rendered":"Le S\u00e9n\u00e9gal et le Tchad somment la France d&rsquo;\u00e9vacuer ses bases militaires"},"content":{"rendered":"<p style=\"text-align: justify;\">La d\u00e9cision du S\u00e9n\u00e9gal et du Tchad <a href=\"https:\/\/www.france24.com\/fr\/afrique\/20241129-le-tchad-annonce-rompre-ses-accords-de-coop%C3%A9ration-de-d%C3%A9fense-avec-paris-un-tournant-historique\">de mettre fin \u00e0 l&rsquo;accord de d\u00e9fense<\/a> avec la France constitue un \u00e9v\u00e9nement majeur dans le contexte de la disparition de l&rsquo;influence fran\u00e7aise en Afrique.<\/p>\n<p><strong>Perte du Tchad<\/strong><\/p>\n<p style=\"text-align: justify;\"><strong>\u00ab\u00a0Le gouvernement de la R\u00e9publique du Tchad informe l&rsquo;opinion nationale et internationale de sa d\u00e9cision de mettre fin \u00e0 l&rsquo;accord de coop\u00e9ration en mati\u00e8re de d\u00e9fense sign\u00e9 avec la R\u00e9publique fran\u00e7aise\u00a0\u00bb<\/strong>, a d\u00e9clar\u00e9 Abderaman Koulamallah dans un communiqu\u00e9 publi\u00e9 sur la page Facebook officielle du minist\u00e8re.<\/p>\n<p style=\"text-align: justify;\">Le Tchad \u00e9tait un point d&rsquo;appui crucial pour l&rsquo;arm\u00e9e fran\u00e7aise en Afrique. Apr\u00e8s les retraits forc\u00e9s de ses troupes au Mali, au Burkina Faso et au Niger, Paris perd ses derni\u00e8res positions au Sahel. Ses forces sont d\u00e9sormais isol\u00e9es sur quelques zones littorales du continent, sans continuit\u00e9 d&rsquo;ensemble.<\/p>\n<p><img fetchpriority=\"high\" decoding=\"async\" class=\"aligncenter\" src=\"https:\/\/www.portail-ie.fr\/wp-content\/uploads\/2024\/05\/Etat-des-lieux-presence-francaise-en-afrique-975x1024.png\" width=\"469\" height=\"493\" \/><\/p>\n<p style=\"text-align: justify;\"><strong>\u00ab\u00a0La France est un partenaire essentiel mais elle doit aussi consid\u00e9rer d\u00e9sormais que le Tchad a grandi, a m\u00fbri et que le Tchad est un Etat souverain et tr\u00e8s jaloux de sa souverainet\u00e9\u00a0\u00bb<\/strong>, avait relev\u00e9 un peu plus t\u00f4t Abderaman Koulamallah \u00e0 l&rsquo;issue une rencontre entre le pr\u00e9sident Mahamat Idriss D\u00e9by Itno et Jean-No\u00ebl Barrot.<\/p>\n<p style=\"text-align: justify;\"><strong>\u00ab\u00a0Apr\u00e8s 66 ans de la proclamation de la r\u00e9publique du Tchad, il est temps pour le Tchad d&rsquo;affirmer sa souverainet\u00e9 pleine et enti\u00e8re, et de red\u00e9finir ses partenariats strat\u00e9giques selon les priorit\u00e9s nationales\u00a0\u00bb<\/strong>, a-t-il ajout\u00e9.<\/p>\n<p><strong>Le S\u00e9n\u00e9gal met un terme \u00e0 la pr\u00e9sence fran\u00e7aise<\/strong><\/p>\n<p style=\"text-align: justify;\">Dans ce qui semble \u00eatre un effort coordonn\u00e9 entre le Tchad et le S\u00e9n\u00e9gal, le gouvernement de ce dernier a annonc\u00e9 officiellement son intention de mettre un terme \u00e0 la pr\u00e9sence de bases militaires fran\u00e7aises dans le pays.<\/p>\n<p style=\"text-align: justify;\"><strong>\u00abLe S\u00e9n\u00e9gal est un pays ind\u00e9pendant, c\u2019est un pays souverain et la souverainet\u00e9 ne s\u2019accommode pas de la pr\u00e9sence de bases militaires dans un pays souverain\u00bb<\/strong>, a dit Bassirou Diomaye Faye dans <a href=\"https:\/\/www.lefigaro.fr\/international\/senegal-macron-reconnait-un-massacre-par-les-forces-coloniales-en-1944-selon-le-president-senegalais-20241128\">un entretien \u00e0 l&rsquo;AFP<\/a> au palais pr\u00e9sidentiel.<\/p>\n<p><strong>La fin de l&rsquo;influence coloniale\u00a0<\/strong><\/p>\n<p style=\"text-align: justify;\">Ce tournant historique marque la fin de la pr\u00e9sence coloniale fran\u00e7aise, explicite puis implicite, en Afrique. Ce n&rsquo;est pas simplement une question militaire ou g\u00e9opolitique ; il illustre la capacit\u00e9 d&rsquo;un peuple \u00e0 r\u00e9\u00e9valuer ses partenariats pour privil\u00e9gier des objectifs en accord avec ses propres besoins. C&rsquo;est une le\u00e7on pour toute nation cherchant \u00e0 retrouver sa dignit\u00e9 : \u00eatre ma\u00eetre de ses choix, qu&rsquo;ils soient strat\u00e9giques, culturels ou \u00e9conomiques.<\/p>\n<p style=\"text-align: justify;\">Dans cette optique, la Bretagne doit \u0153uvrer \u00e0 rompre avec les accords implicites ou explicites qui perp\u00e9tuent sa subordination \u00e0 un pouvoir ext\u00e9rieur. Il ne s&rsquo;agit pas de rejeter syst\u00e9matiquement tous les partenariats, mais de les reconstruire sur des bases d&rsquo;\u00e9galit\u00e9 et de respect mutuel, conform\u00e9ment \u00e0 ce que nous dicte notre propre vision du monde et nos int\u00e9r\u00eats sp\u00e9cifiques.<\/p>\n<p style=\"text-align: right;\"><strong>Ewen Broc&rsquo;han<\/strong><\/p>\n","protected":false},"excerpt":{"rendered":"<p>La d\u00e9cision du S\u00e9n\u00e9gal et du Tchad de mettre fin \u00e0 l&rsquo;accord de d\u00e9fense avec la France constitue un \u00e9v\u00e9nement majeur dans le contexte de la disparition de l&rsquo;influence fran\u00e7aise en Afrique. Perte du Tchad \u00ab\u00a0Le gouvernement de la R\u00e9publique du Tchad informe l&rsquo;opinion nationale et internationale de sa d\u00e9cision de mettre fin \u00e0 l&rsquo;accord [&hellip;]<\/p>\n","protected":false},"author":1,"featured_media":2915,"comment_status":"open","ping_status":"open","sticky":false,"template":"","format":"standard","meta":{"sb_editor_width":"","footnotes":""},"categories":[66,65],"tags":[],"class_list":["post-2914","post","type-post","status-publish","format-standard","has-post-thumbnail","hentry","category-international","category-principale"],"relative_dates":{"created":"1 an ago","modified":"1 an ago"},"yoast_head":"<!-- This site is optimized with the Yoast SEO plugin v26.3 - https:\/\/yoast.com\/wordpress\/plugins\/seo\/ -->\n<title>Le S\u00e9n\u00e9gal et le Tchad somment la France d&#039;\u00e9vacuer ses bases militaires - STOURM<\/title>\n<meta name=\"robots\" content=\"index, follow, max-snippet:-1, max-image-preview:large, max-video-preview:-1\" \/>\n<link rel=\"canonical\" href=\"https:\/\/stourm.news\/?p=2914\" \/>\n<meta property=\"og:locale\" content=\"fr_FR\" \/>\n<meta property=\"og:type\" content=\"article\" \/>\n<meta property=\"og:title\" content=\"Le S\u00e9n\u00e9gal et le Tchad somment la France d&#039;\u00e9vacuer ses bases militaires - STOURM\" \/>\n<meta property=\"og:description\" content=\"La d\u00e9cision du S\u00e9n\u00e9gal et du Tchad de mettre fin \u00e0 l&rsquo;accord de d\u00e9fense avec la France constitue un \u00e9v\u00e9nement majeur dans le contexte de la disparition de l&rsquo;influence fran\u00e7aise en Afrique. Perte du Tchad \u00ab\u00a0Le gouvernement de la R\u00e9publique du Tchad informe l&rsquo;opinion nationale et internationale de sa d\u00e9cision de mettre fin \u00e0 l&rsquo;accord [&hellip;]\" \/>\n<meta property=\"og:url\" content=\"https:\/\/stourm.news\/?p=2914\" \/>\n<meta property=\"og:site_name\" content=\"STOURM\" \/>\n<meta property=\"article:publisher\" content=\"https:\/\/www.facebook.com\/stourmnews\/\" \/>\n<meta property=\"article:published_time\" content=\"2024-11-29T06:18:26+00:00\" \/>\n<meta property=\"og:image\" content=\"https:\/\/stourm.news\/wp-content\/uploads\/2024\/11\/Armee-francaise-1.jpg\" \/>\n\t<meta property=\"og:image:width\" content=\"1200\" \/>\n\t<meta property=\"og:image:height\" content=\"675\" \/>\n\t<meta property=\"og:image:type\" content=\"image\/jpeg\" \/>\n<meta name=\"author\" content=\"La r\u00e9daction\" \/>\n<meta name=\"twitter:card\" content=\"summary_large_image\" \/>\n<meta name=\"twitter:label1\" content=\"\u00c9crit par\" \/>\n\t<meta name=\"twitter:data1\" content=\"La r\u00e9daction\" \/>\n\t<meta name=\"twitter:label2\" content=\"Dur\u00e9e de lecture estim\u00e9e\" \/>\n\t<meta name=\"twitter:data2\" content=\"3 minutes\" \/>\n<script type=\"application\/ld+json\" class=\"yoast-schema-graph\">{\"@context\":\"https:\/\/schema.org\",\"@graph\":[{\"@type\":\"Article\",\"@id\":\"https:\/\/stourm.news\/?p=2914#article\",\"isPartOf\":{\"@id\":\"https:\/\/stourm.news\/?p=2914\"},\"author\":{\"name\":\"La r\u00e9daction\",\"@id\":\"https:\/\/stourm.news\/#\/schema\/person\/c3e1dc65988632e190969234ef046cf9\"},\"headline\":\"Le S\u00e9n\u00e9gal et le Tchad somment la France d&rsquo;\u00e9vacuer ses bases militaires\",\"datePublished\":\"2024-11-29T06:18:26+00:00\",\"mainEntityOfPage\":{\"@id\":\"https:\/\/stourm.news\/?p=2914\"},\"wordCount\":526,\"commentCount\":0,\"publisher\":{\"@id\":\"https:\/\/stourm.news\/#organization\"},\"image\":{\"@id\":\"https:\/\/stourm.news\/?p=2914#primaryimage\"},\"thumbnailUrl\":\"https:\/\/stourm.news\/wp-content\/uploads\/2024\/11\/Armee-francaise-1.jpg\",\"articleSection\":[\"International\",\"Principale\"],\"inLanguage\":\"fr-FR\",\"potentialAction\":[{\"@type\":\"CommentAction\",\"name\":\"Comment\",\"target\":[\"https:\/\/stourm.news\/?p=2914#respond\"]}]},{\"@type\":\"WebPage\",\"@id\":\"https:\/\/stourm.news\/?p=2914\",\"url\":\"https:\/\/stourm.news\/?p=2914\",\"name\":\"Le S\u00e9n\u00e9gal et le Tchad somment la France d'\u00e9vacuer ses bases militaires - STOURM\",\"isPartOf\":{\"@id\":\"https:\/\/stourm.news\/#website\"},\"primaryImageOfPage\":{\"@id\":\"https:\/\/stourm.news\/?p=2914#primaryimage\"},\"image\":{\"@id\":\"https:\/\/stourm.news\/?p=2914#primaryimage\"},\"thumbnailUrl\":\"https:\/\/stourm.news\/wp-content\/uploads\/2024\/11\/Armee-francaise-1.jpg\",\"datePublished\":\"2024-11-29T06:18:26+00:00\",\"breadcrumb\":{\"@id\":\"https:\/\/stourm.news\/?p=2914#breadcrumb\"},\"inLanguage\":\"fr-FR\",\"potentialAction\":[{\"@type\":\"ReadAction\",\"target\":[\"https:\/\/stourm.news\/?p=2914\"]}]},{\"@type\":\"ImageObject\",\"inLanguage\":\"fr-FR\",\"@id\":\"https:\/\/stourm.news\/?p=2914#primaryimage\",\"url\":\"https:\/\/stourm.news\/wp-content\/uploads\/2024\/11\/Armee-francaise-1.jpg\",\"contentUrl\":\"https:\/\/stourm.news\/wp-content\/uploads\/2024\/11\/Armee-francaise-1.jpg\",\"width\":1200,\"height\":675},{\"@type\":\"BreadcrumbList\",\"@id\":\"https:\/\/stourm.news\/?p=2914#breadcrumb\",\"itemListElement\":[{\"@type\":\"ListItem\",\"position\":1,\"name\":\"Accueil\",\"item\":\"https:\/\/stourm.news\/\"},{\"@type\":\"ListItem\",\"position\":2,\"name\":\"Le S\u00e9n\u00e9gal et le Tchad somment la France d&rsquo;\u00e9vacuer ses bases militaires\"}]},{\"@type\":\"WebSite\",\"@id\":\"https:\/\/stourm.news\/#website\",\"url\":\"https:\/\/stourm.news\/\",\"name\":\"Stourm\",\"description\":\"Kazetenn Strollad Broadel Breizh\",\"publisher\":{\"@id\":\"https:\/\/stourm.news\/#organization\"},\"potentialAction\":[{\"@type\":\"SearchAction\",\"target\":{\"@type\":\"EntryPoint\",\"urlTemplate\":\"https:\/\/stourm.news\/?s={search_term_string}\"},\"query-input\":{\"@type\":\"PropertyValueSpecification\",\"valueRequired\":true,\"valueName\":\"search_term_string\"}}],\"inLanguage\":\"fr-FR\"},{\"@type\":\"Organization\",\"@id\":\"https:\/\/stourm.news\/#organization\",\"name\":\"Stourm\",\"url\":\"https:\/\/stourm.news\/\",\"logo\":{\"@type\":\"ImageObject\",\"inLanguage\":\"fr-FR\",\"@id\":\"https:\/\/stourm.news\/#\/schema\/logo\/image\/\",\"url\":\"https:\/\/stourm.news\/wp-content\/uploads\/2025\/11\/cropped-Capture-decran-2025-11-28-a-15.19.07.png\",\"contentUrl\":\"https:\/\/stourm.news\/wp-content\/uploads\/2025\/11\/cropped-Capture-decran-2025-11-28-a-15.19.07.png\",\"width\":1855,\"height\":383,\"caption\":\"Stourm\"},\"image\":{\"@id\":\"https:\/\/stourm.news\/#\/schema\/logo\/image\/\"},\"sameAs\":[\"https:\/\/www.facebook.com\/stourmnews\/\"]},{\"@type\":\"Person\",\"@id\":\"https:\/\/stourm.news\/#\/schema\/person\/c3e1dc65988632e190969234ef046cf9\",\"name\":\"La r\u00e9daction\",\"image\":{\"@type\":\"ImageObject\",\"inLanguage\":\"fr-FR\",\"@id\":\"https:\/\/stourm.news\/#\/schema\/person\/image\/\",\"url\":\"https:\/\/secure.gravatar.com\/avatar\/7463443f194b6b5fb706b074ca0ef59a0cfcfd720cb47764b0ec5a952ce422b3?s=96&d=mm&r=g\",\"contentUrl\":\"https:\/\/secure.gravatar.com\/avatar\/7463443f194b6b5fb706b074ca0ef59a0cfcfd720cb47764b0ec5a952ce422b3?s=96&d=mm&r=g\",\"caption\":\"La r\u00e9daction\"},\"sameAs\":[\"https:\/\/stourm.news\"],\"url\":\"https:\/\/stourm.news\/?author=1\"}]}<\/script>\n<!-- \/ Yoast SEO plugin. -->","yoast_head_json":{"title":"Le S\u00e9n\u00e9gal et le Tchad somment la France d'\u00e9vacuer ses bases militaires - STOURM","robots":{"index":"index","follow":"follow","max-snippet":"max-snippet:-1","max-image-preview":"max-image-preview:large","max-video-preview":"max-video-preview:-1"},"canonical":"https:\/\/stourm.news\/?p=2914","og_locale":"fr_FR","og_type":"article","og_title":"Le S\u00e9n\u00e9gal et le Tchad somment la France d'\u00e9vacuer ses bases militaires - STOURM","og_description":"La d\u00e9cision du S\u00e9n\u00e9gal et du Tchad de mettre fin \u00e0 l&rsquo;accord de d\u00e9fense avec la France constitue un \u00e9v\u00e9nement majeur dans le contexte de la disparition de l&rsquo;influence fran\u00e7aise en Afrique. Perte du Tchad \u00ab\u00a0Le gouvernement de la R\u00e9publique du Tchad informe l&rsquo;opinion nationale et internationale de sa d\u00e9cision de mettre fin \u00e0 l&rsquo;accord [&hellip;]","og_url":"https:\/\/stourm.news\/?p=2914","og_site_name":"STOURM","article_publisher":"https:\/\/www.facebook.com\/stourmnews\/","article_published_time":"2024-11-29T06:18:26+00:00","og_image":[{"width":1200,"height":675,"url":"https:\/\/stourm.news\/wp-content\/uploads\/2024\/11\/Armee-francaise-1.jpg","type":"image\/jpeg"}],"author":"La r\u00e9daction","twitter_card":"summary_large_image","twitter_misc":{"\u00c9crit par":"La r\u00e9daction","Dur\u00e9e de lecture estim\u00e9e":"3 minutes"},"schema":{"@context":"https:\/\/schema.org","@graph":[{"@type":"Article","@id":"https:\/\/stourm.news\/?p=2914#article","isPartOf":{"@id":"https:\/\/stourm.news\/?p=2914"},"author":{"name":"La r\u00e9daction","@id":"https:\/\/stourm.news\/#\/schema\/person\/c3e1dc65988632e190969234ef046cf9"},"headline":"Le S\u00e9n\u00e9gal et le Tchad somment la France d&rsquo;\u00e9vacuer ses bases militaires","datePublished":"2024-11-29T06:18:26+00:00","mainEntityOfPage":{"@id":"https:\/\/stourm.news\/?p=2914"},"wordCount":526,"commentCount":0,"publisher":{"@id":"https:\/\/stourm.news\/#organization"},"image":{"@id":"https:\/\/stourm.news\/?p=2914#primaryimage"},"thumbnailUrl":"https:\/\/stourm.news\/wp-content\/uploads\/2024\/11\/Armee-francaise-1.jpg","articleSection":["International","Principale"],"inLanguage":"fr-FR","potentialAction":[{"@type":"CommentAction","name":"Comment","target":["https:\/\/stourm.news\/?p=2914#respond"]}]},{"@type":"WebPage","@id":"https:\/\/stourm.news\/?p=2914","url":"https:\/\/stourm.news\/?p=2914","name":"Le S\u00e9n\u00e9gal et le Tchad somment la France d'\u00e9vacuer ses bases militaires - STOURM","isPartOf":{"@id":"https:\/\/stourm.news\/#website"},"primaryImageOfPage":{"@id":"https:\/\/stourm.news\/?p=2914#primaryimage"},"image":{"@id":"https:\/\/stourm.news\/?p=2914#primaryimage"},"thumbnailUrl":"https:\/\/stourm.news\/wp-content\/uploads\/2024\/11\/Armee-francaise-1.jpg","datePublished":"2024-11-29T06:18:26+00:00","breadcrumb":{"@id":"https:\/\/stourm.news\/?p=2914#breadcrumb"},"inLanguage":"fr-FR","potentialAction":[{"@type":"ReadAction","target":["https:\/\/stourm.news\/?p=2914"]}]},{"@type":"ImageObject","inLanguage":"fr-FR","@id":"https:\/\/stourm.news\/?p=2914#primaryimage","url":"https:\/\/stourm.news\/wp-content\/uploads\/2024\/11\/Armee-francaise-1.jpg","contentUrl":"https:\/\/stourm.news\/wp-content\/uploads\/2024\/11\/Armee-francaise-1.jpg","width":1200,"height":675},{"@type":"BreadcrumbList","@id":"https:\/\/stourm.news\/?p=2914#breadcrumb","itemListElement":[{"@type":"ListItem","position":1,"name":"Accueil","item":"https:\/\/stourm.news\/"},{"@type":"ListItem","position":2,"name":"Le S\u00e9n\u00e9gal et le Tchad somment la France d&rsquo;\u00e9vacuer ses bases militaires"}]},{"@type":"WebSite","@id":"https:\/\/stourm.news\/#website","url":"https:\/\/stourm.news\/","name":"Stourm","description":"Kazetenn Strollad Broadel Breizh","publisher":{"@id":"https:\/\/stourm.news\/#organization"},"potentialAction":[{"@type":"SearchAction","target":{"@type":"EntryPoint","urlTemplate":"https:\/\/stourm.news\/?s={search_term_string}"},"query-input":{"@type":"PropertyValueSpecification","valueRequired":true,"valueName":"search_term_string"}}],"inLanguage":"fr-FR"},{"@type":"Organization","@id":"https:\/\/stourm.news\/#organization","name":"Stourm","url":"https:\/\/stourm.news\/","logo":{"@type":"ImageObject","inLanguage":"fr-FR","@id":"https:\/\/stourm.news\/#\/schema\/logo\/image\/","url":"https:\/\/stourm.news\/wp-content\/uploads\/2025\/11\/cropped-Capture-decran-2025-11-28-a-15.19.07.png","contentUrl":"https:\/\/stourm.news\/wp-content\/uploads\/2025\/11\/cropped-Capture-decran-2025-11-28-a-15.19.07.png","width":1855,"height":383,"caption":"Stourm"},"image":{"@id":"https:\/\/stourm.news\/#\/schema\/logo\/image\/"},"sameAs":["https:\/\/www.facebook.com\/stourmnews\/"]},{"@type":"Person","@id":"https:\/\/stourm.news\/#\/schema\/person\/c3e1dc65988632e190969234ef046cf9","name":"La r\u00e9daction","image":{"@type":"ImageObject","inLanguage":"fr-FR","@id":"https:\/\/stourm.news\/#\/schema\/person\/image\/","url":"https:\/\/secure.gravatar.com\/avatar\/7463443f194b6b5fb706b074ca0ef59a0cfcfd720cb47764b0ec5a952ce422b3?s=96&d=mm&r=g","contentUrl":"https:\/\/secure.gravatar.com\/avatar\/7463443f194b6b5fb706b074ca0ef59a0cfcfd720cb47764b0ec5a952ce422b3?s=96&d=mm&r=g","caption":"La r\u00e9daction"},"sameAs":["https:\/\/stourm.news"],"url":"https:\/\/stourm.news\/?author=1"}]}},"_links":{"self":[{"href":"https:\/\/stourm.news\/index.php?rest_route=\/wp\/v2\/posts\/2914","targetHints":{"allow":["GET"]}}],"collection":[{"href":"https:\/\/stourm.news\/index.php?rest_route=\/wp\/v2\/posts"}],"about":[{"href":"https:\/\/stourm.news\/index.php?rest_route=\/wp\/v2\/types\/post"}],"author":[{"embeddable":true,"href":"https:\/\/stourm.news\/index.php?rest_route=\/wp\/v2\/users\/1"}],"replies":[{"embeddable":true,"href":"https:\/\/stourm.news\/index.php?rest_route=%2Fwp%2Fv2%2Fcomments&post=2914"}],"version-history":[{"count":1,"href":"https:\/\/stourm.news\/index.php?rest_route=\/wp\/v2\/posts\/2914\/revisions"}],"predecessor-version":[{"id":2916,"href":"https:\/\/stourm.news\/index.php?rest_route=\/wp\/v2\/posts\/2914\/revisions\/2916"}],"wp:featuredmedia":[{"embeddable":true,"href":"https:\/\/stourm.news\/index.php?rest_route=\/wp\/v2\/media\/2915"}],"wp:attachment":[{"href":"https:\/\/stourm.news\/index.php?rest_route=%2Fwp%2Fv2%2Fmedia&parent=2914"}],"wp:term":[{"taxonomy":"category","embeddable":true,"href":"https:\/\/stourm.news\/index.php?rest_route=%2Fwp%2Fv2%2Fcategories&post=2914"},{"taxonomy":"post_tag","embeddable":true,"href":"https:\/\/stourm.news\/index.php?rest_route=%2Fwp%2Fv2%2Ftags&post=2914"}],"curies":[{"name":"wp","href":"https:\/\/api.w.org\/{rel}","templated":true}]}}