{"id":2917,"date":"2024-11-30T06:32:17","date_gmt":"2024-11-30T06:32:17","guid":{"rendered":"https:\/\/stourm.news\/?p=2917"},"modified":"2024-11-30T06:32:17","modified_gmt":"2024-11-30T06:32:17","slug":"brest-un-individu-menace-des-automobilistes-avec-un-couteau-dans-le-quartier-multiculturel-de-kerourien","status":"publish","type":"post","link":"https:\/\/stourm.news\/?p=2917","title":{"rendered":"Brest : un individu menace des automobilistes avec un couteau dans le quartier multiculturel de Kerourien"},"content":{"rendered":"<p style=\"text-align: justify;\">Une \u00e9quipe de la brigade anti-criminalit\u00e9 (Bac) de Brest est intervenue, jeudi 28 novembre 2024, dans le quartier de K\u00e9rourien, \u00e0 Brest, vers 19 h. Au niveau d\u2019un rond-point entre les rues Amiral-Grivel et K\u00e9rourien, un individu arm\u00e9 d\u2019un couteau a menac\u00e9 plusieurs automobilistes. Parmi eux, une conductrice de 44 ans dans la voiture de laquelle il a plant\u00e9 sa lame au niveau du joint de la vitre avant.<\/p>\n<p style=\"text-align: justify;\">Ma\u00eetris\u00e9 au sol par les forces de l\u2019ordre, l\u2019homme pr\u00e9sentait tous les signes de l\u2019ivresse. Il a \u00e9t\u00e9 plac\u00e9 en cellule de d\u00e9grisement dans l\u2019attente de son audition. S\u2019il reconnaissait le port du couteau &#8211; alors qu\u2019il fait pourtant l\u2019objet d\u2019une interdiction judiciaire de port d\u2019arme &#8211; le jeune homme \u00e2g\u00e9 de 24 ans ne se souvenait de rien d\u2019autre.<\/p>\n<p style=\"text-align: justify;\">D\u00e9f\u00e9r\u00e9 devant le parquet, il a \u00e9t\u00e9 plac\u00e9 sous mandat de d\u00e9p\u00f4t dans l\u2019attente de son proc\u00e8s, en comparution imm\u00e9diate, le mardi 3 d\u00e9cembre pour les faits de d\u00e9gradation, violences avec arme et port d\u2019arme.<\/p>\n<p style=\"text-align: justify;\">Source : <a href=\"https:\/\/www.letelegramme.fr\/finistere\/brest-29200\/a-brest-un-individu-menacant-des-automobilistes-avec-un-couteau-interpelle-par-la-bac-6713016.php\">Le T\u00e9l\u00e9gramme<\/a><\/p>\n","protected":false},"excerpt":{"rendered":"<p>Une \u00e9quipe de la brigade anti-criminalit\u00e9 (Bac) de Brest est intervenue, jeudi 28 novembre 2024, dans le quartier de K\u00e9rourien, \u00e0 Brest, vers 19 h. Au niveau d\u2019un rond-point entre les rues Amiral-Grivel et K\u00e9rourien, un individu arm\u00e9 d\u2019un couteau a menac\u00e9 plusieurs automobilistes. Parmi eux, une conductrice de 44 ans dans la voiture de [&hellip;]<\/p>\n","protected":false},"author":1,"featured_media":2918,"comment_status":"open","ping_status":"open","sticky":false,"template":"","format":"standard","meta":{"sb_editor_width":"","footnotes":""},"categories":[52,38,62],"tags":[],"class_list":["post-2917","post","type-post","status-publish","format-standard","has-post-thumbnail","hentry","category-faits-divers","category-finistere","category-revue-de-presse"],"relative_dates":{"created":"1 an ago","modified":"1 an ago"},"yoast_head":"<!-- This site is optimized with the Yoast SEO plugin v26.3 - https:\/\/yoast.com\/wordpress\/plugins\/seo\/ -->\n<title>Brest : un individu menace des automobilistes avec un couteau dans le quartier multiculturel de Kerourien - STOURM<\/title>\n<meta name=\"robots\" content=\"index, follow, max-snippet:-1, max-image-preview:large, max-video-preview:-1\" \/>\n<link rel=\"canonical\" href=\"https:\/\/stourm.news\/?p=2917\" \/>\n<meta property=\"og:locale\" content=\"fr_FR\" \/>\n<meta property=\"og:type\" content=\"article\" \/>\n<meta property=\"og:title\" content=\"Brest : un individu menace des automobilistes avec un couteau dans le quartier multiculturel de Kerourien - STOURM\" \/>\n<meta property=\"og:description\" content=\"Une \u00e9quipe de la brigade anti-criminalit\u00e9 (Bac) de Brest est intervenue, jeudi 28 novembre 2024, dans le quartier de K\u00e9rourien, \u00e0 Brest, vers 19 h. Au niveau d\u2019un rond-point entre les rues Amiral-Grivel et K\u00e9rourien, un individu arm\u00e9 d\u2019un couteau a menac\u00e9 plusieurs automobilistes. Parmi eux, une conductrice de 44 ans dans la voiture de [&hellip;]\" \/>\n<meta property=\"og:url\" content=\"https:\/\/stourm.news\/?p=2917\" \/>\n<meta property=\"og:site_name\" content=\"STOURM\" \/>\n<meta property=\"article:publisher\" content=\"https:\/\/www.facebook.com\/stourmnews\/\" \/>\n<meta property=\"article:published_time\" content=\"2024-11-30T06:32:17+00:00\" \/>\n<meta property=\"og:image\" content=\"https:\/\/stourm.news\/wp-content\/uploads\/2024\/11\/6749f4d3b92afe2b5966940c.1.webp\" \/>\n\t<meta property=\"og:image:width\" content=\"1200\" \/>\n\t<meta property=\"og:image:height\" content=\"750\" \/>\n\t<meta property=\"og:image:type\" content=\"image\/webp\" \/>\n<meta name=\"author\" content=\"La r\u00e9daction\" \/>\n<meta name=\"twitter:card\" content=\"summary_large_image\" \/>\n<meta name=\"twitter:label1\" content=\"\u00c9crit par\" \/>\n\t<meta name=\"twitter:data1\" content=\"La r\u00e9daction\" \/>\n\t<meta name=\"twitter:label2\" content=\"Dur\u00e9e de lecture estim\u00e9e\" \/>\n\t<meta name=\"twitter:data2\" content=\"1 minute\" \/>\n<script type=\"application\/ld+json\" class=\"yoast-schema-graph\">{\"@context\":\"https:\/\/schema.org\",\"@graph\":[{\"@type\":\"Article\",\"@id\":\"https:\/\/stourm.news\/?p=2917#article\",\"isPartOf\":{\"@id\":\"https:\/\/stourm.news\/?p=2917\"},\"author\":{\"name\":\"La r\u00e9daction\",\"@id\":\"https:\/\/stourm.news\/#\/schema\/person\/c3e1dc65988632e190969234ef046cf9\"},\"headline\":\"Brest : un individu menace des automobilistes avec un couteau dans le quartier multiculturel de Kerourien\",\"datePublished\":\"2024-11-30T06:32:17+00:00\",\"mainEntityOfPage\":{\"@id\":\"https:\/\/stourm.news\/?p=2917\"},\"wordCount\":204,\"commentCount\":0,\"publisher\":{\"@id\":\"https:\/\/stourm.news\/#organization\"},\"image\":{\"@id\":\"https:\/\/stourm.news\/?p=2917#primaryimage\"},\"thumbnailUrl\":\"https:\/\/stourm.news\/wp-content\/uploads\/2024\/11\/6749f4d3b92afe2b5966940c.1.webp\",\"articleSection\":[\"Faits divers\",\"Finist\u00e8re\",\"Revue de presse\"],\"inLanguage\":\"fr-FR\",\"potentialAction\":[{\"@type\":\"CommentAction\",\"name\":\"Comment\",\"target\":[\"https:\/\/stourm.news\/?p=2917#respond\"]}]},{\"@type\":\"WebPage\",\"@id\":\"https:\/\/stourm.news\/?p=2917\",\"url\":\"https:\/\/stourm.news\/?p=2917\",\"name\":\"Brest : un individu menace des automobilistes avec un couteau dans le quartier multiculturel de Kerourien - STOURM\",\"isPartOf\":{\"@id\":\"https:\/\/stourm.news\/#website\"},\"primaryImageOfPage\":{\"@id\":\"https:\/\/stourm.news\/?p=2917#primaryimage\"},\"image\":{\"@id\":\"https:\/\/stourm.news\/?p=2917#primaryimage\"},\"thumbnailUrl\":\"https:\/\/stourm.news\/wp-content\/uploads\/2024\/11\/6749f4d3b92afe2b5966940c.1.webp\",\"datePublished\":\"2024-11-30T06:32:17+00:00\",\"breadcrumb\":{\"@id\":\"https:\/\/stourm.news\/?p=2917#breadcrumb\"},\"inLanguage\":\"fr-FR\",\"potentialAction\":[{\"@type\":\"ReadAction\",\"target\":[\"https:\/\/stourm.news\/?p=2917\"]}]},{\"@type\":\"ImageObject\",\"inLanguage\":\"fr-FR\",\"@id\":\"https:\/\/stourm.news\/?p=2917#primaryimage\",\"url\":\"https:\/\/stourm.news\/wp-content\/uploads\/2024\/11\/6749f4d3b92afe2b5966940c.1.webp\",\"contentUrl\":\"https:\/\/stourm.news\/wp-content\/uploads\/2024\/11\/6749f4d3b92afe2b5966940c.1.webp\",\"width\":1200,\"height\":750},{\"@type\":\"BreadcrumbList\",\"@id\":\"https:\/\/stourm.news\/?p=2917#breadcrumb\",\"itemListElement\":[{\"@type\":\"ListItem\",\"position\":1,\"name\":\"Accueil\",\"item\":\"https:\/\/stourm.news\/\"},{\"@type\":\"ListItem\",\"position\":2,\"name\":\"Brest : un individu menace des automobilistes avec un couteau dans le quartier multiculturel de Kerourien\"}]},{\"@type\":\"WebSite\",\"@id\":\"https:\/\/stourm.news\/#website\",\"url\":\"https:\/\/stourm.news\/\",\"name\":\"Stourm\",\"description\":\"Kazetenn Strollad Broadel Breizh\",\"publisher\":{\"@id\":\"https:\/\/stourm.news\/#organization\"},\"potentialAction\":[{\"@type\":\"SearchAction\",\"target\":{\"@type\":\"EntryPoint\",\"urlTemplate\":\"https:\/\/stourm.news\/?s={search_term_string}\"},\"query-input\":{\"@type\":\"PropertyValueSpecification\",\"valueRequired\":true,\"valueName\":\"search_term_string\"}}],\"inLanguage\":\"fr-FR\"},{\"@type\":\"Organization\",\"@id\":\"https:\/\/stourm.news\/#organization\",\"name\":\"Stourm\",\"url\":\"https:\/\/stourm.news\/\",\"logo\":{\"@type\":\"ImageObject\",\"inLanguage\":\"fr-FR\",\"@id\":\"https:\/\/stourm.news\/#\/schema\/logo\/image\/\",\"url\":\"https:\/\/stourm.news\/wp-content\/uploads\/2025\/11\/cropped-Capture-decran-2025-11-28-a-15.19.07.png\",\"contentUrl\":\"https:\/\/stourm.news\/wp-content\/uploads\/2025\/11\/cropped-Capture-decran-2025-11-28-a-15.19.07.png\",\"width\":1855,\"height\":383,\"caption\":\"Stourm\"},\"image\":{\"@id\":\"https:\/\/stourm.news\/#\/schema\/logo\/image\/\"},\"sameAs\":[\"https:\/\/www.facebook.com\/stourmnews\/\"]},{\"@type\":\"Person\",\"@id\":\"https:\/\/stourm.news\/#\/schema\/person\/c3e1dc65988632e190969234ef046cf9\",\"name\":\"La r\u00e9daction\",\"image\":{\"@type\":\"ImageObject\",\"inLanguage\":\"fr-FR\",\"@id\":\"https:\/\/stourm.news\/#\/schema\/person\/image\/\",\"url\":\"https:\/\/secure.gravatar.com\/avatar\/7463443f194b6b5fb706b074ca0ef59a0cfcfd720cb47764b0ec5a952ce422b3?s=96&d=mm&r=g\",\"contentUrl\":\"https:\/\/secure.gravatar.com\/avatar\/7463443f194b6b5fb706b074ca0ef59a0cfcfd720cb47764b0ec5a952ce422b3?s=96&d=mm&r=g\",\"caption\":\"La r\u00e9daction\"},\"sameAs\":[\"https:\/\/stourm.news\"],\"url\":\"https:\/\/stourm.news\/?author=1\"}]}<\/script>\n<!-- \/ Yoast SEO plugin. -->","yoast_head_json":{"title":"Brest : un individu menace des automobilistes avec un couteau dans le quartier multiculturel de Kerourien - STOURM","robots":{"index":"index","follow":"follow","max-snippet":"max-snippet:-1","max-image-preview":"max-image-preview:large","max-video-preview":"max-video-preview:-1"},"canonical":"https:\/\/stourm.news\/?p=2917","og_locale":"fr_FR","og_type":"article","og_title":"Brest : un individu menace des automobilistes avec un couteau dans le quartier multiculturel de Kerourien - STOURM","og_description":"Une \u00e9quipe de la brigade anti-criminalit\u00e9 (Bac) de Brest est intervenue, jeudi 28 novembre 2024, dans le quartier de K\u00e9rourien, \u00e0 Brest, vers 19 h. Au niveau d\u2019un rond-point entre les rues Amiral-Grivel et K\u00e9rourien, un individu arm\u00e9 d\u2019un couteau a menac\u00e9 plusieurs automobilistes. Parmi eux, une conductrice de 44 ans dans la voiture de [&hellip;]","og_url":"https:\/\/stourm.news\/?p=2917","og_site_name":"STOURM","article_publisher":"https:\/\/www.facebook.com\/stourmnews\/","article_published_time":"2024-11-30T06:32:17+00:00","og_image":[{"width":1200,"height":750,"url":"https:\/\/stourm.news\/wp-content\/uploads\/2024\/11\/6749f4d3b92afe2b5966940c.1.webp","type":"image\/webp"}],"author":"La r\u00e9daction","twitter_card":"summary_large_image","twitter_misc":{"\u00c9crit par":"La r\u00e9daction","Dur\u00e9e de lecture estim\u00e9e":"1 minute"},"schema":{"@context":"https:\/\/schema.org","@graph":[{"@type":"Article","@id":"https:\/\/stourm.news\/?p=2917#article","isPartOf":{"@id":"https:\/\/stourm.news\/?p=2917"},"author":{"name":"La r\u00e9daction","@id":"https:\/\/stourm.news\/#\/schema\/person\/c3e1dc65988632e190969234ef046cf9"},"headline":"Brest : un individu menace des automobilistes avec un couteau dans le quartier multiculturel de Kerourien","datePublished":"2024-11-30T06:32:17+00:00","mainEntityOfPage":{"@id":"https:\/\/stourm.news\/?p=2917"},"wordCount":204,"commentCount":0,"publisher":{"@id":"https:\/\/stourm.news\/#organization"},"image":{"@id":"https:\/\/stourm.news\/?p=2917#primaryimage"},"thumbnailUrl":"https:\/\/stourm.news\/wp-content\/uploads\/2024\/11\/6749f4d3b92afe2b5966940c.1.webp","articleSection":["Faits divers","Finist\u00e8re","Revue de presse"],"inLanguage":"fr-FR","potentialAction":[{"@type":"CommentAction","name":"Comment","target":["https:\/\/stourm.news\/?p=2917#respond"]}]},{"@type":"WebPage","@id":"https:\/\/stourm.news\/?p=2917","url":"https:\/\/stourm.news\/?p=2917","name":"Brest : un individu menace des automobilistes avec un couteau dans le quartier multiculturel de Kerourien - STOURM","isPartOf":{"@id":"https:\/\/stourm.news\/#website"},"primaryImageOfPage":{"@id":"https:\/\/stourm.news\/?p=2917#primaryimage"},"image":{"@id":"https:\/\/stourm.news\/?p=2917#primaryimage"},"thumbnailUrl":"https:\/\/stourm.news\/wp-content\/uploads\/2024\/11\/6749f4d3b92afe2b5966940c.1.webp","datePublished":"2024-11-30T06:32:17+00:00","breadcrumb":{"@id":"https:\/\/stourm.news\/?p=2917#breadcrumb"},"inLanguage":"fr-FR","potentialAction":[{"@type":"ReadAction","target":["https:\/\/stourm.news\/?p=2917"]}]},{"@type":"ImageObject","inLanguage":"fr-FR","@id":"https:\/\/stourm.news\/?p=2917#primaryimage","url":"https:\/\/stourm.news\/wp-content\/uploads\/2024\/11\/6749f4d3b92afe2b5966940c.1.webp","contentUrl":"https:\/\/stourm.news\/wp-content\/uploads\/2024\/11\/6749f4d3b92afe2b5966940c.1.webp","width":1200,"height":750},{"@type":"BreadcrumbList","@id":"https:\/\/stourm.news\/?p=2917#breadcrumb","itemListElement":[{"@type":"ListItem","position":1,"name":"Accueil","item":"https:\/\/stourm.news\/"},{"@type":"ListItem","position":2,"name":"Brest : un individu menace des automobilistes avec un couteau dans le quartier multiculturel de Kerourien"}]},{"@type":"WebSite","@id":"https:\/\/stourm.news\/#website","url":"https:\/\/stourm.news\/","name":"Stourm","description":"Kazetenn Strollad Broadel Breizh","publisher":{"@id":"https:\/\/stourm.news\/#organization"},"potentialAction":[{"@type":"SearchAction","target":{"@type":"EntryPoint","urlTemplate":"https:\/\/stourm.news\/?s={search_term_string}"},"query-input":{"@type":"PropertyValueSpecification","valueRequired":true,"valueName":"search_term_string"}}],"inLanguage":"fr-FR"},{"@type":"Organization","@id":"https:\/\/stourm.news\/#organization","name":"Stourm","url":"https:\/\/stourm.news\/","logo":{"@type":"ImageObject","inLanguage":"fr-FR","@id":"https:\/\/stourm.news\/#\/schema\/logo\/image\/","url":"https:\/\/stourm.news\/wp-content\/uploads\/2025\/11\/cropped-Capture-decran-2025-11-28-a-15.19.07.png","contentUrl":"https:\/\/stourm.news\/wp-content\/uploads\/2025\/11\/cropped-Capture-decran-2025-11-28-a-15.19.07.png","width":1855,"height":383,"caption":"Stourm"},"image":{"@id":"https:\/\/stourm.news\/#\/schema\/logo\/image\/"},"sameAs":["https:\/\/www.facebook.com\/stourmnews\/"]},{"@type":"Person","@id":"https:\/\/stourm.news\/#\/schema\/person\/c3e1dc65988632e190969234ef046cf9","name":"La r\u00e9daction","image":{"@type":"ImageObject","inLanguage":"fr-FR","@id":"https:\/\/stourm.news\/#\/schema\/person\/image\/","url":"https:\/\/secure.gravatar.com\/avatar\/7463443f194b6b5fb706b074ca0ef59a0cfcfd720cb47764b0ec5a952ce422b3?s=96&d=mm&r=g","contentUrl":"https:\/\/secure.gravatar.com\/avatar\/7463443f194b6b5fb706b074ca0ef59a0cfcfd720cb47764b0ec5a952ce422b3?s=96&d=mm&r=g","caption":"La r\u00e9daction"},"sameAs":["https:\/\/stourm.news"],"url":"https:\/\/stourm.news\/?author=1"}]}},"_links":{"self":[{"href":"https:\/\/stourm.news\/index.php?rest_route=\/wp\/v2\/posts\/2917","targetHints":{"allow":["GET"]}}],"collection":[{"href":"https:\/\/stourm.news\/index.php?rest_route=\/wp\/v2\/posts"}],"about":[{"href":"https:\/\/stourm.news\/index.php?rest_route=\/wp\/v2\/types\/post"}],"author":[{"embeddable":true,"href":"https:\/\/stourm.news\/index.php?rest_route=\/wp\/v2\/users\/1"}],"replies":[{"embeddable":true,"href":"https:\/\/stourm.news\/index.php?rest_route=%2Fwp%2Fv2%2Fcomments&post=2917"}],"version-history":[{"count":1,"href":"https:\/\/stourm.news\/index.php?rest_route=\/wp\/v2\/posts\/2917\/revisions"}],"predecessor-version":[{"id":2919,"href":"https:\/\/stourm.news\/index.php?rest_route=\/wp\/v2\/posts\/2917\/revisions\/2919"}],"wp:featuredmedia":[{"embeddable":true,"href":"https:\/\/stourm.news\/index.php?rest_route=\/wp\/v2\/media\/2918"}],"wp:attachment":[{"href":"https:\/\/stourm.news\/index.php?rest_route=%2Fwp%2Fv2%2Fmedia&parent=2917"}],"wp:term":[{"taxonomy":"category","embeddable":true,"href":"https:\/\/stourm.news\/index.php?rest_route=%2Fwp%2Fv2%2Fcategories&post=2917"},{"taxonomy":"post_tag","embeddable":true,"href":"https:\/\/stourm.news\/index.php?rest_route=%2Fwp%2Fv2%2Ftags&post=2917"}],"curies":[{"name":"wp","href":"https:\/\/api.w.org\/{rel}","templated":true}]}}