{"id":2920,"date":"2024-11-30T06:46:19","date_gmt":"2024-11-30T06:46:19","guid":{"rendered":"https:\/\/stourm.news\/?p=2920"},"modified":"2024-11-30T06:46:19","modified_gmt":"2024-11-30T06:46:19","slug":"pays-rennais-le-projet-de-college-diwan-se-concretise-a-la-bouexiere","status":"publish","type":"post","link":"https:\/\/stourm.news\/?p=2920","title":{"rendered":"Pays rennais : le projet de coll\u00e8ge Diwan se concr\u00e9tise \u00e0 La Bou\u00ebxi\u00e8re"},"content":{"rendered":"<p style=\"text-align: justify;\">Une nouvelle \u00e9tape est franchie dans le projet de coll\u00e8ge Diwan \u00e0 La Bou\u00ebxi\u00e8re (Ille-et-Vilaine). Apr\u00e8s avoir trouv\u00e9 ses locaux dans l\u2019ancien coll\u00e8ge Rey-Leroux, l\u2019\u00e9tablissement, qui sera <strong>le premier en Ille-et-Vilaine<\/strong>, recrute d\u00e9sormais ses \u00e9l\u00e8ves. Une vingtaine d\u2019enfants est d\u00e9j\u00e0 pr\u00e9inscrite en 6e sur un objectif de 25. Ces jeunes bretonnants viennent principalement des cinq \u00e9coles primaires Diwan du d\u00e9partement, situ\u00e9es \u00e0 Dinan, Guipel, Foug\u00e8res et Rennes. \u00ab\u00a0Il y a une vraie demande sur le territoire, constate Soaz Plantec-Rousic\u00a0\u00bb.<\/p>\n<p>Source : <a href=\"https:\/\/www.ouest-france.fr\/bretagne\/la-bouexiere-35340\/le-projet-de-college-diwan-se-concretise-a-la-bouexiere-6393a5c4-ae36-11ef-bb0b-2fe80bd2ed0f\">Ouest-France<\/a><\/p>\n","protected":false},"excerpt":{"rendered":"<p>Une nouvelle \u00e9tape est franchie dans le projet de coll\u00e8ge Diwan \u00e0 La Bou\u00ebxi\u00e8re (Ille-et-Vilaine). Apr\u00e8s avoir trouv\u00e9 ses locaux dans l\u2019ancien coll\u00e8ge Rey-Leroux, l\u2019\u00e9tablissement, qui sera le premier en Ille-et-Vilaine, recrute d\u00e9sormais ses \u00e9l\u00e8ves. Une vingtaine d\u2019enfants est d\u00e9j\u00e0 pr\u00e9inscrite en 6e sur un objectif de 25. Ces jeunes bretonnants viennent principalement des cinq [&hellip;]<\/p>\n","protected":false},"author":1,"featured_media":2921,"comment_status":"open","ping_status":"open","sticky":false,"template":"","format":"standard","meta":{"sb_editor_width":"","footnotes":""},"categories":[58,65],"tags":[],"class_list":["post-2920","post","type-post","status-publish","format-standard","has-post-thumbnail","hentry","category-breizh","category-principale"],"relative_dates":{"created":"1 an ago","modified":"1 an ago"},"yoast_head":"<!-- This site is optimized with the Yoast SEO plugin v26.3 - https:\/\/yoast.com\/wordpress\/plugins\/seo\/ -->\n<title>Pays rennais : le projet de coll\u00e8ge Diwan se concr\u00e9tise \u00e0 La Bou\u00ebxi\u00e8re - STOURM<\/title>\n<meta name=\"robots\" content=\"index, follow, max-snippet:-1, max-image-preview:large, max-video-preview:-1\" \/>\n<link rel=\"canonical\" href=\"https:\/\/stourm.news\/?p=2920\" \/>\n<meta property=\"og:locale\" content=\"fr_FR\" \/>\n<meta property=\"og:type\" content=\"article\" \/>\n<meta property=\"og:title\" content=\"Pays rennais : le projet de coll\u00e8ge Diwan se concr\u00e9tise \u00e0 La Bou\u00ebxi\u00e8re - STOURM\" \/>\n<meta property=\"og:description\" content=\"Une nouvelle \u00e9tape est franchie dans le projet de coll\u00e8ge Diwan \u00e0 La Bou\u00ebxi\u00e8re (Ille-et-Vilaine). Apr\u00e8s avoir trouv\u00e9 ses locaux dans l\u2019ancien coll\u00e8ge Rey-Leroux, l\u2019\u00e9tablissement, qui sera le premier en Ille-et-Vilaine, recrute d\u00e9sormais ses \u00e9l\u00e8ves. Une vingtaine d\u2019enfants est d\u00e9j\u00e0 pr\u00e9inscrite en 6e sur un objectif de 25. Ces jeunes bretonnants viennent principalement des cinq [&hellip;]\" \/>\n<meta property=\"og:url\" content=\"https:\/\/stourm.news\/?p=2920\" \/>\n<meta property=\"og:site_name\" content=\"STOURM\" \/>\n<meta property=\"article:publisher\" content=\"https:\/\/www.facebook.com\/stourmnews\/\" \/>\n<meta property=\"article:published_time\" content=\"2024-11-30T06:46:19+00:00\" \/>\n<meta name=\"author\" content=\"La r\u00e9daction\" \/>\n<meta name=\"twitter:card\" content=\"summary_large_image\" \/>\n<meta name=\"twitter:label1\" content=\"\u00c9crit par\" \/>\n\t<meta name=\"twitter:data1\" content=\"La r\u00e9daction\" \/>\n\t<meta name=\"twitter:label2\" content=\"Dur\u00e9e de lecture estim\u00e9e\" \/>\n\t<meta name=\"twitter:data2\" content=\"1 minute\" \/>\n<script type=\"application\/ld+json\" class=\"yoast-schema-graph\">{\"@context\":\"https:\/\/schema.org\",\"@graph\":[{\"@type\":\"Article\",\"@id\":\"https:\/\/stourm.news\/?p=2920#article\",\"isPartOf\":{\"@id\":\"https:\/\/stourm.news\/?p=2920\"},\"author\":{\"name\":\"La r\u00e9daction\",\"@id\":\"https:\/\/stourm.news\/#\/schema\/person\/c3e1dc65988632e190969234ef046cf9\"},\"headline\":\"Pays rennais : le projet de coll\u00e8ge Diwan se concr\u00e9tise \u00e0 La Bou\u00ebxi\u00e8re\",\"datePublished\":\"2024-11-30T06:46:19+00:00\",\"mainEntityOfPage\":{\"@id\":\"https:\/\/stourm.news\/?p=2920\"},\"wordCount\":108,\"commentCount\":0,\"publisher\":{\"@id\":\"https:\/\/stourm.news\/#organization\"},\"image\":{\"@id\":\"https:\/\/stourm.news\/?p=2920#primaryimage\"},\"thumbnailUrl\":\"https:\/\/stourm.news\/wp-content\/uploads\/2024\/11\/MjAyNDExZTE2YzI3NTgzMjBjYjBjNzQ3NzNiYTMwODU0YTBhMjY.avif\",\"articleSection\":[\"Breizh\",\"Principale\"],\"inLanguage\":\"fr-FR\",\"potentialAction\":[{\"@type\":\"CommentAction\",\"name\":\"Comment\",\"target\":[\"https:\/\/stourm.news\/?p=2920#respond\"]}]},{\"@type\":\"WebPage\",\"@id\":\"https:\/\/stourm.news\/?p=2920\",\"url\":\"https:\/\/stourm.news\/?p=2920\",\"name\":\"Pays rennais : le projet de coll\u00e8ge Diwan se concr\u00e9tise \u00e0 La Bou\u00ebxi\u00e8re - STOURM\",\"isPartOf\":{\"@id\":\"https:\/\/stourm.news\/#website\"},\"primaryImageOfPage\":{\"@id\":\"https:\/\/stourm.news\/?p=2920#primaryimage\"},\"image\":{\"@id\":\"https:\/\/stourm.news\/?p=2920#primaryimage\"},\"thumbnailUrl\":\"https:\/\/stourm.news\/wp-content\/uploads\/2024\/11\/MjAyNDExZTE2YzI3NTgzMjBjYjBjNzQ3NzNiYTMwODU0YTBhMjY.avif\",\"datePublished\":\"2024-11-30T06:46:19+00:00\",\"breadcrumb\":{\"@id\":\"https:\/\/stourm.news\/?p=2920#breadcrumb\"},\"inLanguage\":\"fr-FR\",\"potentialAction\":[{\"@type\":\"ReadAction\",\"target\":[\"https:\/\/stourm.news\/?p=2920\"]}]},{\"@type\":\"ImageObject\",\"inLanguage\":\"fr-FR\",\"@id\":\"https:\/\/stourm.news\/?p=2920#primaryimage\",\"url\":\"https:\/\/stourm.news\/wp-content\/uploads\/2024\/11\/MjAyNDExZTE2YzI3NTgzMjBjYjBjNzQ3NzNiYTMwODU0YTBhMjY.avif\",\"contentUrl\":\"https:\/\/stourm.news\/wp-content\/uploads\/2024\/11\/MjAyNDExZTE2YzI3NTgzMjBjYjBjNzQ3NzNiYTMwODU0YTBhMjY.avif\",\"width\":1260,\"height\":708},{\"@type\":\"BreadcrumbList\",\"@id\":\"https:\/\/stourm.news\/?p=2920#breadcrumb\",\"itemListElement\":[{\"@type\":\"ListItem\",\"position\":1,\"name\":\"Accueil\",\"item\":\"https:\/\/stourm.news\/\"},{\"@type\":\"ListItem\",\"position\":2,\"name\":\"Pays rennais : le projet de coll\u00e8ge Diwan se concr\u00e9tise \u00e0 La Bou\u00ebxi\u00e8re\"}]},{\"@type\":\"WebSite\",\"@id\":\"https:\/\/stourm.news\/#website\",\"url\":\"https:\/\/stourm.news\/\",\"name\":\"Stourm\",\"description\":\"Kazetenn Strollad Broadel Breizh\",\"publisher\":{\"@id\":\"https:\/\/stourm.news\/#organization\"},\"potentialAction\":[{\"@type\":\"SearchAction\",\"target\":{\"@type\":\"EntryPoint\",\"urlTemplate\":\"https:\/\/stourm.news\/?s={search_term_string}\"},\"query-input\":{\"@type\":\"PropertyValueSpecification\",\"valueRequired\":true,\"valueName\":\"search_term_string\"}}],\"inLanguage\":\"fr-FR\"},{\"@type\":\"Organization\",\"@id\":\"https:\/\/stourm.news\/#organization\",\"name\":\"Stourm\",\"url\":\"https:\/\/stourm.news\/\",\"logo\":{\"@type\":\"ImageObject\",\"inLanguage\":\"fr-FR\",\"@id\":\"https:\/\/stourm.news\/#\/schema\/logo\/image\/\",\"url\":\"https:\/\/stourm.news\/wp-content\/uploads\/2025\/11\/cropped-Capture-decran-2025-11-28-a-15.19.07.png\",\"contentUrl\":\"https:\/\/stourm.news\/wp-content\/uploads\/2025\/11\/cropped-Capture-decran-2025-11-28-a-15.19.07.png\",\"width\":1855,\"height\":383,\"caption\":\"Stourm\"},\"image\":{\"@id\":\"https:\/\/stourm.news\/#\/schema\/logo\/image\/\"},\"sameAs\":[\"https:\/\/www.facebook.com\/stourmnews\/\"]},{\"@type\":\"Person\",\"@id\":\"https:\/\/stourm.news\/#\/schema\/person\/c3e1dc65988632e190969234ef046cf9\",\"name\":\"La r\u00e9daction\",\"image\":{\"@type\":\"ImageObject\",\"inLanguage\":\"fr-FR\",\"@id\":\"https:\/\/stourm.news\/#\/schema\/person\/image\/\",\"url\":\"https:\/\/secure.gravatar.com\/avatar\/7463443f194b6b5fb706b074ca0ef59a0cfcfd720cb47764b0ec5a952ce422b3?s=96&d=mm&r=g\",\"contentUrl\":\"https:\/\/secure.gravatar.com\/avatar\/7463443f194b6b5fb706b074ca0ef59a0cfcfd720cb47764b0ec5a952ce422b3?s=96&d=mm&r=g\",\"caption\":\"La r\u00e9daction\"},\"sameAs\":[\"https:\/\/stourm.news\"],\"url\":\"https:\/\/stourm.news\/?author=1\"}]}<\/script>\n<!-- \/ Yoast SEO plugin. -->","yoast_head_json":{"title":"Pays rennais : le projet de coll\u00e8ge Diwan se concr\u00e9tise \u00e0 La Bou\u00ebxi\u00e8re - STOURM","robots":{"index":"index","follow":"follow","max-snippet":"max-snippet:-1","max-image-preview":"max-image-preview:large","max-video-preview":"max-video-preview:-1"},"canonical":"https:\/\/stourm.news\/?p=2920","og_locale":"fr_FR","og_type":"article","og_title":"Pays rennais : le projet de coll\u00e8ge Diwan se concr\u00e9tise \u00e0 La Bou\u00ebxi\u00e8re - STOURM","og_description":"Une nouvelle \u00e9tape est franchie dans le projet de coll\u00e8ge Diwan \u00e0 La Bou\u00ebxi\u00e8re (Ille-et-Vilaine). Apr\u00e8s avoir trouv\u00e9 ses locaux dans l\u2019ancien coll\u00e8ge Rey-Leroux, l\u2019\u00e9tablissement, qui sera le premier en Ille-et-Vilaine, recrute d\u00e9sormais ses \u00e9l\u00e8ves. Une vingtaine d\u2019enfants est d\u00e9j\u00e0 pr\u00e9inscrite en 6e sur un objectif de 25. Ces jeunes bretonnants viennent principalement des cinq [&hellip;]","og_url":"https:\/\/stourm.news\/?p=2920","og_site_name":"STOURM","article_publisher":"https:\/\/www.facebook.com\/stourmnews\/","article_published_time":"2024-11-30T06:46:19+00:00","author":"La r\u00e9daction","twitter_card":"summary_large_image","twitter_misc":{"\u00c9crit par":"La r\u00e9daction","Dur\u00e9e de lecture estim\u00e9e":"1 minute"},"schema":{"@context":"https:\/\/schema.org","@graph":[{"@type":"Article","@id":"https:\/\/stourm.news\/?p=2920#article","isPartOf":{"@id":"https:\/\/stourm.news\/?p=2920"},"author":{"name":"La r\u00e9daction","@id":"https:\/\/stourm.news\/#\/schema\/person\/c3e1dc65988632e190969234ef046cf9"},"headline":"Pays rennais : le projet de coll\u00e8ge Diwan se concr\u00e9tise \u00e0 La Bou\u00ebxi\u00e8re","datePublished":"2024-11-30T06:46:19+00:00","mainEntityOfPage":{"@id":"https:\/\/stourm.news\/?p=2920"},"wordCount":108,"commentCount":0,"publisher":{"@id":"https:\/\/stourm.news\/#organization"},"image":{"@id":"https:\/\/stourm.news\/?p=2920#primaryimage"},"thumbnailUrl":"https:\/\/stourm.news\/wp-content\/uploads\/2024\/11\/MjAyNDExZTE2YzI3NTgzMjBjYjBjNzQ3NzNiYTMwODU0YTBhMjY.avif","articleSection":["Breizh","Principale"],"inLanguage":"fr-FR","potentialAction":[{"@type":"CommentAction","name":"Comment","target":["https:\/\/stourm.news\/?p=2920#respond"]}]},{"@type":"WebPage","@id":"https:\/\/stourm.news\/?p=2920","url":"https:\/\/stourm.news\/?p=2920","name":"Pays rennais : le projet de coll\u00e8ge Diwan se concr\u00e9tise \u00e0 La Bou\u00ebxi\u00e8re - STOURM","isPartOf":{"@id":"https:\/\/stourm.news\/#website"},"primaryImageOfPage":{"@id":"https:\/\/stourm.news\/?p=2920#primaryimage"},"image":{"@id":"https:\/\/stourm.news\/?p=2920#primaryimage"},"thumbnailUrl":"https:\/\/stourm.news\/wp-content\/uploads\/2024\/11\/MjAyNDExZTE2YzI3NTgzMjBjYjBjNzQ3NzNiYTMwODU0YTBhMjY.avif","datePublished":"2024-11-30T06:46:19+00:00","breadcrumb":{"@id":"https:\/\/stourm.news\/?p=2920#breadcrumb"},"inLanguage":"fr-FR","potentialAction":[{"@type":"ReadAction","target":["https:\/\/stourm.news\/?p=2920"]}]},{"@type":"ImageObject","inLanguage":"fr-FR","@id":"https:\/\/stourm.news\/?p=2920#primaryimage","url":"https:\/\/stourm.news\/wp-content\/uploads\/2024\/11\/MjAyNDExZTE2YzI3NTgzMjBjYjBjNzQ3NzNiYTMwODU0YTBhMjY.avif","contentUrl":"https:\/\/stourm.news\/wp-content\/uploads\/2024\/11\/MjAyNDExZTE2YzI3NTgzMjBjYjBjNzQ3NzNiYTMwODU0YTBhMjY.avif","width":1260,"height":708},{"@type":"BreadcrumbList","@id":"https:\/\/stourm.news\/?p=2920#breadcrumb","itemListElement":[{"@type":"ListItem","position":1,"name":"Accueil","item":"https:\/\/stourm.news\/"},{"@type":"ListItem","position":2,"name":"Pays rennais : le projet de coll\u00e8ge Diwan se concr\u00e9tise \u00e0 La Bou\u00ebxi\u00e8re"}]},{"@type":"WebSite","@id":"https:\/\/stourm.news\/#website","url":"https:\/\/stourm.news\/","name":"Stourm","description":"Kazetenn Strollad Broadel Breizh","publisher":{"@id":"https:\/\/stourm.news\/#organization"},"potentialAction":[{"@type":"SearchAction","target":{"@type":"EntryPoint","urlTemplate":"https:\/\/stourm.news\/?s={search_term_string}"},"query-input":{"@type":"PropertyValueSpecification","valueRequired":true,"valueName":"search_term_string"}}],"inLanguage":"fr-FR"},{"@type":"Organization","@id":"https:\/\/stourm.news\/#organization","name":"Stourm","url":"https:\/\/stourm.news\/","logo":{"@type":"ImageObject","inLanguage":"fr-FR","@id":"https:\/\/stourm.news\/#\/schema\/logo\/image\/","url":"https:\/\/stourm.news\/wp-content\/uploads\/2025\/11\/cropped-Capture-decran-2025-11-28-a-15.19.07.png","contentUrl":"https:\/\/stourm.news\/wp-content\/uploads\/2025\/11\/cropped-Capture-decran-2025-11-28-a-15.19.07.png","width":1855,"height":383,"caption":"Stourm"},"image":{"@id":"https:\/\/stourm.news\/#\/schema\/logo\/image\/"},"sameAs":["https:\/\/www.facebook.com\/stourmnews\/"]},{"@type":"Person","@id":"https:\/\/stourm.news\/#\/schema\/person\/c3e1dc65988632e190969234ef046cf9","name":"La r\u00e9daction","image":{"@type":"ImageObject","inLanguage":"fr-FR","@id":"https:\/\/stourm.news\/#\/schema\/person\/image\/","url":"https:\/\/secure.gravatar.com\/avatar\/7463443f194b6b5fb706b074ca0ef59a0cfcfd720cb47764b0ec5a952ce422b3?s=96&d=mm&r=g","contentUrl":"https:\/\/secure.gravatar.com\/avatar\/7463443f194b6b5fb706b074ca0ef59a0cfcfd720cb47764b0ec5a952ce422b3?s=96&d=mm&r=g","caption":"La r\u00e9daction"},"sameAs":["https:\/\/stourm.news"],"url":"https:\/\/stourm.news\/?author=1"}]}},"_links":{"self":[{"href":"https:\/\/stourm.news\/index.php?rest_route=\/wp\/v2\/posts\/2920","targetHints":{"allow":["GET"]}}],"collection":[{"href":"https:\/\/stourm.news\/index.php?rest_route=\/wp\/v2\/posts"}],"about":[{"href":"https:\/\/stourm.news\/index.php?rest_route=\/wp\/v2\/types\/post"}],"author":[{"embeddable":true,"href":"https:\/\/stourm.news\/index.php?rest_route=\/wp\/v2\/users\/1"}],"replies":[{"embeddable":true,"href":"https:\/\/stourm.news\/index.php?rest_route=%2Fwp%2Fv2%2Fcomments&post=2920"}],"version-history":[{"count":1,"href":"https:\/\/stourm.news\/index.php?rest_route=\/wp\/v2\/posts\/2920\/revisions"}],"predecessor-version":[{"id":2922,"href":"https:\/\/stourm.news\/index.php?rest_route=\/wp\/v2\/posts\/2920\/revisions\/2922"}],"wp:featuredmedia":[{"embeddable":true,"href":"https:\/\/stourm.news\/index.php?rest_route=\/wp\/v2\/media\/2921"}],"wp:attachment":[{"href":"https:\/\/stourm.news\/index.php?rest_route=%2Fwp%2Fv2%2Fmedia&parent=2920"}],"wp:term":[{"taxonomy":"category","embeddable":true,"href":"https:\/\/stourm.news\/index.php?rest_route=%2Fwp%2Fv2%2Fcategories&post=2920"},{"taxonomy":"post_tag","embeddable":true,"href":"https:\/\/stourm.news\/index.php?rest_route=%2Fwp%2Fv2%2Ftags&post=2920"}],"curies":[{"name":"wp","href":"https:\/\/api.w.org\/{rel}","templated":true}]}}