{"id":2935,"date":"2024-12-04T12:34:02","date_gmt":"2024-12-04T12:34:02","guid":{"rendered":"https:\/\/stourm.news\/?p=2935"},"modified":"2024-12-04T12:34:17","modified_gmt":"2024-12-04T12:34:17","slug":"lannion-deux-voitures-incendiees-dans-le-quartier-de-ker-uhel","status":"publish","type":"post","link":"https:\/\/stourm.news\/?p=2935","title":{"rendered":"Lannion : deux voitures incendi\u00e9es dans le quartier multiculturel de Ker-Uhel"},"content":{"rendered":"<p style=\"text-align: justify;\">Il ne reste plus rien, ou presque, de l\u2019un des <strong>deux v\u00e9hicules incendi\u00e9s<\/strong> dans le quartier de Ker-Uhel \u00e0 Lannion. Les faits se sont d\u00e9roul\u00e9s dans la nuit du lundi 2 au mardi 3 d\u00e9cembre 2024. Comme l\u2019indiquent nos confr\u00e8res du Tr\u00e9gor, le feu s\u2019est d\u00e9clench\u00e9 aux alentours d\u20191 h 45. Il s\u2019est ensuite rapidement propag\u00e9 sur la voiture stationn\u00e9e \u00e0 c\u00f4t\u00e9.<\/p>\n<p style=\"text-align: justify;\">Source : <a href=\"https:\/\/www.letelegramme.fr\/cotes-d-armor\/lannion-22300\/lannion-deux-voitures-incendiees-dans-le-quartier-de-ker-uhel-6716398.php\">Le T\u00e9l\u00e9gramme<\/a><\/p>\n","protected":false},"excerpt":{"rendered":"<p>Il ne reste plus rien, ou presque, de l\u2019un des deux v\u00e9hicules incendi\u00e9s dans le quartier de Ker-Uhel \u00e0 Lannion. Les faits se sont d\u00e9roul\u00e9s dans la nuit du lundi 2 au mardi 3 d\u00e9cembre 2024. Comme l\u2019indiquent nos confr\u00e8res du Tr\u00e9gor, le feu s\u2019est d\u00e9clench\u00e9 aux alentours d\u20191 h 45. Il s\u2019est ensuite rapidement [&hellip;]<\/p>\n","protected":false},"author":1,"featured_media":2937,"comment_status":"open","ping_status":"open","sticky":false,"template":"","format":"standard","meta":{"sb_editor_width":"","footnotes":""},"categories":[39,52,62],"tags":[],"class_list":["post-2935","post","type-post","status-publish","format-standard","has-post-thumbnail","hentry","category-cotes-darmor","category-faits-divers","category-revue-de-presse"],"relative_dates":{"created":"1 an ago","modified":"1 an ago"},"yoast_head":"<!-- This site is optimized with the Yoast SEO plugin v26.3 - https:\/\/yoast.com\/wordpress\/plugins\/seo\/ -->\n<title>Lannion : deux voitures incendi\u00e9es dans le quartier multiculturel de Ker-Uhel - STOURM<\/title>\n<meta name=\"robots\" content=\"index, follow, max-snippet:-1, max-image-preview:large, max-video-preview:-1\" \/>\n<link rel=\"canonical\" href=\"https:\/\/stourm.news\/?p=2935\" \/>\n<meta property=\"og:locale\" content=\"fr_FR\" \/>\n<meta property=\"og:type\" content=\"article\" \/>\n<meta property=\"og:title\" content=\"Lannion : deux voitures incendi\u00e9es dans le quartier multiculturel de Ker-Uhel - STOURM\" \/>\n<meta property=\"og:description\" content=\"Il ne reste plus rien, ou presque, de l\u2019un des deux v\u00e9hicules incendi\u00e9s dans le quartier de Ker-Uhel \u00e0 Lannion. Les faits se sont d\u00e9roul\u00e9s dans la nuit du lundi 2 au mardi 3 d\u00e9cembre 2024. Comme l\u2019indiquent nos confr\u00e8res du Tr\u00e9gor, le feu s\u2019est d\u00e9clench\u00e9 aux alentours d\u20191 h 45. Il s\u2019est ensuite rapidement [&hellip;]\" \/>\n<meta property=\"og:url\" content=\"https:\/\/stourm.news\/?p=2935\" \/>\n<meta property=\"og:site_name\" content=\"STOURM\" \/>\n<meta property=\"article:publisher\" content=\"https:\/\/www.facebook.com\/stourmnews\/\" \/>\n<meta property=\"article:published_time\" content=\"2024-12-04T12:34:02+00:00\" \/>\n<meta property=\"article:modified_time\" content=\"2024-12-04T12:34:17+00:00\" \/>\n<meta property=\"og:image\" content=\"https:\/\/stourm.news\/wp-content\/uploads\/2024\/12\/Capture-decran-2024-12-04-a-21.32.56-1024x646.png\" \/>\n\t<meta property=\"og:image:width\" content=\"1024\" \/>\n\t<meta property=\"og:image:height\" content=\"646\" \/>\n\t<meta property=\"og:image:type\" content=\"image\/png\" \/>\n<meta name=\"author\" content=\"La r\u00e9daction\" \/>\n<meta name=\"twitter:card\" content=\"summary_large_image\" \/>\n<meta name=\"twitter:label1\" content=\"\u00c9crit par\" \/>\n\t<meta name=\"twitter:data1\" content=\"La r\u00e9daction\" \/>\n\t<meta name=\"twitter:label2\" content=\"Dur\u00e9e de lecture estim\u00e9e\" \/>\n\t<meta name=\"twitter:data2\" content=\"1 minute\" \/>\n<script type=\"application\/ld+json\" class=\"yoast-schema-graph\">{\"@context\":\"https:\/\/schema.org\",\"@graph\":[{\"@type\":\"Article\",\"@id\":\"https:\/\/stourm.news\/?p=2935#article\",\"isPartOf\":{\"@id\":\"https:\/\/stourm.news\/?p=2935\"},\"author\":{\"name\":\"La r\u00e9daction\",\"@id\":\"https:\/\/stourm.news\/#\/schema\/person\/c3e1dc65988632e190969234ef046cf9\"},\"headline\":\"Lannion : deux voitures incendi\u00e9es dans le quartier multiculturel de Ker-Uhel\",\"datePublished\":\"2024-12-04T12:34:02+00:00\",\"dateModified\":\"2024-12-04T12:34:17+00:00\",\"mainEntityOfPage\":{\"@id\":\"https:\/\/stourm.news\/?p=2935\"},\"wordCount\":86,\"commentCount\":0,\"publisher\":{\"@id\":\"https:\/\/stourm.news\/#organization\"},\"image\":{\"@id\":\"https:\/\/stourm.news\/?p=2935#primaryimage\"},\"thumbnailUrl\":\"https:\/\/stourm.news\/wp-content\/uploads\/2024\/12\/Capture-decran-2024-12-04-a-21.32.56.png\",\"articleSection\":[\"C\u00f4tes d'Armor\",\"Faits divers\",\"Revue de presse\"],\"inLanguage\":\"fr-FR\",\"potentialAction\":[{\"@type\":\"CommentAction\",\"name\":\"Comment\",\"target\":[\"https:\/\/stourm.news\/?p=2935#respond\"]}]},{\"@type\":\"WebPage\",\"@id\":\"https:\/\/stourm.news\/?p=2935\",\"url\":\"https:\/\/stourm.news\/?p=2935\",\"name\":\"Lannion : deux voitures incendi\u00e9es dans le quartier multiculturel de Ker-Uhel - STOURM\",\"isPartOf\":{\"@id\":\"https:\/\/stourm.news\/#website\"},\"primaryImageOfPage\":{\"@id\":\"https:\/\/stourm.news\/?p=2935#primaryimage\"},\"image\":{\"@id\":\"https:\/\/stourm.news\/?p=2935#primaryimage\"},\"thumbnailUrl\":\"https:\/\/stourm.news\/wp-content\/uploads\/2024\/12\/Capture-decran-2024-12-04-a-21.32.56.png\",\"datePublished\":\"2024-12-04T12:34:02+00:00\",\"dateModified\":\"2024-12-04T12:34:17+00:00\",\"breadcrumb\":{\"@id\":\"https:\/\/stourm.news\/?p=2935#breadcrumb\"},\"inLanguage\":\"fr-FR\",\"potentialAction\":[{\"@type\":\"ReadAction\",\"target\":[\"https:\/\/stourm.news\/?p=2935\"]}]},{\"@type\":\"ImageObject\",\"inLanguage\":\"fr-FR\",\"@id\":\"https:\/\/stourm.news\/?p=2935#primaryimage\",\"url\":\"https:\/\/stourm.news\/wp-content\/uploads\/2024\/12\/Capture-decran-2024-12-04-a-21.32.56.png\",\"contentUrl\":\"https:\/\/stourm.news\/wp-content\/uploads\/2024\/12\/Capture-decran-2024-12-04-a-21.32.56.png\",\"width\":1296,\"height\":818},{\"@type\":\"BreadcrumbList\",\"@id\":\"https:\/\/stourm.news\/?p=2935#breadcrumb\",\"itemListElement\":[{\"@type\":\"ListItem\",\"position\":1,\"name\":\"Accueil\",\"item\":\"https:\/\/stourm.news\/\"},{\"@type\":\"ListItem\",\"position\":2,\"name\":\"Lannion : deux voitures incendi\u00e9es dans le quartier multiculturel de Ker-Uhel\"}]},{\"@type\":\"WebSite\",\"@id\":\"https:\/\/stourm.news\/#website\",\"url\":\"https:\/\/stourm.news\/\",\"name\":\"Stourm\",\"description\":\"Kazetenn Strollad Broadel Breizh\",\"publisher\":{\"@id\":\"https:\/\/stourm.news\/#organization\"},\"potentialAction\":[{\"@type\":\"SearchAction\",\"target\":{\"@type\":\"EntryPoint\",\"urlTemplate\":\"https:\/\/stourm.news\/?s={search_term_string}\"},\"query-input\":{\"@type\":\"PropertyValueSpecification\",\"valueRequired\":true,\"valueName\":\"search_term_string\"}}],\"inLanguage\":\"fr-FR\"},{\"@type\":\"Organization\",\"@id\":\"https:\/\/stourm.news\/#organization\",\"name\":\"Stourm\",\"url\":\"https:\/\/stourm.news\/\",\"logo\":{\"@type\":\"ImageObject\",\"inLanguage\":\"fr-FR\",\"@id\":\"https:\/\/stourm.news\/#\/schema\/logo\/image\/\",\"url\":\"https:\/\/stourm.news\/wp-content\/uploads\/2025\/11\/cropped-Capture-decran-2025-11-28-a-15.19.07.png\",\"contentUrl\":\"https:\/\/stourm.news\/wp-content\/uploads\/2025\/11\/cropped-Capture-decran-2025-11-28-a-15.19.07.png\",\"width\":1855,\"height\":383,\"caption\":\"Stourm\"},\"image\":{\"@id\":\"https:\/\/stourm.news\/#\/schema\/logo\/image\/\"},\"sameAs\":[\"https:\/\/www.facebook.com\/stourmnews\/\"]},{\"@type\":\"Person\",\"@id\":\"https:\/\/stourm.news\/#\/schema\/person\/c3e1dc65988632e190969234ef046cf9\",\"name\":\"La r\u00e9daction\",\"image\":{\"@type\":\"ImageObject\",\"inLanguage\":\"fr-FR\",\"@id\":\"https:\/\/stourm.news\/#\/schema\/person\/image\/\",\"url\":\"https:\/\/secure.gravatar.com\/avatar\/7463443f194b6b5fb706b074ca0ef59a0cfcfd720cb47764b0ec5a952ce422b3?s=96&d=mm&r=g\",\"contentUrl\":\"https:\/\/secure.gravatar.com\/avatar\/7463443f194b6b5fb706b074ca0ef59a0cfcfd720cb47764b0ec5a952ce422b3?s=96&d=mm&r=g\",\"caption\":\"La r\u00e9daction\"},\"sameAs\":[\"https:\/\/stourm.news\"],\"url\":\"https:\/\/stourm.news\/?author=1\"}]}<\/script>\n<!-- \/ Yoast SEO plugin. -->","yoast_head_json":{"title":"Lannion : deux voitures incendi\u00e9es dans le quartier multiculturel de Ker-Uhel - STOURM","robots":{"index":"index","follow":"follow","max-snippet":"max-snippet:-1","max-image-preview":"max-image-preview:large","max-video-preview":"max-video-preview:-1"},"canonical":"https:\/\/stourm.news\/?p=2935","og_locale":"fr_FR","og_type":"article","og_title":"Lannion : deux voitures incendi\u00e9es dans le quartier multiculturel de Ker-Uhel - STOURM","og_description":"Il ne reste plus rien, ou presque, de l\u2019un des deux v\u00e9hicules incendi\u00e9s dans le quartier de Ker-Uhel \u00e0 Lannion. Les faits se sont d\u00e9roul\u00e9s dans la nuit du lundi 2 au mardi 3 d\u00e9cembre 2024. Comme l\u2019indiquent nos confr\u00e8res du Tr\u00e9gor, le feu s\u2019est d\u00e9clench\u00e9 aux alentours d\u20191 h 45. Il s\u2019est ensuite rapidement [&hellip;]","og_url":"https:\/\/stourm.news\/?p=2935","og_site_name":"STOURM","article_publisher":"https:\/\/www.facebook.com\/stourmnews\/","article_published_time":"2024-12-04T12:34:02+00:00","article_modified_time":"2024-12-04T12:34:17+00:00","og_image":[{"width":1024,"height":646,"url":"https:\/\/stourm.news\/wp-content\/uploads\/2024\/12\/Capture-decran-2024-12-04-a-21.32.56-1024x646.png","type":"image\/png"}],"author":"La r\u00e9daction","twitter_card":"summary_large_image","twitter_misc":{"\u00c9crit par":"La r\u00e9daction","Dur\u00e9e de lecture estim\u00e9e":"1 minute"},"schema":{"@context":"https:\/\/schema.org","@graph":[{"@type":"Article","@id":"https:\/\/stourm.news\/?p=2935#article","isPartOf":{"@id":"https:\/\/stourm.news\/?p=2935"},"author":{"name":"La r\u00e9daction","@id":"https:\/\/stourm.news\/#\/schema\/person\/c3e1dc65988632e190969234ef046cf9"},"headline":"Lannion : deux voitures incendi\u00e9es dans le quartier multiculturel de Ker-Uhel","datePublished":"2024-12-04T12:34:02+00:00","dateModified":"2024-12-04T12:34:17+00:00","mainEntityOfPage":{"@id":"https:\/\/stourm.news\/?p=2935"},"wordCount":86,"commentCount":0,"publisher":{"@id":"https:\/\/stourm.news\/#organization"},"image":{"@id":"https:\/\/stourm.news\/?p=2935#primaryimage"},"thumbnailUrl":"https:\/\/stourm.news\/wp-content\/uploads\/2024\/12\/Capture-decran-2024-12-04-a-21.32.56.png","articleSection":["C\u00f4tes d'Armor","Faits divers","Revue de presse"],"inLanguage":"fr-FR","potentialAction":[{"@type":"CommentAction","name":"Comment","target":["https:\/\/stourm.news\/?p=2935#respond"]}]},{"@type":"WebPage","@id":"https:\/\/stourm.news\/?p=2935","url":"https:\/\/stourm.news\/?p=2935","name":"Lannion : deux voitures incendi\u00e9es dans le quartier multiculturel de Ker-Uhel - STOURM","isPartOf":{"@id":"https:\/\/stourm.news\/#website"},"primaryImageOfPage":{"@id":"https:\/\/stourm.news\/?p=2935#primaryimage"},"image":{"@id":"https:\/\/stourm.news\/?p=2935#primaryimage"},"thumbnailUrl":"https:\/\/stourm.news\/wp-content\/uploads\/2024\/12\/Capture-decran-2024-12-04-a-21.32.56.png","datePublished":"2024-12-04T12:34:02+00:00","dateModified":"2024-12-04T12:34:17+00:00","breadcrumb":{"@id":"https:\/\/stourm.news\/?p=2935#breadcrumb"},"inLanguage":"fr-FR","potentialAction":[{"@type":"ReadAction","target":["https:\/\/stourm.news\/?p=2935"]}]},{"@type":"ImageObject","inLanguage":"fr-FR","@id":"https:\/\/stourm.news\/?p=2935#primaryimage","url":"https:\/\/stourm.news\/wp-content\/uploads\/2024\/12\/Capture-decran-2024-12-04-a-21.32.56.png","contentUrl":"https:\/\/stourm.news\/wp-content\/uploads\/2024\/12\/Capture-decran-2024-12-04-a-21.32.56.png","width":1296,"height":818},{"@type":"BreadcrumbList","@id":"https:\/\/stourm.news\/?p=2935#breadcrumb","itemListElement":[{"@type":"ListItem","position":1,"name":"Accueil","item":"https:\/\/stourm.news\/"},{"@type":"ListItem","position":2,"name":"Lannion : deux voitures incendi\u00e9es dans le quartier multiculturel de Ker-Uhel"}]},{"@type":"WebSite","@id":"https:\/\/stourm.news\/#website","url":"https:\/\/stourm.news\/","name":"Stourm","description":"Kazetenn Strollad Broadel Breizh","publisher":{"@id":"https:\/\/stourm.news\/#organization"},"potentialAction":[{"@type":"SearchAction","target":{"@type":"EntryPoint","urlTemplate":"https:\/\/stourm.news\/?s={search_term_string}"},"query-input":{"@type":"PropertyValueSpecification","valueRequired":true,"valueName":"search_term_string"}}],"inLanguage":"fr-FR"},{"@type":"Organization","@id":"https:\/\/stourm.news\/#organization","name":"Stourm","url":"https:\/\/stourm.news\/","logo":{"@type":"ImageObject","inLanguage":"fr-FR","@id":"https:\/\/stourm.news\/#\/schema\/logo\/image\/","url":"https:\/\/stourm.news\/wp-content\/uploads\/2025\/11\/cropped-Capture-decran-2025-11-28-a-15.19.07.png","contentUrl":"https:\/\/stourm.news\/wp-content\/uploads\/2025\/11\/cropped-Capture-decran-2025-11-28-a-15.19.07.png","width":1855,"height":383,"caption":"Stourm"},"image":{"@id":"https:\/\/stourm.news\/#\/schema\/logo\/image\/"},"sameAs":["https:\/\/www.facebook.com\/stourmnews\/"]},{"@type":"Person","@id":"https:\/\/stourm.news\/#\/schema\/person\/c3e1dc65988632e190969234ef046cf9","name":"La r\u00e9daction","image":{"@type":"ImageObject","inLanguage":"fr-FR","@id":"https:\/\/stourm.news\/#\/schema\/person\/image\/","url":"https:\/\/secure.gravatar.com\/avatar\/7463443f194b6b5fb706b074ca0ef59a0cfcfd720cb47764b0ec5a952ce422b3?s=96&d=mm&r=g","contentUrl":"https:\/\/secure.gravatar.com\/avatar\/7463443f194b6b5fb706b074ca0ef59a0cfcfd720cb47764b0ec5a952ce422b3?s=96&d=mm&r=g","caption":"La r\u00e9daction"},"sameAs":["https:\/\/stourm.news"],"url":"https:\/\/stourm.news\/?author=1"}]}},"_links":{"self":[{"href":"https:\/\/stourm.news\/index.php?rest_route=\/wp\/v2\/posts\/2935","targetHints":{"allow":["GET"]}}],"collection":[{"href":"https:\/\/stourm.news\/index.php?rest_route=\/wp\/v2\/posts"}],"about":[{"href":"https:\/\/stourm.news\/index.php?rest_route=\/wp\/v2\/types\/post"}],"author":[{"embeddable":true,"href":"https:\/\/stourm.news\/index.php?rest_route=\/wp\/v2\/users\/1"}],"replies":[{"embeddable":true,"href":"https:\/\/stourm.news\/index.php?rest_route=%2Fwp%2Fv2%2Fcomments&post=2935"}],"version-history":[{"count":2,"href":"https:\/\/stourm.news\/index.php?rest_route=\/wp\/v2\/posts\/2935\/revisions"}],"predecessor-version":[{"id":2939,"href":"https:\/\/stourm.news\/index.php?rest_route=\/wp\/v2\/posts\/2935\/revisions\/2939"}],"wp:featuredmedia":[{"embeddable":true,"href":"https:\/\/stourm.news\/index.php?rest_route=\/wp\/v2\/media\/2937"}],"wp:attachment":[{"href":"https:\/\/stourm.news\/index.php?rest_route=%2Fwp%2Fv2%2Fmedia&parent=2935"}],"wp:term":[{"taxonomy":"category","embeddable":true,"href":"https:\/\/stourm.news\/index.php?rest_route=%2Fwp%2Fv2%2Fcategories&post=2935"},{"taxonomy":"post_tag","embeddable":true,"href":"https:\/\/stourm.news\/index.php?rest_route=%2Fwp%2Fv2%2Ftags&post=2935"}],"curies":[{"name":"wp","href":"https:\/\/api.w.org\/{rel}","templated":true}]}}