{"id":2945,"date":"2024-12-04T17:04:40","date_gmt":"2024-12-04T17:04:40","guid":{"rendered":"https:\/\/stourm.news\/?p=2945"},"modified":"2024-12-04T17:04:40","modified_gmt":"2024-12-04T17:04:40","slug":"a-la-prison-de-rennes-il-met-le-feu-a-sa-cellule-son-nouveau-televiseur-narrivait-pas-assez-vite","status":"publish","type":"post","link":"https:\/\/stourm.news\/?p=2945","title":{"rendered":"\u00c0 la prison de Rennes, il met le feu \u00e0 sa cellule : \u00ab\u00a0Son nouveau t\u00e9l\u00e9viseur n&rsquo;arrivait pas assez vite\u00a0\u00bb"},"content":{"rendered":"<p style=\"text-align: justify;\">Les faits se sont produits lundi 2 d\u00e9cembre. Un homme <strong>a mis le feu \u00e0 sa cellule<\/strong> \u00e0 la prison de Rennes, situ\u00e9 dans la zone route de Lorient, sur la commune de Vezin-Le-Coquet, \u00e0 l\u2019ouest de la capitale bretonne, indique \u00e0 actu Rennes Florian Adam, d\u00e9l\u00e9gu\u00e9 syndical Force Ouvri\u00e8re, confirmant Ouest-France.<\/p>\n<p style=\"text-align: justify;\">La veille de l\u2019incendie, <strong>il avait volontairement cass\u00e9 sa t\u00e9l\u00e9vision<\/strong>. \u00ab C\u2019est un d\u00e9tenu compliqu\u00e9 \u00e0 g\u00e9rer. Il trouvait que <strong>son nouveau t\u00e9l\u00e9viseur n\u2019arrivait pas assez vite<\/strong>. Il a donc d\u00e9cid\u00e9 de <strong>mettre le feu<\/strong> \u00e0 sa cellule pour \u00eatre envoy\u00e9 en quartier disciplinaire. L\u00e0-bas, les prisonniers ont droit \u00e0 une petite radio. \u00bb<\/p>\n<p style=\"text-align: justify;\">Comment a-t-il mis le feu ? \u00ab Les d\u00e9tenus ont le droit de fumer en prison, <strong>ils ont donc des briquets<\/strong>. \u00bb<\/p>\n<p style=\"text-align: justify;\">Des agents p\u00e9nitentiaires, form\u00e9s \u00e0 ces cas d\u2019incendies, sont rapidement intervenus avec une combinaison de protection contre les flammes et ont \u00e9teint l\u2019incendie. \u00ab Le d\u00e9tenu a \u00e9t\u00e9 emmen\u00e9 en quartier disciplinaire apr\u00e8s avoir \u00e9t\u00e9 auscult\u00e9 par les pompiers. Il passera devant la commission disciplinaire pour conna\u00eetre sa sanction qui se traduira par un nombre de jours en quartier disciplinaire \u00bb, conclut Florian Adam d\u00e9l\u00e9gu\u00e9 syndical FO.<\/p>\n<p style=\"text-align: justify;\">Il pourra \u00eatre jug\u00e9 pour ces faits si l\u2019\u00e9tablissement porte plainte.<\/p>\n<p style=\"text-align: justify;\">Source : <a href=\"https:\/\/actu.fr\/bretagne\/rennes_35238\/a-la-prison-de-rennes-il-met-le-feu-a-sa-cellule-son-nouveau-televiseur-n-arrivait-pas-assez-vite_61957320.html\">Actu.fr<\/a><\/p>\n","protected":false},"excerpt":{"rendered":"<p>Les faits se sont produits lundi 2 d\u00e9cembre. Un homme a mis le feu \u00e0 sa cellule \u00e0 la prison de Rennes, situ\u00e9 dans la zone route de Lorient, sur la commune de Vezin-Le-Coquet, \u00e0 l\u2019ouest de la capitale bretonne, indique \u00e0 actu Rennes Florian Adam, d\u00e9l\u00e9gu\u00e9 syndical Force Ouvri\u00e8re, confirmant Ouest-France. La veille de [&hellip;]<\/p>\n","protected":false},"author":1,"featured_media":2946,"comment_status":"open","ping_status":"open","sticky":false,"template":"","format":"standard","meta":{"sb_editor_width":"","footnotes":""},"categories":[52,41,62],"tags":[],"class_list":["post-2945","post","type-post","status-publish","format-standard","has-post-thumbnail","hentry","category-faits-divers","category-ille-et-vilaine","category-revue-de-presse"],"relative_dates":{"created":"1 an ago","modified":"1 an ago"},"yoast_head":"<!-- This site is optimized with the Yoast SEO plugin v26.3 - https:\/\/yoast.com\/wordpress\/plugins\/seo\/ -->\n<title>\u00c0 la prison de Rennes, il met le feu \u00e0 sa cellule : &quot;Son nouveau t\u00e9l\u00e9viseur n&#039;arrivait pas assez vite&quot; - STOURM<\/title>\n<meta name=\"robots\" content=\"index, follow, max-snippet:-1, max-image-preview:large, max-video-preview:-1\" \/>\n<link rel=\"canonical\" href=\"https:\/\/stourm.news\/?p=2945\" \/>\n<meta property=\"og:locale\" content=\"fr_FR\" \/>\n<meta property=\"og:type\" content=\"article\" \/>\n<meta property=\"og:title\" content=\"\u00c0 la prison de Rennes, il met le feu \u00e0 sa cellule : &quot;Son nouveau t\u00e9l\u00e9viseur n&#039;arrivait pas assez vite&quot; - STOURM\" \/>\n<meta property=\"og:description\" content=\"Les faits se sont produits lundi 2 d\u00e9cembre. Un homme a mis le feu \u00e0 sa cellule \u00e0 la prison de Rennes, situ\u00e9 dans la zone route de Lorient, sur la commune de Vezin-Le-Coquet, \u00e0 l\u2019ouest de la capitale bretonne, indique \u00e0 actu Rennes Florian Adam, d\u00e9l\u00e9gu\u00e9 syndical Force Ouvri\u00e8re, confirmant Ouest-France. La veille de [&hellip;]\" \/>\n<meta property=\"og:url\" content=\"https:\/\/stourm.news\/?p=2945\" \/>\n<meta property=\"og:site_name\" content=\"STOURM\" \/>\n<meta property=\"article:publisher\" content=\"https:\/\/www.facebook.com\/stourmnews\/\" \/>\n<meta property=\"article:published_time\" content=\"2024-12-04T17:04:40+00:00\" \/>\n<meta property=\"og:image\" content=\"https:\/\/stourm.news\/wp-content\/uploads\/2024\/12\/43BIDZWWQVHJ7BCAIUVXTFWOWY-scaled.jpg\" \/>\n\t<meta property=\"og:image:width\" content=\"2560\" \/>\n\t<meta property=\"og:image:height\" content=\"1707\" \/>\n\t<meta property=\"og:image:type\" content=\"image\/jpeg\" \/>\n<meta name=\"author\" content=\"La r\u00e9daction\" \/>\n<meta name=\"twitter:card\" content=\"summary_large_image\" \/>\n<meta name=\"twitter:label1\" content=\"\u00c9crit par\" \/>\n\t<meta name=\"twitter:data1\" content=\"La r\u00e9daction\" \/>\n\t<meta name=\"twitter:label2\" content=\"Dur\u00e9e de lecture estim\u00e9e\" \/>\n\t<meta name=\"twitter:data2\" content=\"2 minutes\" \/>\n<script type=\"application\/ld+json\" class=\"yoast-schema-graph\">{\"@context\":\"https:\/\/schema.org\",\"@graph\":[{\"@type\":\"Article\",\"@id\":\"https:\/\/stourm.news\/?p=2945#article\",\"isPartOf\":{\"@id\":\"https:\/\/stourm.news\/?p=2945\"},\"author\":{\"name\":\"La r\u00e9daction\",\"@id\":\"https:\/\/stourm.news\/#\/schema\/person\/c3e1dc65988632e190969234ef046cf9\"},\"headline\":\"\u00c0 la prison de Rennes, il met le feu \u00e0 sa cellule : \u00ab\u00a0Son nouveau t\u00e9l\u00e9viseur n&rsquo;arrivait pas assez vite\u00a0\u00bb\",\"datePublished\":\"2024-12-04T17:04:40+00:00\",\"mainEntityOfPage\":{\"@id\":\"https:\/\/stourm.news\/?p=2945\"},\"wordCount\":240,\"commentCount\":0,\"publisher\":{\"@id\":\"https:\/\/stourm.news\/#organization\"},\"image\":{\"@id\":\"https:\/\/stourm.news\/?p=2945#primaryimage\"},\"thumbnailUrl\":\"https:\/\/stourm.news\/wp-content\/uploads\/2024\/12\/43BIDZWWQVHJ7BCAIUVXTFWOWY-scaled.jpg\",\"articleSection\":[\"Faits divers\",\"Ille-et-Vilaine\",\"Revue de presse\"],\"inLanguage\":\"fr-FR\",\"potentialAction\":[{\"@type\":\"CommentAction\",\"name\":\"Comment\",\"target\":[\"https:\/\/stourm.news\/?p=2945#respond\"]}]},{\"@type\":\"WebPage\",\"@id\":\"https:\/\/stourm.news\/?p=2945\",\"url\":\"https:\/\/stourm.news\/?p=2945\",\"name\":\"\u00c0 la prison de Rennes, il met le feu \u00e0 sa cellule : \\\"Son nouveau t\u00e9l\u00e9viseur n'arrivait pas assez vite\\\" - STOURM\",\"isPartOf\":{\"@id\":\"https:\/\/stourm.news\/#website\"},\"primaryImageOfPage\":{\"@id\":\"https:\/\/stourm.news\/?p=2945#primaryimage\"},\"image\":{\"@id\":\"https:\/\/stourm.news\/?p=2945#primaryimage\"},\"thumbnailUrl\":\"https:\/\/stourm.news\/wp-content\/uploads\/2024\/12\/43BIDZWWQVHJ7BCAIUVXTFWOWY-scaled.jpg\",\"datePublished\":\"2024-12-04T17:04:40+00:00\",\"breadcrumb\":{\"@id\":\"https:\/\/stourm.news\/?p=2945#breadcrumb\"},\"inLanguage\":\"fr-FR\",\"potentialAction\":[{\"@type\":\"ReadAction\",\"target\":[\"https:\/\/stourm.news\/?p=2945\"]}]},{\"@type\":\"ImageObject\",\"inLanguage\":\"fr-FR\",\"@id\":\"https:\/\/stourm.news\/?p=2945#primaryimage\",\"url\":\"https:\/\/stourm.news\/wp-content\/uploads\/2024\/12\/43BIDZWWQVHJ7BCAIUVXTFWOWY-scaled.jpg\",\"contentUrl\":\"https:\/\/stourm.news\/wp-content\/uploads\/2024\/12\/43BIDZWWQVHJ7BCAIUVXTFWOWY-scaled.jpg\",\"width\":2560,\"height\":1707,\"caption\":\"A vehicle is parked outside the prison of Rennes-Vezin in Vezin-le-Coquet, western France, on July 16, 2018. - Djamel Beghal, known as the mentor of the Kouachi brothers and Amedy Coulibaly, the authors of the Paris terror attacks in January 2015, was deported to Algeria after his release from the Rennes-Vezin prison on July 16, 2018. (Photo by S\u00e9bastien SALOM GOMIS \/ AFP)\"},{\"@type\":\"BreadcrumbList\",\"@id\":\"https:\/\/stourm.news\/?p=2945#breadcrumb\",\"itemListElement\":[{\"@type\":\"ListItem\",\"position\":1,\"name\":\"Accueil\",\"item\":\"https:\/\/stourm.news\/\"},{\"@type\":\"ListItem\",\"position\":2,\"name\":\"\u00c0 la prison de Rennes, il met le feu \u00e0 sa cellule : \u00ab\u00a0Son nouveau t\u00e9l\u00e9viseur n&rsquo;arrivait pas assez vite\u00a0\u00bb\"}]},{\"@type\":\"WebSite\",\"@id\":\"https:\/\/stourm.news\/#website\",\"url\":\"https:\/\/stourm.news\/\",\"name\":\"Stourm\",\"description\":\"Kazetenn Strollad Broadel Breizh\",\"publisher\":{\"@id\":\"https:\/\/stourm.news\/#organization\"},\"potentialAction\":[{\"@type\":\"SearchAction\",\"target\":{\"@type\":\"EntryPoint\",\"urlTemplate\":\"https:\/\/stourm.news\/?s={search_term_string}\"},\"query-input\":{\"@type\":\"PropertyValueSpecification\",\"valueRequired\":true,\"valueName\":\"search_term_string\"}}],\"inLanguage\":\"fr-FR\"},{\"@type\":\"Organization\",\"@id\":\"https:\/\/stourm.news\/#organization\",\"name\":\"Stourm\",\"url\":\"https:\/\/stourm.news\/\",\"logo\":{\"@type\":\"ImageObject\",\"inLanguage\":\"fr-FR\",\"@id\":\"https:\/\/stourm.news\/#\/schema\/logo\/image\/\",\"url\":\"https:\/\/stourm.news\/wp-content\/uploads\/2025\/11\/cropped-Capture-decran-2025-11-28-a-15.19.07.png\",\"contentUrl\":\"https:\/\/stourm.news\/wp-content\/uploads\/2025\/11\/cropped-Capture-decran-2025-11-28-a-15.19.07.png\",\"width\":1855,\"height\":383,\"caption\":\"Stourm\"},\"image\":{\"@id\":\"https:\/\/stourm.news\/#\/schema\/logo\/image\/\"},\"sameAs\":[\"https:\/\/www.facebook.com\/stourmnews\/\"]},{\"@type\":\"Person\",\"@id\":\"https:\/\/stourm.news\/#\/schema\/person\/c3e1dc65988632e190969234ef046cf9\",\"name\":\"La r\u00e9daction\",\"image\":{\"@type\":\"ImageObject\",\"inLanguage\":\"fr-FR\",\"@id\":\"https:\/\/stourm.news\/#\/schema\/person\/image\/\",\"url\":\"https:\/\/secure.gravatar.com\/avatar\/7463443f194b6b5fb706b074ca0ef59a0cfcfd720cb47764b0ec5a952ce422b3?s=96&d=mm&r=g\",\"contentUrl\":\"https:\/\/secure.gravatar.com\/avatar\/7463443f194b6b5fb706b074ca0ef59a0cfcfd720cb47764b0ec5a952ce422b3?s=96&d=mm&r=g\",\"caption\":\"La r\u00e9daction\"},\"sameAs\":[\"https:\/\/stourm.news\"],\"url\":\"https:\/\/stourm.news\/?author=1\"}]}<\/script>\n<!-- \/ Yoast SEO plugin. -->","yoast_head_json":{"title":"\u00c0 la prison de Rennes, il met le feu \u00e0 sa cellule : \"Son nouveau t\u00e9l\u00e9viseur n'arrivait pas assez vite\" - STOURM","robots":{"index":"index","follow":"follow","max-snippet":"max-snippet:-1","max-image-preview":"max-image-preview:large","max-video-preview":"max-video-preview:-1"},"canonical":"https:\/\/stourm.news\/?p=2945","og_locale":"fr_FR","og_type":"article","og_title":"\u00c0 la prison de Rennes, il met le feu \u00e0 sa cellule : \"Son nouveau t\u00e9l\u00e9viseur n'arrivait pas assez vite\" - STOURM","og_description":"Les faits se sont produits lundi 2 d\u00e9cembre. Un homme a mis le feu \u00e0 sa cellule \u00e0 la prison de Rennes, situ\u00e9 dans la zone route de Lorient, sur la commune de Vezin-Le-Coquet, \u00e0 l\u2019ouest de la capitale bretonne, indique \u00e0 actu Rennes Florian Adam, d\u00e9l\u00e9gu\u00e9 syndical Force Ouvri\u00e8re, confirmant Ouest-France. La veille de [&hellip;]","og_url":"https:\/\/stourm.news\/?p=2945","og_site_name":"STOURM","article_publisher":"https:\/\/www.facebook.com\/stourmnews\/","article_published_time":"2024-12-04T17:04:40+00:00","og_image":[{"width":2560,"height":1707,"url":"https:\/\/stourm.news\/wp-content\/uploads\/2024\/12\/43BIDZWWQVHJ7BCAIUVXTFWOWY-scaled.jpg","type":"image\/jpeg"}],"author":"La r\u00e9daction","twitter_card":"summary_large_image","twitter_misc":{"\u00c9crit par":"La r\u00e9daction","Dur\u00e9e de lecture estim\u00e9e":"2 minutes"},"schema":{"@context":"https:\/\/schema.org","@graph":[{"@type":"Article","@id":"https:\/\/stourm.news\/?p=2945#article","isPartOf":{"@id":"https:\/\/stourm.news\/?p=2945"},"author":{"name":"La r\u00e9daction","@id":"https:\/\/stourm.news\/#\/schema\/person\/c3e1dc65988632e190969234ef046cf9"},"headline":"\u00c0 la prison de Rennes, il met le feu \u00e0 sa cellule : \u00ab\u00a0Son nouveau t\u00e9l\u00e9viseur n&rsquo;arrivait pas assez vite\u00a0\u00bb","datePublished":"2024-12-04T17:04:40+00:00","mainEntityOfPage":{"@id":"https:\/\/stourm.news\/?p=2945"},"wordCount":240,"commentCount":0,"publisher":{"@id":"https:\/\/stourm.news\/#organization"},"image":{"@id":"https:\/\/stourm.news\/?p=2945#primaryimage"},"thumbnailUrl":"https:\/\/stourm.news\/wp-content\/uploads\/2024\/12\/43BIDZWWQVHJ7BCAIUVXTFWOWY-scaled.jpg","articleSection":["Faits divers","Ille-et-Vilaine","Revue de presse"],"inLanguage":"fr-FR","potentialAction":[{"@type":"CommentAction","name":"Comment","target":["https:\/\/stourm.news\/?p=2945#respond"]}]},{"@type":"WebPage","@id":"https:\/\/stourm.news\/?p=2945","url":"https:\/\/stourm.news\/?p=2945","name":"\u00c0 la prison de Rennes, il met le feu \u00e0 sa cellule : \"Son nouveau t\u00e9l\u00e9viseur n'arrivait pas assez vite\" - STOURM","isPartOf":{"@id":"https:\/\/stourm.news\/#website"},"primaryImageOfPage":{"@id":"https:\/\/stourm.news\/?p=2945#primaryimage"},"image":{"@id":"https:\/\/stourm.news\/?p=2945#primaryimage"},"thumbnailUrl":"https:\/\/stourm.news\/wp-content\/uploads\/2024\/12\/43BIDZWWQVHJ7BCAIUVXTFWOWY-scaled.jpg","datePublished":"2024-12-04T17:04:40+00:00","breadcrumb":{"@id":"https:\/\/stourm.news\/?p=2945#breadcrumb"},"inLanguage":"fr-FR","potentialAction":[{"@type":"ReadAction","target":["https:\/\/stourm.news\/?p=2945"]}]},{"@type":"ImageObject","inLanguage":"fr-FR","@id":"https:\/\/stourm.news\/?p=2945#primaryimage","url":"https:\/\/stourm.news\/wp-content\/uploads\/2024\/12\/43BIDZWWQVHJ7BCAIUVXTFWOWY-scaled.jpg","contentUrl":"https:\/\/stourm.news\/wp-content\/uploads\/2024\/12\/43BIDZWWQVHJ7BCAIUVXTFWOWY-scaled.jpg","width":2560,"height":1707,"caption":"A vehicle is parked outside the prison of Rennes-Vezin in Vezin-le-Coquet, western France, on July 16, 2018. - Djamel Beghal, known as the mentor of the Kouachi brothers and Amedy Coulibaly, the authors of the Paris terror attacks in January 2015, was deported to Algeria after his release from the Rennes-Vezin prison on July 16, 2018. (Photo by S\u00e9bastien SALOM GOMIS \/ AFP)"},{"@type":"BreadcrumbList","@id":"https:\/\/stourm.news\/?p=2945#breadcrumb","itemListElement":[{"@type":"ListItem","position":1,"name":"Accueil","item":"https:\/\/stourm.news\/"},{"@type":"ListItem","position":2,"name":"\u00c0 la prison de Rennes, il met le feu \u00e0 sa cellule : \u00ab\u00a0Son nouveau t\u00e9l\u00e9viseur n&rsquo;arrivait pas assez vite\u00a0\u00bb"}]},{"@type":"WebSite","@id":"https:\/\/stourm.news\/#website","url":"https:\/\/stourm.news\/","name":"Stourm","description":"Kazetenn Strollad Broadel Breizh","publisher":{"@id":"https:\/\/stourm.news\/#organization"},"potentialAction":[{"@type":"SearchAction","target":{"@type":"EntryPoint","urlTemplate":"https:\/\/stourm.news\/?s={search_term_string}"},"query-input":{"@type":"PropertyValueSpecification","valueRequired":true,"valueName":"search_term_string"}}],"inLanguage":"fr-FR"},{"@type":"Organization","@id":"https:\/\/stourm.news\/#organization","name":"Stourm","url":"https:\/\/stourm.news\/","logo":{"@type":"ImageObject","inLanguage":"fr-FR","@id":"https:\/\/stourm.news\/#\/schema\/logo\/image\/","url":"https:\/\/stourm.news\/wp-content\/uploads\/2025\/11\/cropped-Capture-decran-2025-11-28-a-15.19.07.png","contentUrl":"https:\/\/stourm.news\/wp-content\/uploads\/2025\/11\/cropped-Capture-decran-2025-11-28-a-15.19.07.png","width":1855,"height":383,"caption":"Stourm"},"image":{"@id":"https:\/\/stourm.news\/#\/schema\/logo\/image\/"},"sameAs":["https:\/\/www.facebook.com\/stourmnews\/"]},{"@type":"Person","@id":"https:\/\/stourm.news\/#\/schema\/person\/c3e1dc65988632e190969234ef046cf9","name":"La r\u00e9daction","image":{"@type":"ImageObject","inLanguage":"fr-FR","@id":"https:\/\/stourm.news\/#\/schema\/person\/image\/","url":"https:\/\/secure.gravatar.com\/avatar\/7463443f194b6b5fb706b074ca0ef59a0cfcfd720cb47764b0ec5a952ce422b3?s=96&d=mm&r=g","contentUrl":"https:\/\/secure.gravatar.com\/avatar\/7463443f194b6b5fb706b074ca0ef59a0cfcfd720cb47764b0ec5a952ce422b3?s=96&d=mm&r=g","caption":"La r\u00e9daction"},"sameAs":["https:\/\/stourm.news"],"url":"https:\/\/stourm.news\/?author=1"}]}},"_links":{"self":[{"href":"https:\/\/stourm.news\/index.php?rest_route=\/wp\/v2\/posts\/2945","targetHints":{"allow":["GET"]}}],"collection":[{"href":"https:\/\/stourm.news\/index.php?rest_route=\/wp\/v2\/posts"}],"about":[{"href":"https:\/\/stourm.news\/index.php?rest_route=\/wp\/v2\/types\/post"}],"author":[{"embeddable":true,"href":"https:\/\/stourm.news\/index.php?rest_route=\/wp\/v2\/users\/1"}],"replies":[{"embeddable":true,"href":"https:\/\/stourm.news\/index.php?rest_route=%2Fwp%2Fv2%2Fcomments&post=2945"}],"version-history":[{"count":1,"href":"https:\/\/stourm.news\/index.php?rest_route=\/wp\/v2\/posts\/2945\/revisions"}],"predecessor-version":[{"id":2947,"href":"https:\/\/stourm.news\/index.php?rest_route=\/wp\/v2\/posts\/2945\/revisions\/2947"}],"wp:featuredmedia":[{"embeddable":true,"href":"https:\/\/stourm.news\/index.php?rest_route=\/wp\/v2\/media\/2946"}],"wp:attachment":[{"href":"https:\/\/stourm.news\/index.php?rest_route=%2Fwp%2Fv2%2Fmedia&parent=2945"}],"wp:term":[{"taxonomy":"category","embeddable":true,"href":"https:\/\/stourm.news\/index.php?rest_route=%2Fwp%2Fv2%2Fcategories&post=2945"},{"taxonomy":"post_tag","embeddable":true,"href":"https:\/\/stourm.news\/index.php?rest_route=%2Fwp%2Fv2%2Ftags&post=2945"}],"curies":[{"name":"wp","href":"https:\/\/api.w.org\/{rel}","templated":true}]}}