{"id":2948,"date":"2024-12-04T17:20:23","date_gmt":"2024-12-04T17:20:23","guid":{"rendered":"https:\/\/stourm.news\/?p=2948"},"modified":"2024-12-04T17:20:23","modified_gmt":"2024-12-04T17:20:23","slug":"allah-akbar-a-brest-un-homme-agresse-huit-personnels-soignants-au-chu-de-la-cavale-blanche-un-desequilibre","status":"publish","type":"post","link":"https:\/\/stourm.news\/?p=2948","title":{"rendered":"\u00ab Allah Akbar ! \u00bb : \u00e0 Brest, un homme agresse huit personnels soignants au CHU de La Cavale-Blanche (\u00ab\u00a0un d\u00e9s\u00e9quilibr\u00e9\u00a0\u00bb)"},"content":{"rendered":"<p style=\"text-align: justify;\">Ce mercredi 4 d\u00e9cembre 2024, \u00e0 Brest, un patient a priori alcoolis\u00e9 et souffrant de troubles psychiatriques a agress\u00e9 huit personnels hospitaliers au CHU de La Cavale-Blanche.<\/p>\n<p style=\"text-align: justify;\">Source : <a href=\"https:\/\/www.letelegramme.fr\/finistere\/brest-29200\/allahou-akbar-a-brest-un-desequilibre-agresse-huit-personnels-soignants-au-chu-de-la-cavale-blanche-6716726.php\">Le T\u00e9l\u00e9gramme<\/a><\/p>\n","protected":false},"excerpt":{"rendered":"<p>Ce mercredi 4 d\u00e9cembre 2024, \u00e0 Brest, un patient a priori alcoolis\u00e9 et souffrant de troubles psychiatriques a agress\u00e9 huit personnels hospitaliers au CHU de La Cavale-Blanche. Source : Le T\u00e9l\u00e9gramme<\/p>\n","protected":false},"author":1,"featured_media":2949,"comment_status":"open","ping_status":"open","sticky":false,"template":"","format":"standard","meta":{"sb_editor_width":"","footnotes":""},"categories":[38,32,62],"tags":[],"class_list":["post-2948","post","type-post","status-publish","format-standard","has-post-thumbnail","hentry","category-finistere","category-islamisme","category-revue-de-presse"],"relative_dates":{"created":"1 an ago","modified":"1 an ago"},"yoast_head":"<!-- This site is optimized with the Yoast SEO plugin v26.3 - https:\/\/yoast.com\/wordpress\/plugins\/seo\/ -->\n<title>\u00ab Allah Akbar ! \u00bb : \u00e0 Brest, un homme agresse huit personnels soignants au CHU de La Cavale-Blanche (&quot;un d\u00e9s\u00e9quilibr\u00e9&quot;) - STOURM<\/title>\n<meta name=\"robots\" content=\"index, follow, max-snippet:-1, max-image-preview:large, max-video-preview:-1\" \/>\n<link rel=\"canonical\" href=\"https:\/\/stourm.news\/?p=2948\" \/>\n<meta property=\"og:locale\" content=\"fr_FR\" \/>\n<meta property=\"og:type\" content=\"article\" \/>\n<meta property=\"og:title\" content=\"\u00ab Allah Akbar ! \u00bb : \u00e0 Brest, un homme agresse huit personnels soignants au CHU de La Cavale-Blanche (&quot;un d\u00e9s\u00e9quilibr\u00e9&quot;) - STOURM\" \/>\n<meta property=\"og:description\" content=\"Ce mercredi 4 d\u00e9cembre 2024, \u00e0 Brest, un patient a priori alcoolis\u00e9 et souffrant de troubles psychiatriques a agress\u00e9 huit personnels hospitaliers au CHU de La Cavale-Blanche. Source : Le T\u00e9l\u00e9gramme\" \/>\n<meta property=\"og:url\" content=\"https:\/\/stourm.news\/?p=2948\" \/>\n<meta property=\"og:site_name\" content=\"STOURM\" \/>\n<meta property=\"article:publisher\" content=\"https:\/\/www.facebook.com\/stourmnews\/\" \/>\n<meta property=\"article:published_time\" content=\"2024-12-04T17:20:23+00:00\" \/>\n<meta property=\"og:image\" content=\"https:\/\/stourm.news\/wp-content\/uploads\/2024\/12\/6750816efc14ee0594148637.webp\" \/>\n\t<meta property=\"og:image:width\" content=\"1200\" \/>\n\t<meta property=\"og:image:height\" content=\"750\" \/>\n\t<meta property=\"og:image:type\" content=\"image\/webp\" \/>\n<meta name=\"author\" content=\"La r\u00e9daction\" \/>\n<meta name=\"twitter:card\" content=\"summary_large_image\" \/>\n<meta name=\"twitter:label1\" content=\"\u00c9crit par\" \/>\n\t<meta name=\"twitter:data1\" content=\"La r\u00e9daction\" \/>\n\t<meta name=\"twitter:label2\" content=\"Dur\u00e9e de lecture estim\u00e9e\" \/>\n\t<meta name=\"twitter:data2\" content=\"1 minute\" \/>\n<script type=\"application\/ld+json\" class=\"yoast-schema-graph\">{\"@context\":\"https:\/\/schema.org\",\"@graph\":[{\"@type\":\"Article\",\"@id\":\"https:\/\/stourm.news\/?p=2948#article\",\"isPartOf\":{\"@id\":\"https:\/\/stourm.news\/?p=2948\"},\"author\":{\"name\":\"La r\u00e9daction\",\"@id\":\"https:\/\/stourm.news\/#\/schema\/person\/c3e1dc65988632e190969234ef046cf9\"},\"headline\":\"\u00ab Allah Akbar ! \u00bb : \u00e0 Brest, un homme agresse huit personnels soignants au CHU de La Cavale-Blanche (\u00ab\u00a0un d\u00e9s\u00e9quilibr\u00e9\u00a0\u00bb)\",\"datePublished\":\"2024-12-04T17:20:23+00:00\",\"mainEntityOfPage\":{\"@id\":\"https:\/\/stourm.news\/?p=2948\"},\"wordCount\":48,\"commentCount\":0,\"publisher\":{\"@id\":\"https:\/\/stourm.news\/#organization\"},\"image\":{\"@id\":\"https:\/\/stourm.news\/?p=2948#primaryimage\"},\"thumbnailUrl\":\"https:\/\/stourm.news\/wp-content\/uploads\/2024\/12\/6750816efc14ee0594148637.webp\",\"articleSection\":[\"Finist\u00e8re\",\"Islamisme\",\"Revue de presse\"],\"inLanguage\":\"fr-FR\",\"potentialAction\":[{\"@type\":\"CommentAction\",\"name\":\"Comment\",\"target\":[\"https:\/\/stourm.news\/?p=2948#respond\"]}]},{\"@type\":\"WebPage\",\"@id\":\"https:\/\/stourm.news\/?p=2948\",\"url\":\"https:\/\/stourm.news\/?p=2948\",\"name\":\"\u00ab Allah Akbar ! \u00bb : \u00e0 Brest, un homme agresse huit personnels soignants au CHU de La Cavale-Blanche (\\\"un d\u00e9s\u00e9quilibr\u00e9\\\") - STOURM\",\"isPartOf\":{\"@id\":\"https:\/\/stourm.news\/#website\"},\"primaryImageOfPage\":{\"@id\":\"https:\/\/stourm.news\/?p=2948#primaryimage\"},\"image\":{\"@id\":\"https:\/\/stourm.news\/?p=2948#primaryimage\"},\"thumbnailUrl\":\"https:\/\/stourm.news\/wp-content\/uploads\/2024\/12\/6750816efc14ee0594148637.webp\",\"datePublished\":\"2024-12-04T17:20:23+00:00\",\"breadcrumb\":{\"@id\":\"https:\/\/stourm.news\/?p=2948#breadcrumb\"},\"inLanguage\":\"fr-FR\",\"potentialAction\":[{\"@type\":\"ReadAction\",\"target\":[\"https:\/\/stourm.news\/?p=2948\"]}]},{\"@type\":\"ImageObject\",\"inLanguage\":\"fr-FR\",\"@id\":\"https:\/\/stourm.news\/?p=2948#primaryimage\",\"url\":\"https:\/\/stourm.news\/wp-content\/uploads\/2024\/12\/6750816efc14ee0594148637.webp\",\"contentUrl\":\"https:\/\/stourm.news\/wp-content\/uploads\/2024\/12\/6750816efc14ee0594148637.webp\",\"width\":1200,\"height\":750},{\"@type\":\"BreadcrumbList\",\"@id\":\"https:\/\/stourm.news\/?p=2948#breadcrumb\",\"itemListElement\":[{\"@type\":\"ListItem\",\"position\":1,\"name\":\"Accueil\",\"item\":\"https:\/\/stourm.news\/\"},{\"@type\":\"ListItem\",\"position\":2,\"name\":\"\u00ab Allah Akbar ! \u00bb : \u00e0 Brest, un homme agresse huit personnels soignants au CHU de La Cavale-Blanche (\u00ab\u00a0un d\u00e9s\u00e9quilibr\u00e9\u00a0\u00bb)\"}]},{\"@type\":\"WebSite\",\"@id\":\"https:\/\/stourm.news\/#website\",\"url\":\"https:\/\/stourm.news\/\",\"name\":\"Stourm\",\"description\":\"Kazetenn Strollad Broadel Breizh\",\"publisher\":{\"@id\":\"https:\/\/stourm.news\/#organization\"},\"potentialAction\":[{\"@type\":\"SearchAction\",\"target\":{\"@type\":\"EntryPoint\",\"urlTemplate\":\"https:\/\/stourm.news\/?s={search_term_string}\"},\"query-input\":{\"@type\":\"PropertyValueSpecification\",\"valueRequired\":true,\"valueName\":\"search_term_string\"}}],\"inLanguage\":\"fr-FR\"},{\"@type\":\"Organization\",\"@id\":\"https:\/\/stourm.news\/#organization\",\"name\":\"Stourm\",\"url\":\"https:\/\/stourm.news\/\",\"logo\":{\"@type\":\"ImageObject\",\"inLanguage\":\"fr-FR\",\"@id\":\"https:\/\/stourm.news\/#\/schema\/logo\/image\/\",\"url\":\"https:\/\/stourm.news\/wp-content\/uploads\/2025\/11\/cropped-Capture-decran-2025-11-28-a-15.19.07.png\",\"contentUrl\":\"https:\/\/stourm.news\/wp-content\/uploads\/2025\/11\/cropped-Capture-decran-2025-11-28-a-15.19.07.png\",\"width\":1855,\"height\":383,\"caption\":\"Stourm\"},\"image\":{\"@id\":\"https:\/\/stourm.news\/#\/schema\/logo\/image\/\"},\"sameAs\":[\"https:\/\/www.facebook.com\/stourmnews\/\"]},{\"@type\":\"Person\",\"@id\":\"https:\/\/stourm.news\/#\/schema\/person\/c3e1dc65988632e190969234ef046cf9\",\"name\":\"La r\u00e9daction\",\"image\":{\"@type\":\"ImageObject\",\"inLanguage\":\"fr-FR\",\"@id\":\"https:\/\/stourm.news\/#\/schema\/person\/image\/\",\"url\":\"https:\/\/secure.gravatar.com\/avatar\/7463443f194b6b5fb706b074ca0ef59a0cfcfd720cb47764b0ec5a952ce422b3?s=96&d=mm&r=g\",\"contentUrl\":\"https:\/\/secure.gravatar.com\/avatar\/7463443f194b6b5fb706b074ca0ef59a0cfcfd720cb47764b0ec5a952ce422b3?s=96&d=mm&r=g\",\"caption\":\"La r\u00e9daction\"},\"sameAs\":[\"https:\/\/stourm.news\"],\"url\":\"https:\/\/stourm.news\/?author=1\"}]}<\/script>\n<!-- \/ Yoast SEO plugin. -->","yoast_head_json":{"title":"\u00ab Allah Akbar ! \u00bb : \u00e0 Brest, un homme agresse huit personnels soignants au CHU de La Cavale-Blanche (\"un d\u00e9s\u00e9quilibr\u00e9\") - STOURM","robots":{"index":"index","follow":"follow","max-snippet":"max-snippet:-1","max-image-preview":"max-image-preview:large","max-video-preview":"max-video-preview:-1"},"canonical":"https:\/\/stourm.news\/?p=2948","og_locale":"fr_FR","og_type":"article","og_title":"\u00ab Allah Akbar ! \u00bb : \u00e0 Brest, un homme agresse huit personnels soignants au CHU de La Cavale-Blanche (\"un d\u00e9s\u00e9quilibr\u00e9\") - STOURM","og_description":"Ce mercredi 4 d\u00e9cembre 2024, \u00e0 Brest, un patient a priori alcoolis\u00e9 et souffrant de troubles psychiatriques a agress\u00e9 huit personnels hospitaliers au CHU de La Cavale-Blanche. Source : Le T\u00e9l\u00e9gramme","og_url":"https:\/\/stourm.news\/?p=2948","og_site_name":"STOURM","article_publisher":"https:\/\/www.facebook.com\/stourmnews\/","article_published_time":"2024-12-04T17:20:23+00:00","og_image":[{"width":1200,"height":750,"url":"https:\/\/stourm.news\/wp-content\/uploads\/2024\/12\/6750816efc14ee0594148637.webp","type":"image\/webp"}],"author":"La r\u00e9daction","twitter_card":"summary_large_image","twitter_misc":{"\u00c9crit par":"La r\u00e9daction","Dur\u00e9e de lecture estim\u00e9e":"1 minute"},"schema":{"@context":"https:\/\/schema.org","@graph":[{"@type":"Article","@id":"https:\/\/stourm.news\/?p=2948#article","isPartOf":{"@id":"https:\/\/stourm.news\/?p=2948"},"author":{"name":"La r\u00e9daction","@id":"https:\/\/stourm.news\/#\/schema\/person\/c3e1dc65988632e190969234ef046cf9"},"headline":"\u00ab Allah Akbar ! \u00bb : \u00e0 Brest, un homme agresse huit personnels soignants au CHU de La Cavale-Blanche (\u00ab\u00a0un d\u00e9s\u00e9quilibr\u00e9\u00a0\u00bb)","datePublished":"2024-12-04T17:20:23+00:00","mainEntityOfPage":{"@id":"https:\/\/stourm.news\/?p=2948"},"wordCount":48,"commentCount":0,"publisher":{"@id":"https:\/\/stourm.news\/#organization"},"image":{"@id":"https:\/\/stourm.news\/?p=2948#primaryimage"},"thumbnailUrl":"https:\/\/stourm.news\/wp-content\/uploads\/2024\/12\/6750816efc14ee0594148637.webp","articleSection":["Finist\u00e8re","Islamisme","Revue de presse"],"inLanguage":"fr-FR","potentialAction":[{"@type":"CommentAction","name":"Comment","target":["https:\/\/stourm.news\/?p=2948#respond"]}]},{"@type":"WebPage","@id":"https:\/\/stourm.news\/?p=2948","url":"https:\/\/stourm.news\/?p=2948","name":"\u00ab Allah Akbar ! \u00bb : \u00e0 Brest, un homme agresse huit personnels soignants au CHU de La Cavale-Blanche (\"un d\u00e9s\u00e9quilibr\u00e9\") - STOURM","isPartOf":{"@id":"https:\/\/stourm.news\/#website"},"primaryImageOfPage":{"@id":"https:\/\/stourm.news\/?p=2948#primaryimage"},"image":{"@id":"https:\/\/stourm.news\/?p=2948#primaryimage"},"thumbnailUrl":"https:\/\/stourm.news\/wp-content\/uploads\/2024\/12\/6750816efc14ee0594148637.webp","datePublished":"2024-12-04T17:20:23+00:00","breadcrumb":{"@id":"https:\/\/stourm.news\/?p=2948#breadcrumb"},"inLanguage":"fr-FR","potentialAction":[{"@type":"ReadAction","target":["https:\/\/stourm.news\/?p=2948"]}]},{"@type":"ImageObject","inLanguage":"fr-FR","@id":"https:\/\/stourm.news\/?p=2948#primaryimage","url":"https:\/\/stourm.news\/wp-content\/uploads\/2024\/12\/6750816efc14ee0594148637.webp","contentUrl":"https:\/\/stourm.news\/wp-content\/uploads\/2024\/12\/6750816efc14ee0594148637.webp","width":1200,"height":750},{"@type":"BreadcrumbList","@id":"https:\/\/stourm.news\/?p=2948#breadcrumb","itemListElement":[{"@type":"ListItem","position":1,"name":"Accueil","item":"https:\/\/stourm.news\/"},{"@type":"ListItem","position":2,"name":"\u00ab Allah Akbar ! \u00bb : \u00e0 Brest, un homme agresse huit personnels soignants au CHU de La Cavale-Blanche (\u00ab\u00a0un d\u00e9s\u00e9quilibr\u00e9\u00a0\u00bb)"}]},{"@type":"WebSite","@id":"https:\/\/stourm.news\/#website","url":"https:\/\/stourm.news\/","name":"Stourm","description":"Kazetenn Strollad Broadel Breizh","publisher":{"@id":"https:\/\/stourm.news\/#organization"},"potentialAction":[{"@type":"SearchAction","target":{"@type":"EntryPoint","urlTemplate":"https:\/\/stourm.news\/?s={search_term_string}"},"query-input":{"@type":"PropertyValueSpecification","valueRequired":true,"valueName":"search_term_string"}}],"inLanguage":"fr-FR"},{"@type":"Organization","@id":"https:\/\/stourm.news\/#organization","name":"Stourm","url":"https:\/\/stourm.news\/","logo":{"@type":"ImageObject","inLanguage":"fr-FR","@id":"https:\/\/stourm.news\/#\/schema\/logo\/image\/","url":"https:\/\/stourm.news\/wp-content\/uploads\/2025\/11\/cropped-Capture-decran-2025-11-28-a-15.19.07.png","contentUrl":"https:\/\/stourm.news\/wp-content\/uploads\/2025\/11\/cropped-Capture-decran-2025-11-28-a-15.19.07.png","width":1855,"height":383,"caption":"Stourm"},"image":{"@id":"https:\/\/stourm.news\/#\/schema\/logo\/image\/"},"sameAs":["https:\/\/www.facebook.com\/stourmnews\/"]},{"@type":"Person","@id":"https:\/\/stourm.news\/#\/schema\/person\/c3e1dc65988632e190969234ef046cf9","name":"La r\u00e9daction","image":{"@type":"ImageObject","inLanguage":"fr-FR","@id":"https:\/\/stourm.news\/#\/schema\/person\/image\/","url":"https:\/\/secure.gravatar.com\/avatar\/7463443f194b6b5fb706b074ca0ef59a0cfcfd720cb47764b0ec5a952ce422b3?s=96&d=mm&r=g","contentUrl":"https:\/\/secure.gravatar.com\/avatar\/7463443f194b6b5fb706b074ca0ef59a0cfcfd720cb47764b0ec5a952ce422b3?s=96&d=mm&r=g","caption":"La r\u00e9daction"},"sameAs":["https:\/\/stourm.news"],"url":"https:\/\/stourm.news\/?author=1"}]}},"_links":{"self":[{"href":"https:\/\/stourm.news\/index.php?rest_route=\/wp\/v2\/posts\/2948","targetHints":{"allow":["GET"]}}],"collection":[{"href":"https:\/\/stourm.news\/index.php?rest_route=\/wp\/v2\/posts"}],"about":[{"href":"https:\/\/stourm.news\/index.php?rest_route=\/wp\/v2\/types\/post"}],"author":[{"embeddable":true,"href":"https:\/\/stourm.news\/index.php?rest_route=\/wp\/v2\/users\/1"}],"replies":[{"embeddable":true,"href":"https:\/\/stourm.news\/index.php?rest_route=%2Fwp%2Fv2%2Fcomments&post=2948"}],"version-history":[{"count":1,"href":"https:\/\/stourm.news\/index.php?rest_route=\/wp\/v2\/posts\/2948\/revisions"}],"predecessor-version":[{"id":2950,"href":"https:\/\/stourm.news\/index.php?rest_route=\/wp\/v2\/posts\/2948\/revisions\/2950"}],"wp:featuredmedia":[{"embeddable":true,"href":"https:\/\/stourm.news\/index.php?rest_route=\/wp\/v2\/media\/2949"}],"wp:attachment":[{"href":"https:\/\/stourm.news\/index.php?rest_route=%2Fwp%2Fv2%2Fmedia&parent=2948"}],"wp:term":[{"taxonomy":"category","embeddable":true,"href":"https:\/\/stourm.news\/index.php?rest_route=%2Fwp%2Fv2%2Fcategories&post=2948"},{"taxonomy":"post_tag","embeddable":true,"href":"https:\/\/stourm.news\/index.php?rest_route=%2Fwp%2Fv2%2Ftags&post=2948"}],"curies":[{"name":"wp","href":"https:\/\/api.w.org\/{rel}","templated":true}]}}