{"id":2961,"date":"2024-12-05T18:14:23","date_gmt":"2024-12-05T18:14:23","guid":{"rendered":"https:\/\/stourm.news\/?p=2961"},"modified":"2024-12-05T18:14:23","modified_gmt":"2024-12-05T18:14:23","slug":"saint-malo-un-homme-echappe-de-peu-a-une-tentative-denlevement","status":"publish","type":"post","link":"https:\/\/stourm.news\/?p=2961","title":{"rendered":"Saint-Malo : un homme \u00e9chappe de peu \u00e0 une tentative d&rsquo;enl\u00e8vement"},"content":{"rendered":"<p style=\"text-align: justify;\">L\u2019homme se d\u00e9m\u00e8ne, tente d\u2019emp\u00eacher les agresseurs de le forcer \u00e0 monter dans le coffre. Il est un peu plus d\u2019une heure du matin dans la nuit de mercredi \u00e0 jeudi \u00e0 Saint-Malo (Ille-et-Vilaine) quand un \u00e9quipage de police assiste \u00e0 une sc\u00e8ne \u00e9trange : <strong>une tentative d\u2019enl\u00e8vement<\/strong>. Selon nos informations, l\u2019un des auteurs a \u00e9t\u00e9 interpell\u00e9, le deuxi\u00e8me est en fuite. La victime a quant \u00e0 elle \u00e9t\u00e9 prise en charge.<\/p>\n<p style=\"text-align: justify;\">\u00c0 1h05 rue du Saint-Laurent, \u00e0 quelques encablures du centre historique de la cit\u00e9 corsaire, les policiers sont intrigu\u00e9s par une voiture aux porti\u00e8res avant et au coffre grand ouvert. \u00c0 l\u2019arri\u00e8re, deux hommes, \u00e2g\u00e9s de 25 \u00e0 30 ans, sont observ\u00e9s for\u00e7ant un troisi\u00e8me \u00e0 monter dans le coffre, selon des sources orales concordantes.<\/p>\n<p style=\"text-align: justify;\">Les suspects <strong>\u00ab maintiennent de force et avec violence \u00bb<\/strong> la victime. Cette derni\u00e8re \u00ab se d\u00e9bat vivement, donne des coups de pied pour se lib\u00e9rer \u00bb, notent encore les fonctionnaires.<\/p>\n<p style=\"text-align: justify;\">\u00c0 la vue des policiers, les deux individus l\u00e2chent le troisi\u00e8me et prennent la fuite. Tandis que la victime, \u00ab bless\u00e9e et choqu\u00e9e \u00bb, court vers les policiers. Dans sa fuite, l\u2019un des malfaiteurs chute. Il est interpell\u00e9 et plac\u00e9 en garde \u00e0 vue. Son complice est toujours recherch\u00e9. La voiture a \u00e9t\u00e9 saisie pour analyses.<\/p>\n<p style=\"text-align: justify;\">Source : <a href=\"https:\/\/www.leparisien.fr\/faits-divers\/des-coups-de-pied-pour-se-liberer-tentative-denlevement-a-saint-malo-un-homme-interpelle-un-autre-en-fuite-05-12-2024-NRIZRB5EH5BJ5DBQK4CCVFUMSY.php\">Le Parisien<\/a><\/p>\n","protected":false},"excerpt":{"rendered":"<p>L\u2019homme se d\u00e9m\u00e8ne, tente d\u2019emp\u00eacher les agresseurs de le forcer \u00e0 monter dans le coffre. Il est un peu plus d\u2019une heure du matin dans la nuit de mercredi \u00e0 jeudi \u00e0 Saint-Malo (Ille-et-Vilaine) quand un \u00e9quipage de police assiste \u00e0 une sc\u00e8ne \u00e9trange : une tentative d\u2019enl\u00e8vement. Selon nos informations, l\u2019un des auteurs a [&hellip;]<\/p>\n","protected":false},"author":1,"featured_media":2962,"comment_status":"open","ping_status":"open","sticky":false,"template":"","format":"standard","meta":{"sb_editor_width":"","footnotes":""},"categories":[52,41,62],"tags":[],"class_list":["post-2961","post","type-post","status-publish","format-standard","has-post-thumbnail","hentry","category-faits-divers","category-ille-et-vilaine","category-revue-de-presse"],"relative_dates":{"created":"1 an ago","modified":"1 an ago"},"yoast_head":"<!-- This site is optimized with the Yoast SEO plugin v26.3 - https:\/\/yoast.com\/wordpress\/plugins\/seo\/ -->\n<title>Saint-Malo : un homme \u00e9chappe de peu \u00e0 une tentative d&#039;enl\u00e8vement - STOURM<\/title>\n<meta name=\"robots\" content=\"index, follow, max-snippet:-1, max-image-preview:large, max-video-preview:-1\" \/>\n<link rel=\"canonical\" href=\"https:\/\/stourm.news\/?p=2961\" \/>\n<meta property=\"og:locale\" content=\"fr_FR\" \/>\n<meta property=\"og:type\" content=\"article\" \/>\n<meta property=\"og:title\" content=\"Saint-Malo : un homme \u00e9chappe de peu \u00e0 une tentative d&#039;enl\u00e8vement - STOURM\" \/>\n<meta property=\"og:description\" content=\"L\u2019homme se d\u00e9m\u00e8ne, tente d\u2019emp\u00eacher les agresseurs de le forcer \u00e0 monter dans le coffre. Il est un peu plus d\u2019une heure du matin dans la nuit de mercredi \u00e0 jeudi \u00e0 Saint-Malo (Ille-et-Vilaine) quand un \u00e9quipage de police assiste \u00e0 une sc\u00e8ne \u00e9trange : une tentative d\u2019enl\u00e8vement. Selon nos informations, l\u2019un des auteurs a [&hellip;]\" \/>\n<meta property=\"og:url\" content=\"https:\/\/stourm.news\/?p=2961\" \/>\n<meta property=\"og:site_name\" content=\"STOURM\" \/>\n<meta property=\"article:publisher\" content=\"https:\/\/www.facebook.com\/stourmnews\/\" \/>\n<meta property=\"article:published_time\" content=\"2024-12-05T18:14:23+00:00\" \/>\n<meta property=\"og:image\" content=\"https:\/\/stourm.news\/wp-content\/uploads\/2024\/12\/stmalo1-scaled.jpg\" \/>\n\t<meta property=\"og:image:width\" content=\"2560\" \/>\n\t<meta property=\"og:image:height\" content=\"1706\" \/>\n\t<meta property=\"og:image:type\" content=\"image\/jpeg\" \/>\n<meta name=\"author\" content=\"La r\u00e9daction\" \/>\n<meta name=\"twitter:card\" content=\"summary_large_image\" \/>\n<meta name=\"twitter:label1\" content=\"\u00c9crit par\" \/>\n\t<meta name=\"twitter:data1\" content=\"La r\u00e9daction\" \/>\n\t<meta name=\"twitter:label2\" content=\"Dur\u00e9e de lecture estim\u00e9e\" \/>\n\t<meta name=\"twitter:data2\" content=\"2 minutes\" \/>\n<script type=\"application\/ld+json\" class=\"yoast-schema-graph\">{\"@context\":\"https:\/\/schema.org\",\"@graph\":[{\"@type\":\"Article\",\"@id\":\"https:\/\/stourm.news\/?p=2961#article\",\"isPartOf\":{\"@id\":\"https:\/\/stourm.news\/?p=2961\"},\"author\":{\"name\":\"La r\u00e9daction\",\"@id\":\"https:\/\/stourm.news\/#\/schema\/person\/c3e1dc65988632e190969234ef046cf9\"},\"headline\":\"Saint-Malo : un homme \u00e9chappe de peu \u00e0 une tentative d&rsquo;enl\u00e8vement\",\"datePublished\":\"2024-12-05T18:14:23+00:00\",\"mainEntityOfPage\":{\"@id\":\"https:\/\/stourm.news\/?p=2961\"},\"wordCount\":234,\"commentCount\":0,\"publisher\":{\"@id\":\"https:\/\/stourm.news\/#organization\"},\"image\":{\"@id\":\"https:\/\/stourm.news\/?p=2961#primaryimage\"},\"thumbnailUrl\":\"https:\/\/stourm.news\/wp-content\/uploads\/2024\/12\/stmalo1-scaled.jpg\",\"articleSection\":[\"Faits divers\",\"Ille-et-Vilaine\",\"Revue de presse\"],\"inLanguage\":\"fr-FR\",\"potentialAction\":[{\"@type\":\"CommentAction\",\"name\":\"Comment\",\"target\":[\"https:\/\/stourm.news\/?p=2961#respond\"]}]},{\"@type\":\"WebPage\",\"@id\":\"https:\/\/stourm.news\/?p=2961\",\"url\":\"https:\/\/stourm.news\/?p=2961\",\"name\":\"Saint-Malo : un homme \u00e9chappe de peu \u00e0 une tentative d'enl\u00e8vement - STOURM\",\"isPartOf\":{\"@id\":\"https:\/\/stourm.news\/#website\"},\"primaryImageOfPage\":{\"@id\":\"https:\/\/stourm.news\/?p=2961#primaryimage\"},\"image\":{\"@id\":\"https:\/\/stourm.news\/?p=2961#primaryimage\"},\"thumbnailUrl\":\"https:\/\/stourm.news\/wp-content\/uploads\/2024\/12\/stmalo1-scaled.jpg\",\"datePublished\":\"2024-12-05T18:14:23+00:00\",\"breadcrumb\":{\"@id\":\"https:\/\/stourm.news\/?p=2961#breadcrumb\"},\"inLanguage\":\"fr-FR\",\"potentialAction\":[{\"@type\":\"ReadAction\",\"target\":[\"https:\/\/stourm.news\/?p=2961\"]}]},{\"@type\":\"ImageObject\",\"inLanguage\":\"fr-FR\",\"@id\":\"https:\/\/stourm.news\/?p=2961#primaryimage\",\"url\":\"https:\/\/stourm.news\/wp-content\/uploads\/2024\/12\/stmalo1-scaled.jpg\",\"contentUrl\":\"https:\/\/stourm.news\/wp-content\/uploads\/2024\/12\/stmalo1-scaled.jpg\",\"width\":2560,\"height\":1706},{\"@type\":\"BreadcrumbList\",\"@id\":\"https:\/\/stourm.news\/?p=2961#breadcrumb\",\"itemListElement\":[{\"@type\":\"ListItem\",\"position\":1,\"name\":\"Accueil\",\"item\":\"https:\/\/stourm.news\/\"},{\"@type\":\"ListItem\",\"position\":2,\"name\":\"Saint-Malo : un homme \u00e9chappe de peu \u00e0 une tentative d&rsquo;enl\u00e8vement\"}]},{\"@type\":\"WebSite\",\"@id\":\"https:\/\/stourm.news\/#website\",\"url\":\"https:\/\/stourm.news\/\",\"name\":\"Stourm\",\"description\":\"Kazetenn Strollad Broadel Breizh\",\"publisher\":{\"@id\":\"https:\/\/stourm.news\/#organization\"},\"potentialAction\":[{\"@type\":\"SearchAction\",\"target\":{\"@type\":\"EntryPoint\",\"urlTemplate\":\"https:\/\/stourm.news\/?s={search_term_string}\"},\"query-input\":{\"@type\":\"PropertyValueSpecification\",\"valueRequired\":true,\"valueName\":\"search_term_string\"}}],\"inLanguage\":\"fr-FR\"},{\"@type\":\"Organization\",\"@id\":\"https:\/\/stourm.news\/#organization\",\"name\":\"Stourm\",\"url\":\"https:\/\/stourm.news\/\",\"logo\":{\"@type\":\"ImageObject\",\"inLanguage\":\"fr-FR\",\"@id\":\"https:\/\/stourm.news\/#\/schema\/logo\/image\/\",\"url\":\"https:\/\/stourm.news\/wp-content\/uploads\/2025\/11\/cropped-Capture-decran-2025-11-28-a-15.19.07.png\",\"contentUrl\":\"https:\/\/stourm.news\/wp-content\/uploads\/2025\/11\/cropped-Capture-decran-2025-11-28-a-15.19.07.png\",\"width\":1855,\"height\":383,\"caption\":\"Stourm\"},\"image\":{\"@id\":\"https:\/\/stourm.news\/#\/schema\/logo\/image\/\"},\"sameAs\":[\"https:\/\/www.facebook.com\/stourmnews\/\"]},{\"@type\":\"Person\",\"@id\":\"https:\/\/stourm.news\/#\/schema\/person\/c3e1dc65988632e190969234ef046cf9\",\"name\":\"La r\u00e9daction\",\"image\":{\"@type\":\"ImageObject\",\"inLanguage\":\"fr-FR\",\"@id\":\"https:\/\/stourm.news\/#\/schema\/person\/image\/\",\"url\":\"https:\/\/secure.gravatar.com\/avatar\/7463443f194b6b5fb706b074ca0ef59a0cfcfd720cb47764b0ec5a952ce422b3?s=96&d=mm&r=g\",\"contentUrl\":\"https:\/\/secure.gravatar.com\/avatar\/7463443f194b6b5fb706b074ca0ef59a0cfcfd720cb47764b0ec5a952ce422b3?s=96&d=mm&r=g\",\"caption\":\"La r\u00e9daction\"},\"sameAs\":[\"https:\/\/stourm.news\"],\"url\":\"https:\/\/stourm.news\/?author=1\"}]}<\/script>\n<!-- \/ Yoast SEO plugin. -->","yoast_head_json":{"title":"Saint-Malo : un homme \u00e9chappe de peu \u00e0 une tentative d'enl\u00e8vement - STOURM","robots":{"index":"index","follow":"follow","max-snippet":"max-snippet:-1","max-image-preview":"max-image-preview:large","max-video-preview":"max-video-preview:-1"},"canonical":"https:\/\/stourm.news\/?p=2961","og_locale":"fr_FR","og_type":"article","og_title":"Saint-Malo : un homme \u00e9chappe de peu \u00e0 une tentative d'enl\u00e8vement - STOURM","og_description":"L\u2019homme se d\u00e9m\u00e8ne, tente d\u2019emp\u00eacher les agresseurs de le forcer \u00e0 monter dans le coffre. Il est un peu plus d\u2019une heure du matin dans la nuit de mercredi \u00e0 jeudi \u00e0 Saint-Malo (Ille-et-Vilaine) quand un \u00e9quipage de police assiste \u00e0 une sc\u00e8ne \u00e9trange : une tentative d\u2019enl\u00e8vement. Selon nos informations, l\u2019un des auteurs a [&hellip;]","og_url":"https:\/\/stourm.news\/?p=2961","og_site_name":"STOURM","article_publisher":"https:\/\/www.facebook.com\/stourmnews\/","article_published_time":"2024-12-05T18:14:23+00:00","og_image":[{"width":2560,"height":1706,"url":"https:\/\/stourm.news\/wp-content\/uploads\/2024\/12\/stmalo1-scaled.jpg","type":"image\/jpeg"}],"author":"La r\u00e9daction","twitter_card":"summary_large_image","twitter_misc":{"\u00c9crit par":"La r\u00e9daction","Dur\u00e9e de lecture estim\u00e9e":"2 minutes"},"schema":{"@context":"https:\/\/schema.org","@graph":[{"@type":"Article","@id":"https:\/\/stourm.news\/?p=2961#article","isPartOf":{"@id":"https:\/\/stourm.news\/?p=2961"},"author":{"name":"La r\u00e9daction","@id":"https:\/\/stourm.news\/#\/schema\/person\/c3e1dc65988632e190969234ef046cf9"},"headline":"Saint-Malo : un homme \u00e9chappe de peu \u00e0 une tentative d&rsquo;enl\u00e8vement","datePublished":"2024-12-05T18:14:23+00:00","mainEntityOfPage":{"@id":"https:\/\/stourm.news\/?p=2961"},"wordCount":234,"commentCount":0,"publisher":{"@id":"https:\/\/stourm.news\/#organization"},"image":{"@id":"https:\/\/stourm.news\/?p=2961#primaryimage"},"thumbnailUrl":"https:\/\/stourm.news\/wp-content\/uploads\/2024\/12\/stmalo1-scaled.jpg","articleSection":["Faits divers","Ille-et-Vilaine","Revue de presse"],"inLanguage":"fr-FR","potentialAction":[{"@type":"CommentAction","name":"Comment","target":["https:\/\/stourm.news\/?p=2961#respond"]}]},{"@type":"WebPage","@id":"https:\/\/stourm.news\/?p=2961","url":"https:\/\/stourm.news\/?p=2961","name":"Saint-Malo : un homme \u00e9chappe de peu \u00e0 une tentative d'enl\u00e8vement - STOURM","isPartOf":{"@id":"https:\/\/stourm.news\/#website"},"primaryImageOfPage":{"@id":"https:\/\/stourm.news\/?p=2961#primaryimage"},"image":{"@id":"https:\/\/stourm.news\/?p=2961#primaryimage"},"thumbnailUrl":"https:\/\/stourm.news\/wp-content\/uploads\/2024\/12\/stmalo1-scaled.jpg","datePublished":"2024-12-05T18:14:23+00:00","breadcrumb":{"@id":"https:\/\/stourm.news\/?p=2961#breadcrumb"},"inLanguage":"fr-FR","potentialAction":[{"@type":"ReadAction","target":["https:\/\/stourm.news\/?p=2961"]}]},{"@type":"ImageObject","inLanguage":"fr-FR","@id":"https:\/\/stourm.news\/?p=2961#primaryimage","url":"https:\/\/stourm.news\/wp-content\/uploads\/2024\/12\/stmalo1-scaled.jpg","contentUrl":"https:\/\/stourm.news\/wp-content\/uploads\/2024\/12\/stmalo1-scaled.jpg","width":2560,"height":1706},{"@type":"BreadcrumbList","@id":"https:\/\/stourm.news\/?p=2961#breadcrumb","itemListElement":[{"@type":"ListItem","position":1,"name":"Accueil","item":"https:\/\/stourm.news\/"},{"@type":"ListItem","position":2,"name":"Saint-Malo : un homme \u00e9chappe de peu \u00e0 une tentative d&rsquo;enl\u00e8vement"}]},{"@type":"WebSite","@id":"https:\/\/stourm.news\/#website","url":"https:\/\/stourm.news\/","name":"Stourm","description":"Kazetenn Strollad Broadel Breizh","publisher":{"@id":"https:\/\/stourm.news\/#organization"},"potentialAction":[{"@type":"SearchAction","target":{"@type":"EntryPoint","urlTemplate":"https:\/\/stourm.news\/?s={search_term_string}"},"query-input":{"@type":"PropertyValueSpecification","valueRequired":true,"valueName":"search_term_string"}}],"inLanguage":"fr-FR"},{"@type":"Organization","@id":"https:\/\/stourm.news\/#organization","name":"Stourm","url":"https:\/\/stourm.news\/","logo":{"@type":"ImageObject","inLanguage":"fr-FR","@id":"https:\/\/stourm.news\/#\/schema\/logo\/image\/","url":"https:\/\/stourm.news\/wp-content\/uploads\/2025\/11\/cropped-Capture-decran-2025-11-28-a-15.19.07.png","contentUrl":"https:\/\/stourm.news\/wp-content\/uploads\/2025\/11\/cropped-Capture-decran-2025-11-28-a-15.19.07.png","width":1855,"height":383,"caption":"Stourm"},"image":{"@id":"https:\/\/stourm.news\/#\/schema\/logo\/image\/"},"sameAs":["https:\/\/www.facebook.com\/stourmnews\/"]},{"@type":"Person","@id":"https:\/\/stourm.news\/#\/schema\/person\/c3e1dc65988632e190969234ef046cf9","name":"La r\u00e9daction","image":{"@type":"ImageObject","inLanguage":"fr-FR","@id":"https:\/\/stourm.news\/#\/schema\/person\/image\/","url":"https:\/\/secure.gravatar.com\/avatar\/7463443f194b6b5fb706b074ca0ef59a0cfcfd720cb47764b0ec5a952ce422b3?s=96&d=mm&r=g","contentUrl":"https:\/\/secure.gravatar.com\/avatar\/7463443f194b6b5fb706b074ca0ef59a0cfcfd720cb47764b0ec5a952ce422b3?s=96&d=mm&r=g","caption":"La r\u00e9daction"},"sameAs":["https:\/\/stourm.news"],"url":"https:\/\/stourm.news\/?author=1"}]}},"_links":{"self":[{"href":"https:\/\/stourm.news\/index.php?rest_route=\/wp\/v2\/posts\/2961","targetHints":{"allow":["GET"]}}],"collection":[{"href":"https:\/\/stourm.news\/index.php?rest_route=\/wp\/v2\/posts"}],"about":[{"href":"https:\/\/stourm.news\/index.php?rest_route=\/wp\/v2\/types\/post"}],"author":[{"embeddable":true,"href":"https:\/\/stourm.news\/index.php?rest_route=\/wp\/v2\/users\/1"}],"replies":[{"embeddable":true,"href":"https:\/\/stourm.news\/index.php?rest_route=%2Fwp%2Fv2%2Fcomments&post=2961"}],"version-history":[{"count":1,"href":"https:\/\/stourm.news\/index.php?rest_route=\/wp\/v2\/posts\/2961\/revisions"}],"predecessor-version":[{"id":2963,"href":"https:\/\/stourm.news\/index.php?rest_route=\/wp\/v2\/posts\/2961\/revisions\/2963"}],"wp:featuredmedia":[{"embeddable":true,"href":"https:\/\/stourm.news\/index.php?rest_route=\/wp\/v2\/media\/2962"}],"wp:attachment":[{"href":"https:\/\/stourm.news\/index.php?rest_route=%2Fwp%2Fv2%2Fmedia&parent=2961"}],"wp:term":[{"taxonomy":"category","embeddable":true,"href":"https:\/\/stourm.news\/index.php?rest_route=%2Fwp%2Fv2%2Fcategories&post=2961"},{"taxonomy":"post_tag","embeddable":true,"href":"https:\/\/stourm.news\/index.php?rest_route=%2Fwp%2Fv2%2Ftags&post=2961"}],"curies":[{"name":"wp","href":"https:\/\/api.w.org\/{rel}","templated":true}]}}