{"id":2970,"date":"2024-12-06T11:55:09","date_gmt":"2024-12-06T11:55:09","guid":{"rendered":"https:\/\/stourm.news\/?p=2970"},"modified":"2024-12-06T11:55:09","modified_gmt":"2024-12-06T11:55:09","slug":"moelan-sur-mer-6700-habitants-un-salarie-blesse-par-arme-blanche-dans-un-supermarche","status":"publish","type":"post","link":"https:\/\/stourm.news\/?p=2970","title":{"rendered":"Mo\u00eblan-sur-Mer (6700 habitants) : un salari\u00e9 bless\u00e9 par arme blanche dans un supermarch\u00e9"},"content":{"rendered":"<p style=\"text-align: justify;\">Un diff\u00e9rend a oppos\u00e9 deux coll\u00e8gues d\u2019un supermarch\u00e9 de Mo\u00eblan-sur-Mer, jeudi 5 d\u00e9cembre. La bagarre a \u00e9clat\u00e9 vers 15 h. Au cours de l\u2019empoignade, un des deux hommes a \u00e9t\u00e9 bless\u00e9 au bras par un coup de couteau. Les circonstances sont encore floues. Des t\u00e9moins ont ensuite aper\u00e7u la victime qui poursuivait son coll\u00e8gue entre les rayons du magasin, laissant des taches de sang derri\u00e8re lui. Les pompiers de Mo\u00eblan-sur-Mer ont pris en charge la personne bless\u00e9e, qui a \u00e9t\u00e9 hospitalis\u00e9e, tandis que les gendarmes ont plac\u00e9 le deuxi\u00e8me homme en garde \u00e0 vue. Une enqu\u00eate est en cours.<\/p>\n<p style=\"text-align: justify;\">Source : <a href=\"https:\/\/www.letelegramme.fr\/finistere\/quimperle-29300\/un-salarie-blesse-par-arme-blanche-dans-un-supermarche-de-moelan-sur-mer-6717708.php\">Le T\u00e9l\u00e9gramme<\/a><\/p>\n","protected":false},"excerpt":{"rendered":"<p>Un diff\u00e9rend a oppos\u00e9 deux coll\u00e8gues d\u2019un supermarch\u00e9 de Mo\u00eblan-sur-Mer, jeudi 5 d\u00e9cembre. La bagarre a \u00e9clat\u00e9 vers 15 h. Au cours de l\u2019empoignade, un des deux hommes a \u00e9t\u00e9 bless\u00e9 au bras par un coup de couteau. Les circonstances sont encore floues. Des t\u00e9moins ont ensuite aper\u00e7u la victime qui poursuivait son coll\u00e8gue entre [&hellip;]<\/p>\n","protected":false},"author":1,"featured_media":2971,"comment_status":"open","ping_status":"open","sticky":false,"template":"","format":"standard","meta":{"sb_editor_width":"","footnotes":""},"categories":[31,38,62],"tags":[],"class_list":["post-2970","post","type-post","status-publish","format-standard","has-post-thumbnail","hentry","category-agression","category-finistere","category-revue-de-presse"],"relative_dates":{"created":"1 an ago","modified":"1 an ago"},"yoast_head":"<!-- This site is optimized with the Yoast SEO plugin v26.3 - https:\/\/yoast.com\/wordpress\/plugins\/seo\/ -->\n<title>Mo\u00eblan-sur-Mer (6700 habitants) : un salari\u00e9 bless\u00e9 par arme blanche dans un supermarch\u00e9 - STOURM<\/title>\n<meta name=\"robots\" content=\"index, follow, max-snippet:-1, max-image-preview:large, max-video-preview:-1\" \/>\n<link rel=\"canonical\" href=\"https:\/\/stourm.news\/?p=2970\" \/>\n<meta property=\"og:locale\" content=\"fr_FR\" \/>\n<meta property=\"og:type\" content=\"article\" \/>\n<meta property=\"og:title\" content=\"Mo\u00eblan-sur-Mer (6700 habitants) : un salari\u00e9 bless\u00e9 par arme blanche dans un supermarch\u00e9 - STOURM\" \/>\n<meta property=\"og:description\" content=\"Un diff\u00e9rend a oppos\u00e9 deux coll\u00e8gues d\u2019un supermarch\u00e9 de Mo\u00eblan-sur-Mer, jeudi 5 d\u00e9cembre. La bagarre a \u00e9clat\u00e9 vers 15 h. Au cours de l\u2019empoignade, un des deux hommes a \u00e9t\u00e9 bless\u00e9 au bras par un coup de couteau. Les circonstances sont encore floues. Des t\u00e9moins ont ensuite aper\u00e7u la victime qui poursuivait son coll\u00e8gue entre [&hellip;]\" \/>\n<meta property=\"og:url\" content=\"https:\/\/stourm.news\/?p=2970\" \/>\n<meta property=\"og:site_name\" content=\"STOURM\" \/>\n<meta property=\"article:publisher\" content=\"https:\/\/www.facebook.com\/stourmnews\/\" \/>\n<meta property=\"article:published_time\" content=\"2024-12-06T11:55:09+00:00\" \/>\n<meta property=\"og:image\" content=\"https:\/\/stourm.news\/wp-content\/uploads\/2024\/12\/Brigneau.webp\" \/>\n\t<meta property=\"og:image:width\" content=\"1200\" \/>\n\t<meta property=\"og:image:height\" content=\"630\" \/>\n\t<meta property=\"og:image:type\" content=\"image\/webp\" \/>\n<meta name=\"author\" content=\"La r\u00e9daction\" \/>\n<meta name=\"twitter:card\" content=\"summary_large_image\" \/>\n<meta name=\"twitter:label1\" content=\"\u00c9crit par\" \/>\n\t<meta name=\"twitter:data1\" content=\"La r\u00e9daction\" \/>\n\t<meta name=\"twitter:label2\" content=\"Dur\u00e9e de lecture estim\u00e9e\" \/>\n\t<meta name=\"twitter:data2\" content=\"1 minute\" \/>\n<script type=\"application\/ld+json\" class=\"yoast-schema-graph\">{\"@context\":\"https:\/\/schema.org\",\"@graph\":[{\"@type\":\"Article\",\"@id\":\"https:\/\/stourm.news\/?p=2970#article\",\"isPartOf\":{\"@id\":\"https:\/\/stourm.news\/?p=2970\"},\"author\":{\"name\":\"La r\u00e9daction\",\"@id\":\"https:\/\/stourm.news\/#\/schema\/person\/c3e1dc65988632e190969234ef046cf9\"},\"headline\":\"Mo\u00eblan-sur-Mer (6700 habitants) : un salari\u00e9 bless\u00e9 par arme blanche dans un supermarch\u00e9\",\"datePublished\":\"2024-12-06T11:55:09+00:00\",\"mainEntityOfPage\":{\"@id\":\"https:\/\/stourm.news\/?p=2970\"},\"wordCount\":128,\"commentCount\":0,\"publisher\":{\"@id\":\"https:\/\/stourm.news\/#organization\"},\"image\":{\"@id\":\"https:\/\/stourm.news\/?p=2970#primaryimage\"},\"thumbnailUrl\":\"https:\/\/stourm.news\/wp-content\/uploads\/2024\/12\/Brigneau.webp\",\"articleSection\":[\"Agression\",\"Finist\u00e8re\",\"Revue de presse\"],\"inLanguage\":\"fr-FR\",\"potentialAction\":[{\"@type\":\"CommentAction\",\"name\":\"Comment\",\"target\":[\"https:\/\/stourm.news\/?p=2970#respond\"]}]},{\"@type\":\"WebPage\",\"@id\":\"https:\/\/stourm.news\/?p=2970\",\"url\":\"https:\/\/stourm.news\/?p=2970\",\"name\":\"Mo\u00eblan-sur-Mer (6700 habitants) : un salari\u00e9 bless\u00e9 par arme blanche dans un supermarch\u00e9 - STOURM\",\"isPartOf\":{\"@id\":\"https:\/\/stourm.news\/#website\"},\"primaryImageOfPage\":{\"@id\":\"https:\/\/stourm.news\/?p=2970#primaryimage\"},\"image\":{\"@id\":\"https:\/\/stourm.news\/?p=2970#primaryimage\"},\"thumbnailUrl\":\"https:\/\/stourm.news\/wp-content\/uploads\/2024\/12\/Brigneau.webp\",\"datePublished\":\"2024-12-06T11:55:09+00:00\",\"breadcrumb\":{\"@id\":\"https:\/\/stourm.news\/?p=2970#breadcrumb\"},\"inLanguage\":\"fr-FR\",\"potentialAction\":[{\"@type\":\"ReadAction\",\"target\":[\"https:\/\/stourm.news\/?p=2970\"]}]},{\"@type\":\"ImageObject\",\"inLanguage\":\"fr-FR\",\"@id\":\"https:\/\/stourm.news\/?p=2970#primaryimage\",\"url\":\"https:\/\/stourm.news\/wp-content\/uploads\/2024\/12\/Brigneau.webp\",\"contentUrl\":\"https:\/\/stourm.news\/wp-content\/uploads\/2024\/12\/Brigneau.webp\",\"width\":1200,\"height\":630},{\"@type\":\"BreadcrumbList\",\"@id\":\"https:\/\/stourm.news\/?p=2970#breadcrumb\",\"itemListElement\":[{\"@type\":\"ListItem\",\"position\":1,\"name\":\"Accueil\",\"item\":\"https:\/\/stourm.news\/\"},{\"@type\":\"ListItem\",\"position\":2,\"name\":\"Mo\u00eblan-sur-Mer (6700 habitants) : un salari\u00e9 bless\u00e9 par arme blanche dans un supermarch\u00e9\"}]},{\"@type\":\"WebSite\",\"@id\":\"https:\/\/stourm.news\/#website\",\"url\":\"https:\/\/stourm.news\/\",\"name\":\"Stourm\",\"description\":\"Kazetenn Strollad Broadel Breizh\",\"publisher\":{\"@id\":\"https:\/\/stourm.news\/#organization\"},\"potentialAction\":[{\"@type\":\"SearchAction\",\"target\":{\"@type\":\"EntryPoint\",\"urlTemplate\":\"https:\/\/stourm.news\/?s={search_term_string}\"},\"query-input\":{\"@type\":\"PropertyValueSpecification\",\"valueRequired\":true,\"valueName\":\"search_term_string\"}}],\"inLanguage\":\"fr-FR\"},{\"@type\":\"Organization\",\"@id\":\"https:\/\/stourm.news\/#organization\",\"name\":\"Stourm\",\"url\":\"https:\/\/stourm.news\/\",\"logo\":{\"@type\":\"ImageObject\",\"inLanguage\":\"fr-FR\",\"@id\":\"https:\/\/stourm.news\/#\/schema\/logo\/image\/\",\"url\":\"https:\/\/stourm.news\/wp-content\/uploads\/2025\/11\/cropped-Capture-decran-2025-11-28-a-15.19.07.png\",\"contentUrl\":\"https:\/\/stourm.news\/wp-content\/uploads\/2025\/11\/cropped-Capture-decran-2025-11-28-a-15.19.07.png\",\"width\":1855,\"height\":383,\"caption\":\"Stourm\"},\"image\":{\"@id\":\"https:\/\/stourm.news\/#\/schema\/logo\/image\/\"},\"sameAs\":[\"https:\/\/www.facebook.com\/stourmnews\/\"]},{\"@type\":\"Person\",\"@id\":\"https:\/\/stourm.news\/#\/schema\/person\/c3e1dc65988632e190969234ef046cf9\",\"name\":\"La r\u00e9daction\",\"image\":{\"@type\":\"ImageObject\",\"inLanguage\":\"fr-FR\",\"@id\":\"https:\/\/stourm.news\/#\/schema\/person\/image\/\",\"url\":\"https:\/\/secure.gravatar.com\/avatar\/7463443f194b6b5fb706b074ca0ef59a0cfcfd720cb47764b0ec5a952ce422b3?s=96&d=mm&r=g\",\"contentUrl\":\"https:\/\/secure.gravatar.com\/avatar\/7463443f194b6b5fb706b074ca0ef59a0cfcfd720cb47764b0ec5a952ce422b3?s=96&d=mm&r=g\",\"caption\":\"La r\u00e9daction\"},\"sameAs\":[\"https:\/\/stourm.news\"],\"url\":\"https:\/\/stourm.news\/?author=1\"}]}<\/script>\n<!-- \/ Yoast SEO plugin. -->","yoast_head_json":{"title":"Mo\u00eblan-sur-Mer (6700 habitants) : un salari\u00e9 bless\u00e9 par arme blanche dans un supermarch\u00e9 - STOURM","robots":{"index":"index","follow":"follow","max-snippet":"max-snippet:-1","max-image-preview":"max-image-preview:large","max-video-preview":"max-video-preview:-1"},"canonical":"https:\/\/stourm.news\/?p=2970","og_locale":"fr_FR","og_type":"article","og_title":"Mo\u00eblan-sur-Mer (6700 habitants) : un salari\u00e9 bless\u00e9 par arme blanche dans un supermarch\u00e9 - STOURM","og_description":"Un diff\u00e9rend a oppos\u00e9 deux coll\u00e8gues d\u2019un supermarch\u00e9 de Mo\u00eblan-sur-Mer, jeudi 5 d\u00e9cembre. La bagarre a \u00e9clat\u00e9 vers 15 h. Au cours de l\u2019empoignade, un des deux hommes a \u00e9t\u00e9 bless\u00e9 au bras par un coup de couteau. Les circonstances sont encore floues. Des t\u00e9moins ont ensuite aper\u00e7u la victime qui poursuivait son coll\u00e8gue entre [&hellip;]","og_url":"https:\/\/stourm.news\/?p=2970","og_site_name":"STOURM","article_publisher":"https:\/\/www.facebook.com\/stourmnews\/","article_published_time":"2024-12-06T11:55:09+00:00","og_image":[{"width":1200,"height":630,"url":"https:\/\/stourm.news\/wp-content\/uploads\/2024\/12\/Brigneau.webp","type":"image\/webp"}],"author":"La r\u00e9daction","twitter_card":"summary_large_image","twitter_misc":{"\u00c9crit par":"La r\u00e9daction","Dur\u00e9e de lecture estim\u00e9e":"1 minute"},"schema":{"@context":"https:\/\/schema.org","@graph":[{"@type":"Article","@id":"https:\/\/stourm.news\/?p=2970#article","isPartOf":{"@id":"https:\/\/stourm.news\/?p=2970"},"author":{"name":"La r\u00e9daction","@id":"https:\/\/stourm.news\/#\/schema\/person\/c3e1dc65988632e190969234ef046cf9"},"headline":"Mo\u00eblan-sur-Mer (6700 habitants) : un salari\u00e9 bless\u00e9 par arme blanche dans un supermarch\u00e9","datePublished":"2024-12-06T11:55:09+00:00","mainEntityOfPage":{"@id":"https:\/\/stourm.news\/?p=2970"},"wordCount":128,"commentCount":0,"publisher":{"@id":"https:\/\/stourm.news\/#organization"},"image":{"@id":"https:\/\/stourm.news\/?p=2970#primaryimage"},"thumbnailUrl":"https:\/\/stourm.news\/wp-content\/uploads\/2024\/12\/Brigneau.webp","articleSection":["Agression","Finist\u00e8re","Revue de presse"],"inLanguage":"fr-FR","potentialAction":[{"@type":"CommentAction","name":"Comment","target":["https:\/\/stourm.news\/?p=2970#respond"]}]},{"@type":"WebPage","@id":"https:\/\/stourm.news\/?p=2970","url":"https:\/\/stourm.news\/?p=2970","name":"Mo\u00eblan-sur-Mer (6700 habitants) : un salari\u00e9 bless\u00e9 par arme blanche dans un supermarch\u00e9 - STOURM","isPartOf":{"@id":"https:\/\/stourm.news\/#website"},"primaryImageOfPage":{"@id":"https:\/\/stourm.news\/?p=2970#primaryimage"},"image":{"@id":"https:\/\/stourm.news\/?p=2970#primaryimage"},"thumbnailUrl":"https:\/\/stourm.news\/wp-content\/uploads\/2024\/12\/Brigneau.webp","datePublished":"2024-12-06T11:55:09+00:00","breadcrumb":{"@id":"https:\/\/stourm.news\/?p=2970#breadcrumb"},"inLanguage":"fr-FR","potentialAction":[{"@type":"ReadAction","target":["https:\/\/stourm.news\/?p=2970"]}]},{"@type":"ImageObject","inLanguage":"fr-FR","@id":"https:\/\/stourm.news\/?p=2970#primaryimage","url":"https:\/\/stourm.news\/wp-content\/uploads\/2024\/12\/Brigneau.webp","contentUrl":"https:\/\/stourm.news\/wp-content\/uploads\/2024\/12\/Brigneau.webp","width":1200,"height":630},{"@type":"BreadcrumbList","@id":"https:\/\/stourm.news\/?p=2970#breadcrumb","itemListElement":[{"@type":"ListItem","position":1,"name":"Accueil","item":"https:\/\/stourm.news\/"},{"@type":"ListItem","position":2,"name":"Mo\u00eblan-sur-Mer (6700 habitants) : un salari\u00e9 bless\u00e9 par arme blanche dans un supermarch\u00e9"}]},{"@type":"WebSite","@id":"https:\/\/stourm.news\/#website","url":"https:\/\/stourm.news\/","name":"Stourm","description":"Kazetenn Strollad Broadel Breizh","publisher":{"@id":"https:\/\/stourm.news\/#organization"},"potentialAction":[{"@type":"SearchAction","target":{"@type":"EntryPoint","urlTemplate":"https:\/\/stourm.news\/?s={search_term_string}"},"query-input":{"@type":"PropertyValueSpecification","valueRequired":true,"valueName":"search_term_string"}}],"inLanguage":"fr-FR"},{"@type":"Organization","@id":"https:\/\/stourm.news\/#organization","name":"Stourm","url":"https:\/\/stourm.news\/","logo":{"@type":"ImageObject","inLanguage":"fr-FR","@id":"https:\/\/stourm.news\/#\/schema\/logo\/image\/","url":"https:\/\/stourm.news\/wp-content\/uploads\/2025\/11\/cropped-Capture-decran-2025-11-28-a-15.19.07.png","contentUrl":"https:\/\/stourm.news\/wp-content\/uploads\/2025\/11\/cropped-Capture-decran-2025-11-28-a-15.19.07.png","width":1855,"height":383,"caption":"Stourm"},"image":{"@id":"https:\/\/stourm.news\/#\/schema\/logo\/image\/"},"sameAs":["https:\/\/www.facebook.com\/stourmnews\/"]},{"@type":"Person","@id":"https:\/\/stourm.news\/#\/schema\/person\/c3e1dc65988632e190969234ef046cf9","name":"La r\u00e9daction","image":{"@type":"ImageObject","inLanguage":"fr-FR","@id":"https:\/\/stourm.news\/#\/schema\/person\/image\/","url":"https:\/\/secure.gravatar.com\/avatar\/7463443f194b6b5fb706b074ca0ef59a0cfcfd720cb47764b0ec5a952ce422b3?s=96&d=mm&r=g","contentUrl":"https:\/\/secure.gravatar.com\/avatar\/7463443f194b6b5fb706b074ca0ef59a0cfcfd720cb47764b0ec5a952ce422b3?s=96&d=mm&r=g","caption":"La r\u00e9daction"},"sameAs":["https:\/\/stourm.news"],"url":"https:\/\/stourm.news\/?author=1"}]}},"_links":{"self":[{"href":"https:\/\/stourm.news\/index.php?rest_route=\/wp\/v2\/posts\/2970","targetHints":{"allow":["GET"]}}],"collection":[{"href":"https:\/\/stourm.news\/index.php?rest_route=\/wp\/v2\/posts"}],"about":[{"href":"https:\/\/stourm.news\/index.php?rest_route=\/wp\/v2\/types\/post"}],"author":[{"embeddable":true,"href":"https:\/\/stourm.news\/index.php?rest_route=\/wp\/v2\/users\/1"}],"replies":[{"embeddable":true,"href":"https:\/\/stourm.news\/index.php?rest_route=%2Fwp%2Fv2%2Fcomments&post=2970"}],"version-history":[{"count":1,"href":"https:\/\/stourm.news\/index.php?rest_route=\/wp\/v2\/posts\/2970\/revisions"}],"predecessor-version":[{"id":2972,"href":"https:\/\/stourm.news\/index.php?rest_route=\/wp\/v2\/posts\/2970\/revisions\/2972"}],"wp:featuredmedia":[{"embeddable":true,"href":"https:\/\/stourm.news\/index.php?rest_route=\/wp\/v2\/media\/2971"}],"wp:attachment":[{"href":"https:\/\/stourm.news\/index.php?rest_route=%2Fwp%2Fv2%2Fmedia&parent=2970"}],"wp:term":[{"taxonomy":"category","embeddable":true,"href":"https:\/\/stourm.news\/index.php?rest_route=%2Fwp%2Fv2%2Fcategories&post=2970"},{"taxonomy":"post_tag","embeddable":true,"href":"https:\/\/stourm.news\/index.php?rest_route=%2Fwp%2Fv2%2Ftags&post=2970"}],"curies":[{"name":"wp","href":"https:\/\/api.w.org\/{rel}","templated":true}]}}