{"id":2978,"date":"2024-12-06T12:54:08","date_gmt":"2024-12-06T12:54:08","guid":{"rendered":"https:\/\/stourm.news\/?p=2978"},"modified":"2024-12-06T12:54:08","modified_gmt":"2024-12-06T12:54:08","slug":"larmee-de-letat-breton-au-15e-siecle","status":"publish","type":"post","link":"https:\/\/stourm.news\/?p=2978","title":{"rendered":"L&rsquo;arm\u00e9e de l&rsquo;\u00c9tat breton au 15e si\u00e8cle"},"content":{"rendered":"<p style=\"text-align: justify;\">Au 15e si\u00e8cle, le duch\u00e9 de Bretagne est l\u2019h\u00e9ritier du royaume, puis du comt\u00e9 de Bretagne dont les fronti\u00e8res sont reconnues et quasiment inchang\u00e9es depuis Erispo\u00eb. En 1364, elle sort, exsangue, d\u2019une guerre civile qui opposa pendant pr\u00e8s de 25 ans la maison de Blois-Penthi\u00e8vre, aid\u00e9e par l&rsquo;ennemi fran\u00e7ais, \u00e0 celle des Montfort, puissamment soutenue par l&rsquo;alli\u00e9 anglais.<\/p>\n<p style=\"text-align: justify;\">Depuis les trait\u00e9s de Gu\u00e9rande de 1365 et 1381, Jean IV est un duc puissant, largement d\u00e9gag\u00e9 de la menace fran\u00e7aise. Lui et ses successeurs n\u2019auront de cesse de d\u00e9fendre l&rsquo;ind\u00e9pendance de la Bretagne. Jean IV put d\u00e8s 1366 compter sur les revenus d\u2019un imp\u00f4t nouveau, le fouage, initialement destin\u00e9 \u00e0 soutenir l\u2019effort militaire. La guerre devenue quasi permanente, au moins aux fronti\u00e8res du duch\u00e9, l\u2019imp\u00f4t le devint aussi, donnant ainsi aux Montfort les finances n\u00e9cessaires autorisant une politique que leurs pr\u00e9d\u00e9cesseurs n\u2019auraient jamais pu suivre.<\/p>\n<p style=\"text-align: justify;\">Mais le fait nouveau, plus encore, est l\u2019adh\u00e9sion progressive de la population \u00e0 l\u2019id\u00e9e de \u00ab Nation \u00bb. Le duc, bien vite, particuli\u00e8rement pour les plus humbles, incarna cette Nation bretonne, comme les \u00e9v\u00e9nements de 1420 ou la lev\u00e9e de l\u2019arm\u00e9e devant lever le si\u00e8ge de Nantes en 1487 le d\u00e9montrent.<\/p>\n<p style=\"text-align: justify;\"><strong>La r\u00e9putation des soldats bretons<\/strong><\/p>\n<p><img fetchpriority=\"high\" decoding=\"async\" class=\"alignnone size-medium\" src=\"https:\/\/static.actu.fr\/uploads\/2024\/11\/efb9706f87276d3c9706f872797c97v.jpg\" width=\"1280\" height=\"962\" \/><\/p>\n<p style=\"text-align: justify;\">La guerre de Succession et ses combats furent abondamment narr\u00e9s, et les chroniqueurs du temps, \u00e0 commencer par le Fran\u00e7ais Froissart, n\u2019ont cess\u00e9 de rendre hommage au combattant breton. Aur\u00e9ol\u00e9 par maint faits d\u2019armes \u00e9piques dont le fameux combat des Trente (1351), on le fait volontiers vivre dans le souvenir des chevaliers de la table Ronde.<\/p>\n<p style=\"text-align: justify;\">Quand Louis XI eut \u00e0 choisir, dans sa retraite vers Paris, en 1465, entre affronter l\u2019arm\u00e9e bourguignonne du Charolais, ou la bretonne, pourtant moins nombreuse, ne privil\u00e9gia-t-il pas la route de Montlh\u00e9ry \u00e0 celle d\u2019Etampes.<\/p>\n<p style=\"text-align: justify;\"><strong>Le syst\u00e8me de la compagnie<\/strong><\/p>\n<p><img decoding=\"async\" class=\"alignnone size-medium\" src=\"https:\/\/theatrum-belli.com\/wp-content\/uploads\/2019\/12\/Condottieres-au-14e-s..jpg\" width=\"1523\" height=\"1068\" \/><\/p>\n<p style=\"text-align: justify;\">La guerre de Cent Ans et surtout, \u00e0 l\u2019\u00e9chelle de la Bretagne, la guerre de Succession eut \u00e9galement pour effet de \u00ab corrompre \u00bb le syst\u00e8me de recrutement f\u00e9odal de l\u2019ost breton. Convoquer le ban et l\u2019arri\u00e8re ban devint, dans une guerre qui durait et o\u00f9 deux pr\u00e9tendants s\u2018affirmaient duc, compl\u00e8tement inadapt\u00e9. Montfort dut s\u2019appuyer le plus souvent sur des compagnies, sold\u00e9es, \u00e0 l&rsquo;image des arm\u00e9es lev\u00e9es par les rois d&rsquo;Angleterre.<\/p>\n<p style=\"text-align: justify;\">Dans ce contexte, les nobles s\u2019illustr\u00e8rent souvent, constituant sous leur banni\u00e8re des compagnies dont la fid\u00e9lit\u00e9 est potentiellement changeante. Il eut \u00e9t\u00e9 difficile, dans le cadre d\u2019une guerre civile et surtout apr\u00e8s celle-ci, de s\u2019appuyer sur une noblesse politiquement d\u00e9chir\u00e9e, et bien souvent d\u00e9loyale vis-\u00e0-vis du monarque breton.<\/p>\n<p style=\"text-align: justify;\">Le passage d\u2019une arm\u00e9e reposant presque exclusivement sur la convocation du ban f\u00e9odal \u00e0 une arm\u00e9e recrut\u00e9e largement en son sein, mais sold\u00e9e et organis\u00e9e en compagnie ne sera rendu possible qu\u2019avec l\u2019accroissement des revenues du duc, notamment gr\u00e2ce \u00e0 la g\u00e9n\u00e9ralisation du fouage \u00e0 partir de1364, imp\u00f4t direct normalement d\u00fb uniquement en cas de guerre, mais qui fut finalement reconduit d\u2019ann\u00e9e en ann\u00e9e. A compter de la guerre de Succession, donc, le syst\u00e8me de la compagnie pr\u00e9valut. D\u2019abord quand la n\u00e9cessit\u00e9 s\u2019en faisait sentir, puis d\u2019une mani\u00e8re plus r\u00e9guli\u00e8re.<\/p>\n<p style=\"text-align: justify;\">Il est \u00e0 ce titre int\u00e9ressant de constater que dans un mandement datant de 1419, le duch\u00e9 pourtant en paix, Pierre de Maul\u00e9on, alors tr\u00e9sorier de Bretagne, d\u00e9nombre 43 capitaines, \u00e0 la t\u00eate d\u2019autant de compagnies constitu\u00e9es. Celles-ci ne constituent pas une arm\u00e9e permanente, mais les capitaines qui y sont mentionn\u00e9s se doivent, en cas de danger, de se pr\u00e9senter leur compagnie sous leurs ordres.<\/p>\n<p style=\"text-align: justify;\">Ces compagnies conservent sans doute un caract\u00e8re f\u00e9odal, la plupart des capitaines \u00e9tant des vassaux directs ou indirects du duc, et sans doute leurs hommes en grande partie issus de la petite noblesse. Cependant, d\u2019un syst\u00e8me purement f\u00e9odal, on s\u2018\u00e9loigne, puisque ces compagnies seront, en cas de guerre, sold\u00e9es, ne r\u00e9pondant donc pas \u00e0 un devoir f\u00e9odal, et qu\u2019elles sont confi\u00e9es \u00e0 des capitaines choisis par le duc en fonction de leur fid\u00e9lit\u00e9 au duc plut\u00f4t qu\u2019en fonction de leur hi\u00e9rarchie dans la pyramide f\u00e9odale bretonne.<\/p>\n<p><strong>Une arm\u00e9e de 5000 soldats professionnels<\/strong><\/p>\n<p><img decoding=\"async\" class=\"alignnone size-medium\" src=\"https:\/\/disgustingmen.com\/wp-content\/uploads\/2024\/10\/richemont.jpg\" width=\"1020\" height=\"661\" \/><\/p>\n<p style=\"text-align: justify;\">La compagnie d\u2019alors p\u00e8se, encore, par le nombre d\u2019hommes d\u2019armes qui la compose. A titre d\u2019exemples, lors du complot des Penthi\u00e8vre, en 1420, furent lever un grand nombres de compagnies. Les 15 compagnies r\u00e9unies par l\u2019amiral de Bretagne Jean de Penhou\u00ebt regroupant les forces des pays de Rennes, Foug\u00e8res et Montfort, comptent, selon d\u2019Argentr\u00e9, 468 hommes d\u2019armes, 59 arbal\u00e9triers et 255 archers. Si on suit le raisonnement de La Borderie qui part du principe qu\u2019il faut attribuer un page et un coutilier \u00e0 chaque homme d\u2019armes, on obtient donc une force de 1733 hommes, et donc une compagnie regroupant en moyenne 100 \u00e0 120 hommes. D\u2019o\u00f9 La Borderie pense pouvoir conclure que les forces pouvant \u00eatre align\u00e9e par le duc dans le cadre de ces compagnies pouvaient s\u2019\u00e9lever \u00e0 environ 5000 hommes.<\/p>\n<p style=\"text-align: justify;\">Leurs effectifs semblent pour autant tr\u00e8s variables. Durant la m\u00eame ann\u00e9e, on compte par exemple pr\u00e9sentes dans l\u2019arm\u00e9e du Poitou:<br \/>\n&#8211; Cie de Jehan Guimar (140 hommes d\u2019armes, 73 archers, 15 arbal\u00e9triers)<br \/>\n&#8211; Cie de Jehan de Neuville (85 hommes d\u2019armes, 38 archers, 5 arbal\u00e9triers)<br \/>\n&#8211; Cie d\u2019Henry de Penmarc\u2019h (60 hommes d\u2019armes, 28 archers, 6 arbal\u00e9triers)<br \/>\n&#8211; Cie de Jacques de Dinan (300 hommes d\u2019armes, 160 archers, 47 arbal\u00e9triers)<br \/>\n&#8211; Cie de Jacques Bonenfant (100 hommes d\u2019armes, 50 archers).<\/p>\n<p style=\"text-align: justify;\">Quand la guerre \u00e9clatera en 1432 contre le Duc d\u2018Alen\u00e7on, et qu\u2019on convoque l\u2019ost pour aller assi\u00e9ger Pouanc\u00e9. Ces \u00ab contingents retenus \u00bb compteront alors 6000 hommes, dont:<br \/>\n&#8211; Cie du vicomte de Rohan (561 hommes d\u2019armes, 320 archers)<br \/>\n&#8211; Cie du comte de Laval (216 hommes d\u2019armes, 58 archers)<br \/>\n&#8211; Cie du mar\u00e9chal de Bretagne (247 hommes d\u2019armes, 180 archers)<\/p>\n<p style=\"text-align: justify;\">Leur composition variait grandement, mais outre la pr\u00e9dominance des hommes d\u2019armes (dans un rapport allant de 3 pour 2 \u00e0 2 pour 1), il est notable de constater (quand les montres font le distinguo)que d\u00e8s cette \u00e9poque, les Bretons privil\u00e9gient l\u2019arc \u00e0 l\u2019arbal\u00e8te.<\/p>\n<p style=\"text-align: justify;\">Peut-\u00eatre faut-il voir, embryon de compagnies, les maisons des grands feudataires, ayant pour les plus \u00e9minents des gardes personnelles. C\u2019est le cas des Laval, des Rieux, ou encore des vicomtes de Rohan, dont l\u2019h\u00f4tel particulier convoqu\u00e9 par un repr\u00e9sentant du duc \u00e0 Josselin en 1477 se compose de 8 hommes d\u2019armes, 8 pages, 8 coustilliers, 20 archers, et 5 vougiers, tous mont\u00e9s.<\/p>\n<p><strong>Les volontaires \u00e9trangers<\/strong><\/p>\n<p><img loading=\"lazy\" decoding=\"async\" class=\"alignnone size-medium\" src=\"https:\/\/www.warhistoryonline.com\/wp-content\/uploads\/sites\/64\/2016\/06\/00-8waysengland.jpg\" width=\"800\" height=\"419\" \/><\/p>\n<p style=\"text-align: justify;\">On voit, enfin, \u00e0 c\u00f4t\u00e9s de ses compagnies des bandes \u00e9trang\u00e8res. C\u2019est par exemple le cas d\u2019une compagnie d\u2019Ecossais regroupant 20 hommes d\u2019armes et 100 archers employ\u00e9s par Jean V en 1432. Mais contrairement \u00e0 ce qui se fit durant la guerre de Succession, ce ph\u00e9nom\u00e8ne est maintenant anecdotique: la Bretagne \u00ab exporte \u00bb, en ce d\u00e9but du XVe, si\u00e8cle infiniment plus de soldats qu\u2019elle n\u2019en \u00ab importe \u00bb.<\/p>\n<p style=\"text-align: justify;\">Il n\u2019en reste pas moins qu\u2019en cas d\u2019urgence, ce syst\u00e8me de compagnie trouve ses limites et en cons\u00e9quence, \u00e0 plusieurs occasions, tout comme en ao\u00fbt 1449, le ban et l\u2019arri\u00e8re ban furent convoqu\u00e9s. Et ces \u00ab professionnels \u00bb de la guerre se virent rejoints par de tr\u00e8s nombreux auxiliaires, nobles r\u00e9pondant \u00e0 l\u2019appel du duc par fid\u00e9lit\u00e9 (notamment en Basse Bretagne) et, plus encore, surtout associ\u00e9es lors d\u2019actions locales, milices paroissiales, nouvellement cr\u00e9\u00e9es.<\/p>\n<p style=\"text-align: justify;\"><strong>La cr\u00e9ation des archers libres (18,000 hommes)<\/strong><\/p>\n<p><img loading=\"lazy\" decoding=\"async\" class=\"alignnone size-medium\" src=\"https:\/\/i.pinimg.com\/736x\/16\/f3\/6e\/16f36e943a113938189939b733d26068.jpg\" width=\"736\" height=\"552\" \/><\/p>\n<p style=\"text-align: justify;\">La constitution d\u2019une force ne d\u00e9pendant pas de la noblesse dont la fiabilit\u00e9 doit encore \u00eatre jug\u00e9e al\u00e9atoire, \u00e9tait pour les ducs de Bretagne devenue une n\u00e9cessit\u00e9, doubl\u00e9 d\u2019un atout : les Montfort ne l\u2019ignoraient pas; ils \u00e9taient fort populaires aupr\u00e8s du peuple.<\/p>\n<p style=\"text-align: justify;\">D\u2019une part, par \u00ab ricochet \u00bb, car Jean V, quand il cr\u00e9e les archers libres, voulut sans doute doter son duch\u00e9 d\u2019une arme imitant celle des anciens fr\u00e8res d\u2019armes qui servirent son p\u00e8re; l\u2019archerie ayant prouv\u00e9 si souvent son efficacit\u00e9.<\/p>\n<p style=\"text-align: justify;\">Le 20 mars 1425, une ordonnance ducale organise cette sorte de milice paroissiale, groupant les hommes \u00e2g\u00e9s de 24 \u00e0 45 ans dispens\u00e9s de fouage (donc \u00ab libres \u00bb), \u00e0 raison d\u2019un homme par groupe de 20 feux. Ils se doivent d\u2019\u00eatre assez bien \u00e9quip\u00e9s, \u00e0 la charge des paroisses:<\/p>\n<p style=\"text-align: justify;\"><strong>\u00ab\u00a0Ceux qui sauront tirer \u00e0 l&rsquo;arc doivent \u00eatre \u00e9quip\u00e9s d&rsquo;un arc, d&rsquo;un carquois, d&rsquo;une capeline, de c\u00f4tes de mailles, d&rsquo;une hache ou d&rsquo;un maillet de plomb. Ils doivent \u00eatre prot\u00e9g\u00e9s par un haubert, recouverts de brassards, de mailles ou d&rsquo;autres protections pour les bras. Ceux qui ne sont pas archers doivent \u00eatre arm\u00e9s d&rsquo;un haubert et porter une capeline, des c\u00f4tes de mailles, des haches ou des hallebardes. De plus, ils doivent avoir des boucliers de bois ou tout autre mat\u00e9riau appropri\u00e9 qu&rsquo;ils pourront trouver, et les boucliers doivent \u00eatre assez grands pour couvrir \u00e0 la fois le haut et le bas du corps.\u00a0\u00bb<\/strong><\/p>\n<p style=\"text-align: justify;\">Comme en Angleterre, le tir \u00e0 l\u2019arc \u00e9tait pratiqu\u00e9 assez commun\u00e9ment en Bretagne. Ces hommes devaient s\u2019exercer au tir les jours de f\u00eate, Jean V reprenant visiblement une pr\u00e9c\u00e9dente ordonnance :<\/p>\n<p style=\"text-align: justify;\"><strong>\u00ab\u00a0&#8230;Comme nous l&rsquo;avons d\u00e9j\u00e0 interdit autrefois pour tous les jeux, sauf pour l&rsquo;arc ou l&rsquo;arbal\u00e8te, nous l&rsquo;interdisons \u00e0 nouveau sous peine d&rsquo;une amende de soixante sous, qui sera impos\u00e9e, per\u00e7ue et lev\u00e9e sur celui qui contreviendra \u00e0 notre interdiction. Nous ordonnons \u00e0 nos commissaires et aux juges des lieux de faire respecter et maintenir cette interdiction, et nous enjoignons aux juges de fixer et punir les contrevenants, ainsi qu&rsquo;\u00e0 nos procureurs de les poursuivre et de les tenir en proc\u00e8s en vue de l&rsquo;amende susmentionn\u00e9e.\u00a0\u00bb<\/strong><\/p>\n<p style=\"text-align: justify;\">Archers et vougiers semblent avoir \u00e9t\u00e9 localement encadr\u00e9s par les nobles de leur paroisse, et regroup\u00e9s sous les ordres d\u2019un capitaine dans chacun des neuf \u00e9v\u00each\u00e9s bretons (dont-ils portent th\u00e9oriquement le badge) en compagnies de 200 hommes.<\/p>\n<p style=\"text-align: justify;\">Leur effectif, \u00e0 l\u2019\u00e9chelle du duch\u00e9 est loin d\u2019\u00eatre n\u00e9gligeable puisqu\u2019au total, ce syst\u00e8me aurait permis de mobiliser 9 000 (estimation de La Borderie) \u00e0 18 000 (d\u2019apr\u00e8s Jones) archers libres. Jamais portant, semble-t-il, on ne les mobilisa tous ensemble, sinon peut-\u00eatre en 1487 lors de la montre de Malestroit et, quelques mois plus tard, quand une arm\u00e9e de secours se leva pour lib\u00e9rer Fran\u00e7ois II assi\u00e9g\u00e9 dans Nantes.<\/p>\n<p style=\"text-align: justify;\">Leur valeur militaire \u00e9tait pour autant limit\u00e9e, cette troupe manquant de coh\u00e9sion, si bien que Fran\u00e7ois II essaya d\u2019en r\u00e9organiser tout ou partie en 1480 en mettant en place avec \u00ab les meilleurs, les plus puissants et les plus agiles \u00bb les <strong>Bons Corps<\/strong>.<\/p>\n<p style=\"text-align: justify;\">Les francs archers bretons ont connu leurs succ\u00e8s en 1487, o\u00f9 leur enthousiasme contribua \u00e0 obliger les Fran\u00e7ais \u00e0 lever le si\u00e8ge de Nantes. Aussi, on peut rappeler que 1 700 d\u2019entre eux (portant la croix de St Georges), en conjonction \u00e0 300 archers anglais et 400 lances d\u2019ordonnance, au commencement de la bataille de St Aubin du Cormier, r\u00e9ussirent en une charge vigoureuse \u00e0 faire reculer de 200 pas l\u2019aile droite fran\u00e7aise compos\u00e9e de 5 \u00e0 6 000 mercenaires suisses\u2026 alors consid\u00e9r\u00e9s comme l\u2019\u00e9lite des fantassins europ\u00e9ens.<\/p>\n<p><strong>Les milices urbaines<\/strong><\/p>\n<p style=\"text-align: justify;\">Ces milices paroissiales ne sont pas \u00e0 confondre avec les milices urbaines d\u2019une soixantaine de villes bretonnes, dont les municipalit\u00e9s se devaient d\u2019assurer le guet, et fournir la place en artillerie, et en hommes. Parmi celles-ci, Rennes et Nantes, de loin les deux plus importantes, alignaient chacune entre 800 et 1300 hommes, la seconde comptant m\u00eame en ses rangs une compagnie de 80 haquebutiers.<\/p>\n<p style=\"text-align: justify;\">Enfin, il est \u00e0 noter que deux ordonnances concern\u00e8rent l\u2019organisation des \u00ab gens de mer \u00bb, en vue de la constitution d\u2019une sorte de corps de gardes c\u00f4te dont le r\u00f4le \u00e9tait de se pr\u00e9munir contre les raids ennemis.<\/p>\n<p><strong>Fin de la premi\u00e8re partie<\/strong><\/p>\n","protected":false},"excerpt":{"rendered":"<p>Au 15e si\u00e8cle, le duch\u00e9 de Bretagne est l\u2019h\u00e9ritier du royaume, puis du comt\u00e9 de Bretagne dont les fronti\u00e8res sont reconnues et quasiment inchang\u00e9es depuis Erispo\u00eb. En 1364, elle sort, exsangue, d\u2019une guerre civile qui opposa pendant pr\u00e8s de 25 ans la maison de Blois-Penthi\u00e8vre, aid\u00e9e par l&rsquo;ennemi fran\u00e7ais, \u00e0 celle des Montfort, puissamment soutenue [&hellip;]<\/p>\n","protected":false},"author":1,"featured_media":2979,"comment_status":"open","ping_status":"open","sticky":false,"template":"","format":"standard","meta":{"sb_editor_width":"","footnotes":""},"categories":[50,65],"tags":[],"class_list":["post-2978","post","type-post","status-publish","format-standard","has-post-thumbnail","hentry","category-histoire-de-bretagne","category-principale"],"relative_dates":{"created":"1 an ago","modified":"1 an ago"},"yoast_head":"<!-- This site is optimized with the Yoast SEO plugin v26.3 - https:\/\/yoast.com\/wordpress\/plugins\/seo\/ -->\n<title>L&#039;arm\u00e9e de l&#039;\u00c9tat breton au 15e si\u00e8cle - STOURM<\/title>\n<meta name=\"robots\" content=\"index, follow, max-snippet:-1, max-image-preview:large, max-video-preview:-1\" \/>\n<link rel=\"canonical\" href=\"https:\/\/stourm.news\/?p=2978\" \/>\n<meta property=\"og:locale\" content=\"fr_FR\" \/>\n<meta property=\"og:type\" content=\"article\" \/>\n<meta property=\"og:title\" content=\"L&#039;arm\u00e9e de l&#039;\u00c9tat breton au 15e si\u00e8cle - STOURM\" \/>\n<meta property=\"og:description\" content=\"Au 15e si\u00e8cle, le duch\u00e9 de Bretagne est l\u2019h\u00e9ritier du royaume, puis du comt\u00e9 de Bretagne dont les fronti\u00e8res sont reconnues et quasiment inchang\u00e9es depuis Erispo\u00eb. En 1364, elle sort, exsangue, d\u2019une guerre civile qui opposa pendant pr\u00e8s de 25 ans la maison de Blois-Penthi\u00e8vre, aid\u00e9e par l&rsquo;ennemi fran\u00e7ais, \u00e0 celle des Montfort, puissamment soutenue [&hellip;]\" \/>\n<meta property=\"og:url\" content=\"https:\/\/stourm.news\/?p=2978\" \/>\n<meta property=\"og:site_name\" content=\"STOURM\" \/>\n<meta property=\"article:publisher\" content=\"https:\/\/www.facebook.com\/stourmnews\/\" \/>\n<meta property=\"article:published_time\" content=\"2024-12-06T12:54:08+00:00\" \/>\n<meta property=\"og:image\" content=\"https:\/\/stourm.news\/wp-content\/uploads\/2024\/12\/efb9706f87276d3c9706f872797c97v.jpg\" \/>\n\t<meta property=\"og:image:width\" content=\"1280\" \/>\n\t<meta property=\"og:image:height\" content=\"962\" \/>\n\t<meta property=\"og:image:type\" content=\"image\/jpeg\" \/>\n<meta name=\"author\" content=\"La r\u00e9daction\" \/>\n<meta name=\"twitter:card\" content=\"summary_large_image\" \/>\n<meta name=\"twitter:label1\" content=\"\u00c9crit par\" \/>\n\t<meta name=\"twitter:data1\" content=\"La r\u00e9daction\" \/>\n\t<meta name=\"twitter:label2\" content=\"Dur\u00e9e de lecture estim\u00e9e\" \/>\n\t<meta name=\"twitter:data2\" content=\"11 minutes\" \/>\n<script type=\"application\/ld+json\" class=\"yoast-schema-graph\">{\"@context\":\"https:\/\/schema.org\",\"@graph\":[{\"@type\":\"Article\",\"@id\":\"https:\/\/stourm.news\/?p=2978#article\",\"isPartOf\":{\"@id\":\"https:\/\/stourm.news\/?p=2978\"},\"author\":{\"name\":\"La r\u00e9daction\",\"@id\":\"https:\/\/stourm.news\/#\/schema\/person\/c3e1dc65988632e190969234ef046cf9\"},\"headline\":\"L&rsquo;arm\u00e9e de l&rsquo;\u00c9tat breton au 15e si\u00e8cle\",\"datePublished\":\"2024-12-06T12:54:08+00:00\",\"mainEntityOfPage\":{\"@id\":\"https:\/\/stourm.news\/?p=2978\"},\"wordCount\":2082,\"commentCount\":0,\"publisher\":{\"@id\":\"https:\/\/stourm.news\/#organization\"},\"image\":{\"@id\":\"https:\/\/stourm.news\/?p=2978#primaryimage\"},\"thumbnailUrl\":\"https:\/\/stourm.news\/wp-content\/uploads\/2024\/12\/efb9706f87276d3c9706f872797c97v.jpg\",\"articleSection\":[\"Histoire de Bretagne\",\"Principale\"],\"inLanguage\":\"fr-FR\",\"potentialAction\":[{\"@type\":\"CommentAction\",\"name\":\"Comment\",\"target\":[\"https:\/\/stourm.news\/?p=2978#respond\"]}]},{\"@type\":\"WebPage\",\"@id\":\"https:\/\/stourm.news\/?p=2978\",\"url\":\"https:\/\/stourm.news\/?p=2978\",\"name\":\"L'arm\u00e9e de l'\u00c9tat breton au 15e si\u00e8cle - STOURM\",\"isPartOf\":{\"@id\":\"https:\/\/stourm.news\/#website\"},\"primaryImageOfPage\":{\"@id\":\"https:\/\/stourm.news\/?p=2978#primaryimage\"},\"image\":{\"@id\":\"https:\/\/stourm.news\/?p=2978#primaryimage\"},\"thumbnailUrl\":\"https:\/\/stourm.news\/wp-content\/uploads\/2024\/12\/efb9706f87276d3c9706f872797c97v.jpg\",\"datePublished\":\"2024-12-06T12:54:08+00:00\",\"breadcrumb\":{\"@id\":\"https:\/\/stourm.news\/?p=2978#breadcrumb\"},\"inLanguage\":\"fr-FR\",\"potentialAction\":[{\"@type\":\"ReadAction\",\"target\":[\"https:\/\/stourm.news\/?p=2978\"]}]},{\"@type\":\"ImageObject\",\"inLanguage\":\"fr-FR\",\"@id\":\"https:\/\/stourm.news\/?p=2978#primaryimage\",\"url\":\"https:\/\/stourm.news\/wp-content\/uploads\/2024\/12\/efb9706f87276d3c9706f872797c97v.jpg\",\"contentUrl\":\"https:\/\/stourm.news\/wp-content\/uploads\/2024\/12\/efb9706f87276d3c9706f872797c97v.jpg\",\"width\":1280,\"height\":962},{\"@type\":\"BreadcrumbList\",\"@id\":\"https:\/\/stourm.news\/?p=2978#breadcrumb\",\"itemListElement\":[{\"@type\":\"ListItem\",\"position\":1,\"name\":\"Accueil\",\"item\":\"https:\/\/stourm.news\/\"},{\"@type\":\"ListItem\",\"position\":2,\"name\":\"L&rsquo;arm\u00e9e de l&rsquo;\u00c9tat breton au 15e si\u00e8cle\"}]},{\"@type\":\"WebSite\",\"@id\":\"https:\/\/stourm.news\/#website\",\"url\":\"https:\/\/stourm.news\/\",\"name\":\"Stourm\",\"description\":\"Kazetenn Strollad Broadel Breizh\",\"publisher\":{\"@id\":\"https:\/\/stourm.news\/#organization\"},\"potentialAction\":[{\"@type\":\"SearchAction\",\"target\":{\"@type\":\"EntryPoint\",\"urlTemplate\":\"https:\/\/stourm.news\/?s={search_term_string}\"},\"query-input\":{\"@type\":\"PropertyValueSpecification\",\"valueRequired\":true,\"valueName\":\"search_term_string\"}}],\"inLanguage\":\"fr-FR\"},{\"@type\":\"Organization\",\"@id\":\"https:\/\/stourm.news\/#organization\",\"name\":\"Stourm\",\"url\":\"https:\/\/stourm.news\/\",\"logo\":{\"@type\":\"ImageObject\",\"inLanguage\":\"fr-FR\",\"@id\":\"https:\/\/stourm.news\/#\/schema\/logo\/image\/\",\"url\":\"https:\/\/stourm.news\/wp-content\/uploads\/2025\/11\/cropped-Capture-decran-2025-11-28-a-15.19.07.png\",\"contentUrl\":\"https:\/\/stourm.news\/wp-content\/uploads\/2025\/11\/cropped-Capture-decran-2025-11-28-a-15.19.07.png\",\"width\":1855,\"height\":383,\"caption\":\"Stourm\"},\"image\":{\"@id\":\"https:\/\/stourm.news\/#\/schema\/logo\/image\/\"},\"sameAs\":[\"https:\/\/www.facebook.com\/stourmnews\/\"]},{\"@type\":\"Person\",\"@id\":\"https:\/\/stourm.news\/#\/schema\/person\/c3e1dc65988632e190969234ef046cf9\",\"name\":\"La r\u00e9daction\",\"image\":{\"@type\":\"ImageObject\",\"inLanguage\":\"fr-FR\",\"@id\":\"https:\/\/stourm.news\/#\/schema\/person\/image\/\",\"url\":\"https:\/\/secure.gravatar.com\/avatar\/7463443f194b6b5fb706b074ca0ef59a0cfcfd720cb47764b0ec5a952ce422b3?s=96&d=mm&r=g\",\"contentUrl\":\"https:\/\/secure.gravatar.com\/avatar\/7463443f194b6b5fb706b074ca0ef59a0cfcfd720cb47764b0ec5a952ce422b3?s=96&d=mm&r=g\",\"caption\":\"La r\u00e9daction\"},\"sameAs\":[\"https:\/\/stourm.news\"],\"url\":\"https:\/\/stourm.news\/?author=1\"}]}<\/script>\n<!-- \/ Yoast SEO plugin. -->","yoast_head_json":{"title":"L'arm\u00e9e de l'\u00c9tat breton au 15e si\u00e8cle - STOURM","robots":{"index":"index","follow":"follow","max-snippet":"max-snippet:-1","max-image-preview":"max-image-preview:large","max-video-preview":"max-video-preview:-1"},"canonical":"https:\/\/stourm.news\/?p=2978","og_locale":"fr_FR","og_type":"article","og_title":"L'arm\u00e9e de l'\u00c9tat breton au 15e si\u00e8cle - STOURM","og_description":"Au 15e si\u00e8cle, le duch\u00e9 de Bretagne est l\u2019h\u00e9ritier du royaume, puis du comt\u00e9 de Bretagne dont les fronti\u00e8res sont reconnues et quasiment inchang\u00e9es depuis Erispo\u00eb. En 1364, elle sort, exsangue, d\u2019une guerre civile qui opposa pendant pr\u00e8s de 25 ans la maison de Blois-Penthi\u00e8vre, aid\u00e9e par l&rsquo;ennemi fran\u00e7ais, \u00e0 celle des Montfort, puissamment soutenue [&hellip;]","og_url":"https:\/\/stourm.news\/?p=2978","og_site_name":"STOURM","article_publisher":"https:\/\/www.facebook.com\/stourmnews\/","article_published_time":"2024-12-06T12:54:08+00:00","og_image":[{"width":1280,"height":962,"url":"https:\/\/stourm.news\/wp-content\/uploads\/2024\/12\/efb9706f87276d3c9706f872797c97v.jpg","type":"image\/jpeg"}],"author":"La r\u00e9daction","twitter_card":"summary_large_image","twitter_misc":{"\u00c9crit par":"La r\u00e9daction","Dur\u00e9e de lecture estim\u00e9e":"11 minutes"},"schema":{"@context":"https:\/\/schema.org","@graph":[{"@type":"Article","@id":"https:\/\/stourm.news\/?p=2978#article","isPartOf":{"@id":"https:\/\/stourm.news\/?p=2978"},"author":{"name":"La r\u00e9daction","@id":"https:\/\/stourm.news\/#\/schema\/person\/c3e1dc65988632e190969234ef046cf9"},"headline":"L&rsquo;arm\u00e9e de l&rsquo;\u00c9tat breton au 15e si\u00e8cle","datePublished":"2024-12-06T12:54:08+00:00","mainEntityOfPage":{"@id":"https:\/\/stourm.news\/?p=2978"},"wordCount":2082,"commentCount":0,"publisher":{"@id":"https:\/\/stourm.news\/#organization"},"image":{"@id":"https:\/\/stourm.news\/?p=2978#primaryimage"},"thumbnailUrl":"https:\/\/stourm.news\/wp-content\/uploads\/2024\/12\/efb9706f87276d3c9706f872797c97v.jpg","articleSection":["Histoire de Bretagne","Principale"],"inLanguage":"fr-FR","potentialAction":[{"@type":"CommentAction","name":"Comment","target":["https:\/\/stourm.news\/?p=2978#respond"]}]},{"@type":"WebPage","@id":"https:\/\/stourm.news\/?p=2978","url":"https:\/\/stourm.news\/?p=2978","name":"L'arm\u00e9e de l'\u00c9tat breton au 15e si\u00e8cle - STOURM","isPartOf":{"@id":"https:\/\/stourm.news\/#website"},"primaryImageOfPage":{"@id":"https:\/\/stourm.news\/?p=2978#primaryimage"},"image":{"@id":"https:\/\/stourm.news\/?p=2978#primaryimage"},"thumbnailUrl":"https:\/\/stourm.news\/wp-content\/uploads\/2024\/12\/efb9706f87276d3c9706f872797c97v.jpg","datePublished":"2024-12-06T12:54:08+00:00","breadcrumb":{"@id":"https:\/\/stourm.news\/?p=2978#breadcrumb"},"inLanguage":"fr-FR","potentialAction":[{"@type":"ReadAction","target":["https:\/\/stourm.news\/?p=2978"]}]},{"@type":"ImageObject","inLanguage":"fr-FR","@id":"https:\/\/stourm.news\/?p=2978#primaryimage","url":"https:\/\/stourm.news\/wp-content\/uploads\/2024\/12\/efb9706f87276d3c9706f872797c97v.jpg","contentUrl":"https:\/\/stourm.news\/wp-content\/uploads\/2024\/12\/efb9706f87276d3c9706f872797c97v.jpg","width":1280,"height":962},{"@type":"BreadcrumbList","@id":"https:\/\/stourm.news\/?p=2978#breadcrumb","itemListElement":[{"@type":"ListItem","position":1,"name":"Accueil","item":"https:\/\/stourm.news\/"},{"@type":"ListItem","position":2,"name":"L&rsquo;arm\u00e9e de l&rsquo;\u00c9tat breton au 15e si\u00e8cle"}]},{"@type":"WebSite","@id":"https:\/\/stourm.news\/#website","url":"https:\/\/stourm.news\/","name":"Stourm","description":"Kazetenn Strollad Broadel Breizh","publisher":{"@id":"https:\/\/stourm.news\/#organization"},"potentialAction":[{"@type":"SearchAction","target":{"@type":"EntryPoint","urlTemplate":"https:\/\/stourm.news\/?s={search_term_string}"},"query-input":{"@type":"PropertyValueSpecification","valueRequired":true,"valueName":"search_term_string"}}],"inLanguage":"fr-FR"},{"@type":"Organization","@id":"https:\/\/stourm.news\/#organization","name":"Stourm","url":"https:\/\/stourm.news\/","logo":{"@type":"ImageObject","inLanguage":"fr-FR","@id":"https:\/\/stourm.news\/#\/schema\/logo\/image\/","url":"https:\/\/stourm.news\/wp-content\/uploads\/2025\/11\/cropped-Capture-decran-2025-11-28-a-15.19.07.png","contentUrl":"https:\/\/stourm.news\/wp-content\/uploads\/2025\/11\/cropped-Capture-decran-2025-11-28-a-15.19.07.png","width":1855,"height":383,"caption":"Stourm"},"image":{"@id":"https:\/\/stourm.news\/#\/schema\/logo\/image\/"},"sameAs":["https:\/\/www.facebook.com\/stourmnews\/"]},{"@type":"Person","@id":"https:\/\/stourm.news\/#\/schema\/person\/c3e1dc65988632e190969234ef046cf9","name":"La r\u00e9daction","image":{"@type":"ImageObject","inLanguage":"fr-FR","@id":"https:\/\/stourm.news\/#\/schema\/person\/image\/","url":"https:\/\/secure.gravatar.com\/avatar\/7463443f194b6b5fb706b074ca0ef59a0cfcfd720cb47764b0ec5a952ce422b3?s=96&d=mm&r=g","contentUrl":"https:\/\/secure.gravatar.com\/avatar\/7463443f194b6b5fb706b074ca0ef59a0cfcfd720cb47764b0ec5a952ce422b3?s=96&d=mm&r=g","caption":"La r\u00e9daction"},"sameAs":["https:\/\/stourm.news"],"url":"https:\/\/stourm.news\/?author=1"}]}},"_links":{"self":[{"href":"https:\/\/stourm.news\/index.php?rest_route=\/wp\/v2\/posts\/2978","targetHints":{"allow":["GET"]}}],"collection":[{"href":"https:\/\/stourm.news\/index.php?rest_route=\/wp\/v2\/posts"}],"about":[{"href":"https:\/\/stourm.news\/index.php?rest_route=\/wp\/v2\/types\/post"}],"author":[{"embeddable":true,"href":"https:\/\/stourm.news\/index.php?rest_route=\/wp\/v2\/users\/1"}],"replies":[{"embeddable":true,"href":"https:\/\/stourm.news\/index.php?rest_route=%2Fwp%2Fv2%2Fcomments&post=2978"}],"version-history":[{"count":1,"href":"https:\/\/stourm.news\/index.php?rest_route=\/wp\/v2\/posts\/2978\/revisions"}],"predecessor-version":[{"id":2980,"href":"https:\/\/stourm.news\/index.php?rest_route=\/wp\/v2\/posts\/2978\/revisions\/2980"}],"wp:featuredmedia":[{"embeddable":true,"href":"https:\/\/stourm.news\/index.php?rest_route=\/wp\/v2\/media\/2979"}],"wp:attachment":[{"href":"https:\/\/stourm.news\/index.php?rest_route=%2Fwp%2Fv2%2Fmedia&parent=2978"}],"wp:term":[{"taxonomy":"category","embeddable":true,"href":"https:\/\/stourm.news\/index.php?rest_route=%2Fwp%2Fv2%2Fcategories&post=2978"},{"taxonomy":"post_tag","embeddable":true,"href":"https:\/\/stourm.news\/index.php?rest_route=%2Fwp%2Fv2%2Ftags&post=2978"}],"curies":[{"name":"wp","href":"https:\/\/api.w.org\/{rel}","templated":true}]}}