{"id":2981,"date":"2024-12-07T11:31:03","date_gmt":"2024-12-07T11:31:03","guid":{"rendered":"https:\/\/stourm.news\/?p=2981"},"modified":"2024-12-07T11:31:32","modified_gmt":"2024-12-07T11:31:32","slug":"brest-deux-vehicules-brules-dans-la-nuit-dans-le-quartier-multiculturel-de-bellevue","status":"publish","type":"post","link":"https:\/\/stourm.news\/?p=2981","title":{"rendered":"Brest : deux v\u00e9hicules br\u00fbl\u00e9s dans la nuit dans le quartier multiculturel de Bellevue"},"content":{"rendered":"<p style=\"text-align: justify;\">Vendredi 6 d\u00e9cembre 2024, vers 23 h 20, les flammes ont surgi de deux v\u00e9hicules stationn\u00e9s square du Poitou, en plein c\u0153ur du quartier de Bellevue. Le feu a \u00e9t\u00e9 rapidement \u00e9teint par les pompiers de Brest d\u00e9p\u00each\u00e9s avec un fourgon, et qui \u00e9taient accompagn\u00e9s d\u2019un \u00e9quipage de forces de l\u2019ordre, dispositif de s\u00e9curit\u00e9 d\u00e9sormais de rigueur dans ce type de sinistres dans les quartiers brestois. L\u2019intervention s\u2019est d\u00e9roul\u00e9e sans incident.<\/p>\n<p style=\"text-align: justify;\">Le feu, qui n\u2019a pas fait de bless\u00e9 ni de d\u00e9g\u00e2ts collat\u00e9raux, serait manifestement <strong>d\u2019origine volontaire<\/strong>. Une enqu\u00eate de police a \u00e9t\u00e9 ouverte. L\u2019incendie s\u2019est produit au moment o\u00f9, une nouvelle fois, des tirs de mortier d\u2019artifice r\u00e9sonnaient dans le quartier de Bellevue.<\/p>\n<p style=\"text-align: justify;\">Source : <a href=\"https:\/\/www.letelegramme.fr\/finistere\/brest-29200\/a-brest-deux-vehicules-brules-dans-la-nuit-dans-le-quartier-de-bellevue-6718473.php\">Le T\u00e9l\u00e9gramme<\/a><\/p>\n","protected":false},"excerpt":{"rendered":"<p>Vendredi 6 d\u00e9cembre 2024, vers 23 h 20, les flammes ont surgi de deux v\u00e9hicules stationn\u00e9s square du Poitou, en plein c\u0153ur du quartier de Bellevue. Le feu a \u00e9t\u00e9 rapidement \u00e9teint par les pompiers de Brest d\u00e9p\u00each\u00e9s avec un fourgon, et qui \u00e9taient accompagn\u00e9s d\u2019un \u00e9quipage de forces de l\u2019ordre, dispositif de s\u00e9curit\u00e9 d\u00e9sormais [&hellip;]<\/p>\n","protected":false},"author":1,"featured_media":2983,"comment_status":"open","ping_status":"open","sticky":false,"template":"","format":"standard","meta":{"sb_editor_width":"","footnotes":""},"categories":[52,38,62],"tags":[],"class_list":["post-2981","post","type-post","status-publish","format-standard","has-post-thumbnail","hentry","category-faits-divers","category-finistere","category-revue-de-presse"],"relative_dates":{"created":"1 an ago","modified":"1 an ago"},"yoast_head":"<!-- This site is optimized with the Yoast SEO plugin v26.3 - https:\/\/yoast.com\/wordpress\/plugins\/seo\/ -->\n<title>Brest : deux v\u00e9hicules br\u00fbl\u00e9s dans la nuit dans le quartier multiculturel de Bellevue - STOURM<\/title>\n<meta name=\"robots\" content=\"index, follow, max-snippet:-1, max-image-preview:large, max-video-preview:-1\" \/>\n<link rel=\"canonical\" href=\"https:\/\/stourm.news\/?p=2981\" \/>\n<meta property=\"og:locale\" content=\"fr_FR\" \/>\n<meta property=\"og:type\" content=\"article\" \/>\n<meta property=\"og:title\" content=\"Brest : deux v\u00e9hicules br\u00fbl\u00e9s dans la nuit dans le quartier multiculturel de Bellevue - STOURM\" \/>\n<meta property=\"og:description\" content=\"Vendredi 6 d\u00e9cembre 2024, vers 23 h 20, les flammes ont surgi de deux v\u00e9hicules stationn\u00e9s square du Poitou, en plein c\u0153ur du quartier de Bellevue. Le feu a \u00e9t\u00e9 rapidement \u00e9teint par les pompiers de Brest d\u00e9p\u00each\u00e9s avec un fourgon, et qui \u00e9taient accompagn\u00e9s d\u2019un \u00e9quipage de forces de l\u2019ordre, dispositif de s\u00e9curit\u00e9 d\u00e9sormais [&hellip;]\" \/>\n<meta property=\"og:url\" content=\"https:\/\/stourm.news\/?p=2981\" \/>\n<meta property=\"og:site_name\" content=\"STOURM\" \/>\n<meta property=\"article:publisher\" content=\"https:\/\/www.facebook.com\/stourmnews\/\" \/>\n<meta property=\"article:published_time\" content=\"2024-12-07T11:31:03+00:00\" \/>\n<meta property=\"article:modified_time\" content=\"2024-12-07T11:31:32+00:00\" \/>\n<meta property=\"og:image\" content=\"https:\/\/stourm.news\/wp-content\/uploads\/2024\/12\/675414983da1a61b53568139.webp\" \/>\n\t<meta property=\"og:image:width\" content=\"1200\" \/>\n\t<meta property=\"og:image:height\" content=\"750\" \/>\n\t<meta property=\"og:image:type\" content=\"image\/webp\" \/>\n<meta name=\"author\" content=\"La r\u00e9daction\" \/>\n<meta name=\"twitter:card\" content=\"summary_large_image\" \/>\n<meta name=\"twitter:label1\" content=\"\u00c9crit par\" \/>\n\t<meta name=\"twitter:data1\" content=\"La r\u00e9daction\" \/>\n\t<meta name=\"twitter:label2\" content=\"Dur\u00e9e de lecture estim\u00e9e\" \/>\n\t<meta name=\"twitter:data2\" content=\"1 minute\" \/>\n<script type=\"application\/ld+json\" class=\"yoast-schema-graph\">{\"@context\":\"https:\/\/schema.org\",\"@graph\":[{\"@type\":\"Article\",\"@id\":\"https:\/\/stourm.news\/?p=2981#article\",\"isPartOf\":{\"@id\":\"https:\/\/stourm.news\/?p=2981\"},\"author\":{\"name\":\"La r\u00e9daction\",\"@id\":\"https:\/\/stourm.news\/#\/schema\/person\/c3e1dc65988632e190969234ef046cf9\"},\"headline\":\"Brest : deux v\u00e9hicules br\u00fbl\u00e9s dans la nuit dans le quartier multiculturel de Bellevue\",\"datePublished\":\"2024-12-07T11:31:03+00:00\",\"dateModified\":\"2024-12-07T11:31:32+00:00\",\"mainEntityOfPage\":{\"@id\":\"https:\/\/stourm.news\/?p=2981\"},\"wordCount\":157,\"commentCount\":0,\"publisher\":{\"@id\":\"https:\/\/stourm.news\/#organization\"},\"image\":{\"@id\":\"https:\/\/stourm.news\/?p=2981#primaryimage\"},\"thumbnailUrl\":\"https:\/\/stourm.news\/wp-content\/uploads\/2024\/12\/675414983da1a61b53568139.webp\",\"articleSection\":[\"Faits divers\",\"Finist\u00e8re\",\"Revue de presse\"],\"inLanguage\":\"fr-FR\",\"potentialAction\":[{\"@type\":\"CommentAction\",\"name\":\"Comment\",\"target\":[\"https:\/\/stourm.news\/?p=2981#respond\"]}]},{\"@type\":\"WebPage\",\"@id\":\"https:\/\/stourm.news\/?p=2981\",\"url\":\"https:\/\/stourm.news\/?p=2981\",\"name\":\"Brest : deux v\u00e9hicules br\u00fbl\u00e9s dans la nuit dans le quartier multiculturel de Bellevue - STOURM\",\"isPartOf\":{\"@id\":\"https:\/\/stourm.news\/#website\"},\"primaryImageOfPage\":{\"@id\":\"https:\/\/stourm.news\/?p=2981#primaryimage\"},\"image\":{\"@id\":\"https:\/\/stourm.news\/?p=2981#primaryimage\"},\"thumbnailUrl\":\"https:\/\/stourm.news\/wp-content\/uploads\/2024\/12\/675414983da1a61b53568139.webp\",\"datePublished\":\"2024-12-07T11:31:03+00:00\",\"dateModified\":\"2024-12-07T11:31:32+00:00\",\"breadcrumb\":{\"@id\":\"https:\/\/stourm.news\/?p=2981#breadcrumb\"},\"inLanguage\":\"fr-FR\",\"potentialAction\":[{\"@type\":\"ReadAction\",\"target\":[\"https:\/\/stourm.news\/?p=2981\"]}]},{\"@type\":\"ImageObject\",\"inLanguage\":\"fr-FR\",\"@id\":\"https:\/\/stourm.news\/?p=2981#primaryimage\",\"url\":\"https:\/\/stourm.news\/wp-content\/uploads\/2024\/12\/675414983da1a61b53568139.webp\",\"contentUrl\":\"https:\/\/stourm.news\/wp-content\/uploads\/2024\/12\/675414983da1a61b53568139.webp\",\"width\":1200,\"height\":750},{\"@type\":\"BreadcrumbList\",\"@id\":\"https:\/\/stourm.news\/?p=2981#breadcrumb\",\"itemListElement\":[{\"@type\":\"ListItem\",\"position\":1,\"name\":\"Accueil\",\"item\":\"https:\/\/stourm.news\/\"},{\"@type\":\"ListItem\",\"position\":2,\"name\":\"Brest : deux v\u00e9hicules br\u00fbl\u00e9s dans la nuit dans le quartier multiculturel de Bellevue\"}]},{\"@type\":\"WebSite\",\"@id\":\"https:\/\/stourm.news\/#website\",\"url\":\"https:\/\/stourm.news\/\",\"name\":\"Stourm\",\"description\":\"Kazetenn Strollad Broadel Breizh\",\"publisher\":{\"@id\":\"https:\/\/stourm.news\/#organization\"},\"potentialAction\":[{\"@type\":\"SearchAction\",\"target\":{\"@type\":\"EntryPoint\",\"urlTemplate\":\"https:\/\/stourm.news\/?s={search_term_string}\"},\"query-input\":{\"@type\":\"PropertyValueSpecification\",\"valueRequired\":true,\"valueName\":\"search_term_string\"}}],\"inLanguage\":\"fr-FR\"},{\"@type\":\"Organization\",\"@id\":\"https:\/\/stourm.news\/#organization\",\"name\":\"Stourm\",\"url\":\"https:\/\/stourm.news\/\",\"logo\":{\"@type\":\"ImageObject\",\"inLanguage\":\"fr-FR\",\"@id\":\"https:\/\/stourm.news\/#\/schema\/logo\/image\/\",\"url\":\"https:\/\/stourm.news\/wp-content\/uploads\/2025\/11\/cropped-Capture-decran-2025-11-28-a-15.19.07.png\",\"contentUrl\":\"https:\/\/stourm.news\/wp-content\/uploads\/2025\/11\/cropped-Capture-decran-2025-11-28-a-15.19.07.png\",\"width\":1855,\"height\":383,\"caption\":\"Stourm\"},\"image\":{\"@id\":\"https:\/\/stourm.news\/#\/schema\/logo\/image\/\"},\"sameAs\":[\"https:\/\/www.facebook.com\/stourmnews\/\"]},{\"@type\":\"Person\",\"@id\":\"https:\/\/stourm.news\/#\/schema\/person\/c3e1dc65988632e190969234ef046cf9\",\"name\":\"La r\u00e9daction\",\"image\":{\"@type\":\"ImageObject\",\"inLanguage\":\"fr-FR\",\"@id\":\"https:\/\/stourm.news\/#\/schema\/person\/image\/\",\"url\":\"https:\/\/secure.gravatar.com\/avatar\/7463443f194b6b5fb706b074ca0ef59a0cfcfd720cb47764b0ec5a952ce422b3?s=96&d=mm&r=g\",\"contentUrl\":\"https:\/\/secure.gravatar.com\/avatar\/7463443f194b6b5fb706b074ca0ef59a0cfcfd720cb47764b0ec5a952ce422b3?s=96&d=mm&r=g\",\"caption\":\"La r\u00e9daction\"},\"sameAs\":[\"https:\/\/stourm.news\"],\"url\":\"https:\/\/stourm.news\/?author=1\"}]}<\/script>\n<!-- \/ Yoast SEO plugin. -->","yoast_head_json":{"title":"Brest : deux v\u00e9hicules br\u00fbl\u00e9s dans la nuit dans le quartier multiculturel de Bellevue - STOURM","robots":{"index":"index","follow":"follow","max-snippet":"max-snippet:-1","max-image-preview":"max-image-preview:large","max-video-preview":"max-video-preview:-1"},"canonical":"https:\/\/stourm.news\/?p=2981","og_locale":"fr_FR","og_type":"article","og_title":"Brest : deux v\u00e9hicules br\u00fbl\u00e9s dans la nuit dans le quartier multiculturel de Bellevue - STOURM","og_description":"Vendredi 6 d\u00e9cembre 2024, vers 23 h 20, les flammes ont surgi de deux v\u00e9hicules stationn\u00e9s square du Poitou, en plein c\u0153ur du quartier de Bellevue. Le feu a \u00e9t\u00e9 rapidement \u00e9teint par les pompiers de Brest d\u00e9p\u00each\u00e9s avec un fourgon, et qui \u00e9taient accompagn\u00e9s d\u2019un \u00e9quipage de forces de l\u2019ordre, dispositif de s\u00e9curit\u00e9 d\u00e9sormais [&hellip;]","og_url":"https:\/\/stourm.news\/?p=2981","og_site_name":"STOURM","article_publisher":"https:\/\/www.facebook.com\/stourmnews\/","article_published_time":"2024-12-07T11:31:03+00:00","article_modified_time":"2024-12-07T11:31:32+00:00","og_image":[{"width":1200,"height":750,"url":"https:\/\/stourm.news\/wp-content\/uploads\/2024\/12\/675414983da1a61b53568139.webp","type":"image\/webp"}],"author":"La r\u00e9daction","twitter_card":"summary_large_image","twitter_misc":{"\u00c9crit par":"La r\u00e9daction","Dur\u00e9e de lecture estim\u00e9e":"1 minute"},"schema":{"@context":"https:\/\/schema.org","@graph":[{"@type":"Article","@id":"https:\/\/stourm.news\/?p=2981#article","isPartOf":{"@id":"https:\/\/stourm.news\/?p=2981"},"author":{"name":"La r\u00e9daction","@id":"https:\/\/stourm.news\/#\/schema\/person\/c3e1dc65988632e190969234ef046cf9"},"headline":"Brest : deux v\u00e9hicules br\u00fbl\u00e9s dans la nuit dans le quartier multiculturel de Bellevue","datePublished":"2024-12-07T11:31:03+00:00","dateModified":"2024-12-07T11:31:32+00:00","mainEntityOfPage":{"@id":"https:\/\/stourm.news\/?p=2981"},"wordCount":157,"commentCount":0,"publisher":{"@id":"https:\/\/stourm.news\/#organization"},"image":{"@id":"https:\/\/stourm.news\/?p=2981#primaryimage"},"thumbnailUrl":"https:\/\/stourm.news\/wp-content\/uploads\/2024\/12\/675414983da1a61b53568139.webp","articleSection":["Faits divers","Finist\u00e8re","Revue de presse"],"inLanguage":"fr-FR","potentialAction":[{"@type":"CommentAction","name":"Comment","target":["https:\/\/stourm.news\/?p=2981#respond"]}]},{"@type":"WebPage","@id":"https:\/\/stourm.news\/?p=2981","url":"https:\/\/stourm.news\/?p=2981","name":"Brest : deux v\u00e9hicules br\u00fbl\u00e9s dans la nuit dans le quartier multiculturel de Bellevue - STOURM","isPartOf":{"@id":"https:\/\/stourm.news\/#website"},"primaryImageOfPage":{"@id":"https:\/\/stourm.news\/?p=2981#primaryimage"},"image":{"@id":"https:\/\/stourm.news\/?p=2981#primaryimage"},"thumbnailUrl":"https:\/\/stourm.news\/wp-content\/uploads\/2024\/12\/675414983da1a61b53568139.webp","datePublished":"2024-12-07T11:31:03+00:00","dateModified":"2024-12-07T11:31:32+00:00","breadcrumb":{"@id":"https:\/\/stourm.news\/?p=2981#breadcrumb"},"inLanguage":"fr-FR","potentialAction":[{"@type":"ReadAction","target":["https:\/\/stourm.news\/?p=2981"]}]},{"@type":"ImageObject","inLanguage":"fr-FR","@id":"https:\/\/stourm.news\/?p=2981#primaryimage","url":"https:\/\/stourm.news\/wp-content\/uploads\/2024\/12\/675414983da1a61b53568139.webp","contentUrl":"https:\/\/stourm.news\/wp-content\/uploads\/2024\/12\/675414983da1a61b53568139.webp","width":1200,"height":750},{"@type":"BreadcrumbList","@id":"https:\/\/stourm.news\/?p=2981#breadcrumb","itemListElement":[{"@type":"ListItem","position":1,"name":"Accueil","item":"https:\/\/stourm.news\/"},{"@type":"ListItem","position":2,"name":"Brest : deux v\u00e9hicules br\u00fbl\u00e9s dans la nuit dans le quartier multiculturel de Bellevue"}]},{"@type":"WebSite","@id":"https:\/\/stourm.news\/#website","url":"https:\/\/stourm.news\/","name":"Stourm","description":"Kazetenn Strollad Broadel Breizh","publisher":{"@id":"https:\/\/stourm.news\/#organization"},"potentialAction":[{"@type":"SearchAction","target":{"@type":"EntryPoint","urlTemplate":"https:\/\/stourm.news\/?s={search_term_string}"},"query-input":{"@type":"PropertyValueSpecification","valueRequired":true,"valueName":"search_term_string"}}],"inLanguage":"fr-FR"},{"@type":"Organization","@id":"https:\/\/stourm.news\/#organization","name":"Stourm","url":"https:\/\/stourm.news\/","logo":{"@type":"ImageObject","inLanguage":"fr-FR","@id":"https:\/\/stourm.news\/#\/schema\/logo\/image\/","url":"https:\/\/stourm.news\/wp-content\/uploads\/2025\/11\/cropped-Capture-decran-2025-11-28-a-15.19.07.png","contentUrl":"https:\/\/stourm.news\/wp-content\/uploads\/2025\/11\/cropped-Capture-decran-2025-11-28-a-15.19.07.png","width":1855,"height":383,"caption":"Stourm"},"image":{"@id":"https:\/\/stourm.news\/#\/schema\/logo\/image\/"},"sameAs":["https:\/\/www.facebook.com\/stourmnews\/"]},{"@type":"Person","@id":"https:\/\/stourm.news\/#\/schema\/person\/c3e1dc65988632e190969234ef046cf9","name":"La r\u00e9daction","image":{"@type":"ImageObject","inLanguage":"fr-FR","@id":"https:\/\/stourm.news\/#\/schema\/person\/image\/","url":"https:\/\/secure.gravatar.com\/avatar\/7463443f194b6b5fb706b074ca0ef59a0cfcfd720cb47764b0ec5a952ce422b3?s=96&d=mm&r=g","contentUrl":"https:\/\/secure.gravatar.com\/avatar\/7463443f194b6b5fb706b074ca0ef59a0cfcfd720cb47764b0ec5a952ce422b3?s=96&d=mm&r=g","caption":"La r\u00e9daction"},"sameAs":["https:\/\/stourm.news"],"url":"https:\/\/stourm.news\/?author=1"}]}},"_links":{"self":[{"href":"https:\/\/stourm.news\/index.php?rest_route=\/wp\/v2\/posts\/2981","targetHints":{"allow":["GET"]}}],"collection":[{"href":"https:\/\/stourm.news\/index.php?rest_route=\/wp\/v2\/posts"}],"about":[{"href":"https:\/\/stourm.news\/index.php?rest_route=\/wp\/v2\/types\/post"}],"author":[{"embeddable":true,"href":"https:\/\/stourm.news\/index.php?rest_route=\/wp\/v2\/users\/1"}],"replies":[{"embeddable":true,"href":"https:\/\/stourm.news\/index.php?rest_route=%2Fwp%2Fv2%2Fcomments&post=2981"}],"version-history":[{"count":1,"href":"https:\/\/stourm.news\/index.php?rest_route=\/wp\/v2\/posts\/2981\/revisions"}],"predecessor-version":[{"id":2982,"href":"https:\/\/stourm.news\/index.php?rest_route=\/wp\/v2\/posts\/2981\/revisions\/2982"}],"wp:featuredmedia":[{"embeddable":true,"href":"https:\/\/stourm.news\/index.php?rest_route=\/wp\/v2\/media\/2983"}],"wp:attachment":[{"href":"https:\/\/stourm.news\/index.php?rest_route=%2Fwp%2Fv2%2Fmedia&parent=2981"}],"wp:term":[{"taxonomy":"category","embeddable":true,"href":"https:\/\/stourm.news\/index.php?rest_route=%2Fwp%2Fv2%2Fcategories&post=2981"},{"taxonomy":"post_tag","embeddable":true,"href":"https:\/\/stourm.news\/index.php?rest_route=%2Fwp%2Fv2%2Ftags&post=2981"}],"curies":[{"name":"wp","href":"https:\/\/api.w.org\/{rel}","templated":true}]}}