{"id":2990,"date":"2024-12-07T12:03:51","date_gmt":"2024-12-07T12:03:51","guid":{"rendered":"https:\/\/stourm.news\/?p=2990"},"modified":"2024-12-07T12:06:27","modified_gmt":"2024-12-07T12:06:27","slug":"suite-au-drapeau-breton-a-lhotel-de-ville-lelu-francais-mounir-belhamiti-exige-linstallation-de-celui-de-la-region-pdl","status":"publish","type":"post","link":"https:\/\/stourm.news\/?p=2990","title":{"rendered":"Suite au retour du drapeau breton \u00e0 l&rsquo;h\u00f4tel de ville, l&rsquo;\u00e9lu fran\u00e7ais Mounir Belhamiti exige l&rsquo;installation de celui de la r\u00e9gion artificielle \u00ab\u00a0PdL\u00a0\u00bb"},"content":{"rendered":"<p style=\"text-align: justify;\">Le drapeau breton va faire son retour dans la cour d&rsquo;honneur de l&rsquo;h\u00f4tel de ville de Nantes. Il \u00e9tait hiss\u00e9 depuis le mois de d\u00e9cembre 2020 devant la mairie. Le <strong>Gwenn ha Du<\/strong> avait pourtant d\u00fb baisser pavillon \u00e0 la mi-octobre 2024 pour une question de proc\u00e9dure. C&rsquo;\u00e9tait une injonction du tribunal administratif de Nantes, apr\u00e8s un recours d\u00e9pos\u00e9 par un particulier. Pour \u00eatre en r\u00e8gle, il fallait donc que ce soit vot\u00e9 en conseil municipal. C&rsquo;est chose faite. Les \u00e9lus de Nantes ont vot\u00e9 pour le retour du drapeau ce vendredi soir au conseil municipal.<\/p>\n<p style=\"text-align: justify;\">Les \u00e9lus nantais ont d\u00e9battu durant une demi-heure sur la question lors du conseil municipal ce vendredi. La question pol\u00e9mique de savoir si Nantes est en Bretagne ou pas s&rsquo;est invit\u00e9e lors des discussions autour du retour du drapeau breton devant la mairie.<\/p>\n<p style=\"text-align: justify;\"><strong>Mounir Belhamiti, conseiller municipal et ancien d\u00e9put\u00e9, a aussi propos\u00e9 de rajouter le drapeau de la r\u00e9gion Pays de la Loire, \u00e0 c\u00f4t\u00e9 du drapeau de la Bretagne.<\/strong><\/p>\n<p style=\"text-align: justify;\">Source : <a href=\"https:\/\/www.francebleu.fr\/infos\/societe\/a-nantes-le-drapeau-breton-va-faire-son-retour-dans-la-cour-de-l-hotel-de-ville-5625955\">France Bleu<\/a><\/p>\n","protected":false},"excerpt":{"rendered":"<p>Le drapeau breton va faire son retour dans la cour d&rsquo;honneur de l&rsquo;h\u00f4tel de ville de Nantes. Il \u00e9tait hiss\u00e9 depuis le mois de d\u00e9cembre 2020 devant la mairie. Le Gwenn ha Du avait pourtant d\u00fb baisser pavillon \u00e0 la mi-octobre 2024 pour une question de proc\u00e9dure. C&rsquo;\u00e9tait une injonction du tribunal administratif de Nantes, [&hellip;]<\/p>\n","protected":false},"author":1,"featured_media":2991,"comment_status":"open","ping_status":"open","sticky":false,"template":"","format":"standard","meta":{"sb_editor_width":"","footnotes":""},"categories":[58,67,65],"tags":[],"class_list":["post-2990","post","type-post","status-publish","format-standard","has-post-thumbnail","hentry","category-breizh","category-politique","category-principale"],"relative_dates":{"created":"1 an ago","modified":"1 an ago"},"yoast_head":"<!-- This site is optimized with the Yoast SEO plugin v26.3 - https:\/\/yoast.com\/wordpress\/plugins\/seo\/ -->\n<title>Suite au retour du drapeau breton \u00e0 l&#039;h\u00f4tel de ville, l&#039;\u00e9lu fran\u00e7ais Mounir Belhamiti exige l&#039;installation de celui de la r\u00e9gion artificielle &quot;PdL&quot; - STOURM<\/title>\n<meta name=\"robots\" content=\"index, follow, max-snippet:-1, max-image-preview:large, max-video-preview:-1\" \/>\n<link rel=\"canonical\" href=\"https:\/\/stourm.news\/?p=2990\" \/>\n<meta property=\"og:locale\" content=\"fr_FR\" \/>\n<meta property=\"og:type\" content=\"article\" \/>\n<meta property=\"og:title\" content=\"Suite au retour du drapeau breton \u00e0 l&#039;h\u00f4tel de ville, l&#039;\u00e9lu fran\u00e7ais Mounir Belhamiti exige l&#039;installation de celui de la r\u00e9gion artificielle &quot;PdL&quot; - STOURM\" \/>\n<meta property=\"og:description\" content=\"Le drapeau breton va faire son retour dans la cour d&rsquo;honneur de l&rsquo;h\u00f4tel de ville de Nantes. Il \u00e9tait hiss\u00e9 depuis le mois de d\u00e9cembre 2020 devant la mairie. Le Gwenn ha Du avait pourtant d\u00fb baisser pavillon \u00e0 la mi-octobre 2024 pour une question de proc\u00e9dure. C&rsquo;\u00e9tait une injonction du tribunal administratif de Nantes, [&hellip;]\" \/>\n<meta property=\"og:url\" content=\"https:\/\/stourm.news\/?p=2990\" \/>\n<meta property=\"og:site_name\" content=\"STOURM\" \/>\n<meta property=\"article:publisher\" content=\"https:\/\/www.facebook.com\/stourmnews\/\" \/>\n<meta property=\"article:published_time\" content=\"2024-12-07T12:03:51+00:00\" \/>\n<meta property=\"article:modified_time\" content=\"2024-12-07T12:06:27+00:00\" \/>\n<meta property=\"og:image\" content=\"https:\/\/stourm.news\/wp-content\/uploads\/2024\/12\/Capture-decran-2024-12-07-a-20.59.41-1024x848.png\" \/>\n\t<meta property=\"og:image:width\" content=\"1024\" \/>\n\t<meta property=\"og:image:height\" content=\"848\" \/>\n\t<meta property=\"og:image:type\" content=\"image\/png\" \/>\n<meta name=\"author\" content=\"La r\u00e9daction\" \/>\n<meta name=\"twitter:card\" content=\"summary_large_image\" \/>\n<meta name=\"twitter:label1\" content=\"\u00c9crit par\" \/>\n\t<meta name=\"twitter:data1\" content=\"La r\u00e9daction\" \/>\n\t<meta name=\"twitter:label2\" content=\"Dur\u00e9e de lecture estim\u00e9e\" \/>\n\t<meta name=\"twitter:data2\" content=\"2 minutes\" \/>\n<script type=\"application\/ld+json\" class=\"yoast-schema-graph\">{\"@context\":\"https:\/\/schema.org\",\"@graph\":[{\"@type\":\"Article\",\"@id\":\"https:\/\/stourm.news\/?p=2990#article\",\"isPartOf\":{\"@id\":\"https:\/\/stourm.news\/?p=2990\"},\"author\":{\"name\":\"La r\u00e9daction\",\"@id\":\"https:\/\/stourm.news\/#\/schema\/person\/c3e1dc65988632e190969234ef046cf9\"},\"headline\":\"Suite au retour du drapeau breton \u00e0 l&rsquo;h\u00f4tel de ville, l&rsquo;\u00e9lu fran\u00e7ais Mounir Belhamiti exige l&rsquo;installation de celui de la r\u00e9gion artificielle \u00ab\u00a0PdL\u00a0\u00bb\",\"datePublished\":\"2024-12-07T12:03:51+00:00\",\"dateModified\":\"2024-12-07T12:06:27+00:00\",\"mainEntityOfPage\":{\"@id\":\"https:\/\/stourm.news\/?p=2990\"},\"wordCount\":211,\"commentCount\":0,\"publisher\":{\"@id\":\"https:\/\/stourm.news\/#organization\"},\"image\":{\"@id\":\"https:\/\/stourm.news\/?p=2990#primaryimage\"},\"thumbnailUrl\":\"https:\/\/stourm.news\/wp-content\/uploads\/2024\/12\/Capture-decran-2024-12-07-a-20.59.41.png\",\"articleSection\":[\"Breizh\",\"Politique\",\"Principale\"],\"inLanguage\":\"fr-FR\",\"potentialAction\":[{\"@type\":\"CommentAction\",\"name\":\"Comment\",\"target\":[\"https:\/\/stourm.news\/?p=2990#respond\"]}]},{\"@type\":\"WebPage\",\"@id\":\"https:\/\/stourm.news\/?p=2990\",\"url\":\"https:\/\/stourm.news\/?p=2990\",\"name\":\"Suite au retour du drapeau breton \u00e0 l'h\u00f4tel de ville, l'\u00e9lu fran\u00e7ais Mounir Belhamiti exige l'installation de celui de la r\u00e9gion artificielle \\\"PdL\\\" - STOURM\",\"isPartOf\":{\"@id\":\"https:\/\/stourm.news\/#website\"},\"primaryImageOfPage\":{\"@id\":\"https:\/\/stourm.news\/?p=2990#primaryimage\"},\"image\":{\"@id\":\"https:\/\/stourm.news\/?p=2990#primaryimage\"},\"thumbnailUrl\":\"https:\/\/stourm.news\/wp-content\/uploads\/2024\/12\/Capture-decran-2024-12-07-a-20.59.41.png\",\"datePublished\":\"2024-12-07T12:03:51+00:00\",\"dateModified\":\"2024-12-07T12:06:27+00:00\",\"breadcrumb\":{\"@id\":\"https:\/\/stourm.news\/?p=2990#breadcrumb\"},\"inLanguage\":\"fr-FR\",\"potentialAction\":[{\"@type\":\"ReadAction\",\"target\":[\"https:\/\/stourm.news\/?p=2990\"]}]},{\"@type\":\"ImageObject\",\"inLanguage\":\"fr-FR\",\"@id\":\"https:\/\/stourm.news\/?p=2990#primaryimage\",\"url\":\"https:\/\/stourm.news\/wp-content\/uploads\/2024\/12\/Capture-decran-2024-12-07-a-20.59.41.png\",\"contentUrl\":\"https:\/\/stourm.news\/wp-content\/uploads\/2024\/12\/Capture-decran-2024-12-07-a-20.59.41.png\",\"width\":1372,\"height\":1136},{\"@type\":\"BreadcrumbList\",\"@id\":\"https:\/\/stourm.news\/?p=2990#breadcrumb\",\"itemListElement\":[{\"@type\":\"ListItem\",\"position\":1,\"name\":\"Accueil\",\"item\":\"https:\/\/stourm.news\/\"},{\"@type\":\"ListItem\",\"position\":2,\"name\":\"Suite au retour du drapeau breton \u00e0 l&rsquo;h\u00f4tel de ville, l&rsquo;\u00e9lu fran\u00e7ais Mounir Belhamiti exige l&rsquo;installation de celui de la r\u00e9gion artificielle \u00ab\u00a0PdL\u00a0\u00bb\"}]},{\"@type\":\"WebSite\",\"@id\":\"https:\/\/stourm.news\/#website\",\"url\":\"https:\/\/stourm.news\/\",\"name\":\"Stourm\",\"description\":\"Kazetenn Strollad Broadel Breizh\",\"publisher\":{\"@id\":\"https:\/\/stourm.news\/#organization\"},\"potentialAction\":[{\"@type\":\"SearchAction\",\"target\":{\"@type\":\"EntryPoint\",\"urlTemplate\":\"https:\/\/stourm.news\/?s={search_term_string}\"},\"query-input\":{\"@type\":\"PropertyValueSpecification\",\"valueRequired\":true,\"valueName\":\"search_term_string\"}}],\"inLanguage\":\"fr-FR\"},{\"@type\":\"Organization\",\"@id\":\"https:\/\/stourm.news\/#organization\",\"name\":\"Stourm\",\"url\":\"https:\/\/stourm.news\/\",\"logo\":{\"@type\":\"ImageObject\",\"inLanguage\":\"fr-FR\",\"@id\":\"https:\/\/stourm.news\/#\/schema\/logo\/image\/\",\"url\":\"https:\/\/stourm.news\/wp-content\/uploads\/2025\/11\/cropped-Capture-decran-2025-11-28-a-15.19.07.png\",\"contentUrl\":\"https:\/\/stourm.news\/wp-content\/uploads\/2025\/11\/cropped-Capture-decran-2025-11-28-a-15.19.07.png\",\"width\":1855,\"height\":383,\"caption\":\"Stourm\"},\"image\":{\"@id\":\"https:\/\/stourm.news\/#\/schema\/logo\/image\/\"},\"sameAs\":[\"https:\/\/www.facebook.com\/stourmnews\/\"]},{\"@type\":\"Person\",\"@id\":\"https:\/\/stourm.news\/#\/schema\/person\/c3e1dc65988632e190969234ef046cf9\",\"name\":\"La r\u00e9daction\",\"image\":{\"@type\":\"ImageObject\",\"inLanguage\":\"fr-FR\",\"@id\":\"https:\/\/stourm.news\/#\/schema\/person\/image\/\",\"url\":\"https:\/\/secure.gravatar.com\/avatar\/7463443f194b6b5fb706b074ca0ef59a0cfcfd720cb47764b0ec5a952ce422b3?s=96&d=mm&r=g\",\"contentUrl\":\"https:\/\/secure.gravatar.com\/avatar\/7463443f194b6b5fb706b074ca0ef59a0cfcfd720cb47764b0ec5a952ce422b3?s=96&d=mm&r=g\",\"caption\":\"La r\u00e9daction\"},\"sameAs\":[\"https:\/\/stourm.news\"],\"url\":\"https:\/\/stourm.news\/?author=1\"}]}<\/script>\n<!-- \/ Yoast SEO plugin. -->","yoast_head_json":{"title":"Suite au retour du drapeau breton \u00e0 l'h\u00f4tel de ville, l'\u00e9lu fran\u00e7ais Mounir Belhamiti exige l'installation de celui de la r\u00e9gion artificielle \"PdL\" - STOURM","robots":{"index":"index","follow":"follow","max-snippet":"max-snippet:-1","max-image-preview":"max-image-preview:large","max-video-preview":"max-video-preview:-1"},"canonical":"https:\/\/stourm.news\/?p=2990","og_locale":"fr_FR","og_type":"article","og_title":"Suite au retour du drapeau breton \u00e0 l'h\u00f4tel de ville, l'\u00e9lu fran\u00e7ais Mounir Belhamiti exige l'installation de celui de la r\u00e9gion artificielle \"PdL\" - STOURM","og_description":"Le drapeau breton va faire son retour dans la cour d&rsquo;honneur de l&rsquo;h\u00f4tel de ville de Nantes. Il \u00e9tait hiss\u00e9 depuis le mois de d\u00e9cembre 2020 devant la mairie. Le Gwenn ha Du avait pourtant d\u00fb baisser pavillon \u00e0 la mi-octobre 2024 pour une question de proc\u00e9dure. C&rsquo;\u00e9tait une injonction du tribunal administratif de Nantes, [&hellip;]","og_url":"https:\/\/stourm.news\/?p=2990","og_site_name":"STOURM","article_publisher":"https:\/\/www.facebook.com\/stourmnews\/","article_published_time":"2024-12-07T12:03:51+00:00","article_modified_time":"2024-12-07T12:06:27+00:00","og_image":[{"width":1024,"height":848,"url":"https:\/\/stourm.news\/wp-content\/uploads\/2024\/12\/Capture-decran-2024-12-07-a-20.59.41-1024x848.png","type":"image\/png"}],"author":"La r\u00e9daction","twitter_card":"summary_large_image","twitter_misc":{"\u00c9crit par":"La r\u00e9daction","Dur\u00e9e de lecture estim\u00e9e":"2 minutes"},"schema":{"@context":"https:\/\/schema.org","@graph":[{"@type":"Article","@id":"https:\/\/stourm.news\/?p=2990#article","isPartOf":{"@id":"https:\/\/stourm.news\/?p=2990"},"author":{"name":"La r\u00e9daction","@id":"https:\/\/stourm.news\/#\/schema\/person\/c3e1dc65988632e190969234ef046cf9"},"headline":"Suite au retour du drapeau breton \u00e0 l&rsquo;h\u00f4tel de ville, l&rsquo;\u00e9lu fran\u00e7ais Mounir Belhamiti exige l&rsquo;installation de celui de la r\u00e9gion artificielle \u00ab\u00a0PdL\u00a0\u00bb","datePublished":"2024-12-07T12:03:51+00:00","dateModified":"2024-12-07T12:06:27+00:00","mainEntityOfPage":{"@id":"https:\/\/stourm.news\/?p=2990"},"wordCount":211,"commentCount":0,"publisher":{"@id":"https:\/\/stourm.news\/#organization"},"image":{"@id":"https:\/\/stourm.news\/?p=2990#primaryimage"},"thumbnailUrl":"https:\/\/stourm.news\/wp-content\/uploads\/2024\/12\/Capture-decran-2024-12-07-a-20.59.41.png","articleSection":["Breizh","Politique","Principale"],"inLanguage":"fr-FR","potentialAction":[{"@type":"CommentAction","name":"Comment","target":["https:\/\/stourm.news\/?p=2990#respond"]}]},{"@type":"WebPage","@id":"https:\/\/stourm.news\/?p=2990","url":"https:\/\/stourm.news\/?p=2990","name":"Suite au retour du drapeau breton \u00e0 l'h\u00f4tel de ville, l'\u00e9lu fran\u00e7ais Mounir Belhamiti exige l'installation de celui de la r\u00e9gion artificielle \"PdL\" - STOURM","isPartOf":{"@id":"https:\/\/stourm.news\/#website"},"primaryImageOfPage":{"@id":"https:\/\/stourm.news\/?p=2990#primaryimage"},"image":{"@id":"https:\/\/stourm.news\/?p=2990#primaryimage"},"thumbnailUrl":"https:\/\/stourm.news\/wp-content\/uploads\/2024\/12\/Capture-decran-2024-12-07-a-20.59.41.png","datePublished":"2024-12-07T12:03:51+00:00","dateModified":"2024-12-07T12:06:27+00:00","breadcrumb":{"@id":"https:\/\/stourm.news\/?p=2990#breadcrumb"},"inLanguage":"fr-FR","potentialAction":[{"@type":"ReadAction","target":["https:\/\/stourm.news\/?p=2990"]}]},{"@type":"ImageObject","inLanguage":"fr-FR","@id":"https:\/\/stourm.news\/?p=2990#primaryimage","url":"https:\/\/stourm.news\/wp-content\/uploads\/2024\/12\/Capture-decran-2024-12-07-a-20.59.41.png","contentUrl":"https:\/\/stourm.news\/wp-content\/uploads\/2024\/12\/Capture-decran-2024-12-07-a-20.59.41.png","width":1372,"height":1136},{"@type":"BreadcrumbList","@id":"https:\/\/stourm.news\/?p=2990#breadcrumb","itemListElement":[{"@type":"ListItem","position":1,"name":"Accueil","item":"https:\/\/stourm.news\/"},{"@type":"ListItem","position":2,"name":"Suite au retour du drapeau breton \u00e0 l&rsquo;h\u00f4tel de ville, l&rsquo;\u00e9lu fran\u00e7ais Mounir Belhamiti exige l&rsquo;installation de celui de la r\u00e9gion artificielle \u00ab\u00a0PdL\u00a0\u00bb"}]},{"@type":"WebSite","@id":"https:\/\/stourm.news\/#website","url":"https:\/\/stourm.news\/","name":"Stourm","description":"Kazetenn Strollad Broadel Breizh","publisher":{"@id":"https:\/\/stourm.news\/#organization"},"potentialAction":[{"@type":"SearchAction","target":{"@type":"EntryPoint","urlTemplate":"https:\/\/stourm.news\/?s={search_term_string}"},"query-input":{"@type":"PropertyValueSpecification","valueRequired":true,"valueName":"search_term_string"}}],"inLanguage":"fr-FR"},{"@type":"Organization","@id":"https:\/\/stourm.news\/#organization","name":"Stourm","url":"https:\/\/stourm.news\/","logo":{"@type":"ImageObject","inLanguage":"fr-FR","@id":"https:\/\/stourm.news\/#\/schema\/logo\/image\/","url":"https:\/\/stourm.news\/wp-content\/uploads\/2025\/11\/cropped-Capture-decran-2025-11-28-a-15.19.07.png","contentUrl":"https:\/\/stourm.news\/wp-content\/uploads\/2025\/11\/cropped-Capture-decran-2025-11-28-a-15.19.07.png","width":1855,"height":383,"caption":"Stourm"},"image":{"@id":"https:\/\/stourm.news\/#\/schema\/logo\/image\/"},"sameAs":["https:\/\/www.facebook.com\/stourmnews\/"]},{"@type":"Person","@id":"https:\/\/stourm.news\/#\/schema\/person\/c3e1dc65988632e190969234ef046cf9","name":"La r\u00e9daction","image":{"@type":"ImageObject","inLanguage":"fr-FR","@id":"https:\/\/stourm.news\/#\/schema\/person\/image\/","url":"https:\/\/secure.gravatar.com\/avatar\/7463443f194b6b5fb706b074ca0ef59a0cfcfd720cb47764b0ec5a952ce422b3?s=96&d=mm&r=g","contentUrl":"https:\/\/secure.gravatar.com\/avatar\/7463443f194b6b5fb706b074ca0ef59a0cfcfd720cb47764b0ec5a952ce422b3?s=96&d=mm&r=g","caption":"La r\u00e9daction"},"sameAs":["https:\/\/stourm.news"],"url":"https:\/\/stourm.news\/?author=1"}]}},"_links":{"self":[{"href":"https:\/\/stourm.news\/index.php?rest_route=\/wp\/v2\/posts\/2990","targetHints":{"allow":["GET"]}}],"collection":[{"href":"https:\/\/stourm.news\/index.php?rest_route=\/wp\/v2\/posts"}],"about":[{"href":"https:\/\/stourm.news\/index.php?rest_route=\/wp\/v2\/types\/post"}],"author":[{"embeddable":true,"href":"https:\/\/stourm.news\/index.php?rest_route=\/wp\/v2\/users\/1"}],"replies":[{"embeddable":true,"href":"https:\/\/stourm.news\/index.php?rest_route=%2Fwp%2Fv2%2Fcomments&post=2990"}],"version-history":[{"count":3,"href":"https:\/\/stourm.news\/index.php?rest_route=\/wp\/v2\/posts\/2990\/revisions"}],"predecessor-version":[{"id":2994,"href":"https:\/\/stourm.news\/index.php?rest_route=\/wp\/v2\/posts\/2990\/revisions\/2994"}],"wp:featuredmedia":[{"embeddable":true,"href":"https:\/\/stourm.news\/index.php?rest_route=\/wp\/v2\/media\/2991"}],"wp:attachment":[{"href":"https:\/\/stourm.news\/index.php?rest_route=%2Fwp%2Fv2%2Fmedia&parent=2990"}],"wp:term":[{"taxonomy":"category","embeddable":true,"href":"https:\/\/stourm.news\/index.php?rest_route=%2Fwp%2Fv2%2Fcategories&post=2990"},{"taxonomy":"post_tag","embeddable":true,"href":"https:\/\/stourm.news\/index.php?rest_route=%2Fwp%2Fv2%2Ftags&post=2990"}],"curies":[{"name":"wp","href":"https:\/\/api.w.org\/{rel}","templated":true}]}}