{"id":3000,"date":"2024-12-10T14:48:12","date_gmt":"2024-12-10T14:48:12","guid":{"rendered":"https:\/\/stourm.news\/?p=3000"},"modified":"2024-12-10T14:48:56","modified_gmt":"2024-12-10T14:48:56","slug":"nantes-arrestation-de-2-maghrebins-qui-preparaient-un-attentat-pour-venger-la-bataille-de-poitiers","status":"publish","type":"post","link":"https:\/\/stourm.news\/?p=3000","title":{"rendered":"Nantes : arrestation de 2 maghr\u00e9bins qui pr\u00e9paraient un attentat pour venger \u00ab\u00a0la bataille de Poitiers\u00a0\u00bb"},"content":{"rendered":"<p style=\"text-align: justify;\">Un nouveau signe, s\u2019il en fallait, que la menace terroriste islamiste n\u2019a pas disparu. Samedi 7 d\u00e9cembre, trois jeunes ont \u00e9t\u00e9 mis en examen pour avoir projet\u00e9 <strong>une action violente<\/strong> en France, indique le Parquet national antiterroriste (Pnat) au Figaro, confirmant les informations du Parisien .<\/p>\n<p style=\"text-align: justify;\">Les trois suspects sont \u00e2g\u00e9s de 19 ans \u00e0 20 ans, l\u2019un est \u00e9tudiant en chimie, un autre en informatique. Selon nos informations, deux mis en cause ont \u00e9t\u00e9 arr\u00eat\u00e9s <strong>\u00e0 Nantes<\/strong> et sont fran\u00e7ais d\u2019origine <strong>maghr\u00e9bine<\/strong>, tandis qu\u2019un troisi\u00e8me suspect interpell\u00e9 \u00e0 N\u00eemes est d\u2019origine mahoraise et ancien vell\u00e9itaire pour un d\u00e9part<strong> en Syrie<\/strong>. Enfin, l\u2019un des trois serait le fils d\u2019un imam aum\u00f4nier en prison, indique une source proche de l\u2019enqu\u00eate au Figaro. Leurs avocats, Mes Seydi Ba, Sipan Ohanians et Ambroise Vienet-Legu\u00e9, n\u2019ont pas souhait\u00e9 faire de commentaires.<\/p>\n<p style=\"text-align: justify;\">Selon nos informations, ils sont accus\u00e9s d\u2019avoir foment\u00e9 un attentat en commandant puis en r\u00e9ceptionnant du mat\u00e9riel servant \u00e0 confectionner <strong>des engins explosifs<\/strong>. L\u2019un des trois avait achet\u00e9 des colis d\u2019acide en novembre dernier. Ils avaient pour projet de fabriquer du TATP. Leur projet \u00e9tait relativement bien avanc\u00e9 puisqu\u2019ils auraient proc\u00e9d\u00e9 \u00e0 des essais dans la chambre de l\u2019un d\u2019eux. En parall\u00e8le, ils \u00e9changeaient r\u00e9guli\u00e8rement sur les r\u00e9seaux sociaux via des messageries crypt\u00e9es, indique une source proche du dossier au Figaro.<\/p>\n<p style=\"text-align: justify;\">La mairie de Poitiers figurait parmi les cibles envisag\u00e9es par les suspects, radicalis\u00e9s autour de th\u00e8ses <strong>djihadistes<\/strong>. Les jeunes auraient ainsi voulu attaquer cette mairie en raison de la symbolique <strong>bataille de Poitiers<\/strong>, en 732, o\u00f9 Charles Martel a battu des troupes arabo-berb\u00e8res. Le si\u00e8ge de la Direction g\u00e9n\u00e9rale de la s\u00e9curit\u00e9 int\u00e9rieure (DGSI) a aussi pu \u00eatre \u00e9voqu\u00e9. Mais la cible n\u2019\u00e9tait pas clairement \u00e9tablie, nous pr\u00e9cise-t-on.<\/p>\n<p style=\"text-align: justify;\">Apr\u00e8s leur garde \u00e0 vue \u00e0 la DGSI, ils ont \u00e9t\u00e9 mis en examen pour \u00ab association de malfaiteurs terroriste criminelle \u00bb et \u00e9crou\u00e9s. Deux d\u2019entre eux sont aussi poursuivis pour fabrication non autoris\u00e9e d\u2019engin explosif et pour d\u00e9tention et transport de substance ou produit incendiaire ou explosif, pr\u00e9cise le Pnat. Ils ont \u00e9t\u00e9 arr\u00eat\u00e9s dans le cadre d\u2019une enqu\u00eate pr\u00e9liminaire ouverte le 20 novembre. Les investigations sont d\u00e9sormais confi\u00e9es \u00e0 des magistrats instructeurs.<\/p>\n<p style=\"text-align: justify;\">Source : <a href=\"https:\/\/www.lefigaro.fr\/faits-divers\/un-projet-d-attentat-islamiste-dejoue-sur-le-territoire-francais-trois-jeunes-mis-en-examen-20241208\">Le Figaro<\/a><\/p>\n","protected":false},"excerpt":{"rendered":"<p>Un nouveau signe, s\u2019il en fallait, que la menace terroriste islamiste n\u2019a pas disparu. Samedi 7 d\u00e9cembre, trois jeunes ont \u00e9t\u00e9 mis en examen pour avoir projet\u00e9 une action violente en France, indique le Parquet national antiterroriste (Pnat) au Figaro, confirmant les informations du Parisien . Les trois suspects sont \u00e2g\u00e9s de 19 ans \u00e0 [&hellip;]<\/p>\n","protected":false},"author":1,"featured_media":3001,"comment_status":"open","ping_status":"open","sticky":false,"template":"","format":"standard","meta":{"sb_editor_width":"","footnotes":""},"categories":[32,42,62,72],"tags":[],"class_list":["post-3000","post","type-post","status-publish","format-standard","has-post-thumbnail","hentry","category-islamisme","category-loire-atlantique","category-revue-de-presse","category-terrorisme"],"relative_dates":{"created":"1 an ago","modified":"1 an ago"},"yoast_head":"<!-- This site is optimized with the Yoast SEO plugin v26.3 - https:\/\/yoast.com\/wordpress\/plugins\/seo\/ -->\n<title>Nantes : arrestation de 2 maghr\u00e9bins qui pr\u00e9paraient un attentat pour venger &quot;la bataille de Poitiers&quot; - STOURM<\/title>\n<meta name=\"robots\" content=\"index, follow, max-snippet:-1, max-image-preview:large, max-video-preview:-1\" \/>\n<link rel=\"canonical\" href=\"https:\/\/stourm.news\/?p=3000\" \/>\n<meta property=\"og:locale\" content=\"fr_FR\" \/>\n<meta property=\"og:type\" content=\"article\" \/>\n<meta property=\"og:title\" content=\"Nantes : arrestation de 2 maghr\u00e9bins qui pr\u00e9paraient un attentat pour venger &quot;la bataille de Poitiers&quot; - STOURM\" \/>\n<meta property=\"og:description\" content=\"Un nouveau signe, s\u2019il en fallait, que la menace terroriste islamiste n\u2019a pas disparu. Samedi 7 d\u00e9cembre, trois jeunes ont \u00e9t\u00e9 mis en examen pour avoir projet\u00e9 une action violente en France, indique le Parquet national antiterroriste (Pnat) au Figaro, confirmant les informations du Parisien . Les trois suspects sont \u00e2g\u00e9s de 19 ans \u00e0 [&hellip;]\" \/>\n<meta property=\"og:url\" content=\"https:\/\/stourm.news\/?p=3000\" \/>\n<meta property=\"og:site_name\" content=\"STOURM\" \/>\n<meta property=\"article:publisher\" content=\"https:\/\/www.facebook.com\/stourmnews\/\" \/>\n<meta property=\"article:published_time\" content=\"2024-12-10T14:48:12+00:00\" \/>\n<meta property=\"article:modified_time\" content=\"2024-12-10T14:48:56+00:00\" \/>\n<meta property=\"og:image\" content=\"https:\/\/stourm.news\/wp-content\/uploads\/2024\/12\/15757757_605.webp\" \/>\n\t<meta property=\"og:image:width\" content=\"1199\" \/>\n\t<meta property=\"og:image:height\" content=\"674\" \/>\n\t<meta property=\"og:image:type\" content=\"image\/webp\" \/>\n<meta name=\"author\" content=\"La r\u00e9daction\" \/>\n<meta name=\"twitter:card\" content=\"summary_large_image\" \/>\n<meta name=\"twitter:label1\" content=\"\u00c9crit par\" \/>\n\t<meta name=\"twitter:data1\" content=\"La r\u00e9daction\" \/>\n\t<meta name=\"twitter:label2\" content=\"Dur\u00e9e de lecture estim\u00e9e\" \/>\n\t<meta name=\"twitter:data2\" content=\"3 minutes\" \/>\n<script type=\"application\/ld+json\" class=\"yoast-schema-graph\">{\"@context\":\"https:\/\/schema.org\",\"@graph\":[{\"@type\":\"Article\",\"@id\":\"https:\/\/stourm.news\/?p=3000#article\",\"isPartOf\":{\"@id\":\"https:\/\/stourm.news\/?p=3000\"},\"author\":{\"name\":\"La r\u00e9daction\",\"@id\":\"https:\/\/stourm.news\/#\/schema\/person\/c3e1dc65988632e190969234ef046cf9\"},\"headline\":\"Nantes : arrestation de 2 maghr\u00e9bins qui pr\u00e9paraient un attentat pour venger \u00ab\u00a0la bataille de Poitiers\u00a0\u00bb\",\"datePublished\":\"2024-12-10T14:48:12+00:00\",\"dateModified\":\"2024-12-10T14:48:56+00:00\",\"mainEntityOfPage\":{\"@id\":\"https:\/\/stourm.news\/?p=3000\"},\"wordCount\":425,\"commentCount\":0,\"publisher\":{\"@id\":\"https:\/\/stourm.news\/#organization\"},\"image\":{\"@id\":\"https:\/\/stourm.news\/?p=3000#primaryimage\"},\"thumbnailUrl\":\"https:\/\/stourm.news\/wp-content\/uploads\/2024\/12\/15757757_605.webp\",\"articleSection\":[\"Islamisme\",\"Loire-Atlantique\",\"Revue de presse\",\"Terrorisme\"],\"inLanguage\":\"fr-FR\",\"potentialAction\":[{\"@type\":\"CommentAction\",\"name\":\"Comment\",\"target\":[\"https:\/\/stourm.news\/?p=3000#respond\"]}]},{\"@type\":\"WebPage\",\"@id\":\"https:\/\/stourm.news\/?p=3000\",\"url\":\"https:\/\/stourm.news\/?p=3000\",\"name\":\"Nantes : arrestation de 2 maghr\u00e9bins qui pr\u00e9paraient un attentat pour venger \\\"la bataille de Poitiers\\\" - STOURM\",\"isPartOf\":{\"@id\":\"https:\/\/stourm.news\/#website\"},\"primaryImageOfPage\":{\"@id\":\"https:\/\/stourm.news\/?p=3000#primaryimage\"},\"image\":{\"@id\":\"https:\/\/stourm.news\/?p=3000#primaryimage\"},\"thumbnailUrl\":\"https:\/\/stourm.news\/wp-content\/uploads\/2024\/12\/15757757_605.webp\",\"datePublished\":\"2024-12-10T14:48:12+00:00\",\"dateModified\":\"2024-12-10T14:48:56+00:00\",\"breadcrumb\":{\"@id\":\"https:\/\/stourm.news\/?p=3000#breadcrumb\"},\"inLanguage\":\"fr-FR\",\"potentialAction\":[{\"@type\":\"ReadAction\",\"target\":[\"https:\/\/stourm.news\/?p=3000\"]}]},{\"@type\":\"ImageObject\",\"inLanguage\":\"fr-FR\",\"@id\":\"https:\/\/stourm.news\/?p=3000#primaryimage\",\"url\":\"https:\/\/stourm.news\/wp-content\/uploads\/2024\/12\/15757757_605.webp\",\"contentUrl\":\"https:\/\/stourm.news\/wp-content\/uploads\/2024\/12\/15757757_605.webp\",\"width\":1199,\"height\":674},{\"@type\":\"BreadcrumbList\",\"@id\":\"https:\/\/stourm.news\/?p=3000#breadcrumb\",\"itemListElement\":[{\"@type\":\"ListItem\",\"position\":1,\"name\":\"Accueil\",\"item\":\"https:\/\/stourm.news\/\"},{\"@type\":\"ListItem\",\"position\":2,\"name\":\"Nantes : arrestation de 2 maghr\u00e9bins qui pr\u00e9paraient un attentat pour venger \u00ab\u00a0la bataille de Poitiers\u00a0\u00bb\"}]},{\"@type\":\"WebSite\",\"@id\":\"https:\/\/stourm.news\/#website\",\"url\":\"https:\/\/stourm.news\/\",\"name\":\"Stourm\",\"description\":\"Kazetenn Strollad Broadel Breizh\",\"publisher\":{\"@id\":\"https:\/\/stourm.news\/#organization\"},\"potentialAction\":[{\"@type\":\"SearchAction\",\"target\":{\"@type\":\"EntryPoint\",\"urlTemplate\":\"https:\/\/stourm.news\/?s={search_term_string}\"},\"query-input\":{\"@type\":\"PropertyValueSpecification\",\"valueRequired\":true,\"valueName\":\"search_term_string\"}}],\"inLanguage\":\"fr-FR\"},{\"@type\":\"Organization\",\"@id\":\"https:\/\/stourm.news\/#organization\",\"name\":\"Stourm\",\"url\":\"https:\/\/stourm.news\/\",\"logo\":{\"@type\":\"ImageObject\",\"inLanguage\":\"fr-FR\",\"@id\":\"https:\/\/stourm.news\/#\/schema\/logo\/image\/\",\"url\":\"https:\/\/stourm.news\/wp-content\/uploads\/2025\/11\/cropped-Capture-decran-2025-11-28-a-15.19.07.png\",\"contentUrl\":\"https:\/\/stourm.news\/wp-content\/uploads\/2025\/11\/cropped-Capture-decran-2025-11-28-a-15.19.07.png\",\"width\":1855,\"height\":383,\"caption\":\"Stourm\"},\"image\":{\"@id\":\"https:\/\/stourm.news\/#\/schema\/logo\/image\/\"},\"sameAs\":[\"https:\/\/www.facebook.com\/stourmnews\/\"]},{\"@type\":\"Person\",\"@id\":\"https:\/\/stourm.news\/#\/schema\/person\/c3e1dc65988632e190969234ef046cf9\",\"name\":\"La r\u00e9daction\",\"image\":{\"@type\":\"ImageObject\",\"inLanguage\":\"fr-FR\",\"@id\":\"https:\/\/stourm.news\/#\/schema\/person\/image\/\",\"url\":\"https:\/\/secure.gravatar.com\/avatar\/7463443f194b6b5fb706b074ca0ef59a0cfcfd720cb47764b0ec5a952ce422b3?s=96&d=mm&r=g\",\"contentUrl\":\"https:\/\/secure.gravatar.com\/avatar\/7463443f194b6b5fb706b074ca0ef59a0cfcfd720cb47764b0ec5a952ce422b3?s=96&d=mm&r=g\",\"caption\":\"La r\u00e9daction\"},\"sameAs\":[\"https:\/\/stourm.news\"],\"url\":\"https:\/\/stourm.news\/?author=1\"}]}<\/script>\n<!-- \/ Yoast SEO plugin. -->","yoast_head_json":{"title":"Nantes : arrestation de 2 maghr\u00e9bins qui pr\u00e9paraient un attentat pour venger \"la bataille de Poitiers\" - STOURM","robots":{"index":"index","follow":"follow","max-snippet":"max-snippet:-1","max-image-preview":"max-image-preview:large","max-video-preview":"max-video-preview:-1"},"canonical":"https:\/\/stourm.news\/?p=3000","og_locale":"fr_FR","og_type":"article","og_title":"Nantes : arrestation de 2 maghr\u00e9bins qui pr\u00e9paraient un attentat pour venger \"la bataille de Poitiers\" - STOURM","og_description":"Un nouveau signe, s\u2019il en fallait, que la menace terroriste islamiste n\u2019a pas disparu. Samedi 7 d\u00e9cembre, trois jeunes ont \u00e9t\u00e9 mis en examen pour avoir projet\u00e9 une action violente en France, indique le Parquet national antiterroriste (Pnat) au Figaro, confirmant les informations du Parisien . Les trois suspects sont \u00e2g\u00e9s de 19 ans \u00e0 [&hellip;]","og_url":"https:\/\/stourm.news\/?p=3000","og_site_name":"STOURM","article_publisher":"https:\/\/www.facebook.com\/stourmnews\/","article_published_time":"2024-12-10T14:48:12+00:00","article_modified_time":"2024-12-10T14:48:56+00:00","og_image":[{"width":1199,"height":674,"url":"https:\/\/stourm.news\/wp-content\/uploads\/2024\/12\/15757757_605.webp","type":"image\/webp"}],"author":"La r\u00e9daction","twitter_card":"summary_large_image","twitter_misc":{"\u00c9crit par":"La r\u00e9daction","Dur\u00e9e de lecture estim\u00e9e":"3 minutes"},"schema":{"@context":"https:\/\/schema.org","@graph":[{"@type":"Article","@id":"https:\/\/stourm.news\/?p=3000#article","isPartOf":{"@id":"https:\/\/stourm.news\/?p=3000"},"author":{"name":"La r\u00e9daction","@id":"https:\/\/stourm.news\/#\/schema\/person\/c3e1dc65988632e190969234ef046cf9"},"headline":"Nantes : arrestation de 2 maghr\u00e9bins qui pr\u00e9paraient un attentat pour venger \u00ab\u00a0la bataille de Poitiers\u00a0\u00bb","datePublished":"2024-12-10T14:48:12+00:00","dateModified":"2024-12-10T14:48:56+00:00","mainEntityOfPage":{"@id":"https:\/\/stourm.news\/?p=3000"},"wordCount":425,"commentCount":0,"publisher":{"@id":"https:\/\/stourm.news\/#organization"},"image":{"@id":"https:\/\/stourm.news\/?p=3000#primaryimage"},"thumbnailUrl":"https:\/\/stourm.news\/wp-content\/uploads\/2024\/12\/15757757_605.webp","articleSection":["Islamisme","Loire-Atlantique","Revue de presse","Terrorisme"],"inLanguage":"fr-FR","potentialAction":[{"@type":"CommentAction","name":"Comment","target":["https:\/\/stourm.news\/?p=3000#respond"]}]},{"@type":"WebPage","@id":"https:\/\/stourm.news\/?p=3000","url":"https:\/\/stourm.news\/?p=3000","name":"Nantes : arrestation de 2 maghr\u00e9bins qui pr\u00e9paraient un attentat pour venger \"la bataille de Poitiers\" - STOURM","isPartOf":{"@id":"https:\/\/stourm.news\/#website"},"primaryImageOfPage":{"@id":"https:\/\/stourm.news\/?p=3000#primaryimage"},"image":{"@id":"https:\/\/stourm.news\/?p=3000#primaryimage"},"thumbnailUrl":"https:\/\/stourm.news\/wp-content\/uploads\/2024\/12\/15757757_605.webp","datePublished":"2024-12-10T14:48:12+00:00","dateModified":"2024-12-10T14:48:56+00:00","breadcrumb":{"@id":"https:\/\/stourm.news\/?p=3000#breadcrumb"},"inLanguage":"fr-FR","potentialAction":[{"@type":"ReadAction","target":["https:\/\/stourm.news\/?p=3000"]}]},{"@type":"ImageObject","inLanguage":"fr-FR","@id":"https:\/\/stourm.news\/?p=3000#primaryimage","url":"https:\/\/stourm.news\/wp-content\/uploads\/2024\/12\/15757757_605.webp","contentUrl":"https:\/\/stourm.news\/wp-content\/uploads\/2024\/12\/15757757_605.webp","width":1199,"height":674},{"@type":"BreadcrumbList","@id":"https:\/\/stourm.news\/?p=3000#breadcrumb","itemListElement":[{"@type":"ListItem","position":1,"name":"Accueil","item":"https:\/\/stourm.news\/"},{"@type":"ListItem","position":2,"name":"Nantes : arrestation de 2 maghr\u00e9bins qui pr\u00e9paraient un attentat pour venger \u00ab\u00a0la bataille de Poitiers\u00a0\u00bb"}]},{"@type":"WebSite","@id":"https:\/\/stourm.news\/#website","url":"https:\/\/stourm.news\/","name":"Stourm","description":"Kazetenn Strollad Broadel Breizh","publisher":{"@id":"https:\/\/stourm.news\/#organization"},"potentialAction":[{"@type":"SearchAction","target":{"@type":"EntryPoint","urlTemplate":"https:\/\/stourm.news\/?s={search_term_string}"},"query-input":{"@type":"PropertyValueSpecification","valueRequired":true,"valueName":"search_term_string"}}],"inLanguage":"fr-FR"},{"@type":"Organization","@id":"https:\/\/stourm.news\/#organization","name":"Stourm","url":"https:\/\/stourm.news\/","logo":{"@type":"ImageObject","inLanguage":"fr-FR","@id":"https:\/\/stourm.news\/#\/schema\/logo\/image\/","url":"https:\/\/stourm.news\/wp-content\/uploads\/2025\/11\/cropped-Capture-decran-2025-11-28-a-15.19.07.png","contentUrl":"https:\/\/stourm.news\/wp-content\/uploads\/2025\/11\/cropped-Capture-decran-2025-11-28-a-15.19.07.png","width":1855,"height":383,"caption":"Stourm"},"image":{"@id":"https:\/\/stourm.news\/#\/schema\/logo\/image\/"},"sameAs":["https:\/\/www.facebook.com\/stourmnews\/"]},{"@type":"Person","@id":"https:\/\/stourm.news\/#\/schema\/person\/c3e1dc65988632e190969234ef046cf9","name":"La r\u00e9daction","image":{"@type":"ImageObject","inLanguage":"fr-FR","@id":"https:\/\/stourm.news\/#\/schema\/person\/image\/","url":"https:\/\/secure.gravatar.com\/avatar\/7463443f194b6b5fb706b074ca0ef59a0cfcfd720cb47764b0ec5a952ce422b3?s=96&d=mm&r=g","contentUrl":"https:\/\/secure.gravatar.com\/avatar\/7463443f194b6b5fb706b074ca0ef59a0cfcfd720cb47764b0ec5a952ce422b3?s=96&d=mm&r=g","caption":"La r\u00e9daction"},"sameAs":["https:\/\/stourm.news"],"url":"https:\/\/stourm.news\/?author=1"}]}},"_links":{"self":[{"href":"https:\/\/stourm.news\/index.php?rest_route=\/wp\/v2\/posts\/3000","targetHints":{"allow":["GET"]}}],"collection":[{"href":"https:\/\/stourm.news\/index.php?rest_route=\/wp\/v2\/posts"}],"about":[{"href":"https:\/\/stourm.news\/index.php?rest_route=\/wp\/v2\/types\/post"}],"author":[{"embeddable":true,"href":"https:\/\/stourm.news\/index.php?rest_route=\/wp\/v2\/users\/1"}],"replies":[{"embeddable":true,"href":"https:\/\/stourm.news\/index.php?rest_route=%2Fwp%2Fv2%2Fcomments&post=3000"}],"version-history":[{"count":1,"href":"https:\/\/stourm.news\/index.php?rest_route=\/wp\/v2\/posts\/3000\/revisions"}],"predecessor-version":[{"id":3002,"href":"https:\/\/stourm.news\/index.php?rest_route=\/wp\/v2\/posts\/3000\/revisions\/3002"}],"wp:featuredmedia":[{"embeddable":true,"href":"https:\/\/stourm.news\/index.php?rest_route=\/wp\/v2\/media\/3001"}],"wp:attachment":[{"href":"https:\/\/stourm.news\/index.php?rest_route=%2Fwp%2Fv2%2Fmedia&parent=3000"}],"wp:term":[{"taxonomy":"category","embeddable":true,"href":"https:\/\/stourm.news\/index.php?rest_route=%2Fwp%2Fv2%2Fcategories&post=3000"},{"taxonomy":"post_tag","embeddable":true,"href":"https:\/\/stourm.news\/index.php?rest_route=%2Fwp%2Fv2%2Ftags&post=3000"}],"curies":[{"name":"wp","href":"https:\/\/api.w.org\/{rel}","templated":true}]}}