{"id":3006,"date":"2024-12-10T15:39:13","date_gmt":"2024-12-10T15:39:13","guid":{"rendered":"https:\/\/stourm.news\/?p=3006"},"modified":"2024-12-10T15:39:13","modified_gmt":"2024-12-10T15:39:13","slug":"morlaix-je-suis-impulsif-njoya-kamel-mouliem-akafuwo-mbouombouo-sexplique-sur-le-meurtre-de-sa-compagne-clara-18-ans","status":"publish","type":"post","link":"https:\/\/stourm.news\/?p=3006","title":{"rendered":"Morlaix : \u00ab\u00a0Je suis impulsif\u00a0\u00bb, Njoya Kamel Mouliem Akafuwo Mbouombouo s&rsquo;explique sur le meurtre de sa compagne Clara, 18 ans"},"content":{"rendered":"<p style=\"text-align: justify;\">D\u00e8s la premi\u00e8re matin\u00e9e de son proc\u00e8s, aux assises du Finist\u00e8re, ce lundi 9 d\u00e9cembre 2024, l\u2019homme accus\u00e9 du meurtre de sa compagne \u00e0 Morlaix a montr\u00e9 des signes d\u2019exasp\u00e9ration. Il n\u2019a pas appr\u00e9ci\u00e9 les t\u00e9moignages ni les questions sur cette nuit du 17 ao\u00fbt 2021, o\u00f9 <strong>Clara de Rivas<\/strong>, 18 ans, a perdu la vie. Il a m\u00eame \u00e9t\u00e9 expuls\u00e9 plusieurs fois de son box.<\/p>\n<p style=\"text-align: justify;\">\u00ab Je pense que ton neveu va grandir sans m\u00e8re. \u00bb C\u2019est ainsi que <strong>Njoya Kamel Mouliem Akafuwo Mbouombouo<\/strong> a alert\u00e9 son fr\u00e8re par alliance, vers 9 h 30, le 17 ao\u00fbt 2021 \u00e0 Morlaix (Finist\u00e8re). Par vid\u00e9o, il lui montrait le corps inanim\u00e9 de sa compagne, Clara de Rivas, 18 ans. Le fr\u00e8re, m\u00e9decin \u00e0 Paris, \u00ab a imm\u00e9diatement vu qu\u2019elle \u00e9tait morte \u00bb.<\/p>\n<p style=\"text-align: justify;\">Ce lundi 9 d\u00e9cembre 2024, aux assises du Finist\u00e8re, \u00e0 Quimper, l\u2019accus\u00e9, \u00e2g\u00e9 de 35 ans, explique : \u00ab <strong>Je suis impulsif.<\/strong> Ce n\u2019est pas moi qui cherche les probl\u00e8mes, je les subis. Et je r\u00e9agis mal. Malheureusement. \u00bb<\/p>\n<p style=\"text-align: justify;\">Les photos de la fluette brune, de son joli visage <strong>massacr\u00e9<\/strong> ont choqu\u00e9 l\u2019assistance. Les proches de Clara de Rivas ont d\u00fb sortir. \u00ab Elle est si petite, \u00e0 peine 50 kg, mais il serre, il ne se rend pas compte qu\u2019elle est en train de partir \u00bb.<\/p>\n<p>Source ; <a href=\"https:\/\/www.ouest-france.fr\/societe\/justice\/feminicide-en-finistere-laccuse-expulse-plusieurs-fois-un-premier-jour-aux-assises-sous-tension-d25d2cfc-b65e-11ef-92cc-87419da1008e\">Ouest-France<\/a><\/p>\n","protected":false},"excerpt":{"rendered":"<p>D\u00e8s la premi\u00e8re matin\u00e9e de son proc\u00e8s, aux assises du Finist\u00e8re, ce lundi 9 d\u00e9cembre 2024, l\u2019homme accus\u00e9 du meurtre de sa compagne \u00e0 Morlaix a montr\u00e9 des signes d\u2019exasp\u00e9ration. Il n\u2019a pas appr\u00e9ci\u00e9 les t\u00e9moignages ni les questions sur cette nuit du 17 ao\u00fbt 2021, o\u00f9 Clara de Rivas, 18 ans, a perdu la [&hellip;]<\/p>\n","protected":false},"author":1,"featured_media":3007,"comment_status":"open","ping_status":"open","sticky":false,"template":"","format":"standard","meta":{"sb_editor_width":"","footnotes":""},"categories":[38,37,62],"tags":[],"class_list":["post-3006","post","type-post","status-publish","format-standard","has-post-thumbnail","hentry","category-finistere","category-homicide","category-revue-de-presse"],"relative_dates":{"created":"1 an ago","modified":"1 an ago"},"yoast_head":"<!-- This site is optimized with the Yoast SEO plugin v26.3 - https:\/\/yoast.com\/wordpress\/plugins\/seo\/ -->\n<title>Morlaix : &quot;Je suis impulsif&quot;, Njoya Kamel Mouliem Akafuwo Mbouombouo s&#039;explique sur le meurtre de sa compagne Clara, 18 ans - STOURM<\/title>\n<meta name=\"robots\" content=\"index, follow, max-snippet:-1, max-image-preview:large, max-video-preview:-1\" \/>\n<link rel=\"canonical\" href=\"https:\/\/stourm.news\/?p=3006\" \/>\n<meta property=\"og:locale\" content=\"fr_FR\" \/>\n<meta property=\"og:type\" content=\"article\" \/>\n<meta property=\"og:title\" content=\"Morlaix : &quot;Je suis impulsif&quot;, Njoya Kamel Mouliem Akafuwo Mbouombouo s&#039;explique sur le meurtre de sa compagne Clara, 18 ans - STOURM\" \/>\n<meta property=\"og:description\" content=\"D\u00e8s la premi\u00e8re matin\u00e9e de son proc\u00e8s, aux assises du Finist\u00e8re, ce lundi 9 d\u00e9cembre 2024, l\u2019homme accus\u00e9 du meurtre de sa compagne \u00e0 Morlaix a montr\u00e9 des signes d\u2019exasp\u00e9ration. Il n\u2019a pas appr\u00e9ci\u00e9 les t\u00e9moignages ni les questions sur cette nuit du 17 ao\u00fbt 2021, o\u00f9 Clara de Rivas, 18 ans, a perdu la [&hellip;]\" \/>\n<meta property=\"og:url\" content=\"https:\/\/stourm.news\/?p=3006\" \/>\n<meta property=\"og:site_name\" content=\"STOURM\" \/>\n<meta property=\"article:publisher\" content=\"https:\/\/www.facebook.com\/stourmnews\/\" \/>\n<meta property=\"article:published_time\" content=\"2024-12-10T15:39:13+00:00\" \/>\n<meta property=\"og:image\" content=\"https:\/\/stourm.news\/wp-content\/uploads\/2024\/12\/Capture-decran-2024-12-11-a-00.00.01.png\" \/>\n\t<meta property=\"og:image:width\" content=\"650\" \/>\n\t<meta property=\"og:image:height\" content=\"406\" \/>\n\t<meta property=\"og:image:type\" content=\"image\/png\" \/>\n<meta name=\"author\" content=\"La r\u00e9daction\" \/>\n<meta name=\"twitter:card\" content=\"summary_large_image\" \/>\n<meta name=\"twitter:label1\" content=\"\u00c9crit par\" \/>\n\t<meta name=\"twitter:data1\" content=\"La r\u00e9daction\" \/>\n\t<meta name=\"twitter:label2\" content=\"Dur\u00e9e de lecture estim\u00e9e\" \/>\n\t<meta name=\"twitter:data2\" content=\"2 minutes\" \/>\n<script type=\"application\/ld+json\" class=\"yoast-schema-graph\">{\"@context\":\"https:\/\/schema.org\",\"@graph\":[{\"@type\":\"Article\",\"@id\":\"https:\/\/stourm.news\/?p=3006#article\",\"isPartOf\":{\"@id\":\"https:\/\/stourm.news\/?p=3006\"},\"author\":{\"name\":\"La r\u00e9daction\",\"@id\":\"https:\/\/stourm.news\/#\/schema\/person\/c3e1dc65988632e190969234ef046cf9\"},\"headline\":\"Morlaix : \u00ab\u00a0Je suis impulsif\u00a0\u00bb, Njoya Kamel Mouliem Akafuwo Mbouombouo s&rsquo;explique sur le meurtre de sa compagne Clara, 18 ans\",\"datePublished\":\"2024-12-10T15:39:13+00:00\",\"mainEntityOfPage\":{\"@id\":\"https:\/\/stourm.news\/?p=3006\"},\"wordCount\":243,\"commentCount\":0,\"publisher\":{\"@id\":\"https:\/\/stourm.news\/#organization\"},\"image\":{\"@id\":\"https:\/\/stourm.news\/?p=3006#primaryimage\"},\"thumbnailUrl\":\"https:\/\/stourm.news\/wp-content\/uploads\/2024\/12\/Capture-decran-2024-12-11-a-00.00.01.png\",\"articleSection\":[\"Finist\u00e8re\",\"Homicide\",\"Revue de presse\"],\"inLanguage\":\"fr-FR\",\"potentialAction\":[{\"@type\":\"CommentAction\",\"name\":\"Comment\",\"target\":[\"https:\/\/stourm.news\/?p=3006#respond\"]}]},{\"@type\":\"WebPage\",\"@id\":\"https:\/\/stourm.news\/?p=3006\",\"url\":\"https:\/\/stourm.news\/?p=3006\",\"name\":\"Morlaix : \\\"Je suis impulsif\\\", Njoya Kamel Mouliem Akafuwo Mbouombouo s'explique sur le meurtre de sa compagne Clara, 18 ans - STOURM\",\"isPartOf\":{\"@id\":\"https:\/\/stourm.news\/#website\"},\"primaryImageOfPage\":{\"@id\":\"https:\/\/stourm.news\/?p=3006#primaryimage\"},\"image\":{\"@id\":\"https:\/\/stourm.news\/?p=3006#primaryimage\"},\"thumbnailUrl\":\"https:\/\/stourm.news\/wp-content\/uploads\/2024\/12\/Capture-decran-2024-12-11-a-00.00.01.png\",\"datePublished\":\"2024-12-10T15:39:13+00:00\",\"breadcrumb\":{\"@id\":\"https:\/\/stourm.news\/?p=3006#breadcrumb\"},\"inLanguage\":\"fr-FR\",\"potentialAction\":[{\"@type\":\"ReadAction\",\"target\":[\"https:\/\/stourm.news\/?p=3006\"]}]},{\"@type\":\"ImageObject\",\"inLanguage\":\"fr-FR\",\"@id\":\"https:\/\/stourm.news\/?p=3006#primaryimage\",\"url\":\"https:\/\/stourm.news\/wp-content\/uploads\/2024\/12\/Capture-decran-2024-12-11-a-00.00.01.png\",\"contentUrl\":\"https:\/\/stourm.news\/wp-content\/uploads\/2024\/12\/Capture-decran-2024-12-11-a-00.00.01.png\",\"width\":650,\"height\":406},{\"@type\":\"BreadcrumbList\",\"@id\":\"https:\/\/stourm.news\/?p=3006#breadcrumb\",\"itemListElement\":[{\"@type\":\"ListItem\",\"position\":1,\"name\":\"Accueil\",\"item\":\"https:\/\/stourm.news\/\"},{\"@type\":\"ListItem\",\"position\":2,\"name\":\"Morlaix : \u00ab\u00a0Je suis impulsif\u00a0\u00bb, Njoya Kamel Mouliem Akafuwo Mbouombouo s&rsquo;explique sur le meurtre de sa compagne Clara, 18 ans\"}]},{\"@type\":\"WebSite\",\"@id\":\"https:\/\/stourm.news\/#website\",\"url\":\"https:\/\/stourm.news\/\",\"name\":\"Stourm\",\"description\":\"Kazetenn Strollad Broadel Breizh\",\"publisher\":{\"@id\":\"https:\/\/stourm.news\/#organization\"},\"potentialAction\":[{\"@type\":\"SearchAction\",\"target\":{\"@type\":\"EntryPoint\",\"urlTemplate\":\"https:\/\/stourm.news\/?s={search_term_string}\"},\"query-input\":{\"@type\":\"PropertyValueSpecification\",\"valueRequired\":true,\"valueName\":\"search_term_string\"}}],\"inLanguage\":\"fr-FR\"},{\"@type\":\"Organization\",\"@id\":\"https:\/\/stourm.news\/#organization\",\"name\":\"Stourm\",\"url\":\"https:\/\/stourm.news\/\",\"logo\":{\"@type\":\"ImageObject\",\"inLanguage\":\"fr-FR\",\"@id\":\"https:\/\/stourm.news\/#\/schema\/logo\/image\/\",\"url\":\"https:\/\/stourm.news\/wp-content\/uploads\/2025\/11\/cropped-Capture-decran-2025-11-28-a-15.19.07.png\",\"contentUrl\":\"https:\/\/stourm.news\/wp-content\/uploads\/2025\/11\/cropped-Capture-decran-2025-11-28-a-15.19.07.png\",\"width\":1855,\"height\":383,\"caption\":\"Stourm\"},\"image\":{\"@id\":\"https:\/\/stourm.news\/#\/schema\/logo\/image\/\"},\"sameAs\":[\"https:\/\/www.facebook.com\/stourmnews\/\"]},{\"@type\":\"Person\",\"@id\":\"https:\/\/stourm.news\/#\/schema\/person\/c3e1dc65988632e190969234ef046cf9\",\"name\":\"La r\u00e9daction\",\"image\":{\"@type\":\"ImageObject\",\"inLanguage\":\"fr-FR\",\"@id\":\"https:\/\/stourm.news\/#\/schema\/person\/image\/\",\"url\":\"https:\/\/secure.gravatar.com\/avatar\/7463443f194b6b5fb706b074ca0ef59a0cfcfd720cb47764b0ec5a952ce422b3?s=96&d=mm&r=g\",\"contentUrl\":\"https:\/\/secure.gravatar.com\/avatar\/7463443f194b6b5fb706b074ca0ef59a0cfcfd720cb47764b0ec5a952ce422b3?s=96&d=mm&r=g\",\"caption\":\"La r\u00e9daction\"},\"sameAs\":[\"https:\/\/stourm.news\"],\"url\":\"https:\/\/stourm.news\/?author=1\"}]}<\/script>\n<!-- \/ Yoast SEO plugin. -->","yoast_head_json":{"title":"Morlaix : \"Je suis impulsif\", Njoya Kamel Mouliem Akafuwo Mbouombouo s'explique sur le meurtre de sa compagne Clara, 18 ans - STOURM","robots":{"index":"index","follow":"follow","max-snippet":"max-snippet:-1","max-image-preview":"max-image-preview:large","max-video-preview":"max-video-preview:-1"},"canonical":"https:\/\/stourm.news\/?p=3006","og_locale":"fr_FR","og_type":"article","og_title":"Morlaix : \"Je suis impulsif\", Njoya Kamel Mouliem Akafuwo Mbouombouo s'explique sur le meurtre de sa compagne Clara, 18 ans - STOURM","og_description":"D\u00e8s la premi\u00e8re matin\u00e9e de son proc\u00e8s, aux assises du Finist\u00e8re, ce lundi 9 d\u00e9cembre 2024, l\u2019homme accus\u00e9 du meurtre de sa compagne \u00e0 Morlaix a montr\u00e9 des signes d\u2019exasp\u00e9ration. Il n\u2019a pas appr\u00e9ci\u00e9 les t\u00e9moignages ni les questions sur cette nuit du 17 ao\u00fbt 2021, o\u00f9 Clara de Rivas, 18 ans, a perdu la [&hellip;]","og_url":"https:\/\/stourm.news\/?p=3006","og_site_name":"STOURM","article_publisher":"https:\/\/www.facebook.com\/stourmnews\/","article_published_time":"2024-12-10T15:39:13+00:00","og_image":[{"width":650,"height":406,"url":"https:\/\/stourm.news\/wp-content\/uploads\/2024\/12\/Capture-decran-2024-12-11-a-00.00.01.png","type":"image\/png"}],"author":"La r\u00e9daction","twitter_card":"summary_large_image","twitter_misc":{"\u00c9crit par":"La r\u00e9daction","Dur\u00e9e de lecture estim\u00e9e":"2 minutes"},"schema":{"@context":"https:\/\/schema.org","@graph":[{"@type":"Article","@id":"https:\/\/stourm.news\/?p=3006#article","isPartOf":{"@id":"https:\/\/stourm.news\/?p=3006"},"author":{"name":"La r\u00e9daction","@id":"https:\/\/stourm.news\/#\/schema\/person\/c3e1dc65988632e190969234ef046cf9"},"headline":"Morlaix : \u00ab\u00a0Je suis impulsif\u00a0\u00bb, Njoya Kamel Mouliem Akafuwo Mbouombouo s&rsquo;explique sur le meurtre de sa compagne Clara, 18 ans","datePublished":"2024-12-10T15:39:13+00:00","mainEntityOfPage":{"@id":"https:\/\/stourm.news\/?p=3006"},"wordCount":243,"commentCount":0,"publisher":{"@id":"https:\/\/stourm.news\/#organization"},"image":{"@id":"https:\/\/stourm.news\/?p=3006#primaryimage"},"thumbnailUrl":"https:\/\/stourm.news\/wp-content\/uploads\/2024\/12\/Capture-decran-2024-12-11-a-00.00.01.png","articleSection":["Finist\u00e8re","Homicide","Revue de presse"],"inLanguage":"fr-FR","potentialAction":[{"@type":"CommentAction","name":"Comment","target":["https:\/\/stourm.news\/?p=3006#respond"]}]},{"@type":"WebPage","@id":"https:\/\/stourm.news\/?p=3006","url":"https:\/\/stourm.news\/?p=3006","name":"Morlaix : \"Je suis impulsif\", Njoya Kamel Mouliem Akafuwo Mbouombouo s'explique sur le meurtre de sa compagne Clara, 18 ans - STOURM","isPartOf":{"@id":"https:\/\/stourm.news\/#website"},"primaryImageOfPage":{"@id":"https:\/\/stourm.news\/?p=3006#primaryimage"},"image":{"@id":"https:\/\/stourm.news\/?p=3006#primaryimage"},"thumbnailUrl":"https:\/\/stourm.news\/wp-content\/uploads\/2024\/12\/Capture-decran-2024-12-11-a-00.00.01.png","datePublished":"2024-12-10T15:39:13+00:00","breadcrumb":{"@id":"https:\/\/stourm.news\/?p=3006#breadcrumb"},"inLanguage":"fr-FR","potentialAction":[{"@type":"ReadAction","target":["https:\/\/stourm.news\/?p=3006"]}]},{"@type":"ImageObject","inLanguage":"fr-FR","@id":"https:\/\/stourm.news\/?p=3006#primaryimage","url":"https:\/\/stourm.news\/wp-content\/uploads\/2024\/12\/Capture-decran-2024-12-11-a-00.00.01.png","contentUrl":"https:\/\/stourm.news\/wp-content\/uploads\/2024\/12\/Capture-decran-2024-12-11-a-00.00.01.png","width":650,"height":406},{"@type":"BreadcrumbList","@id":"https:\/\/stourm.news\/?p=3006#breadcrumb","itemListElement":[{"@type":"ListItem","position":1,"name":"Accueil","item":"https:\/\/stourm.news\/"},{"@type":"ListItem","position":2,"name":"Morlaix : \u00ab\u00a0Je suis impulsif\u00a0\u00bb, Njoya Kamel Mouliem Akafuwo Mbouombouo s&rsquo;explique sur le meurtre de sa compagne Clara, 18 ans"}]},{"@type":"WebSite","@id":"https:\/\/stourm.news\/#website","url":"https:\/\/stourm.news\/","name":"Stourm","description":"Kazetenn Strollad Broadel Breizh","publisher":{"@id":"https:\/\/stourm.news\/#organization"},"potentialAction":[{"@type":"SearchAction","target":{"@type":"EntryPoint","urlTemplate":"https:\/\/stourm.news\/?s={search_term_string}"},"query-input":{"@type":"PropertyValueSpecification","valueRequired":true,"valueName":"search_term_string"}}],"inLanguage":"fr-FR"},{"@type":"Organization","@id":"https:\/\/stourm.news\/#organization","name":"Stourm","url":"https:\/\/stourm.news\/","logo":{"@type":"ImageObject","inLanguage":"fr-FR","@id":"https:\/\/stourm.news\/#\/schema\/logo\/image\/","url":"https:\/\/stourm.news\/wp-content\/uploads\/2025\/11\/cropped-Capture-decran-2025-11-28-a-15.19.07.png","contentUrl":"https:\/\/stourm.news\/wp-content\/uploads\/2025\/11\/cropped-Capture-decran-2025-11-28-a-15.19.07.png","width":1855,"height":383,"caption":"Stourm"},"image":{"@id":"https:\/\/stourm.news\/#\/schema\/logo\/image\/"},"sameAs":["https:\/\/www.facebook.com\/stourmnews\/"]},{"@type":"Person","@id":"https:\/\/stourm.news\/#\/schema\/person\/c3e1dc65988632e190969234ef046cf9","name":"La r\u00e9daction","image":{"@type":"ImageObject","inLanguage":"fr-FR","@id":"https:\/\/stourm.news\/#\/schema\/person\/image\/","url":"https:\/\/secure.gravatar.com\/avatar\/7463443f194b6b5fb706b074ca0ef59a0cfcfd720cb47764b0ec5a952ce422b3?s=96&d=mm&r=g","contentUrl":"https:\/\/secure.gravatar.com\/avatar\/7463443f194b6b5fb706b074ca0ef59a0cfcfd720cb47764b0ec5a952ce422b3?s=96&d=mm&r=g","caption":"La r\u00e9daction"},"sameAs":["https:\/\/stourm.news"],"url":"https:\/\/stourm.news\/?author=1"}]}},"_links":{"self":[{"href":"https:\/\/stourm.news\/index.php?rest_route=\/wp\/v2\/posts\/3006","targetHints":{"allow":["GET"]}}],"collection":[{"href":"https:\/\/stourm.news\/index.php?rest_route=\/wp\/v2\/posts"}],"about":[{"href":"https:\/\/stourm.news\/index.php?rest_route=\/wp\/v2\/types\/post"}],"author":[{"embeddable":true,"href":"https:\/\/stourm.news\/index.php?rest_route=\/wp\/v2\/users\/1"}],"replies":[{"embeddable":true,"href":"https:\/\/stourm.news\/index.php?rest_route=%2Fwp%2Fv2%2Fcomments&post=3006"}],"version-history":[{"count":1,"href":"https:\/\/stourm.news\/index.php?rest_route=\/wp\/v2\/posts\/3006\/revisions"}],"predecessor-version":[{"id":3008,"href":"https:\/\/stourm.news\/index.php?rest_route=\/wp\/v2\/posts\/3006\/revisions\/3008"}],"wp:featuredmedia":[{"embeddable":true,"href":"https:\/\/stourm.news\/index.php?rest_route=\/wp\/v2\/media\/3007"}],"wp:attachment":[{"href":"https:\/\/stourm.news\/index.php?rest_route=%2Fwp%2Fv2%2Fmedia&parent=3006"}],"wp:term":[{"taxonomy":"category","embeddable":true,"href":"https:\/\/stourm.news\/index.php?rest_route=%2Fwp%2Fv2%2Fcategories&post=3006"},{"taxonomy":"post_tag","embeddable":true,"href":"https:\/\/stourm.news\/index.php?rest_route=%2Fwp%2Fv2%2Ftags&post=3006"}],"curies":[{"name":"wp","href":"https:\/\/api.w.org\/{rel}","templated":true}]}}