{"id":3012,"date":"2024-12-11T16:44:54","date_gmt":"2024-12-11T16:44:54","guid":{"rendered":"https:\/\/stourm.news\/?p=3012"},"modified":"2024-12-11T16:44:54","modified_gmt":"2024-12-11T16:44:54","slug":"rennes-un-transexuel-qui-attaquait-letat-pour-non-acces-a-son-traitement-a-la-prison-pour-femmes-deboute","status":"publish","type":"post","link":"https:\/\/stourm.news\/?p=3012","title":{"rendered":"Rennes : Un \u00ab\u00a0transexuel\u00a0\u00bb qui attaquait l\u2019\u00c9tat pour non-acc\u00e8s \u00e0 son \u00ab\u00a0traitement\u00a0\u00bb \u00e0 la prison pour femmes d\u00e9bout\u00e9"},"content":{"rendered":"<p style=\"text-align: justify;\">Il avait subi une chirurgie de r\u00e9assignation sexuelle et devait pour cela suivre un traitement hormonal. Mais \u00e9tant incarc\u00e9r\u00e9 \u00e0 la prison des femmes de Rennes, un homme <strong>transgenre<\/strong> en avait \u00e9t\u00e9 priv\u00e9. Voil\u00e0 pourquoi cet ancien d\u00e9tenu a saisi le tribunal administratif de Rennes le 22 novembre pour faire condamner l\u2019\u00c9tat pour absence de soins.<\/p>\n<p style=\"text-align: justify;\">Lors de l\u2019audience, l\u2019avocate du plaignant, qui r\u00e9clamait <strong>150.000 euros<\/strong>, avait rappel\u00e9 \u00ab les souffrances physiques et psychiques \u00bb endur\u00e9es par son client en d\u00e9tention et expliqu\u00e9 que ce traitement prescrit \u00e0 vie \u00e9tait \u00ab absolument indispensable pour modifier et <strong>f\u00e9miniser<\/strong> le corps \u00bb.<\/p>\n<p style=\"text-align: justify;\">Dans son d\u00e9lib\u00e9r\u00e9 rendu le 6 d\u00e9cembre, le tribunal administratif a d\u00e9bout\u00e9 l&rsquo;homme <strong>transgenre<\/strong>, rapporte Ouest-France. Les juges ont en effet estim\u00e9 qu\u2019il n\u2019avait apport\u00e9 aucune preuve ni pi\u00e8ce m\u00e9diale permettant de juger de son \u00e9tat de sant\u00e9 et qu\u2019il avait b\u00e9n\u00e9fici\u00e9 durant sa d\u00e9tention d\u2019une centaine de consultations m\u00e9dicales lui permettant d\u2019avoir acc\u00e8s \u00e0 son traitement.<\/p>\n<p>Source : <a href=\"https:\/\/www.20minutes.fr\/justice\/4128588-20241211-rennes-femme-trans-attaquait-etat-non-acces-traitement-prison-deboutee#xtor=RSS-149\">20 Minutes<\/a><\/p>\n","protected":false},"excerpt":{"rendered":"<p>Il avait subi une chirurgie de r\u00e9assignation sexuelle et devait pour cela suivre un traitement hormonal. Mais \u00e9tant incarc\u00e9r\u00e9 \u00e0 la prison des femmes de Rennes, un homme transgenre en avait \u00e9t\u00e9 priv\u00e9. Voil\u00e0 pourquoi cet ancien d\u00e9tenu a saisi le tribunal administratif de Rennes le 22 novembre pour faire condamner l\u2019\u00c9tat pour absence de [&hellip;]<\/p>\n","protected":false},"author":1,"featured_media":3013,"comment_status":"open","ping_status":"open","sticky":false,"template":"","format":"standard","meta":{"sb_editor_width":"","footnotes":""},"categories":[62,54],"tags":[],"class_list":["post-3012","post","type-post","status-publish","format-standard","has-post-thumbnail","hentry","category-revue-de-presse","category-societe"],"relative_dates":{"created":"1 an ago","modified":"1 an ago"},"yoast_head":"<!-- This site is optimized with the Yoast SEO plugin v26.3 - https:\/\/yoast.com\/wordpress\/plugins\/seo\/ -->\n<title>Rennes : Un &quot;transexuel&quot; qui attaquait l\u2019\u00c9tat pour non-acc\u00e8s \u00e0 son &quot;traitement&quot; \u00e0 la prison pour femmes d\u00e9bout\u00e9 - STOURM<\/title>\n<meta name=\"robots\" content=\"index, follow, max-snippet:-1, max-image-preview:large, max-video-preview:-1\" \/>\n<link rel=\"canonical\" href=\"https:\/\/stourm.news\/?p=3012\" \/>\n<meta property=\"og:locale\" content=\"fr_FR\" \/>\n<meta property=\"og:type\" content=\"article\" \/>\n<meta property=\"og:title\" content=\"Rennes : Un &quot;transexuel&quot; qui attaquait l\u2019\u00c9tat pour non-acc\u00e8s \u00e0 son &quot;traitement&quot; \u00e0 la prison pour femmes d\u00e9bout\u00e9 - STOURM\" \/>\n<meta property=\"og:description\" content=\"Il avait subi une chirurgie de r\u00e9assignation sexuelle et devait pour cela suivre un traitement hormonal. Mais \u00e9tant incarc\u00e9r\u00e9 \u00e0 la prison des femmes de Rennes, un homme transgenre en avait \u00e9t\u00e9 priv\u00e9. Voil\u00e0 pourquoi cet ancien d\u00e9tenu a saisi le tribunal administratif de Rennes le 22 novembre pour faire condamner l\u2019\u00c9tat pour absence de [&hellip;]\" \/>\n<meta property=\"og:url\" content=\"https:\/\/stourm.news\/?p=3012\" \/>\n<meta property=\"og:site_name\" content=\"STOURM\" \/>\n<meta property=\"article:publisher\" content=\"https:\/\/www.facebook.com\/stourmnews\/\" \/>\n<meta property=\"article:published_time\" content=\"2024-12-11T16:44:54+00:00\" \/>\n<meta property=\"og:image\" content=\"https:\/\/stourm.news\/wp-content\/uploads\/2024\/12\/1444x920_la-prison-des-femmes-de-rennes-est-l-une-des-rares-en-france-a-n-accueillir-que-des-detenues-femmes.webp\" \/>\n\t<meta property=\"og:image:width\" content=\"1444\" \/>\n\t<meta property=\"og:image:height\" content=\"920\" \/>\n\t<meta property=\"og:image:type\" content=\"image\/webp\" \/>\n<meta name=\"author\" content=\"La r\u00e9daction\" \/>\n<meta name=\"twitter:card\" content=\"summary_large_image\" \/>\n<meta name=\"twitter:label1\" content=\"\u00c9crit par\" \/>\n\t<meta name=\"twitter:data1\" content=\"La r\u00e9daction\" \/>\n\t<meta name=\"twitter:label2\" content=\"Dur\u00e9e de lecture estim\u00e9e\" \/>\n\t<meta name=\"twitter:data2\" content=\"1 minute\" \/>\n<script type=\"application\/ld+json\" class=\"yoast-schema-graph\">{\"@context\":\"https:\/\/schema.org\",\"@graph\":[{\"@type\":\"Article\",\"@id\":\"https:\/\/stourm.news\/?p=3012#article\",\"isPartOf\":{\"@id\":\"https:\/\/stourm.news\/?p=3012\"},\"author\":{\"name\":\"La r\u00e9daction\",\"@id\":\"https:\/\/stourm.news\/#\/schema\/person\/c3e1dc65988632e190969234ef046cf9\"},\"headline\":\"Rennes : Un \u00ab\u00a0transexuel\u00a0\u00bb qui attaquait l\u2019\u00c9tat pour non-acc\u00e8s \u00e0 son \u00ab\u00a0traitement\u00a0\u00bb \u00e0 la prison pour femmes d\u00e9bout\u00e9\",\"datePublished\":\"2024-12-11T16:44:54+00:00\",\"mainEntityOfPage\":{\"@id\":\"https:\/\/stourm.news\/?p=3012\"},\"wordCount\":194,\"commentCount\":0,\"publisher\":{\"@id\":\"https:\/\/stourm.news\/#organization\"},\"image\":{\"@id\":\"https:\/\/stourm.news\/?p=3012#primaryimage\"},\"thumbnailUrl\":\"https:\/\/stourm.news\/wp-content\/uploads\/2024\/12\/1444x920_la-prison-des-femmes-de-rennes-est-l-une-des-rares-en-france-a-n-accueillir-que-des-detenues-femmes.webp\",\"articleSection\":[\"Revue de presse\",\"Soci\u00e9t\u00e9\"],\"inLanguage\":\"fr-FR\",\"potentialAction\":[{\"@type\":\"CommentAction\",\"name\":\"Comment\",\"target\":[\"https:\/\/stourm.news\/?p=3012#respond\"]}]},{\"@type\":\"WebPage\",\"@id\":\"https:\/\/stourm.news\/?p=3012\",\"url\":\"https:\/\/stourm.news\/?p=3012\",\"name\":\"Rennes : Un \\\"transexuel\\\" qui attaquait l\u2019\u00c9tat pour non-acc\u00e8s \u00e0 son \\\"traitement\\\" \u00e0 la prison pour femmes d\u00e9bout\u00e9 - STOURM\",\"isPartOf\":{\"@id\":\"https:\/\/stourm.news\/#website\"},\"primaryImageOfPage\":{\"@id\":\"https:\/\/stourm.news\/?p=3012#primaryimage\"},\"image\":{\"@id\":\"https:\/\/stourm.news\/?p=3012#primaryimage\"},\"thumbnailUrl\":\"https:\/\/stourm.news\/wp-content\/uploads\/2024\/12\/1444x920_la-prison-des-femmes-de-rennes-est-l-une-des-rares-en-france-a-n-accueillir-que-des-detenues-femmes.webp\",\"datePublished\":\"2024-12-11T16:44:54+00:00\",\"breadcrumb\":{\"@id\":\"https:\/\/stourm.news\/?p=3012#breadcrumb\"},\"inLanguage\":\"fr-FR\",\"potentialAction\":[{\"@type\":\"ReadAction\",\"target\":[\"https:\/\/stourm.news\/?p=3012\"]}]},{\"@type\":\"ImageObject\",\"inLanguage\":\"fr-FR\",\"@id\":\"https:\/\/stourm.news\/?p=3012#primaryimage\",\"url\":\"https:\/\/stourm.news\/wp-content\/uploads\/2024\/12\/1444x920_la-prison-des-femmes-de-rennes-est-l-une-des-rares-en-france-a-n-accueillir-que-des-detenues-femmes.webp\",\"contentUrl\":\"https:\/\/stourm.news\/wp-content\/uploads\/2024\/12\/1444x920_la-prison-des-femmes-de-rennes-est-l-une-des-rares-en-france-a-n-accueillir-que-des-detenues-femmes.webp\",\"width\":1444,\"height\":920},{\"@type\":\"BreadcrumbList\",\"@id\":\"https:\/\/stourm.news\/?p=3012#breadcrumb\",\"itemListElement\":[{\"@type\":\"ListItem\",\"position\":1,\"name\":\"Accueil\",\"item\":\"https:\/\/stourm.news\/\"},{\"@type\":\"ListItem\",\"position\":2,\"name\":\"Rennes : Un \u00ab\u00a0transexuel\u00a0\u00bb qui attaquait l\u2019\u00c9tat pour non-acc\u00e8s \u00e0 son \u00ab\u00a0traitement\u00a0\u00bb \u00e0 la prison pour femmes d\u00e9bout\u00e9\"}]},{\"@type\":\"WebSite\",\"@id\":\"https:\/\/stourm.news\/#website\",\"url\":\"https:\/\/stourm.news\/\",\"name\":\"Stourm\",\"description\":\"Kazetenn Strollad Broadel Breizh\",\"publisher\":{\"@id\":\"https:\/\/stourm.news\/#organization\"},\"potentialAction\":[{\"@type\":\"SearchAction\",\"target\":{\"@type\":\"EntryPoint\",\"urlTemplate\":\"https:\/\/stourm.news\/?s={search_term_string}\"},\"query-input\":{\"@type\":\"PropertyValueSpecification\",\"valueRequired\":true,\"valueName\":\"search_term_string\"}}],\"inLanguage\":\"fr-FR\"},{\"@type\":\"Organization\",\"@id\":\"https:\/\/stourm.news\/#organization\",\"name\":\"Stourm\",\"url\":\"https:\/\/stourm.news\/\",\"logo\":{\"@type\":\"ImageObject\",\"inLanguage\":\"fr-FR\",\"@id\":\"https:\/\/stourm.news\/#\/schema\/logo\/image\/\",\"url\":\"https:\/\/stourm.news\/wp-content\/uploads\/2025\/11\/cropped-Capture-decran-2025-11-28-a-15.19.07.png\",\"contentUrl\":\"https:\/\/stourm.news\/wp-content\/uploads\/2025\/11\/cropped-Capture-decran-2025-11-28-a-15.19.07.png\",\"width\":1855,\"height\":383,\"caption\":\"Stourm\"},\"image\":{\"@id\":\"https:\/\/stourm.news\/#\/schema\/logo\/image\/\"},\"sameAs\":[\"https:\/\/www.facebook.com\/stourmnews\/\"]},{\"@type\":\"Person\",\"@id\":\"https:\/\/stourm.news\/#\/schema\/person\/c3e1dc65988632e190969234ef046cf9\",\"name\":\"La r\u00e9daction\",\"image\":{\"@type\":\"ImageObject\",\"inLanguage\":\"fr-FR\",\"@id\":\"https:\/\/stourm.news\/#\/schema\/person\/image\/\",\"url\":\"https:\/\/secure.gravatar.com\/avatar\/7463443f194b6b5fb706b074ca0ef59a0cfcfd720cb47764b0ec5a952ce422b3?s=96&d=mm&r=g\",\"contentUrl\":\"https:\/\/secure.gravatar.com\/avatar\/7463443f194b6b5fb706b074ca0ef59a0cfcfd720cb47764b0ec5a952ce422b3?s=96&d=mm&r=g\",\"caption\":\"La r\u00e9daction\"},\"sameAs\":[\"https:\/\/stourm.news\"],\"url\":\"https:\/\/stourm.news\/?author=1\"}]}<\/script>\n<!-- \/ Yoast SEO plugin. -->","yoast_head_json":{"title":"Rennes : Un \"transexuel\" qui attaquait l\u2019\u00c9tat pour non-acc\u00e8s \u00e0 son \"traitement\" \u00e0 la prison pour femmes d\u00e9bout\u00e9 - STOURM","robots":{"index":"index","follow":"follow","max-snippet":"max-snippet:-1","max-image-preview":"max-image-preview:large","max-video-preview":"max-video-preview:-1"},"canonical":"https:\/\/stourm.news\/?p=3012","og_locale":"fr_FR","og_type":"article","og_title":"Rennes : Un \"transexuel\" qui attaquait l\u2019\u00c9tat pour non-acc\u00e8s \u00e0 son \"traitement\" \u00e0 la prison pour femmes d\u00e9bout\u00e9 - STOURM","og_description":"Il avait subi une chirurgie de r\u00e9assignation sexuelle et devait pour cela suivre un traitement hormonal. Mais \u00e9tant incarc\u00e9r\u00e9 \u00e0 la prison des femmes de Rennes, un homme transgenre en avait \u00e9t\u00e9 priv\u00e9. Voil\u00e0 pourquoi cet ancien d\u00e9tenu a saisi le tribunal administratif de Rennes le 22 novembre pour faire condamner l\u2019\u00c9tat pour absence de [&hellip;]","og_url":"https:\/\/stourm.news\/?p=3012","og_site_name":"STOURM","article_publisher":"https:\/\/www.facebook.com\/stourmnews\/","article_published_time":"2024-12-11T16:44:54+00:00","og_image":[{"width":1444,"height":920,"url":"https:\/\/stourm.news\/wp-content\/uploads\/2024\/12\/1444x920_la-prison-des-femmes-de-rennes-est-l-une-des-rares-en-france-a-n-accueillir-que-des-detenues-femmes.webp","type":"image\/webp"}],"author":"La r\u00e9daction","twitter_card":"summary_large_image","twitter_misc":{"\u00c9crit par":"La r\u00e9daction","Dur\u00e9e de lecture estim\u00e9e":"1 minute"},"schema":{"@context":"https:\/\/schema.org","@graph":[{"@type":"Article","@id":"https:\/\/stourm.news\/?p=3012#article","isPartOf":{"@id":"https:\/\/stourm.news\/?p=3012"},"author":{"name":"La r\u00e9daction","@id":"https:\/\/stourm.news\/#\/schema\/person\/c3e1dc65988632e190969234ef046cf9"},"headline":"Rennes : Un \u00ab\u00a0transexuel\u00a0\u00bb qui attaquait l\u2019\u00c9tat pour non-acc\u00e8s \u00e0 son \u00ab\u00a0traitement\u00a0\u00bb \u00e0 la prison pour femmes d\u00e9bout\u00e9","datePublished":"2024-12-11T16:44:54+00:00","mainEntityOfPage":{"@id":"https:\/\/stourm.news\/?p=3012"},"wordCount":194,"commentCount":0,"publisher":{"@id":"https:\/\/stourm.news\/#organization"},"image":{"@id":"https:\/\/stourm.news\/?p=3012#primaryimage"},"thumbnailUrl":"https:\/\/stourm.news\/wp-content\/uploads\/2024\/12\/1444x920_la-prison-des-femmes-de-rennes-est-l-une-des-rares-en-france-a-n-accueillir-que-des-detenues-femmes.webp","articleSection":["Revue de presse","Soci\u00e9t\u00e9"],"inLanguage":"fr-FR","potentialAction":[{"@type":"CommentAction","name":"Comment","target":["https:\/\/stourm.news\/?p=3012#respond"]}]},{"@type":"WebPage","@id":"https:\/\/stourm.news\/?p=3012","url":"https:\/\/stourm.news\/?p=3012","name":"Rennes : Un \"transexuel\" qui attaquait l\u2019\u00c9tat pour non-acc\u00e8s \u00e0 son \"traitement\" \u00e0 la prison pour femmes d\u00e9bout\u00e9 - STOURM","isPartOf":{"@id":"https:\/\/stourm.news\/#website"},"primaryImageOfPage":{"@id":"https:\/\/stourm.news\/?p=3012#primaryimage"},"image":{"@id":"https:\/\/stourm.news\/?p=3012#primaryimage"},"thumbnailUrl":"https:\/\/stourm.news\/wp-content\/uploads\/2024\/12\/1444x920_la-prison-des-femmes-de-rennes-est-l-une-des-rares-en-france-a-n-accueillir-que-des-detenues-femmes.webp","datePublished":"2024-12-11T16:44:54+00:00","breadcrumb":{"@id":"https:\/\/stourm.news\/?p=3012#breadcrumb"},"inLanguage":"fr-FR","potentialAction":[{"@type":"ReadAction","target":["https:\/\/stourm.news\/?p=3012"]}]},{"@type":"ImageObject","inLanguage":"fr-FR","@id":"https:\/\/stourm.news\/?p=3012#primaryimage","url":"https:\/\/stourm.news\/wp-content\/uploads\/2024\/12\/1444x920_la-prison-des-femmes-de-rennes-est-l-une-des-rares-en-france-a-n-accueillir-que-des-detenues-femmes.webp","contentUrl":"https:\/\/stourm.news\/wp-content\/uploads\/2024\/12\/1444x920_la-prison-des-femmes-de-rennes-est-l-une-des-rares-en-france-a-n-accueillir-que-des-detenues-femmes.webp","width":1444,"height":920},{"@type":"BreadcrumbList","@id":"https:\/\/stourm.news\/?p=3012#breadcrumb","itemListElement":[{"@type":"ListItem","position":1,"name":"Accueil","item":"https:\/\/stourm.news\/"},{"@type":"ListItem","position":2,"name":"Rennes : Un \u00ab\u00a0transexuel\u00a0\u00bb qui attaquait l\u2019\u00c9tat pour non-acc\u00e8s \u00e0 son \u00ab\u00a0traitement\u00a0\u00bb \u00e0 la prison pour femmes d\u00e9bout\u00e9"}]},{"@type":"WebSite","@id":"https:\/\/stourm.news\/#website","url":"https:\/\/stourm.news\/","name":"Stourm","description":"Kazetenn Strollad Broadel Breizh","publisher":{"@id":"https:\/\/stourm.news\/#organization"},"potentialAction":[{"@type":"SearchAction","target":{"@type":"EntryPoint","urlTemplate":"https:\/\/stourm.news\/?s={search_term_string}"},"query-input":{"@type":"PropertyValueSpecification","valueRequired":true,"valueName":"search_term_string"}}],"inLanguage":"fr-FR"},{"@type":"Organization","@id":"https:\/\/stourm.news\/#organization","name":"Stourm","url":"https:\/\/stourm.news\/","logo":{"@type":"ImageObject","inLanguage":"fr-FR","@id":"https:\/\/stourm.news\/#\/schema\/logo\/image\/","url":"https:\/\/stourm.news\/wp-content\/uploads\/2025\/11\/cropped-Capture-decran-2025-11-28-a-15.19.07.png","contentUrl":"https:\/\/stourm.news\/wp-content\/uploads\/2025\/11\/cropped-Capture-decran-2025-11-28-a-15.19.07.png","width":1855,"height":383,"caption":"Stourm"},"image":{"@id":"https:\/\/stourm.news\/#\/schema\/logo\/image\/"},"sameAs":["https:\/\/www.facebook.com\/stourmnews\/"]},{"@type":"Person","@id":"https:\/\/stourm.news\/#\/schema\/person\/c3e1dc65988632e190969234ef046cf9","name":"La r\u00e9daction","image":{"@type":"ImageObject","inLanguage":"fr-FR","@id":"https:\/\/stourm.news\/#\/schema\/person\/image\/","url":"https:\/\/secure.gravatar.com\/avatar\/7463443f194b6b5fb706b074ca0ef59a0cfcfd720cb47764b0ec5a952ce422b3?s=96&d=mm&r=g","contentUrl":"https:\/\/secure.gravatar.com\/avatar\/7463443f194b6b5fb706b074ca0ef59a0cfcfd720cb47764b0ec5a952ce422b3?s=96&d=mm&r=g","caption":"La r\u00e9daction"},"sameAs":["https:\/\/stourm.news"],"url":"https:\/\/stourm.news\/?author=1"}]}},"_links":{"self":[{"href":"https:\/\/stourm.news\/index.php?rest_route=\/wp\/v2\/posts\/3012","targetHints":{"allow":["GET"]}}],"collection":[{"href":"https:\/\/stourm.news\/index.php?rest_route=\/wp\/v2\/posts"}],"about":[{"href":"https:\/\/stourm.news\/index.php?rest_route=\/wp\/v2\/types\/post"}],"author":[{"embeddable":true,"href":"https:\/\/stourm.news\/index.php?rest_route=\/wp\/v2\/users\/1"}],"replies":[{"embeddable":true,"href":"https:\/\/stourm.news\/index.php?rest_route=%2Fwp%2Fv2%2Fcomments&post=3012"}],"version-history":[{"count":1,"href":"https:\/\/stourm.news\/index.php?rest_route=\/wp\/v2\/posts\/3012\/revisions"}],"predecessor-version":[{"id":3014,"href":"https:\/\/stourm.news\/index.php?rest_route=\/wp\/v2\/posts\/3012\/revisions\/3014"}],"wp:featuredmedia":[{"embeddable":true,"href":"https:\/\/stourm.news\/index.php?rest_route=\/wp\/v2\/media\/3013"}],"wp:attachment":[{"href":"https:\/\/stourm.news\/index.php?rest_route=%2Fwp%2Fv2%2Fmedia&parent=3012"}],"wp:term":[{"taxonomy":"category","embeddable":true,"href":"https:\/\/stourm.news\/index.php?rest_route=%2Fwp%2Fv2%2Fcategories&post=3012"},{"taxonomy":"post_tag","embeddable":true,"href":"https:\/\/stourm.news\/index.php?rest_route=%2Fwp%2Fv2%2Ftags&post=3012"}],"curies":[{"name":"wp","href":"https:\/\/api.w.org\/{rel}","templated":true}]}}