{"id":3015,"date":"2024-12-11T16:50:54","date_gmt":"2024-12-11T16:50:54","guid":{"rendered":"https:\/\/stourm.news\/?p=3015"},"modified":"2024-12-11T16:51:52","modified_gmt":"2024-12-11T16:51:52","slug":"nantes-un-migrant-clandestin-mord-un-policier-lors-de-son-interpellation-a-nantes","status":"publish","type":"post","link":"https:\/\/stourm.news\/?p=3015","title":{"rendered":"Nantes : un migrant clandestin mord un policier lors de son interpellation"},"content":{"rendered":"<p style=\"text-align: justify;\">Un jeune homme de 20 ans, <strong>en situation irr\u00e9guli\u00e8re<\/strong>, a \u00e9t\u00e9 interpell\u00e9 samedi soir en gare de Nantes apr\u00e8s avoir prof\u00e9r\u00e9 des <strong>menaces de mort<\/strong> envers les agents de s\u00e9curit\u00e9 de la plateforme SNCF.<\/p>\n<p style=\"text-align: justify;\">Conduit par la police nationale au commissariat central pour son placement en garde \u00e0 vue, l\u2019op\u00e9ration <strong>a rapidement<\/strong> <strong>d\u00e9g\u00e9n\u00e9r\u00e9<\/strong>, n\u00e9cessitant une intervention muscl\u00e9e des forces de l\u2019ordre.<\/p>\n<p style=\"text-align: justify;\">Lors de son transfert en cellule, le suspect s\u2019est violemment d\u00e9battu, allant jusqu\u2019\u00e0 <strong>mordre<\/strong> un fonctionnaire de police avant d\u2019\u00eatre ma\u00eetris\u00e9. L\u2019agent bless\u00e9 a re\u00e7u une prescription de cinq jours d\u2019interruption temporaire de travail (ITT) comme le relate Le Figaro.<\/p>\n<p style=\"text-align: justify;\">Selon les forces de l\u2019ordre, l\u2019individu est <strong>\u00ab tr\u00e8s bien connu \u00bb<\/strong> des services de police nantais. Il \u00e9tait \u00e9galement sous l\u2019emprise de pr\u00e9gabaline, un m\u00e9dicament d\u00e9tourn\u00e9 \u00e0 des fins r\u00e9cr\u00e9atives, souvent surnomm\u00e9 \u00ab la drogue du pauvre \u00bb.<\/p>\n<p style=\"text-align: justify;\">L\u2019homme \u00e9tait toujours en garde \u00e0 vue lundi matin, tandis que les enqu\u00eateurs poursuivaient leurs investigations. Son statut de <strong>sans-papiers<\/strong> ajoute une dimension suppl\u00e9mentaire \u00e0 cette affaire, relan\u00e7ant les d\u00e9bats sur les probl\u00e9matiques li\u00e9es \u00e0 l\u2019immigration et aux violences urbaines.<\/p>\n<p style=\"text-align: justify;\">Cet incident illustre une nouvelle fois les difficult\u00e9s rencontr\u00e9es par les forces de l\u2019ordre face \u00e0 des individus sous l\u2019emprise de substances d\u00e9tourn\u00e9es et \u00e0 haut risque.<\/p>\n<p>Source : <a href=\"https:\/\/actuforcesdelordre.fr\/2024\/12\/10\/un-sans-papiers-mord-un-policier-lors-de-son-interpellation-a-nantes\/\">Actu forces de l&rsquo;ordre<\/a><\/p>\n","protected":false},"excerpt":{"rendered":"<p>Un jeune homme de 20 ans, en situation irr\u00e9guli\u00e8re, a \u00e9t\u00e9 interpell\u00e9 samedi soir en gare de Nantes apr\u00e8s avoir prof\u00e9r\u00e9 des menaces de mort envers les agents de s\u00e9curit\u00e9 de la plateforme SNCF. Conduit par la police nationale au commissariat central pour son placement en garde \u00e0 vue, l\u2019op\u00e9ration a rapidement d\u00e9g\u00e9n\u00e9r\u00e9, n\u00e9cessitant une [&hellip;]<\/p>\n","protected":false},"author":1,"featured_media":3016,"comment_status":"open","ping_status":"open","sticky":false,"template":"","format":"standard","meta":{"sb_editor_width":"","footnotes":""},"categories":[31,33,42,62],"tags":[],"class_list":["post-3015","post","type-post","status-publish","format-standard","has-post-thumbnail","hentry","category-agression","category-immigration","category-loire-atlantique","category-revue-de-presse"],"relative_dates":{"created":"1 an ago","modified":"1 an ago"},"yoast_head":"<!-- This site is optimized with the Yoast SEO plugin v26.3 - https:\/\/yoast.com\/wordpress\/plugins\/seo\/ -->\n<title>Nantes : un migrant clandestin mord un policier lors de son interpellation - STOURM<\/title>\n<meta name=\"robots\" content=\"index, follow, max-snippet:-1, max-image-preview:large, max-video-preview:-1\" \/>\n<link rel=\"canonical\" href=\"https:\/\/stourm.news\/?p=3015\" \/>\n<meta property=\"og:locale\" content=\"fr_FR\" \/>\n<meta property=\"og:type\" content=\"article\" \/>\n<meta property=\"og:title\" content=\"Nantes : un migrant clandestin mord un policier lors de son interpellation - STOURM\" \/>\n<meta property=\"og:description\" content=\"Un jeune homme de 20 ans, en situation irr\u00e9guli\u00e8re, a \u00e9t\u00e9 interpell\u00e9 samedi soir en gare de Nantes apr\u00e8s avoir prof\u00e9r\u00e9 des menaces de mort envers les agents de s\u00e9curit\u00e9 de la plateforme SNCF. Conduit par la police nationale au commissariat central pour son placement en garde \u00e0 vue, l\u2019op\u00e9ration a rapidement d\u00e9g\u00e9n\u00e9r\u00e9, n\u00e9cessitant une [&hellip;]\" \/>\n<meta property=\"og:url\" content=\"https:\/\/stourm.news\/?p=3015\" \/>\n<meta property=\"og:site_name\" content=\"STOURM\" \/>\n<meta property=\"article:publisher\" content=\"https:\/\/www.facebook.com\/stourmnews\/\" \/>\n<meta property=\"article:published_time\" content=\"2024-12-11T16:50:54+00:00\" \/>\n<meta property=\"article:modified_time\" content=\"2024-12-11T16:51:52+00:00\" \/>\n<meta property=\"og:image\" content=\"https:\/\/stourm.news\/wp-content\/uploads\/2024\/12\/DSC_0011_manif_migrant_300419_avec_Nantes.jpg\" \/>\n\t<meta property=\"og:image:width\" content=\"1250\" \/>\n\t<meta property=\"og:image:height\" content=\"827\" \/>\n\t<meta property=\"og:image:type\" content=\"image\/jpeg\" \/>\n<meta name=\"author\" content=\"La r\u00e9daction\" \/>\n<meta name=\"twitter:card\" content=\"summary_large_image\" \/>\n<meta name=\"twitter:label1\" content=\"\u00c9crit par\" \/>\n\t<meta name=\"twitter:data1\" content=\"La r\u00e9daction\" \/>\n\t<meta name=\"twitter:label2\" content=\"Dur\u00e9e de lecture estim\u00e9e\" \/>\n\t<meta name=\"twitter:data2\" content=\"2 minutes\" \/>\n<script type=\"application\/ld+json\" class=\"yoast-schema-graph\">{\"@context\":\"https:\/\/schema.org\",\"@graph\":[{\"@type\":\"Article\",\"@id\":\"https:\/\/stourm.news\/?p=3015#article\",\"isPartOf\":{\"@id\":\"https:\/\/stourm.news\/?p=3015\"},\"author\":{\"name\":\"La r\u00e9daction\",\"@id\":\"https:\/\/stourm.news\/#\/schema\/person\/c3e1dc65988632e190969234ef046cf9\"},\"headline\":\"Nantes : un migrant clandestin mord un policier lors de son interpellation\",\"datePublished\":\"2024-12-11T16:50:54+00:00\",\"dateModified\":\"2024-12-11T16:51:52+00:00\",\"mainEntityOfPage\":{\"@id\":\"https:\/\/stourm.news\/?p=3015\"},\"wordCount\":255,\"commentCount\":0,\"publisher\":{\"@id\":\"https:\/\/stourm.news\/#organization\"},\"image\":{\"@id\":\"https:\/\/stourm.news\/?p=3015#primaryimage\"},\"thumbnailUrl\":\"https:\/\/stourm.news\/wp-content\/uploads\/2024\/12\/DSC_0011_manif_migrant_300419_avec_Nantes.jpg\",\"articleSection\":[\"Agression\",\"Immigration\",\"Loire-Atlantique\",\"Revue de presse\"],\"inLanguage\":\"fr-FR\",\"potentialAction\":[{\"@type\":\"CommentAction\",\"name\":\"Comment\",\"target\":[\"https:\/\/stourm.news\/?p=3015#respond\"]}]},{\"@type\":\"WebPage\",\"@id\":\"https:\/\/stourm.news\/?p=3015\",\"url\":\"https:\/\/stourm.news\/?p=3015\",\"name\":\"Nantes : un migrant clandestin mord un policier lors de son interpellation - STOURM\",\"isPartOf\":{\"@id\":\"https:\/\/stourm.news\/#website\"},\"primaryImageOfPage\":{\"@id\":\"https:\/\/stourm.news\/?p=3015#primaryimage\"},\"image\":{\"@id\":\"https:\/\/stourm.news\/?p=3015#primaryimage\"},\"thumbnailUrl\":\"https:\/\/stourm.news\/wp-content\/uploads\/2024\/12\/DSC_0011_manif_migrant_300419_avec_Nantes.jpg\",\"datePublished\":\"2024-12-11T16:50:54+00:00\",\"dateModified\":\"2024-12-11T16:51:52+00:00\",\"breadcrumb\":{\"@id\":\"https:\/\/stourm.news\/?p=3015#breadcrumb\"},\"inLanguage\":\"fr-FR\",\"potentialAction\":[{\"@type\":\"ReadAction\",\"target\":[\"https:\/\/stourm.news\/?p=3015\"]}]},{\"@type\":\"ImageObject\",\"inLanguage\":\"fr-FR\",\"@id\":\"https:\/\/stourm.news\/?p=3015#primaryimage\",\"url\":\"https:\/\/stourm.news\/wp-content\/uploads\/2024\/12\/DSC_0011_manif_migrant_300419_avec_Nantes.jpg\",\"contentUrl\":\"https:\/\/stourm.news\/wp-content\/uploads\/2024\/12\/DSC_0011_manif_migrant_300419_avec_Nantes.jpg\",\"width\":1250,\"height\":827},{\"@type\":\"BreadcrumbList\",\"@id\":\"https:\/\/stourm.news\/?p=3015#breadcrumb\",\"itemListElement\":[{\"@type\":\"ListItem\",\"position\":1,\"name\":\"Accueil\",\"item\":\"https:\/\/stourm.news\/\"},{\"@type\":\"ListItem\",\"position\":2,\"name\":\"Nantes : un migrant clandestin mord un policier lors de son interpellation\"}]},{\"@type\":\"WebSite\",\"@id\":\"https:\/\/stourm.news\/#website\",\"url\":\"https:\/\/stourm.news\/\",\"name\":\"Stourm\",\"description\":\"Kazetenn Strollad Broadel Breizh\",\"publisher\":{\"@id\":\"https:\/\/stourm.news\/#organization\"},\"potentialAction\":[{\"@type\":\"SearchAction\",\"target\":{\"@type\":\"EntryPoint\",\"urlTemplate\":\"https:\/\/stourm.news\/?s={search_term_string}\"},\"query-input\":{\"@type\":\"PropertyValueSpecification\",\"valueRequired\":true,\"valueName\":\"search_term_string\"}}],\"inLanguage\":\"fr-FR\"},{\"@type\":\"Organization\",\"@id\":\"https:\/\/stourm.news\/#organization\",\"name\":\"Stourm\",\"url\":\"https:\/\/stourm.news\/\",\"logo\":{\"@type\":\"ImageObject\",\"inLanguage\":\"fr-FR\",\"@id\":\"https:\/\/stourm.news\/#\/schema\/logo\/image\/\",\"url\":\"https:\/\/stourm.news\/wp-content\/uploads\/2025\/11\/cropped-Capture-decran-2025-11-28-a-15.19.07.png\",\"contentUrl\":\"https:\/\/stourm.news\/wp-content\/uploads\/2025\/11\/cropped-Capture-decran-2025-11-28-a-15.19.07.png\",\"width\":1855,\"height\":383,\"caption\":\"Stourm\"},\"image\":{\"@id\":\"https:\/\/stourm.news\/#\/schema\/logo\/image\/\"},\"sameAs\":[\"https:\/\/www.facebook.com\/stourmnews\/\"]},{\"@type\":\"Person\",\"@id\":\"https:\/\/stourm.news\/#\/schema\/person\/c3e1dc65988632e190969234ef046cf9\",\"name\":\"La r\u00e9daction\",\"image\":{\"@type\":\"ImageObject\",\"inLanguage\":\"fr-FR\",\"@id\":\"https:\/\/stourm.news\/#\/schema\/person\/image\/\",\"url\":\"https:\/\/secure.gravatar.com\/avatar\/7463443f194b6b5fb706b074ca0ef59a0cfcfd720cb47764b0ec5a952ce422b3?s=96&d=mm&r=g\",\"contentUrl\":\"https:\/\/secure.gravatar.com\/avatar\/7463443f194b6b5fb706b074ca0ef59a0cfcfd720cb47764b0ec5a952ce422b3?s=96&d=mm&r=g\",\"caption\":\"La r\u00e9daction\"},\"sameAs\":[\"https:\/\/stourm.news\"],\"url\":\"https:\/\/stourm.news\/?author=1\"}]}<\/script>\n<!-- \/ Yoast SEO plugin. -->","yoast_head_json":{"title":"Nantes : un migrant clandestin mord un policier lors de son interpellation - STOURM","robots":{"index":"index","follow":"follow","max-snippet":"max-snippet:-1","max-image-preview":"max-image-preview:large","max-video-preview":"max-video-preview:-1"},"canonical":"https:\/\/stourm.news\/?p=3015","og_locale":"fr_FR","og_type":"article","og_title":"Nantes : un migrant clandestin mord un policier lors de son interpellation - STOURM","og_description":"Un jeune homme de 20 ans, en situation irr\u00e9guli\u00e8re, a \u00e9t\u00e9 interpell\u00e9 samedi soir en gare de Nantes apr\u00e8s avoir prof\u00e9r\u00e9 des menaces de mort envers les agents de s\u00e9curit\u00e9 de la plateforme SNCF. Conduit par la police nationale au commissariat central pour son placement en garde \u00e0 vue, l\u2019op\u00e9ration a rapidement d\u00e9g\u00e9n\u00e9r\u00e9, n\u00e9cessitant une [&hellip;]","og_url":"https:\/\/stourm.news\/?p=3015","og_site_name":"STOURM","article_publisher":"https:\/\/www.facebook.com\/stourmnews\/","article_published_time":"2024-12-11T16:50:54+00:00","article_modified_time":"2024-12-11T16:51:52+00:00","og_image":[{"width":1250,"height":827,"url":"https:\/\/stourm.news\/wp-content\/uploads\/2024\/12\/DSC_0011_manif_migrant_300419_avec_Nantes.jpg","type":"image\/jpeg"}],"author":"La r\u00e9daction","twitter_card":"summary_large_image","twitter_misc":{"\u00c9crit par":"La r\u00e9daction","Dur\u00e9e de lecture estim\u00e9e":"2 minutes"},"schema":{"@context":"https:\/\/schema.org","@graph":[{"@type":"Article","@id":"https:\/\/stourm.news\/?p=3015#article","isPartOf":{"@id":"https:\/\/stourm.news\/?p=3015"},"author":{"name":"La r\u00e9daction","@id":"https:\/\/stourm.news\/#\/schema\/person\/c3e1dc65988632e190969234ef046cf9"},"headline":"Nantes : un migrant clandestin mord un policier lors de son interpellation","datePublished":"2024-12-11T16:50:54+00:00","dateModified":"2024-12-11T16:51:52+00:00","mainEntityOfPage":{"@id":"https:\/\/stourm.news\/?p=3015"},"wordCount":255,"commentCount":0,"publisher":{"@id":"https:\/\/stourm.news\/#organization"},"image":{"@id":"https:\/\/stourm.news\/?p=3015#primaryimage"},"thumbnailUrl":"https:\/\/stourm.news\/wp-content\/uploads\/2024\/12\/DSC_0011_manif_migrant_300419_avec_Nantes.jpg","articleSection":["Agression","Immigration","Loire-Atlantique","Revue de presse"],"inLanguage":"fr-FR","potentialAction":[{"@type":"CommentAction","name":"Comment","target":["https:\/\/stourm.news\/?p=3015#respond"]}]},{"@type":"WebPage","@id":"https:\/\/stourm.news\/?p=3015","url":"https:\/\/stourm.news\/?p=3015","name":"Nantes : un migrant clandestin mord un policier lors de son interpellation - STOURM","isPartOf":{"@id":"https:\/\/stourm.news\/#website"},"primaryImageOfPage":{"@id":"https:\/\/stourm.news\/?p=3015#primaryimage"},"image":{"@id":"https:\/\/stourm.news\/?p=3015#primaryimage"},"thumbnailUrl":"https:\/\/stourm.news\/wp-content\/uploads\/2024\/12\/DSC_0011_manif_migrant_300419_avec_Nantes.jpg","datePublished":"2024-12-11T16:50:54+00:00","dateModified":"2024-12-11T16:51:52+00:00","breadcrumb":{"@id":"https:\/\/stourm.news\/?p=3015#breadcrumb"},"inLanguage":"fr-FR","potentialAction":[{"@type":"ReadAction","target":["https:\/\/stourm.news\/?p=3015"]}]},{"@type":"ImageObject","inLanguage":"fr-FR","@id":"https:\/\/stourm.news\/?p=3015#primaryimage","url":"https:\/\/stourm.news\/wp-content\/uploads\/2024\/12\/DSC_0011_manif_migrant_300419_avec_Nantes.jpg","contentUrl":"https:\/\/stourm.news\/wp-content\/uploads\/2024\/12\/DSC_0011_manif_migrant_300419_avec_Nantes.jpg","width":1250,"height":827},{"@type":"BreadcrumbList","@id":"https:\/\/stourm.news\/?p=3015#breadcrumb","itemListElement":[{"@type":"ListItem","position":1,"name":"Accueil","item":"https:\/\/stourm.news\/"},{"@type":"ListItem","position":2,"name":"Nantes : un migrant clandestin mord un policier lors de son interpellation"}]},{"@type":"WebSite","@id":"https:\/\/stourm.news\/#website","url":"https:\/\/stourm.news\/","name":"Stourm","description":"Kazetenn Strollad Broadel Breizh","publisher":{"@id":"https:\/\/stourm.news\/#organization"},"potentialAction":[{"@type":"SearchAction","target":{"@type":"EntryPoint","urlTemplate":"https:\/\/stourm.news\/?s={search_term_string}"},"query-input":{"@type":"PropertyValueSpecification","valueRequired":true,"valueName":"search_term_string"}}],"inLanguage":"fr-FR"},{"@type":"Organization","@id":"https:\/\/stourm.news\/#organization","name":"Stourm","url":"https:\/\/stourm.news\/","logo":{"@type":"ImageObject","inLanguage":"fr-FR","@id":"https:\/\/stourm.news\/#\/schema\/logo\/image\/","url":"https:\/\/stourm.news\/wp-content\/uploads\/2025\/11\/cropped-Capture-decran-2025-11-28-a-15.19.07.png","contentUrl":"https:\/\/stourm.news\/wp-content\/uploads\/2025\/11\/cropped-Capture-decran-2025-11-28-a-15.19.07.png","width":1855,"height":383,"caption":"Stourm"},"image":{"@id":"https:\/\/stourm.news\/#\/schema\/logo\/image\/"},"sameAs":["https:\/\/www.facebook.com\/stourmnews\/"]},{"@type":"Person","@id":"https:\/\/stourm.news\/#\/schema\/person\/c3e1dc65988632e190969234ef046cf9","name":"La r\u00e9daction","image":{"@type":"ImageObject","inLanguage":"fr-FR","@id":"https:\/\/stourm.news\/#\/schema\/person\/image\/","url":"https:\/\/secure.gravatar.com\/avatar\/7463443f194b6b5fb706b074ca0ef59a0cfcfd720cb47764b0ec5a952ce422b3?s=96&d=mm&r=g","contentUrl":"https:\/\/secure.gravatar.com\/avatar\/7463443f194b6b5fb706b074ca0ef59a0cfcfd720cb47764b0ec5a952ce422b3?s=96&d=mm&r=g","caption":"La r\u00e9daction"},"sameAs":["https:\/\/stourm.news"],"url":"https:\/\/stourm.news\/?author=1"}]}},"_links":{"self":[{"href":"https:\/\/stourm.news\/index.php?rest_route=\/wp\/v2\/posts\/3015","targetHints":{"allow":["GET"]}}],"collection":[{"href":"https:\/\/stourm.news\/index.php?rest_route=\/wp\/v2\/posts"}],"about":[{"href":"https:\/\/stourm.news\/index.php?rest_route=\/wp\/v2\/types\/post"}],"author":[{"embeddable":true,"href":"https:\/\/stourm.news\/index.php?rest_route=\/wp\/v2\/users\/1"}],"replies":[{"embeddable":true,"href":"https:\/\/stourm.news\/index.php?rest_route=%2Fwp%2Fv2%2Fcomments&post=3015"}],"version-history":[{"count":2,"href":"https:\/\/stourm.news\/index.php?rest_route=\/wp\/v2\/posts\/3015\/revisions"}],"predecessor-version":[{"id":3018,"href":"https:\/\/stourm.news\/index.php?rest_route=\/wp\/v2\/posts\/3015\/revisions\/3018"}],"wp:featuredmedia":[{"embeddable":true,"href":"https:\/\/stourm.news\/index.php?rest_route=\/wp\/v2\/media\/3016"}],"wp:attachment":[{"href":"https:\/\/stourm.news\/index.php?rest_route=%2Fwp%2Fv2%2Fmedia&parent=3015"}],"wp:term":[{"taxonomy":"category","embeddable":true,"href":"https:\/\/stourm.news\/index.php?rest_route=%2Fwp%2Fv2%2Fcategories&post=3015"},{"taxonomy":"post_tag","embeddable":true,"href":"https:\/\/stourm.news\/index.php?rest_route=%2Fwp%2Fv2%2Ftags&post=3015"}],"curies":[{"name":"wp","href":"https:\/\/api.w.org\/{rel}","templated":true}]}}