{"id":3019,"date":"2024-12-12T16:56:03","date_gmt":"2024-12-12T16:56:03","guid":{"rendered":"https:\/\/stourm.news\/?p=3019"},"modified":"2024-12-12T16:56:03","modified_gmt":"2024-12-12T16:56:03","slug":"le-chef-du-renseignement-turc-condamne-pour-ses-liens-avec-al-qaeda-rencontre-le-gouvernement-djihadistes-a-damas","status":"publish","type":"post","link":"https:\/\/stourm.news\/?p=3019","title":{"rendered":"Le chef du renseignement turc, condamn\u00e9 pour ses liens avec Al Qaeda, rencontre le gouvernement djihadistes \u00e0 Damas"},"content":{"rendered":"<p style=\"text-align: justify;\">La conqu\u00eate de Damas par les djihadistes soutenus par la Turquie permet au gouvernement islamiste de Recep Tayyip Erdogan de faire de la Syrie un nouveau protectorat. Le chef des services de renseignements turc, Ibrahim Kalin, s&rsquo;est rendu symboliquement \u00e0 Damas pour signifier la prise de contr\u00f4le du pays par l&rsquo;\u00c9tat turc. Il \u00e9tait accompagn\u00e9 du fondateur d&rsquo;Al Qaeda en Syrie, Jolani, nouveau chef d&rsquo;\u00e9tat de fait du pays.<\/p>\n<blockquote class=\"twitter-tweet\">\n<p dir=\"ltr\" lang=\"fr\">\ud83c\uddf8\ud83c\uddfe\ud83c\uddf9\ud83c\uddf7<br \/>\nSyrie: Le chef des services de renseignement turcs (MIT), Ibrahim Kalin, s&rsquo;est rendu \u00e0 Damas pour rencontrer Jolani ainsi que les principaux nouveaux dirigeants syriens. Il a \u00e9galement \u00e9t\u00e9 aper\u00e7u en train de prier \u00e0 la mosqu\u00e9e des Omeyyades.<a href=\"https:\/\/t.co\/Hqh2EJ9fv6\">pic.twitter.com\/Hqh2EJ9fv6<\/a><\/p>\n<p>\u2014 Restitutor Orientis \ud83c\udde8\ud83c\udded (@restitutorII) <a href=\"https:\/\/twitter.com\/restitutorII\/status\/1867215749565084048?ref_src=twsrc%5Etfw\">December 12, 2024<\/a><\/p><\/blockquote>\n<p><script async src=\"https:\/\/platform.twitter.com\/widgets.js\" charset=\"utf-8\"><\/script><\/p>\n<p style=\"text-align: justify;\">La justice turque a reconnu que Kalin \u00e9tait <strong><a href=\"https:\/\/nordicmonitor.com\/2023\/06\/turkeys-new-intel-chief-ibrahim-kalin-secretly-worked-with-one-time-al-qaeda-financer\/\">en contact<\/a> <\/strong>avec le financier d&rsquo;Al Qaeda Yasin al Qadi, de nationalit\u00e9 \u00e9gyptienne, et class\u00e9 terroriste par les USA, l&rsquo;UE, l&rsquo;ONU et la Turquie. Ensemble, ils coordonnaient des op\u00e9rations secr\u00e8tes de financement des op\u00e9rations djihadistes dans diff\u00e9rents pays, notamment en Syrie.<\/p>\n<p style=\"text-align: justify;\">Ce basculement dans le giron du djihadisme international de la Syrie, un des pays les plus vieux du monde arabe, marque l&rsquo;expansion rapide de l&rsquo;islamisme radical au Proche-Orient sous l&rsquo;impulsion du n\u00e9o-imp\u00e9rialisme turc.<\/p>\n<p style=\"text-align: justify;\">La Turquie, un des piliers du mouvement international des Fr\u00e8res Musulmans, a trouv\u00e9 en la personne du premier ministre fantoche de Syrie un relais docile. Mohammed Al-Bashir, d\u00e9sign\u00e9 par Jolani, est un partisan revendiqu\u00e9 de Hassan al-Banna, fondateur de la confr\u00e9rie islamiste, et grand-p\u00e8re du pr\u00e9dicateur \u00e9gyptien Tariq Ramadan. Des vid\u00e9os circulent de lui citant abondamment le fondateur de l&rsquo;islamisme moderne..<\/p>\n<blockquote class=\"twitter-tweet\">\n<p dir=\"rtl\" lang=\"ar\">\u0631\u0626\u064a\u0633 \u0648\u0632\u0631\u0627\u0621 \u0633\u0648\u0631\u064a\u0627 \u0627\u0644\u062c\u062f\u064a\u062f \u0627\u0644\u0645\u0647\u0646\u062f\u0633 \u0645\u062d\u0645\u062f \u0627\u0644\u0628\u0634\u064a\u0631 <a href=\"https:\/\/t.co\/cPkldm1aEA\">pic.twitter.com\/cPkldm1aEA<\/a><\/p>\n<p>\u2014 \u062f. \u0627\u0628\u0631\u0627\u0647\u064a\u0645 \u062d\u0645\u0627\u0645\u064a (@DrHamami) <a href=\"https:\/\/twitter.com\/DrHamami\/status\/1866112384512757877?ref_src=twsrc%5Etfw\">December 9, 2024<\/a><\/p><\/blockquote>\n<p><script async src=\"https:\/\/platform.twitter.com\/widgets.js\" charset=\"utf-8\"><\/script><\/p>\n<p style=\"text-align: justify;\">Face \u00e0 cette situation, la \u00ab\u00a0normalisation\u00a0\u00bb politique et m\u00e9diatique du r\u00e9gime djihadiste de Damas dict\u00e9e par les USA et l&rsquo;UE illustre la collusion de plus en plus ouverte des \u00e9tats occidentaux avec les groupes djihadistes, m\u00eame les plus violents. Cette r\u00e9alit\u00e9 ne manquera pas d&rsquo;influencer l&rsquo;islamisme international, y compris en Europe.<\/p>\n<p style=\"text-align: right;\"><strong>Ewen Broc&rsquo;han<\/strong><\/p>\n","protected":false},"excerpt":{"rendered":"<p>La conqu\u00eate de Damas par les djihadistes soutenus par la Turquie permet au gouvernement islamiste de Recep Tayyip Erdogan de faire de la Syrie un nouveau protectorat. Le chef des services de renseignements turc, Ibrahim Kalin, s&rsquo;est rendu symboliquement \u00e0 Damas pour signifier la prise de contr\u00f4le du pays par l&rsquo;\u00c9tat turc. Il \u00e9tait accompagn\u00e9 [&hellip;]<\/p>\n","protected":false},"author":1,"featured_media":3020,"comment_status":"open","ping_status":"open","sticky":false,"template":"","format":"standard","meta":{"sb_editor_width":"","footnotes":""},"categories":[32,65],"tags":[],"class_list":["post-3019","post","type-post","status-publish","format-standard","has-post-thumbnail","hentry","category-islamisme","category-principale"],"relative_dates":{"created":"1 an ago","modified":"1 an ago"},"yoast_head":"<!-- This site is optimized with the Yoast SEO plugin v26.3 - https:\/\/yoast.com\/wordpress\/plugins\/seo\/ -->\n<title>Le chef du renseignement turc, condamn\u00e9 pour ses liens avec Al Qaeda, rencontre le gouvernement djihadistes \u00e0 Damas - STOURM<\/title>\n<meta name=\"robots\" content=\"index, follow, max-snippet:-1, max-image-preview:large, max-video-preview:-1\" \/>\n<link rel=\"canonical\" href=\"https:\/\/stourm.news\/?p=3019\" \/>\n<meta property=\"og:locale\" content=\"fr_FR\" \/>\n<meta property=\"og:type\" content=\"article\" \/>\n<meta property=\"og:title\" content=\"Le chef du renseignement turc, condamn\u00e9 pour ses liens avec Al Qaeda, rencontre le gouvernement djihadistes \u00e0 Damas - STOURM\" \/>\n<meta property=\"og:description\" content=\"La conqu\u00eate de Damas par les djihadistes soutenus par la Turquie permet au gouvernement islamiste de Recep Tayyip Erdogan de faire de la Syrie un nouveau protectorat. Le chef des services de renseignements turc, Ibrahim Kalin, s&rsquo;est rendu symboliquement \u00e0 Damas pour signifier la prise de contr\u00f4le du pays par l&rsquo;\u00c9tat turc. Il \u00e9tait accompagn\u00e9 [&hellip;]\" \/>\n<meta property=\"og:url\" content=\"https:\/\/stourm.news\/?p=3019\" \/>\n<meta property=\"og:site_name\" content=\"STOURM\" \/>\n<meta property=\"article:publisher\" content=\"https:\/\/www.facebook.com\/stourmnews\/\" \/>\n<meta property=\"article:published_time\" content=\"2024-12-12T16:56:03+00:00\" \/>\n<meta property=\"og:image\" content=\"https:\/\/stourm.news\/wp-content\/uploads\/2024\/12\/1a4bf5a4-226a-481f-86cb-b797a8eff58b.jpg\" \/>\n\t<meta property=\"og:image:width\" content=\"1200\" \/>\n\t<meta property=\"og:image:height\" content=\"675\" \/>\n\t<meta property=\"og:image:type\" content=\"image\/jpeg\" \/>\n<meta name=\"author\" content=\"La r\u00e9daction\" \/>\n<meta name=\"twitter:card\" content=\"summary_large_image\" \/>\n<meta name=\"twitter:label1\" content=\"\u00c9crit par\" \/>\n\t<meta name=\"twitter:data1\" content=\"La r\u00e9daction\" \/>\n\t<meta name=\"twitter:label2\" content=\"Dur\u00e9e de lecture estim\u00e9e\" \/>\n\t<meta name=\"twitter:data2\" content=\"2 minutes\" \/>\n<script type=\"application\/ld+json\" class=\"yoast-schema-graph\">{\"@context\":\"https:\/\/schema.org\",\"@graph\":[{\"@type\":\"Article\",\"@id\":\"https:\/\/stourm.news\/?p=3019#article\",\"isPartOf\":{\"@id\":\"https:\/\/stourm.news\/?p=3019\"},\"author\":{\"name\":\"La r\u00e9daction\",\"@id\":\"https:\/\/stourm.news\/#\/schema\/person\/c3e1dc65988632e190969234ef046cf9\"},\"headline\":\"Le chef du renseignement turc, condamn\u00e9 pour ses liens avec Al Qaeda, rencontre le gouvernement djihadistes \u00e0 Damas\",\"datePublished\":\"2024-12-12T16:56:03+00:00\",\"mainEntityOfPage\":{\"@id\":\"https:\/\/stourm.news\/?p=3019\"},\"wordCount\":371,\"commentCount\":0,\"publisher\":{\"@id\":\"https:\/\/stourm.news\/#organization\"},\"image\":{\"@id\":\"https:\/\/stourm.news\/?p=3019#primaryimage\"},\"thumbnailUrl\":\"https:\/\/stourm.news\/wp-content\/uploads\/2024\/12\/1a4bf5a4-226a-481f-86cb-b797a8eff58b.jpg\",\"articleSection\":[\"Islamisme\",\"Principale\"],\"inLanguage\":\"fr-FR\",\"potentialAction\":[{\"@type\":\"CommentAction\",\"name\":\"Comment\",\"target\":[\"https:\/\/stourm.news\/?p=3019#respond\"]}]},{\"@type\":\"WebPage\",\"@id\":\"https:\/\/stourm.news\/?p=3019\",\"url\":\"https:\/\/stourm.news\/?p=3019\",\"name\":\"Le chef du renseignement turc, condamn\u00e9 pour ses liens avec Al Qaeda, rencontre le gouvernement djihadistes \u00e0 Damas - STOURM\",\"isPartOf\":{\"@id\":\"https:\/\/stourm.news\/#website\"},\"primaryImageOfPage\":{\"@id\":\"https:\/\/stourm.news\/?p=3019#primaryimage\"},\"image\":{\"@id\":\"https:\/\/stourm.news\/?p=3019#primaryimage\"},\"thumbnailUrl\":\"https:\/\/stourm.news\/wp-content\/uploads\/2024\/12\/1a4bf5a4-226a-481f-86cb-b797a8eff58b.jpg\",\"datePublished\":\"2024-12-12T16:56:03+00:00\",\"breadcrumb\":{\"@id\":\"https:\/\/stourm.news\/?p=3019#breadcrumb\"},\"inLanguage\":\"fr-FR\",\"potentialAction\":[{\"@type\":\"ReadAction\",\"target\":[\"https:\/\/stourm.news\/?p=3019\"]}]},{\"@type\":\"ImageObject\",\"inLanguage\":\"fr-FR\",\"@id\":\"https:\/\/stourm.news\/?p=3019#primaryimage\",\"url\":\"https:\/\/stourm.news\/wp-content\/uploads\/2024\/12\/1a4bf5a4-226a-481f-86cb-b797a8eff58b.jpg\",\"contentUrl\":\"https:\/\/stourm.news\/wp-content\/uploads\/2024\/12\/1a4bf5a4-226a-481f-86cb-b797a8eff58b.jpg\",\"width\":1200,\"height\":675},{\"@type\":\"BreadcrumbList\",\"@id\":\"https:\/\/stourm.news\/?p=3019#breadcrumb\",\"itemListElement\":[{\"@type\":\"ListItem\",\"position\":1,\"name\":\"Accueil\",\"item\":\"https:\/\/stourm.news\/\"},{\"@type\":\"ListItem\",\"position\":2,\"name\":\"Le chef du renseignement turc, condamn\u00e9 pour ses liens avec Al Qaeda, rencontre le gouvernement djihadistes \u00e0 Damas\"}]},{\"@type\":\"WebSite\",\"@id\":\"https:\/\/stourm.news\/#website\",\"url\":\"https:\/\/stourm.news\/\",\"name\":\"Stourm\",\"description\":\"Kazetenn Strollad Broadel Breizh\",\"publisher\":{\"@id\":\"https:\/\/stourm.news\/#organization\"},\"potentialAction\":[{\"@type\":\"SearchAction\",\"target\":{\"@type\":\"EntryPoint\",\"urlTemplate\":\"https:\/\/stourm.news\/?s={search_term_string}\"},\"query-input\":{\"@type\":\"PropertyValueSpecification\",\"valueRequired\":true,\"valueName\":\"search_term_string\"}}],\"inLanguage\":\"fr-FR\"},{\"@type\":\"Organization\",\"@id\":\"https:\/\/stourm.news\/#organization\",\"name\":\"Stourm\",\"url\":\"https:\/\/stourm.news\/\",\"logo\":{\"@type\":\"ImageObject\",\"inLanguage\":\"fr-FR\",\"@id\":\"https:\/\/stourm.news\/#\/schema\/logo\/image\/\",\"url\":\"https:\/\/stourm.news\/wp-content\/uploads\/2025\/11\/cropped-Capture-decran-2025-11-28-a-15.19.07.png\",\"contentUrl\":\"https:\/\/stourm.news\/wp-content\/uploads\/2025\/11\/cropped-Capture-decran-2025-11-28-a-15.19.07.png\",\"width\":1855,\"height\":383,\"caption\":\"Stourm\"},\"image\":{\"@id\":\"https:\/\/stourm.news\/#\/schema\/logo\/image\/\"},\"sameAs\":[\"https:\/\/www.facebook.com\/stourmnews\/\"]},{\"@type\":\"Person\",\"@id\":\"https:\/\/stourm.news\/#\/schema\/person\/c3e1dc65988632e190969234ef046cf9\",\"name\":\"La r\u00e9daction\",\"image\":{\"@type\":\"ImageObject\",\"inLanguage\":\"fr-FR\",\"@id\":\"https:\/\/stourm.news\/#\/schema\/person\/image\/\",\"url\":\"https:\/\/secure.gravatar.com\/avatar\/7463443f194b6b5fb706b074ca0ef59a0cfcfd720cb47764b0ec5a952ce422b3?s=96&d=mm&r=g\",\"contentUrl\":\"https:\/\/secure.gravatar.com\/avatar\/7463443f194b6b5fb706b074ca0ef59a0cfcfd720cb47764b0ec5a952ce422b3?s=96&d=mm&r=g\",\"caption\":\"La r\u00e9daction\"},\"sameAs\":[\"https:\/\/stourm.news\"],\"url\":\"https:\/\/stourm.news\/?author=1\"}]}<\/script>\n<!-- \/ Yoast SEO plugin. -->","yoast_head_json":{"title":"Le chef du renseignement turc, condamn\u00e9 pour ses liens avec Al Qaeda, rencontre le gouvernement djihadistes \u00e0 Damas - STOURM","robots":{"index":"index","follow":"follow","max-snippet":"max-snippet:-1","max-image-preview":"max-image-preview:large","max-video-preview":"max-video-preview:-1"},"canonical":"https:\/\/stourm.news\/?p=3019","og_locale":"fr_FR","og_type":"article","og_title":"Le chef du renseignement turc, condamn\u00e9 pour ses liens avec Al Qaeda, rencontre le gouvernement djihadistes \u00e0 Damas - STOURM","og_description":"La conqu\u00eate de Damas par les djihadistes soutenus par la Turquie permet au gouvernement islamiste de Recep Tayyip Erdogan de faire de la Syrie un nouveau protectorat. Le chef des services de renseignements turc, Ibrahim Kalin, s&rsquo;est rendu symboliquement \u00e0 Damas pour signifier la prise de contr\u00f4le du pays par l&rsquo;\u00c9tat turc. Il \u00e9tait accompagn\u00e9 [&hellip;]","og_url":"https:\/\/stourm.news\/?p=3019","og_site_name":"STOURM","article_publisher":"https:\/\/www.facebook.com\/stourmnews\/","article_published_time":"2024-12-12T16:56:03+00:00","og_image":[{"width":1200,"height":675,"url":"https:\/\/stourm.news\/wp-content\/uploads\/2024\/12\/1a4bf5a4-226a-481f-86cb-b797a8eff58b.jpg","type":"image\/jpeg"}],"author":"La r\u00e9daction","twitter_card":"summary_large_image","twitter_misc":{"\u00c9crit par":"La r\u00e9daction","Dur\u00e9e de lecture estim\u00e9e":"2 minutes"},"schema":{"@context":"https:\/\/schema.org","@graph":[{"@type":"Article","@id":"https:\/\/stourm.news\/?p=3019#article","isPartOf":{"@id":"https:\/\/stourm.news\/?p=3019"},"author":{"name":"La r\u00e9daction","@id":"https:\/\/stourm.news\/#\/schema\/person\/c3e1dc65988632e190969234ef046cf9"},"headline":"Le chef du renseignement turc, condamn\u00e9 pour ses liens avec Al Qaeda, rencontre le gouvernement djihadistes \u00e0 Damas","datePublished":"2024-12-12T16:56:03+00:00","mainEntityOfPage":{"@id":"https:\/\/stourm.news\/?p=3019"},"wordCount":371,"commentCount":0,"publisher":{"@id":"https:\/\/stourm.news\/#organization"},"image":{"@id":"https:\/\/stourm.news\/?p=3019#primaryimage"},"thumbnailUrl":"https:\/\/stourm.news\/wp-content\/uploads\/2024\/12\/1a4bf5a4-226a-481f-86cb-b797a8eff58b.jpg","articleSection":["Islamisme","Principale"],"inLanguage":"fr-FR","potentialAction":[{"@type":"CommentAction","name":"Comment","target":["https:\/\/stourm.news\/?p=3019#respond"]}]},{"@type":"WebPage","@id":"https:\/\/stourm.news\/?p=3019","url":"https:\/\/stourm.news\/?p=3019","name":"Le chef du renseignement turc, condamn\u00e9 pour ses liens avec Al Qaeda, rencontre le gouvernement djihadistes \u00e0 Damas - STOURM","isPartOf":{"@id":"https:\/\/stourm.news\/#website"},"primaryImageOfPage":{"@id":"https:\/\/stourm.news\/?p=3019#primaryimage"},"image":{"@id":"https:\/\/stourm.news\/?p=3019#primaryimage"},"thumbnailUrl":"https:\/\/stourm.news\/wp-content\/uploads\/2024\/12\/1a4bf5a4-226a-481f-86cb-b797a8eff58b.jpg","datePublished":"2024-12-12T16:56:03+00:00","breadcrumb":{"@id":"https:\/\/stourm.news\/?p=3019#breadcrumb"},"inLanguage":"fr-FR","potentialAction":[{"@type":"ReadAction","target":["https:\/\/stourm.news\/?p=3019"]}]},{"@type":"ImageObject","inLanguage":"fr-FR","@id":"https:\/\/stourm.news\/?p=3019#primaryimage","url":"https:\/\/stourm.news\/wp-content\/uploads\/2024\/12\/1a4bf5a4-226a-481f-86cb-b797a8eff58b.jpg","contentUrl":"https:\/\/stourm.news\/wp-content\/uploads\/2024\/12\/1a4bf5a4-226a-481f-86cb-b797a8eff58b.jpg","width":1200,"height":675},{"@type":"BreadcrumbList","@id":"https:\/\/stourm.news\/?p=3019#breadcrumb","itemListElement":[{"@type":"ListItem","position":1,"name":"Accueil","item":"https:\/\/stourm.news\/"},{"@type":"ListItem","position":2,"name":"Le chef du renseignement turc, condamn\u00e9 pour ses liens avec Al Qaeda, rencontre le gouvernement djihadistes \u00e0 Damas"}]},{"@type":"WebSite","@id":"https:\/\/stourm.news\/#website","url":"https:\/\/stourm.news\/","name":"Stourm","description":"Kazetenn Strollad Broadel Breizh","publisher":{"@id":"https:\/\/stourm.news\/#organization"},"potentialAction":[{"@type":"SearchAction","target":{"@type":"EntryPoint","urlTemplate":"https:\/\/stourm.news\/?s={search_term_string}"},"query-input":{"@type":"PropertyValueSpecification","valueRequired":true,"valueName":"search_term_string"}}],"inLanguage":"fr-FR"},{"@type":"Organization","@id":"https:\/\/stourm.news\/#organization","name":"Stourm","url":"https:\/\/stourm.news\/","logo":{"@type":"ImageObject","inLanguage":"fr-FR","@id":"https:\/\/stourm.news\/#\/schema\/logo\/image\/","url":"https:\/\/stourm.news\/wp-content\/uploads\/2025\/11\/cropped-Capture-decran-2025-11-28-a-15.19.07.png","contentUrl":"https:\/\/stourm.news\/wp-content\/uploads\/2025\/11\/cropped-Capture-decran-2025-11-28-a-15.19.07.png","width":1855,"height":383,"caption":"Stourm"},"image":{"@id":"https:\/\/stourm.news\/#\/schema\/logo\/image\/"},"sameAs":["https:\/\/www.facebook.com\/stourmnews\/"]},{"@type":"Person","@id":"https:\/\/stourm.news\/#\/schema\/person\/c3e1dc65988632e190969234ef046cf9","name":"La r\u00e9daction","image":{"@type":"ImageObject","inLanguage":"fr-FR","@id":"https:\/\/stourm.news\/#\/schema\/person\/image\/","url":"https:\/\/secure.gravatar.com\/avatar\/7463443f194b6b5fb706b074ca0ef59a0cfcfd720cb47764b0ec5a952ce422b3?s=96&d=mm&r=g","contentUrl":"https:\/\/secure.gravatar.com\/avatar\/7463443f194b6b5fb706b074ca0ef59a0cfcfd720cb47764b0ec5a952ce422b3?s=96&d=mm&r=g","caption":"La r\u00e9daction"},"sameAs":["https:\/\/stourm.news"],"url":"https:\/\/stourm.news\/?author=1"}]}},"_links":{"self":[{"href":"https:\/\/stourm.news\/index.php?rest_route=\/wp\/v2\/posts\/3019","targetHints":{"allow":["GET"]}}],"collection":[{"href":"https:\/\/stourm.news\/index.php?rest_route=\/wp\/v2\/posts"}],"about":[{"href":"https:\/\/stourm.news\/index.php?rest_route=\/wp\/v2\/types\/post"}],"author":[{"embeddable":true,"href":"https:\/\/stourm.news\/index.php?rest_route=\/wp\/v2\/users\/1"}],"replies":[{"embeddable":true,"href":"https:\/\/stourm.news\/index.php?rest_route=%2Fwp%2Fv2%2Fcomments&post=3019"}],"version-history":[{"count":1,"href":"https:\/\/stourm.news\/index.php?rest_route=\/wp\/v2\/posts\/3019\/revisions"}],"predecessor-version":[{"id":3021,"href":"https:\/\/stourm.news\/index.php?rest_route=\/wp\/v2\/posts\/3019\/revisions\/3021"}],"wp:featuredmedia":[{"embeddable":true,"href":"https:\/\/stourm.news\/index.php?rest_route=\/wp\/v2\/media\/3020"}],"wp:attachment":[{"href":"https:\/\/stourm.news\/index.php?rest_route=%2Fwp%2Fv2%2Fmedia&parent=3019"}],"wp:term":[{"taxonomy":"category","embeddable":true,"href":"https:\/\/stourm.news\/index.php?rest_route=%2Fwp%2Fv2%2Fcategories&post=3019"},{"taxonomy":"post_tag","embeddable":true,"href":"https:\/\/stourm.news\/index.php?rest_route=%2Fwp%2Fv2%2Ftags&post=3019"}],"curies":[{"name":"wp","href":"https:\/\/api.w.org\/{rel}","templated":true}]}}