{"id":3025,"date":"2024-12-12T17:27:15","date_gmt":"2024-12-12T17:27:15","guid":{"rendered":"https:\/\/stourm.news\/?p=3025"},"modified":"2024-12-12T17:27:15","modified_gmt":"2024-12-12T17:27:15","slug":"rehabilitation-exemplaire-nouvelle-condamnation-pour-un-djihadiste-de-letat-islamique-qui-avait-inflige-de-graves-violences-au-client-dun-supermarche-de-bruz-il-y-combattait-sous-les-ordres","status":"publish","type":"post","link":"https:\/\/stourm.news\/?p=3025","title":{"rendered":"\u00ab\u00a0R\u00e9habilitation exemplaire\u00a0\u00bb : nouvelle condamnation pour un djihadiste de l&rsquo;\u00c9tat islamique qui avait inflig\u00e9 de graves violences au client d&rsquo;un supermarch\u00e9 de Bruz (Il y combattait sous les ordres d&rsquo;al-Joulani)"},"content":{"rendered":"<p style=\"text-align: justify;\">L&rsquo;affaire a \u00e9t\u00e9 jug\u00e9e ce jeudi matin dans le cadre d&rsquo;une proc\u00e9dure de Comparution sur reconnaissance pr\u00e9alable de culpabilit\u00e9 (CRPC), une alternative au proc\u00e8s public, \u00e0 la Cit\u00e9 judiciaire de Rennes : l&rsquo;agresseur y a reconnu <strong>avoir frapp\u00e9<\/strong> un ouvrier du b\u00e2timent qui s&rsquo;\u00e9tait adress\u00e9 le 12 septembre 2023 \u00e0 sa fille de 10 ans et \u00e0 l&rsquo;une de ses amies. <strong>\u00ab\u00a0Si vous \u00e9tiez plus grandes, j&rsquo;aimerais me marier avec vous\u00a0\u00bb<\/strong>, leur avait-il lanc\u00e9 alors qu&rsquo;elles passaient devant lui.<\/p>\n<p style=\"text-align: justify;\">L&rsquo;ancien militaire de 38 ans &#8211; sorti de prison en novembre 2018 apr\u00e8s avoir purg\u00e9 onze ans de r\u00e9clusion criminelle pour <strong>\u00ab\u00a0association de malfaiteurs terroriste\u00a0\u00bb<\/strong> par la cour d&rsquo;assises d&rsquo;appel de Paris &#8211; avait retrouv\u00e9 la trace de l&rsquo;ouvrier au Super U de Bruz : il y avait \u00e9t\u00e9 aiguill\u00e9 par des coll\u00e8gues de la victime qu&rsquo;il avait crois\u00e9s sur leur chantier commun.<\/p>\n<p style=\"text-align: justify;\">Violences dans le supermarch\u00e9<\/p>\n<p style=\"text-align: justify;\">Le p\u00e8re de famille avait alors \u00ab\u00a0vu rouge\u00a0\u00bb dans le supermarch\u00e9 : il lui avait inflig\u00e9 des violences \u00e0 mains nues, devant les deux fillettes, sous les yeux \u00e9bahis des clients et salari\u00e9s du magasin&#8230; La victime avait notamment re\u00e7u \u00ab\u00a0des coups de poing sur le haut du cr\u00e2ne\u00a0\u00bb. \u00c0 l&rsquo;arriv\u00e9e des enqu\u00eateurs, des \u00ab\u00a0traces de sang\u00a0\u00bb \u00e9taient encore visibles dans le Super U.<\/p>\n<p style=\"text-align: justify;\">L&rsquo;ouvrier s&rsquo;\u00e9tait surtout cass\u00e9 la cheville en tombant : il s&rsquo;est donc vu prescrire soixante jours d&rsquo;ITT. Erwan Guillard avait alors appel\u00e9 lui-m\u00eame les gendarmes le lendemain des faits pour se d\u00e9noncer et avait imm\u00e9diatement reconnu les faits.<\/p>\n<p style=\"text-align: justify;\">En juin 2014, ce Breton qui <strong>s&rsquo;\u00e9tait converti \u00e0 l&rsquo;islam<\/strong> en 2009 s&rsquo;\u00e9tait d\u00e9j\u00e0 pr\u00e9sent\u00e9 au commissariat de police de Redon pour expliquer avoir combattu <strong>aux c\u00f4t\u00e9s de l&rsquo;\u00c9tat islamique (EI)<\/strong> apr\u00e8s son d\u00e9part en Syrie en ao\u00fbt 2013. Il y combattait <strong>sous les ordres d&rsquo;Abou Mohammed al-Joulani<\/strong>, \u00e0 la t\u00eate du HTC qui vient de renverser Bachar El-Assad en Syrie.<\/p>\n<p style=\"text-align: justify;\">Un \u00ab\u00a0exemple de r\u00e9habilitation\u00a0\u00bb<\/p>\n<p style=\"text-align: justify;\">Reste que cet ancien parachutiste est d\u00e9sormais un \u00ab\u00a0exemple de r\u00e9habilitation\u00a0\u00bb selon son avocat Arnaud Le Bourdais, qui lui a \u00e9vit\u00e9 ce jeudi un retour en prison : depuis sa condamnation criminelle, il n&rsquo;avait jamais refait parler de lui. \u00c0 l&rsquo;\u00e9poque, il avait indiqu\u00e9 vouloir<strong> s&rsquo;installer en Alg\u00e9rie<\/strong>, mais s&rsquo;est finalement \u00e9tabli en Ille-et-Vilaine avec sa famille. Le p\u00e8re de famille travaille d\u00e9sormais sur \u00ab\u00a0un chantier de r\u00e9insertion\u00a0\u00bb, et pourra donc purger sa peine sous la forme d&rsquo;une D\u00e9tention \u00e0 domicile sous surveillance \u00e9lectronique (DDSE).<\/p>\n<p style=\"text-align: justify;\">Apr\u00e8s avoir effectu\u00e9 huit ans de prison &#8211; sur les onze qui avaient \u00e9t\u00e9 prononc\u00e9s par la cour d&rsquo;assises d&rsquo;appel de Paris, donc &#8211; Erwan Guillard \u00e9tait pass\u00e9 devant le comit\u00e9 d&rsquo;\u00e9valuation de la radicalisation et n&rsquo;a b\u00e9n\u00e9fici\u00e9 d&rsquo;aucune \u00ab\u00a0mesure de s\u00fbret\u00e9\u00a0\u00bb, a soulign\u00e9 Me Arnaud Le Bourdais devant la magistrate du si\u00e8ge charg\u00e9e d&rsquo;homologuer la peine propos\u00e9e par le parquet de Rennes. Une situation \u00ab\u00a0exceptionnelle\u00a0\u00bb, selon l&rsquo;avocat rennais. En janvier 2025, son client devrait aussi signer un contrat \u00e0 dur\u00e9e ind\u00e9termin\u00e9e (CDI).<\/p>\n<p style=\"text-align: justify;\">Source : <a href=\"https:\/\/france3-regions.francetvinfo.fr\/bretagne\/ille-et-vilaine\/rennes\/six-mois-de-prison-ferme-pour-le-djihadiste-rehabilite-qui-avait-inflige-de-graves-violences-au-client-d-un-supermarche-3075649.html\">France 3 <\/a><\/p>\n","protected":false},"excerpt":{"rendered":"<p>L&rsquo;affaire a \u00e9t\u00e9 jug\u00e9e ce jeudi matin dans le cadre d&rsquo;une proc\u00e9dure de Comparution sur reconnaissance pr\u00e9alable de culpabilit\u00e9 (CRPC), une alternative au proc\u00e8s public, \u00e0 la Cit\u00e9 judiciaire de Rennes : l&rsquo;agresseur y a reconnu avoir frapp\u00e9 un ouvrier du b\u00e2timent qui s&rsquo;\u00e9tait adress\u00e9 le 12 septembre 2023 \u00e0 sa fille de 10 ans [&hellip;]<\/p>\n","protected":false},"author":1,"featured_media":3026,"comment_status":"open","ping_status":"open","sticky":false,"template":"","format":"standard","meta":{"sb_editor_width":"","footnotes":""},"categories":[31,41,32,62],"tags":[],"class_list":["post-3025","post","type-post","status-publish","format-standard","has-post-thumbnail","hentry","category-agression","category-ille-et-vilaine","category-islamisme","category-revue-de-presse"],"relative_dates":{"created":"1 an ago","modified":"1 an ago"},"yoast_head":"<!-- This site is optimized with the Yoast SEO plugin v26.3 - https:\/\/yoast.com\/wordpress\/plugins\/seo\/ -->\n<title>&quot;R\u00e9habilitation exemplaire&quot; : nouvelle condamnation pour un djihadiste de l&#039;\u00c9tat islamique qui avait inflig\u00e9 de graves violences au client d&#039;un supermarch\u00e9 de Bruz (Il y combattait sous les ordres d&#039;al-Joulani) - STOURM<\/title>\n<meta name=\"robots\" content=\"index, follow, max-snippet:-1, max-image-preview:large, max-video-preview:-1\" \/>\n<link rel=\"canonical\" href=\"https:\/\/stourm.news\/?p=3025\" \/>\n<meta property=\"og:locale\" content=\"fr_FR\" \/>\n<meta property=\"og:type\" content=\"article\" \/>\n<meta property=\"og:title\" content=\"&quot;R\u00e9habilitation exemplaire&quot; : nouvelle condamnation pour un djihadiste de l&#039;\u00c9tat islamique qui avait inflig\u00e9 de graves violences au client d&#039;un supermarch\u00e9 de Bruz (Il y combattait sous les ordres d&#039;al-Joulani) - STOURM\" \/>\n<meta property=\"og:description\" content=\"L&rsquo;affaire a \u00e9t\u00e9 jug\u00e9e ce jeudi matin dans le cadre d&rsquo;une proc\u00e9dure de Comparution sur reconnaissance pr\u00e9alable de culpabilit\u00e9 (CRPC), une alternative au proc\u00e8s public, \u00e0 la Cit\u00e9 judiciaire de Rennes : l&rsquo;agresseur y a reconnu avoir frapp\u00e9 un ouvrier du b\u00e2timent qui s&rsquo;\u00e9tait adress\u00e9 le 12 septembre 2023 \u00e0 sa fille de 10 ans [&hellip;]\" \/>\n<meta property=\"og:url\" content=\"https:\/\/stourm.news\/?p=3025\" \/>\n<meta property=\"og:site_name\" content=\"STOURM\" \/>\n<meta property=\"article:publisher\" content=\"https:\/\/www.facebook.com\/stourmnews\/\" \/>\n<meta property=\"article:published_time\" content=\"2024-12-12T17:27:15+00:00\" \/>\n<meta name=\"author\" content=\"La r\u00e9daction\" \/>\n<meta name=\"twitter:card\" content=\"summary_large_image\" \/>\n<meta name=\"twitter:label1\" content=\"\u00c9crit par\" \/>\n\t<meta name=\"twitter:data1\" content=\"La r\u00e9daction\" \/>\n\t<meta name=\"twitter:label2\" content=\"Dur\u00e9e de lecture estim\u00e9e\" \/>\n\t<meta name=\"twitter:data2\" content=\"3 minutes\" \/>\n<script type=\"application\/ld+json\" class=\"yoast-schema-graph\">{\"@context\":\"https:\/\/schema.org\",\"@graph\":[{\"@type\":\"Article\",\"@id\":\"https:\/\/stourm.news\/?p=3025#article\",\"isPartOf\":{\"@id\":\"https:\/\/stourm.news\/?p=3025\"},\"author\":{\"name\":\"La r\u00e9daction\",\"@id\":\"https:\/\/stourm.news\/#\/schema\/person\/c3e1dc65988632e190969234ef046cf9\"},\"headline\":\"\u00ab\u00a0R\u00e9habilitation exemplaire\u00a0\u00bb : nouvelle condamnation pour un djihadiste de l&rsquo;\u00c9tat islamique qui avait inflig\u00e9 de graves violences au client d&rsquo;un supermarch\u00e9 de Bruz (Il y combattait sous les ordres d&rsquo;al-Joulani)\",\"datePublished\":\"2024-12-12T17:27:15+00:00\",\"mainEntityOfPage\":{\"@id\":\"https:\/\/stourm.news\/?p=3025\"},\"wordCount\":571,\"commentCount\":0,\"publisher\":{\"@id\":\"https:\/\/stourm.news\/#organization\"},\"image\":{\"@id\":\"https:\/\/stourm.news\/?p=3025#primaryimage\"},\"thumbnailUrl\":\"https:\/\/stourm.news\/wp-content\/uploads\/2024\/12\/2188297727.avif\",\"articleSection\":[\"Agression\",\"Ille-et-Vilaine\",\"Islamisme\",\"Revue de presse\"],\"inLanguage\":\"fr-FR\",\"potentialAction\":[{\"@type\":\"CommentAction\",\"name\":\"Comment\",\"target\":[\"https:\/\/stourm.news\/?p=3025#respond\"]}]},{\"@type\":\"WebPage\",\"@id\":\"https:\/\/stourm.news\/?p=3025\",\"url\":\"https:\/\/stourm.news\/?p=3025\",\"name\":\"\\\"R\u00e9habilitation exemplaire\\\" : nouvelle condamnation pour un djihadiste de l'\u00c9tat islamique qui avait inflig\u00e9 de graves violences au client d'un supermarch\u00e9 de Bruz (Il y combattait sous les ordres d'al-Joulani) - STOURM\",\"isPartOf\":{\"@id\":\"https:\/\/stourm.news\/#website\"},\"primaryImageOfPage\":{\"@id\":\"https:\/\/stourm.news\/?p=3025#primaryimage\"},\"image\":{\"@id\":\"https:\/\/stourm.news\/?p=3025#primaryimage\"},\"thumbnailUrl\":\"https:\/\/stourm.news\/wp-content\/uploads\/2024\/12\/2188297727.avif\",\"datePublished\":\"2024-12-12T17:27:15+00:00\",\"breadcrumb\":{\"@id\":\"https:\/\/stourm.news\/?p=3025#breadcrumb\"},\"inLanguage\":\"fr-FR\",\"potentialAction\":[{\"@type\":\"ReadAction\",\"target\":[\"https:\/\/stourm.news\/?p=3025\"]}]},{\"@type\":\"ImageObject\",\"inLanguage\":\"fr-FR\",\"@id\":\"https:\/\/stourm.news\/?p=3025#primaryimage\",\"url\":\"https:\/\/stourm.news\/wp-content\/uploads\/2024\/12\/2188297727.avif\",\"contentUrl\":\"https:\/\/stourm.news\/wp-content\/uploads\/2024\/12\/2188297727.avif\",\"width\":940,\"height\":529},{\"@type\":\"BreadcrumbList\",\"@id\":\"https:\/\/stourm.news\/?p=3025#breadcrumb\",\"itemListElement\":[{\"@type\":\"ListItem\",\"position\":1,\"name\":\"Accueil\",\"item\":\"https:\/\/stourm.news\/\"},{\"@type\":\"ListItem\",\"position\":2,\"name\":\"\u00ab\u00a0R\u00e9habilitation exemplaire\u00a0\u00bb : nouvelle condamnation pour un djihadiste de l&rsquo;\u00c9tat islamique qui avait inflig\u00e9 de graves violences au client d&rsquo;un supermarch\u00e9 de Bruz (Il y combattait sous les ordres d&rsquo;al-Joulani)\"}]},{\"@type\":\"WebSite\",\"@id\":\"https:\/\/stourm.news\/#website\",\"url\":\"https:\/\/stourm.news\/\",\"name\":\"Stourm\",\"description\":\"Kazetenn Strollad Broadel Breizh\",\"publisher\":{\"@id\":\"https:\/\/stourm.news\/#organization\"},\"potentialAction\":[{\"@type\":\"SearchAction\",\"target\":{\"@type\":\"EntryPoint\",\"urlTemplate\":\"https:\/\/stourm.news\/?s={search_term_string}\"},\"query-input\":{\"@type\":\"PropertyValueSpecification\",\"valueRequired\":true,\"valueName\":\"search_term_string\"}}],\"inLanguage\":\"fr-FR\"},{\"@type\":\"Organization\",\"@id\":\"https:\/\/stourm.news\/#organization\",\"name\":\"Stourm\",\"url\":\"https:\/\/stourm.news\/\",\"logo\":{\"@type\":\"ImageObject\",\"inLanguage\":\"fr-FR\",\"@id\":\"https:\/\/stourm.news\/#\/schema\/logo\/image\/\",\"url\":\"https:\/\/stourm.news\/wp-content\/uploads\/2025\/11\/cropped-Capture-decran-2025-11-28-a-15.19.07.png\",\"contentUrl\":\"https:\/\/stourm.news\/wp-content\/uploads\/2025\/11\/cropped-Capture-decran-2025-11-28-a-15.19.07.png\",\"width\":1855,\"height\":383,\"caption\":\"Stourm\"},\"image\":{\"@id\":\"https:\/\/stourm.news\/#\/schema\/logo\/image\/\"},\"sameAs\":[\"https:\/\/www.facebook.com\/stourmnews\/\"]},{\"@type\":\"Person\",\"@id\":\"https:\/\/stourm.news\/#\/schema\/person\/c3e1dc65988632e190969234ef046cf9\",\"name\":\"La r\u00e9daction\",\"image\":{\"@type\":\"ImageObject\",\"inLanguage\":\"fr-FR\",\"@id\":\"https:\/\/stourm.news\/#\/schema\/person\/image\/\",\"url\":\"https:\/\/secure.gravatar.com\/avatar\/7463443f194b6b5fb706b074ca0ef59a0cfcfd720cb47764b0ec5a952ce422b3?s=96&d=mm&r=g\",\"contentUrl\":\"https:\/\/secure.gravatar.com\/avatar\/7463443f194b6b5fb706b074ca0ef59a0cfcfd720cb47764b0ec5a952ce422b3?s=96&d=mm&r=g\",\"caption\":\"La r\u00e9daction\"},\"sameAs\":[\"https:\/\/stourm.news\"],\"url\":\"https:\/\/stourm.news\/?author=1\"}]}<\/script>\n<!-- \/ Yoast SEO plugin. -->","yoast_head_json":{"title":"\"R\u00e9habilitation exemplaire\" : nouvelle condamnation pour un djihadiste de l'\u00c9tat islamique qui avait inflig\u00e9 de graves violences au client d'un supermarch\u00e9 de Bruz (Il y combattait sous les ordres d'al-Joulani) - STOURM","robots":{"index":"index","follow":"follow","max-snippet":"max-snippet:-1","max-image-preview":"max-image-preview:large","max-video-preview":"max-video-preview:-1"},"canonical":"https:\/\/stourm.news\/?p=3025","og_locale":"fr_FR","og_type":"article","og_title":"\"R\u00e9habilitation exemplaire\" : nouvelle condamnation pour un djihadiste de l'\u00c9tat islamique qui avait inflig\u00e9 de graves violences au client d'un supermarch\u00e9 de Bruz (Il y combattait sous les ordres d'al-Joulani) - STOURM","og_description":"L&rsquo;affaire a \u00e9t\u00e9 jug\u00e9e ce jeudi matin dans le cadre d&rsquo;une proc\u00e9dure de Comparution sur reconnaissance pr\u00e9alable de culpabilit\u00e9 (CRPC), une alternative au proc\u00e8s public, \u00e0 la Cit\u00e9 judiciaire de Rennes : l&rsquo;agresseur y a reconnu avoir frapp\u00e9 un ouvrier du b\u00e2timent qui s&rsquo;\u00e9tait adress\u00e9 le 12 septembre 2023 \u00e0 sa fille de 10 ans [&hellip;]","og_url":"https:\/\/stourm.news\/?p=3025","og_site_name":"STOURM","article_publisher":"https:\/\/www.facebook.com\/stourmnews\/","article_published_time":"2024-12-12T17:27:15+00:00","author":"La r\u00e9daction","twitter_card":"summary_large_image","twitter_misc":{"\u00c9crit par":"La r\u00e9daction","Dur\u00e9e de lecture estim\u00e9e":"3 minutes"},"schema":{"@context":"https:\/\/schema.org","@graph":[{"@type":"Article","@id":"https:\/\/stourm.news\/?p=3025#article","isPartOf":{"@id":"https:\/\/stourm.news\/?p=3025"},"author":{"name":"La r\u00e9daction","@id":"https:\/\/stourm.news\/#\/schema\/person\/c3e1dc65988632e190969234ef046cf9"},"headline":"\u00ab\u00a0R\u00e9habilitation exemplaire\u00a0\u00bb : nouvelle condamnation pour un djihadiste de l&rsquo;\u00c9tat islamique qui avait inflig\u00e9 de graves violences au client d&rsquo;un supermarch\u00e9 de Bruz (Il y combattait sous les ordres d&rsquo;al-Joulani)","datePublished":"2024-12-12T17:27:15+00:00","mainEntityOfPage":{"@id":"https:\/\/stourm.news\/?p=3025"},"wordCount":571,"commentCount":0,"publisher":{"@id":"https:\/\/stourm.news\/#organization"},"image":{"@id":"https:\/\/stourm.news\/?p=3025#primaryimage"},"thumbnailUrl":"https:\/\/stourm.news\/wp-content\/uploads\/2024\/12\/2188297727.avif","articleSection":["Agression","Ille-et-Vilaine","Islamisme","Revue de presse"],"inLanguage":"fr-FR","potentialAction":[{"@type":"CommentAction","name":"Comment","target":["https:\/\/stourm.news\/?p=3025#respond"]}]},{"@type":"WebPage","@id":"https:\/\/stourm.news\/?p=3025","url":"https:\/\/stourm.news\/?p=3025","name":"\"R\u00e9habilitation exemplaire\" : nouvelle condamnation pour un djihadiste de l'\u00c9tat islamique qui avait inflig\u00e9 de graves violences au client d'un supermarch\u00e9 de Bruz (Il y combattait sous les ordres d'al-Joulani) - STOURM","isPartOf":{"@id":"https:\/\/stourm.news\/#website"},"primaryImageOfPage":{"@id":"https:\/\/stourm.news\/?p=3025#primaryimage"},"image":{"@id":"https:\/\/stourm.news\/?p=3025#primaryimage"},"thumbnailUrl":"https:\/\/stourm.news\/wp-content\/uploads\/2024\/12\/2188297727.avif","datePublished":"2024-12-12T17:27:15+00:00","breadcrumb":{"@id":"https:\/\/stourm.news\/?p=3025#breadcrumb"},"inLanguage":"fr-FR","potentialAction":[{"@type":"ReadAction","target":["https:\/\/stourm.news\/?p=3025"]}]},{"@type":"ImageObject","inLanguage":"fr-FR","@id":"https:\/\/stourm.news\/?p=3025#primaryimage","url":"https:\/\/stourm.news\/wp-content\/uploads\/2024\/12\/2188297727.avif","contentUrl":"https:\/\/stourm.news\/wp-content\/uploads\/2024\/12\/2188297727.avif","width":940,"height":529},{"@type":"BreadcrumbList","@id":"https:\/\/stourm.news\/?p=3025#breadcrumb","itemListElement":[{"@type":"ListItem","position":1,"name":"Accueil","item":"https:\/\/stourm.news\/"},{"@type":"ListItem","position":2,"name":"\u00ab\u00a0R\u00e9habilitation exemplaire\u00a0\u00bb : nouvelle condamnation pour un djihadiste de l&rsquo;\u00c9tat islamique qui avait inflig\u00e9 de graves violences au client d&rsquo;un supermarch\u00e9 de Bruz (Il y combattait sous les ordres d&rsquo;al-Joulani)"}]},{"@type":"WebSite","@id":"https:\/\/stourm.news\/#website","url":"https:\/\/stourm.news\/","name":"Stourm","description":"Kazetenn Strollad Broadel Breizh","publisher":{"@id":"https:\/\/stourm.news\/#organization"},"potentialAction":[{"@type":"SearchAction","target":{"@type":"EntryPoint","urlTemplate":"https:\/\/stourm.news\/?s={search_term_string}"},"query-input":{"@type":"PropertyValueSpecification","valueRequired":true,"valueName":"search_term_string"}}],"inLanguage":"fr-FR"},{"@type":"Organization","@id":"https:\/\/stourm.news\/#organization","name":"Stourm","url":"https:\/\/stourm.news\/","logo":{"@type":"ImageObject","inLanguage":"fr-FR","@id":"https:\/\/stourm.news\/#\/schema\/logo\/image\/","url":"https:\/\/stourm.news\/wp-content\/uploads\/2025\/11\/cropped-Capture-decran-2025-11-28-a-15.19.07.png","contentUrl":"https:\/\/stourm.news\/wp-content\/uploads\/2025\/11\/cropped-Capture-decran-2025-11-28-a-15.19.07.png","width":1855,"height":383,"caption":"Stourm"},"image":{"@id":"https:\/\/stourm.news\/#\/schema\/logo\/image\/"},"sameAs":["https:\/\/www.facebook.com\/stourmnews\/"]},{"@type":"Person","@id":"https:\/\/stourm.news\/#\/schema\/person\/c3e1dc65988632e190969234ef046cf9","name":"La r\u00e9daction","image":{"@type":"ImageObject","inLanguage":"fr-FR","@id":"https:\/\/stourm.news\/#\/schema\/person\/image\/","url":"https:\/\/secure.gravatar.com\/avatar\/7463443f194b6b5fb706b074ca0ef59a0cfcfd720cb47764b0ec5a952ce422b3?s=96&d=mm&r=g","contentUrl":"https:\/\/secure.gravatar.com\/avatar\/7463443f194b6b5fb706b074ca0ef59a0cfcfd720cb47764b0ec5a952ce422b3?s=96&d=mm&r=g","caption":"La r\u00e9daction"},"sameAs":["https:\/\/stourm.news"],"url":"https:\/\/stourm.news\/?author=1"}]}},"_links":{"self":[{"href":"https:\/\/stourm.news\/index.php?rest_route=\/wp\/v2\/posts\/3025","targetHints":{"allow":["GET"]}}],"collection":[{"href":"https:\/\/stourm.news\/index.php?rest_route=\/wp\/v2\/posts"}],"about":[{"href":"https:\/\/stourm.news\/index.php?rest_route=\/wp\/v2\/types\/post"}],"author":[{"embeddable":true,"href":"https:\/\/stourm.news\/index.php?rest_route=\/wp\/v2\/users\/1"}],"replies":[{"embeddable":true,"href":"https:\/\/stourm.news\/index.php?rest_route=%2Fwp%2Fv2%2Fcomments&post=3025"}],"version-history":[{"count":1,"href":"https:\/\/stourm.news\/index.php?rest_route=\/wp\/v2\/posts\/3025\/revisions"}],"predecessor-version":[{"id":3027,"href":"https:\/\/stourm.news\/index.php?rest_route=\/wp\/v2\/posts\/3025\/revisions\/3027"}],"wp:featuredmedia":[{"embeddable":true,"href":"https:\/\/stourm.news\/index.php?rest_route=\/wp\/v2\/media\/3026"}],"wp:attachment":[{"href":"https:\/\/stourm.news\/index.php?rest_route=%2Fwp%2Fv2%2Fmedia&parent=3025"}],"wp:term":[{"taxonomy":"category","embeddable":true,"href":"https:\/\/stourm.news\/index.php?rest_route=%2Fwp%2Fv2%2Fcategories&post=3025"},{"taxonomy":"post_tag","embeddable":true,"href":"https:\/\/stourm.news\/index.php?rest_route=%2Fwp%2Fv2%2Ftags&post=3025"}],"curies":[{"name":"wp","href":"https:\/\/api.w.org\/{rel}","templated":true}]}}