{"id":3028,"date":"2024-12-13T07:19:34","date_gmt":"2024-12-13T07:19:34","guid":{"rendered":"https:\/\/stourm.news\/?p=3028"},"modified":"2024-12-13T07:19:34","modified_gmt":"2024-12-13T07:19:34","slug":"immigration-cest-de-pire-en-pire-comment-une-bande-de-jeunes-pourrit-la-vie-des-habitants-de-la-bouexiere","status":"publish","type":"post","link":"https:\/\/stourm.news\/?p=3028","title":{"rendered":"Immigration : \u00ab C\u2019est de pire en pire \u00bb, comment une bande de \u00ab\u00a0jeunes\u00a0\u00bb pourrit la vie des habitants de la Bou\u00ebxi\u00e8re"},"content":{"rendered":"<p style=\"text-align: justify;\">Apr\u00e8s les petits d\u00e9lits commis \u00e0 r\u00e9p\u00e9tition par <strong>une bande de jeunes<\/strong>, la commune de la Bou\u00ebxi\u00e8re (35) veut instaurer un v\u00e9ritable plan Marshall de la tranquillit\u00e9 publique.<\/p>\n<p style=\"text-align: justify;\">C\u2019est un v\u00e9ritable plan Marshall de la tranquillit\u00e9 publique que s\u2019appr\u00eate \u00e0 voter samedi prochain le conseil municipal de la Bou\u00ebxi\u00e8re, petite commune de 4 800 habitants situ\u00e9e entre Liffr\u00e9 et Vitr\u00e9 en Ille-et-Vilaine.<\/p>\n<p style=\"text-align: justify;\">Source : <a href=\"https:\/\/www.letelegramme.fr\/ille-et-vilaine\/cest-de-pire-en-pire-comment-une-bande-de-jeunes-pourrit-la-vie-des-habitants-de-cette-commune-dille-et-vilaine-6722313.php\">Le T\u00e9l\u00e9gramme<\/a><\/p>\n","protected":false},"excerpt":{"rendered":"<p>Apr\u00e8s les petits d\u00e9lits commis \u00e0 r\u00e9p\u00e9tition par une bande de jeunes, la commune de la Bou\u00ebxi\u00e8re (35) veut instaurer un v\u00e9ritable plan Marshall de la tranquillit\u00e9 publique. C\u2019est un v\u00e9ritable plan Marshall de la tranquillit\u00e9 publique que s\u2019appr\u00eate \u00e0 voter samedi prochain le conseil municipal de la Bou\u00ebxi\u00e8re, petite commune de 4 800 habitants [&hellip;]<\/p>\n","protected":false},"author":1,"featured_media":3029,"comment_status":"open","ping_status":"open","sticky":false,"template":"","format":"standard","meta":{"sb_editor_width":"","footnotes":""},"categories":[41,62,54],"tags":[],"class_list":["post-3028","post","type-post","status-publish","format-standard","has-post-thumbnail","hentry","category-ille-et-vilaine","category-revue-de-presse","category-societe"],"relative_dates":{"created":"1 an ago","modified":"1 an ago"},"yoast_head":"<!-- This site is optimized with the Yoast SEO plugin v26.3 - https:\/\/yoast.com\/wordpress\/plugins\/seo\/ -->\n<title>Immigration : \u00ab C\u2019est de pire en pire \u00bb, comment une bande de &quot;jeunes&quot; pourrit la vie des habitants de la Bou\u00ebxi\u00e8re - STOURM<\/title>\n<meta name=\"robots\" content=\"index, follow, max-snippet:-1, max-image-preview:large, max-video-preview:-1\" \/>\n<link rel=\"canonical\" href=\"https:\/\/stourm.news\/?p=3028\" \/>\n<meta property=\"og:locale\" content=\"fr_FR\" \/>\n<meta property=\"og:type\" content=\"article\" \/>\n<meta property=\"og:title\" content=\"Immigration : \u00ab C\u2019est de pire en pire \u00bb, comment une bande de &quot;jeunes&quot; pourrit la vie des habitants de la Bou\u00ebxi\u00e8re - STOURM\" \/>\n<meta property=\"og:description\" content=\"Apr\u00e8s les petits d\u00e9lits commis \u00e0 r\u00e9p\u00e9tition par une bande de jeunes, la commune de la Bou\u00ebxi\u00e8re (35) veut instaurer un v\u00e9ritable plan Marshall de la tranquillit\u00e9 publique. C\u2019est un v\u00e9ritable plan Marshall de la tranquillit\u00e9 publique que s\u2019appr\u00eate \u00e0 voter samedi prochain le conseil municipal de la Bou\u00ebxi\u00e8re, petite commune de 4 800 habitants [&hellip;]\" \/>\n<meta property=\"og:url\" content=\"https:\/\/stourm.news\/?p=3028\" \/>\n<meta property=\"og:site_name\" content=\"STOURM\" \/>\n<meta property=\"article:publisher\" content=\"https:\/\/www.facebook.com\/stourmnews\/\" \/>\n<meta property=\"article:published_time\" content=\"2024-12-13T07:19:34+00:00\" \/>\n<meta property=\"og:image\" content=\"https:\/\/stourm.news\/wp-content\/uploads\/2024\/12\/675aa68a3a97ee36991776c8.webp\" \/>\n\t<meta property=\"og:image:width\" content=\"1200\" \/>\n\t<meta property=\"og:image:height\" content=\"750\" \/>\n\t<meta property=\"og:image:type\" content=\"image\/webp\" \/>\n<meta name=\"author\" content=\"La r\u00e9daction\" \/>\n<meta name=\"twitter:card\" content=\"summary_large_image\" \/>\n<meta name=\"twitter:label1\" content=\"\u00c9crit par\" \/>\n\t<meta name=\"twitter:data1\" content=\"La r\u00e9daction\" \/>\n\t<meta name=\"twitter:label2\" content=\"Dur\u00e9e de lecture estim\u00e9e\" \/>\n\t<meta name=\"twitter:data2\" content=\"1 minute\" \/>\n<script type=\"application\/ld+json\" class=\"yoast-schema-graph\">{\"@context\":\"https:\/\/schema.org\",\"@graph\":[{\"@type\":\"Article\",\"@id\":\"https:\/\/stourm.news\/?p=3028#article\",\"isPartOf\":{\"@id\":\"https:\/\/stourm.news\/?p=3028\"},\"author\":{\"name\":\"La r\u00e9daction\",\"@id\":\"https:\/\/stourm.news\/#\/schema\/person\/c3e1dc65988632e190969234ef046cf9\"},\"headline\":\"Immigration : \u00ab C\u2019est de pire en pire \u00bb, comment une bande de \u00ab\u00a0jeunes\u00a0\u00bb pourrit la vie des habitants de la Bou\u00ebxi\u00e8re\",\"datePublished\":\"2024-12-13T07:19:34+00:00\",\"mainEntityOfPage\":{\"@id\":\"https:\/\/stourm.news\/?p=3028\"},\"wordCount\":98,\"commentCount\":0,\"publisher\":{\"@id\":\"https:\/\/stourm.news\/#organization\"},\"image\":{\"@id\":\"https:\/\/stourm.news\/?p=3028#primaryimage\"},\"thumbnailUrl\":\"https:\/\/stourm.news\/wp-content\/uploads\/2024\/12\/675aa68a3a97ee36991776c8.webp\",\"articleSection\":[\"Ille-et-Vilaine\",\"Revue de presse\",\"Soci\u00e9t\u00e9\"],\"inLanguage\":\"fr-FR\",\"potentialAction\":[{\"@type\":\"CommentAction\",\"name\":\"Comment\",\"target\":[\"https:\/\/stourm.news\/?p=3028#respond\"]}]},{\"@type\":\"WebPage\",\"@id\":\"https:\/\/stourm.news\/?p=3028\",\"url\":\"https:\/\/stourm.news\/?p=3028\",\"name\":\"Immigration : \u00ab C\u2019est de pire en pire \u00bb, comment une bande de \\\"jeunes\\\" pourrit la vie des habitants de la Bou\u00ebxi\u00e8re - STOURM\",\"isPartOf\":{\"@id\":\"https:\/\/stourm.news\/#website\"},\"primaryImageOfPage\":{\"@id\":\"https:\/\/stourm.news\/?p=3028#primaryimage\"},\"image\":{\"@id\":\"https:\/\/stourm.news\/?p=3028#primaryimage\"},\"thumbnailUrl\":\"https:\/\/stourm.news\/wp-content\/uploads\/2024\/12\/675aa68a3a97ee36991776c8.webp\",\"datePublished\":\"2024-12-13T07:19:34+00:00\",\"breadcrumb\":{\"@id\":\"https:\/\/stourm.news\/?p=3028#breadcrumb\"},\"inLanguage\":\"fr-FR\",\"potentialAction\":[{\"@type\":\"ReadAction\",\"target\":[\"https:\/\/stourm.news\/?p=3028\"]}]},{\"@type\":\"ImageObject\",\"inLanguage\":\"fr-FR\",\"@id\":\"https:\/\/stourm.news\/?p=3028#primaryimage\",\"url\":\"https:\/\/stourm.news\/wp-content\/uploads\/2024\/12\/675aa68a3a97ee36991776c8.webp\",\"contentUrl\":\"https:\/\/stourm.news\/wp-content\/uploads\/2024\/12\/675aa68a3a97ee36991776c8.webp\",\"width\":1200,\"height\":750},{\"@type\":\"BreadcrumbList\",\"@id\":\"https:\/\/stourm.news\/?p=3028#breadcrumb\",\"itemListElement\":[{\"@type\":\"ListItem\",\"position\":1,\"name\":\"Accueil\",\"item\":\"https:\/\/stourm.news\/\"},{\"@type\":\"ListItem\",\"position\":2,\"name\":\"Immigration : \u00ab C\u2019est de pire en pire \u00bb, comment une bande de \u00ab\u00a0jeunes\u00a0\u00bb pourrit la vie des habitants de la Bou\u00ebxi\u00e8re\"}]},{\"@type\":\"WebSite\",\"@id\":\"https:\/\/stourm.news\/#website\",\"url\":\"https:\/\/stourm.news\/\",\"name\":\"Stourm\",\"description\":\"Kazetenn Strollad Broadel Breizh\",\"publisher\":{\"@id\":\"https:\/\/stourm.news\/#organization\"},\"potentialAction\":[{\"@type\":\"SearchAction\",\"target\":{\"@type\":\"EntryPoint\",\"urlTemplate\":\"https:\/\/stourm.news\/?s={search_term_string}\"},\"query-input\":{\"@type\":\"PropertyValueSpecification\",\"valueRequired\":true,\"valueName\":\"search_term_string\"}}],\"inLanguage\":\"fr-FR\"},{\"@type\":\"Organization\",\"@id\":\"https:\/\/stourm.news\/#organization\",\"name\":\"Stourm\",\"url\":\"https:\/\/stourm.news\/\",\"logo\":{\"@type\":\"ImageObject\",\"inLanguage\":\"fr-FR\",\"@id\":\"https:\/\/stourm.news\/#\/schema\/logo\/image\/\",\"url\":\"https:\/\/stourm.news\/wp-content\/uploads\/2025\/11\/cropped-Capture-decran-2025-11-28-a-15.19.07.png\",\"contentUrl\":\"https:\/\/stourm.news\/wp-content\/uploads\/2025\/11\/cropped-Capture-decran-2025-11-28-a-15.19.07.png\",\"width\":1855,\"height\":383,\"caption\":\"Stourm\"},\"image\":{\"@id\":\"https:\/\/stourm.news\/#\/schema\/logo\/image\/\"},\"sameAs\":[\"https:\/\/www.facebook.com\/stourmnews\/\"]},{\"@type\":\"Person\",\"@id\":\"https:\/\/stourm.news\/#\/schema\/person\/c3e1dc65988632e190969234ef046cf9\",\"name\":\"La r\u00e9daction\",\"image\":{\"@type\":\"ImageObject\",\"inLanguage\":\"fr-FR\",\"@id\":\"https:\/\/stourm.news\/#\/schema\/person\/image\/\",\"url\":\"https:\/\/secure.gravatar.com\/avatar\/7463443f194b6b5fb706b074ca0ef59a0cfcfd720cb47764b0ec5a952ce422b3?s=96&d=mm&r=g\",\"contentUrl\":\"https:\/\/secure.gravatar.com\/avatar\/7463443f194b6b5fb706b074ca0ef59a0cfcfd720cb47764b0ec5a952ce422b3?s=96&d=mm&r=g\",\"caption\":\"La r\u00e9daction\"},\"sameAs\":[\"https:\/\/stourm.news\"],\"url\":\"https:\/\/stourm.news\/?author=1\"}]}<\/script>\n<!-- \/ Yoast SEO plugin. -->","yoast_head_json":{"title":"Immigration : \u00ab C\u2019est de pire en pire \u00bb, comment une bande de \"jeunes\" pourrit la vie des habitants de la Bou\u00ebxi\u00e8re - STOURM","robots":{"index":"index","follow":"follow","max-snippet":"max-snippet:-1","max-image-preview":"max-image-preview:large","max-video-preview":"max-video-preview:-1"},"canonical":"https:\/\/stourm.news\/?p=3028","og_locale":"fr_FR","og_type":"article","og_title":"Immigration : \u00ab C\u2019est de pire en pire \u00bb, comment une bande de \"jeunes\" pourrit la vie des habitants de la Bou\u00ebxi\u00e8re - STOURM","og_description":"Apr\u00e8s les petits d\u00e9lits commis \u00e0 r\u00e9p\u00e9tition par une bande de jeunes, la commune de la Bou\u00ebxi\u00e8re (35) veut instaurer un v\u00e9ritable plan Marshall de la tranquillit\u00e9 publique. C\u2019est un v\u00e9ritable plan Marshall de la tranquillit\u00e9 publique que s\u2019appr\u00eate \u00e0 voter samedi prochain le conseil municipal de la Bou\u00ebxi\u00e8re, petite commune de 4 800 habitants [&hellip;]","og_url":"https:\/\/stourm.news\/?p=3028","og_site_name":"STOURM","article_publisher":"https:\/\/www.facebook.com\/stourmnews\/","article_published_time":"2024-12-13T07:19:34+00:00","og_image":[{"width":1200,"height":750,"url":"https:\/\/stourm.news\/wp-content\/uploads\/2024\/12\/675aa68a3a97ee36991776c8.webp","type":"image\/webp"}],"author":"La r\u00e9daction","twitter_card":"summary_large_image","twitter_misc":{"\u00c9crit par":"La r\u00e9daction","Dur\u00e9e de lecture estim\u00e9e":"1 minute"},"schema":{"@context":"https:\/\/schema.org","@graph":[{"@type":"Article","@id":"https:\/\/stourm.news\/?p=3028#article","isPartOf":{"@id":"https:\/\/stourm.news\/?p=3028"},"author":{"name":"La r\u00e9daction","@id":"https:\/\/stourm.news\/#\/schema\/person\/c3e1dc65988632e190969234ef046cf9"},"headline":"Immigration : \u00ab C\u2019est de pire en pire \u00bb, comment une bande de \u00ab\u00a0jeunes\u00a0\u00bb pourrit la vie des habitants de la Bou\u00ebxi\u00e8re","datePublished":"2024-12-13T07:19:34+00:00","mainEntityOfPage":{"@id":"https:\/\/stourm.news\/?p=3028"},"wordCount":98,"commentCount":0,"publisher":{"@id":"https:\/\/stourm.news\/#organization"},"image":{"@id":"https:\/\/stourm.news\/?p=3028#primaryimage"},"thumbnailUrl":"https:\/\/stourm.news\/wp-content\/uploads\/2024\/12\/675aa68a3a97ee36991776c8.webp","articleSection":["Ille-et-Vilaine","Revue de presse","Soci\u00e9t\u00e9"],"inLanguage":"fr-FR","potentialAction":[{"@type":"CommentAction","name":"Comment","target":["https:\/\/stourm.news\/?p=3028#respond"]}]},{"@type":"WebPage","@id":"https:\/\/stourm.news\/?p=3028","url":"https:\/\/stourm.news\/?p=3028","name":"Immigration : \u00ab C\u2019est de pire en pire \u00bb, comment une bande de \"jeunes\" pourrit la vie des habitants de la Bou\u00ebxi\u00e8re - STOURM","isPartOf":{"@id":"https:\/\/stourm.news\/#website"},"primaryImageOfPage":{"@id":"https:\/\/stourm.news\/?p=3028#primaryimage"},"image":{"@id":"https:\/\/stourm.news\/?p=3028#primaryimage"},"thumbnailUrl":"https:\/\/stourm.news\/wp-content\/uploads\/2024\/12\/675aa68a3a97ee36991776c8.webp","datePublished":"2024-12-13T07:19:34+00:00","breadcrumb":{"@id":"https:\/\/stourm.news\/?p=3028#breadcrumb"},"inLanguage":"fr-FR","potentialAction":[{"@type":"ReadAction","target":["https:\/\/stourm.news\/?p=3028"]}]},{"@type":"ImageObject","inLanguage":"fr-FR","@id":"https:\/\/stourm.news\/?p=3028#primaryimage","url":"https:\/\/stourm.news\/wp-content\/uploads\/2024\/12\/675aa68a3a97ee36991776c8.webp","contentUrl":"https:\/\/stourm.news\/wp-content\/uploads\/2024\/12\/675aa68a3a97ee36991776c8.webp","width":1200,"height":750},{"@type":"BreadcrumbList","@id":"https:\/\/stourm.news\/?p=3028#breadcrumb","itemListElement":[{"@type":"ListItem","position":1,"name":"Accueil","item":"https:\/\/stourm.news\/"},{"@type":"ListItem","position":2,"name":"Immigration : \u00ab C\u2019est de pire en pire \u00bb, comment une bande de \u00ab\u00a0jeunes\u00a0\u00bb pourrit la vie des habitants de la Bou\u00ebxi\u00e8re"}]},{"@type":"WebSite","@id":"https:\/\/stourm.news\/#website","url":"https:\/\/stourm.news\/","name":"Stourm","description":"Kazetenn Strollad Broadel Breizh","publisher":{"@id":"https:\/\/stourm.news\/#organization"},"potentialAction":[{"@type":"SearchAction","target":{"@type":"EntryPoint","urlTemplate":"https:\/\/stourm.news\/?s={search_term_string}"},"query-input":{"@type":"PropertyValueSpecification","valueRequired":true,"valueName":"search_term_string"}}],"inLanguage":"fr-FR"},{"@type":"Organization","@id":"https:\/\/stourm.news\/#organization","name":"Stourm","url":"https:\/\/stourm.news\/","logo":{"@type":"ImageObject","inLanguage":"fr-FR","@id":"https:\/\/stourm.news\/#\/schema\/logo\/image\/","url":"https:\/\/stourm.news\/wp-content\/uploads\/2025\/11\/cropped-Capture-decran-2025-11-28-a-15.19.07.png","contentUrl":"https:\/\/stourm.news\/wp-content\/uploads\/2025\/11\/cropped-Capture-decran-2025-11-28-a-15.19.07.png","width":1855,"height":383,"caption":"Stourm"},"image":{"@id":"https:\/\/stourm.news\/#\/schema\/logo\/image\/"},"sameAs":["https:\/\/www.facebook.com\/stourmnews\/"]},{"@type":"Person","@id":"https:\/\/stourm.news\/#\/schema\/person\/c3e1dc65988632e190969234ef046cf9","name":"La r\u00e9daction","image":{"@type":"ImageObject","inLanguage":"fr-FR","@id":"https:\/\/stourm.news\/#\/schema\/person\/image\/","url":"https:\/\/secure.gravatar.com\/avatar\/7463443f194b6b5fb706b074ca0ef59a0cfcfd720cb47764b0ec5a952ce422b3?s=96&d=mm&r=g","contentUrl":"https:\/\/secure.gravatar.com\/avatar\/7463443f194b6b5fb706b074ca0ef59a0cfcfd720cb47764b0ec5a952ce422b3?s=96&d=mm&r=g","caption":"La r\u00e9daction"},"sameAs":["https:\/\/stourm.news"],"url":"https:\/\/stourm.news\/?author=1"}]}},"_links":{"self":[{"href":"https:\/\/stourm.news\/index.php?rest_route=\/wp\/v2\/posts\/3028","targetHints":{"allow":["GET"]}}],"collection":[{"href":"https:\/\/stourm.news\/index.php?rest_route=\/wp\/v2\/posts"}],"about":[{"href":"https:\/\/stourm.news\/index.php?rest_route=\/wp\/v2\/types\/post"}],"author":[{"embeddable":true,"href":"https:\/\/stourm.news\/index.php?rest_route=\/wp\/v2\/users\/1"}],"replies":[{"embeddable":true,"href":"https:\/\/stourm.news\/index.php?rest_route=%2Fwp%2Fv2%2Fcomments&post=3028"}],"version-history":[{"count":1,"href":"https:\/\/stourm.news\/index.php?rest_route=\/wp\/v2\/posts\/3028\/revisions"}],"predecessor-version":[{"id":3030,"href":"https:\/\/stourm.news\/index.php?rest_route=\/wp\/v2\/posts\/3028\/revisions\/3030"}],"wp:featuredmedia":[{"embeddable":true,"href":"https:\/\/stourm.news\/index.php?rest_route=\/wp\/v2\/media\/3029"}],"wp:attachment":[{"href":"https:\/\/stourm.news\/index.php?rest_route=%2Fwp%2Fv2%2Fmedia&parent=3028"}],"wp:term":[{"taxonomy":"category","embeddable":true,"href":"https:\/\/stourm.news\/index.php?rest_route=%2Fwp%2Fv2%2Fcategories&post=3028"},{"taxonomy":"post_tag","embeddable":true,"href":"https:\/\/stourm.news\/index.php?rest_route=%2Fwp%2Fv2%2Ftags&post=3028"}],"curies":[{"name":"wp","href":"https:\/\/api.w.org\/{rel}","templated":true}]}}