{"id":3100,"date":"2024-12-23T09:48:38","date_gmt":"2024-12-23T09:48:38","guid":{"rendered":"https:\/\/stourm.news\/?p=3100"},"modified":"2024-12-23T09:48:38","modified_gmt":"2024-12-23T09:48:38","slug":"quimper-interpelle-sur-le-point-de-deal-du-quartier-multiculturel-de-kermoysan-il-faisait-1400-euros-par-semaine","status":"publish","type":"post","link":"https:\/\/stourm.news\/?p=3100","title":{"rendered":"Quimper : interpell\u00e9 sur le point de deal du quartier multiculturel de Kermoysan, il faisait \u00ab\u00a01400 euros par semaine\u00a0\u00bb"},"content":{"rendered":"<p style=\"text-align: justify;\">\u00ab Dans les \u00e9chelons, moi, je suis tout en bas \u00bb, minimise le jeune homme face au tribunal de Quimper (Finist\u00e8re), vendredi 20 d\u00e9cembre 2024. \u00ab Oui mais si vous n\u2019\u00eates pas l\u00e0, il n\u2019y a pas de trafic \u00bb, lui r\u00e9torque la pr\u00e9sidente.<\/p>\n<p style=\"text-align: justify;\">Le pr\u00e9venu, 19 ans, a \u00e9t\u00e9 interpell\u00e9 le 16 d\u00e9cembre aux abords du centre commercial de <strong>Kermoysan<\/strong> \u00e0 Quimper. Il avait sur lui 10 g de r\u00e9sine de cannabis et 170 euros. Son r\u00f4le \u00e9tait d\u2019approvisionner les revendeurs de drogues, cannabis et coca\u00efne. Il fume \u00bb cinq \u00e0 six joints par jour \u00ab .<\/p>\n<p style=\"text-align: justify;\">Son arriv\u00e9e sur le point de deal de Kermoysan remonte \u00e0 d\u00e9but novembre. \u00ab Initialement, j\u2019\u00e9tais venu pour voir des amis et puis, j\u2019ai \u00e9t\u00e9 tent\u00e9 par l\u2019argent facile. \u00bb En garde \u00e0 vue, il a reconnu toucher \u00ab 1400 euros par semaine \u00bb pour cette activit\u00e9. \u00ab Et vous \u00eates rest\u00e9 quatre \u00e0 cinq semaines \u00bb, a pr\u00e9cis\u00e9 la pr\u00e9sidente.<\/p>\n<p style=\"text-align: justify;\">Le jeune homme <strong>a trois mentions au casier<\/strong>. Pour le procureur, c\u2019est \u00ab une cheville ouvri\u00e8re \u00bb du trafic qui contribue \u00e0 \u00ab vendre la mort et la mis\u00e8re \u00bb. Pour le parquet, \u00ab il faut donc s\u00e9vir pour qu\u2019il comprenne \u00bb.<\/p>\n<p style=\"text-align: justify;\">Les r\u00e9quisitions \u00e9taient de 18 mois de prison dont six ferme avec un mandat de d\u00e9p\u00f4t. Elles ont \u00e9t\u00e9 suivies par le tribunal, avec une interdiction de Quimper pendant cinq ans.<\/p>\n<p style=\"text-align: justify;\">Source : <a href=\"https:\/\/actu.fr\/bretagne\/quimper_29232\/drogues-a-quimper-jai-ete-tente-par-largent-facile_62033427.html\">Actu.fr<\/a><\/p>\n","protected":false},"excerpt":{"rendered":"<p>\u00ab Dans les \u00e9chelons, moi, je suis tout en bas \u00bb, minimise le jeune homme face au tribunal de Quimper (Finist\u00e8re), vendredi 20 d\u00e9cembre 2024. \u00ab Oui mais si vous n\u2019\u00eates pas l\u00e0, il n\u2019y a pas de trafic \u00bb, lui r\u00e9torque la pr\u00e9sidente. Le pr\u00e9venu, 19 ans, a \u00e9t\u00e9 interpell\u00e9 le 16 d\u00e9cembre aux [&hellip;]<\/p>\n","protected":false},"author":1,"featured_media":3101,"comment_status":"open","ping_status":"open","sticky":false,"template":"","format":"standard","meta":{"sb_editor_width":"","footnotes":""},"categories":[29,38,62],"tags":[],"class_list":["post-3100","post","type-post","status-publish","format-standard","has-post-thumbnail","hentry","category-drogue","category-finistere","category-revue-de-presse"],"relative_dates":{"created":"1 an ago","modified":"1 an ago"},"yoast_head":"<!-- This site is optimized with the Yoast SEO plugin v26.3 - https:\/\/yoast.com\/wordpress\/plugins\/seo\/ -->\n<title>Quimper : interpell\u00e9 sur le point de deal du quartier multiculturel de Kermoysan, il faisait &quot;1400 euros par semaine&quot; - STOURM<\/title>\n<meta name=\"robots\" content=\"index, follow, max-snippet:-1, max-image-preview:large, max-video-preview:-1\" \/>\n<link rel=\"canonical\" href=\"https:\/\/stourm.news\/?p=3100\" \/>\n<meta property=\"og:locale\" content=\"fr_FR\" \/>\n<meta property=\"og:type\" content=\"article\" \/>\n<meta property=\"og:title\" content=\"Quimper : interpell\u00e9 sur le point de deal du quartier multiculturel de Kermoysan, il faisait &quot;1400 euros par semaine&quot; - STOURM\" \/>\n<meta property=\"og:description\" content=\"\u00ab Dans les \u00e9chelons, moi, je suis tout en bas \u00bb, minimise le jeune homme face au tribunal de Quimper (Finist\u00e8re), vendredi 20 d\u00e9cembre 2024. \u00ab Oui mais si vous n\u2019\u00eates pas l\u00e0, il n\u2019y a pas de trafic \u00bb, lui r\u00e9torque la pr\u00e9sidente. Le pr\u00e9venu, 19 ans, a \u00e9t\u00e9 interpell\u00e9 le 16 d\u00e9cembre aux [&hellip;]\" \/>\n<meta property=\"og:url\" content=\"https:\/\/stourm.news\/?p=3100\" \/>\n<meta property=\"og:site_name\" content=\"STOURM\" \/>\n<meta property=\"article:publisher\" content=\"https:\/\/www.facebook.com\/stourmnews\/\" \/>\n<meta property=\"article:published_time\" content=\"2024-12-23T09:48:38+00:00\" \/>\n<meta property=\"og:image\" content=\"https:\/\/stourm.news\/wp-content\/uploads\/2024\/12\/46ab5409785663aab540978560eab5v-1-960x640-1.jpg\" \/>\n\t<meta property=\"og:image:width\" content=\"960\" \/>\n\t<meta property=\"og:image:height\" content=\"640\" \/>\n\t<meta property=\"og:image:type\" content=\"image\/jpeg\" \/>\n<meta name=\"author\" content=\"La r\u00e9daction\" \/>\n<meta name=\"twitter:card\" content=\"summary_large_image\" \/>\n<meta name=\"twitter:label1\" content=\"\u00c9crit par\" \/>\n\t<meta name=\"twitter:data1\" content=\"La r\u00e9daction\" \/>\n\t<meta name=\"twitter:label2\" content=\"Dur\u00e9e de lecture estim\u00e9e\" \/>\n\t<meta name=\"twitter:data2\" content=\"2 minutes\" \/>\n<script type=\"application\/ld+json\" class=\"yoast-schema-graph\">{\"@context\":\"https:\/\/schema.org\",\"@graph\":[{\"@type\":\"Article\",\"@id\":\"https:\/\/stourm.news\/?p=3100#article\",\"isPartOf\":{\"@id\":\"https:\/\/stourm.news\/?p=3100\"},\"author\":{\"name\":\"La r\u00e9daction\",\"@id\":\"https:\/\/stourm.news\/#\/schema\/person\/c3e1dc65988632e190969234ef046cf9\"},\"headline\":\"Quimper : interpell\u00e9 sur le point de deal du quartier multiculturel de Kermoysan, il faisait \u00ab\u00a01400 euros par semaine\u00a0\u00bb\",\"datePublished\":\"2024-12-23T09:48:38+00:00\",\"mainEntityOfPage\":{\"@id\":\"https:\/\/stourm.news\/?p=3100\"},\"wordCount\":246,\"commentCount\":0,\"publisher\":{\"@id\":\"https:\/\/stourm.news\/#organization\"},\"image\":{\"@id\":\"https:\/\/stourm.news\/?p=3100#primaryimage\"},\"thumbnailUrl\":\"https:\/\/stourm.news\/wp-content\/uploads\/2024\/12\/46ab5409785663aab540978560eab5v-1-960x640-1.jpg\",\"articleSection\":[\"Drogue\",\"Finist\u00e8re\",\"Revue de presse\"],\"inLanguage\":\"fr-FR\",\"potentialAction\":[{\"@type\":\"CommentAction\",\"name\":\"Comment\",\"target\":[\"https:\/\/stourm.news\/?p=3100#respond\"]}]},{\"@type\":\"WebPage\",\"@id\":\"https:\/\/stourm.news\/?p=3100\",\"url\":\"https:\/\/stourm.news\/?p=3100\",\"name\":\"Quimper : interpell\u00e9 sur le point de deal du quartier multiculturel de Kermoysan, il faisait \\\"1400 euros par semaine\\\" - STOURM\",\"isPartOf\":{\"@id\":\"https:\/\/stourm.news\/#website\"},\"primaryImageOfPage\":{\"@id\":\"https:\/\/stourm.news\/?p=3100#primaryimage\"},\"image\":{\"@id\":\"https:\/\/stourm.news\/?p=3100#primaryimage\"},\"thumbnailUrl\":\"https:\/\/stourm.news\/wp-content\/uploads\/2024\/12\/46ab5409785663aab540978560eab5v-1-960x640-1.jpg\",\"datePublished\":\"2024-12-23T09:48:38+00:00\",\"breadcrumb\":{\"@id\":\"https:\/\/stourm.news\/?p=3100#breadcrumb\"},\"inLanguage\":\"fr-FR\",\"potentialAction\":[{\"@type\":\"ReadAction\",\"target\":[\"https:\/\/stourm.news\/?p=3100\"]}]},{\"@type\":\"ImageObject\",\"inLanguage\":\"fr-FR\",\"@id\":\"https:\/\/stourm.news\/?p=3100#primaryimage\",\"url\":\"https:\/\/stourm.news\/wp-content\/uploads\/2024\/12\/46ab5409785663aab540978560eab5v-1-960x640-1.jpg\",\"contentUrl\":\"https:\/\/stourm.news\/wp-content\/uploads\/2024\/12\/46ab5409785663aab540978560eab5v-1-960x640-1.jpg\",\"width\":960,\"height\":640},{\"@type\":\"BreadcrumbList\",\"@id\":\"https:\/\/stourm.news\/?p=3100#breadcrumb\",\"itemListElement\":[{\"@type\":\"ListItem\",\"position\":1,\"name\":\"Accueil\",\"item\":\"https:\/\/stourm.news\/\"},{\"@type\":\"ListItem\",\"position\":2,\"name\":\"Quimper : interpell\u00e9 sur le point de deal du quartier multiculturel de Kermoysan, il faisait \u00ab\u00a01400 euros par semaine\u00a0\u00bb\"}]},{\"@type\":\"WebSite\",\"@id\":\"https:\/\/stourm.news\/#website\",\"url\":\"https:\/\/stourm.news\/\",\"name\":\"Stourm\",\"description\":\"Kazetenn Strollad Broadel Breizh\",\"publisher\":{\"@id\":\"https:\/\/stourm.news\/#organization\"},\"potentialAction\":[{\"@type\":\"SearchAction\",\"target\":{\"@type\":\"EntryPoint\",\"urlTemplate\":\"https:\/\/stourm.news\/?s={search_term_string}\"},\"query-input\":{\"@type\":\"PropertyValueSpecification\",\"valueRequired\":true,\"valueName\":\"search_term_string\"}}],\"inLanguage\":\"fr-FR\"},{\"@type\":\"Organization\",\"@id\":\"https:\/\/stourm.news\/#organization\",\"name\":\"Stourm\",\"url\":\"https:\/\/stourm.news\/\",\"logo\":{\"@type\":\"ImageObject\",\"inLanguage\":\"fr-FR\",\"@id\":\"https:\/\/stourm.news\/#\/schema\/logo\/image\/\",\"url\":\"https:\/\/stourm.news\/wp-content\/uploads\/2025\/11\/cropped-Capture-decran-2025-11-28-a-15.19.07.png\",\"contentUrl\":\"https:\/\/stourm.news\/wp-content\/uploads\/2025\/11\/cropped-Capture-decran-2025-11-28-a-15.19.07.png\",\"width\":1855,\"height\":383,\"caption\":\"Stourm\"},\"image\":{\"@id\":\"https:\/\/stourm.news\/#\/schema\/logo\/image\/\"},\"sameAs\":[\"https:\/\/www.facebook.com\/stourmnews\/\"]},{\"@type\":\"Person\",\"@id\":\"https:\/\/stourm.news\/#\/schema\/person\/c3e1dc65988632e190969234ef046cf9\",\"name\":\"La r\u00e9daction\",\"image\":{\"@type\":\"ImageObject\",\"inLanguage\":\"fr-FR\",\"@id\":\"https:\/\/stourm.news\/#\/schema\/person\/image\/\",\"url\":\"https:\/\/secure.gravatar.com\/avatar\/7463443f194b6b5fb706b074ca0ef59a0cfcfd720cb47764b0ec5a952ce422b3?s=96&d=mm&r=g\",\"contentUrl\":\"https:\/\/secure.gravatar.com\/avatar\/7463443f194b6b5fb706b074ca0ef59a0cfcfd720cb47764b0ec5a952ce422b3?s=96&d=mm&r=g\",\"caption\":\"La r\u00e9daction\"},\"sameAs\":[\"https:\/\/stourm.news\"],\"url\":\"https:\/\/stourm.news\/?author=1\"}]}<\/script>\n<!-- \/ Yoast SEO plugin. -->","yoast_head_json":{"title":"Quimper : interpell\u00e9 sur le point de deal du quartier multiculturel de Kermoysan, il faisait \"1400 euros par semaine\" - STOURM","robots":{"index":"index","follow":"follow","max-snippet":"max-snippet:-1","max-image-preview":"max-image-preview:large","max-video-preview":"max-video-preview:-1"},"canonical":"https:\/\/stourm.news\/?p=3100","og_locale":"fr_FR","og_type":"article","og_title":"Quimper : interpell\u00e9 sur le point de deal du quartier multiculturel de Kermoysan, il faisait \"1400 euros par semaine\" - STOURM","og_description":"\u00ab Dans les \u00e9chelons, moi, je suis tout en bas \u00bb, minimise le jeune homme face au tribunal de Quimper (Finist\u00e8re), vendredi 20 d\u00e9cembre 2024. \u00ab Oui mais si vous n\u2019\u00eates pas l\u00e0, il n\u2019y a pas de trafic \u00bb, lui r\u00e9torque la pr\u00e9sidente. Le pr\u00e9venu, 19 ans, a \u00e9t\u00e9 interpell\u00e9 le 16 d\u00e9cembre aux [&hellip;]","og_url":"https:\/\/stourm.news\/?p=3100","og_site_name":"STOURM","article_publisher":"https:\/\/www.facebook.com\/stourmnews\/","article_published_time":"2024-12-23T09:48:38+00:00","og_image":[{"width":960,"height":640,"url":"https:\/\/stourm.news\/wp-content\/uploads\/2024\/12\/46ab5409785663aab540978560eab5v-1-960x640-1.jpg","type":"image\/jpeg"}],"author":"La r\u00e9daction","twitter_card":"summary_large_image","twitter_misc":{"\u00c9crit par":"La r\u00e9daction","Dur\u00e9e de lecture estim\u00e9e":"2 minutes"},"schema":{"@context":"https:\/\/schema.org","@graph":[{"@type":"Article","@id":"https:\/\/stourm.news\/?p=3100#article","isPartOf":{"@id":"https:\/\/stourm.news\/?p=3100"},"author":{"name":"La r\u00e9daction","@id":"https:\/\/stourm.news\/#\/schema\/person\/c3e1dc65988632e190969234ef046cf9"},"headline":"Quimper : interpell\u00e9 sur le point de deal du quartier multiculturel de Kermoysan, il faisait \u00ab\u00a01400 euros par semaine\u00a0\u00bb","datePublished":"2024-12-23T09:48:38+00:00","mainEntityOfPage":{"@id":"https:\/\/stourm.news\/?p=3100"},"wordCount":246,"commentCount":0,"publisher":{"@id":"https:\/\/stourm.news\/#organization"},"image":{"@id":"https:\/\/stourm.news\/?p=3100#primaryimage"},"thumbnailUrl":"https:\/\/stourm.news\/wp-content\/uploads\/2024\/12\/46ab5409785663aab540978560eab5v-1-960x640-1.jpg","articleSection":["Drogue","Finist\u00e8re","Revue de presse"],"inLanguage":"fr-FR","potentialAction":[{"@type":"CommentAction","name":"Comment","target":["https:\/\/stourm.news\/?p=3100#respond"]}]},{"@type":"WebPage","@id":"https:\/\/stourm.news\/?p=3100","url":"https:\/\/stourm.news\/?p=3100","name":"Quimper : interpell\u00e9 sur le point de deal du quartier multiculturel de Kermoysan, il faisait \"1400 euros par semaine\" - STOURM","isPartOf":{"@id":"https:\/\/stourm.news\/#website"},"primaryImageOfPage":{"@id":"https:\/\/stourm.news\/?p=3100#primaryimage"},"image":{"@id":"https:\/\/stourm.news\/?p=3100#primaryimage"},"thumbnailUrl":"https:\/\/stourm.news\/wp-content\/uploads\/2024\/12\/46ab5409785663aab540978560eab5v-1-960x640-1.jpg","datePublished":"2024-12-23T09:48:38+00:00","breadcrumb":{"@id":"https:\/\/stourm.news\/?p=3100#breadcrumb"},"inLanguage":"fr-FR","potentialAction":[{"@type":"ReadAction","target":["https:\/\/stourm.news\/?p=3100"]}]},{"@type":"ImageObject","inLanguage":"fr-FR","@id":"https:\/\/stourm.news\/?p=3100#primaryimage","url":"https:\/\/stourm.news\/wp-content\/uploads\/2024\/12\/46ab5409785663aab540978560eab5v-1-960x640-1.jpg","contentUrl":"https:\/\/stourm.news\/wp-content\/uploads\/2024\/12\/46ab5409785663aab540978560eab5v-1-960x640-1.jpg","width":960,"height":640},{"@type":"BreadcrumbList","@id":"https:\/\/stourm.news\/?p=3100#breadcrumb","itemListElement":[{"@type":"ListItem","position":1,"name":"Accueil","item":"https:\/\/stourm.news\/"},{"@type":"ListItem","position":2,"name":"Quimper : interpell\u00e9 sur le point de deal du quartier multiculturel de Kermoysan, il faisait \u00ab\u00a01400 euros par semaine\u00a0\u00bb"}]},{"@type":"WebSite","@id":"https:\/\/stourm.news\/#website","url":"https:\/\/stourm.news\/","name":"Stourm","description":"Kazetenn Strollad Broadel Breizh","publisher":{"@id":"https:\/\/stourm.news\/#organization"},"potentialAction":[{"@type":"SearchAction","target":{"@type":"EntryPoint","urlTemplate":"https:\/\/stourm.news\/?s={search_term_string}"},"query-input":{"@type":"PropertyValueSpecification","valueRequired":true,"valueName":"search_term_string"}}],"inLanguage":"fr-FR"},{"@type":"Organization","@id":"https:\/\/stourm.news\/#organization","name":"Stourm","url":"https:\/\/stourm.news\/","logo":{"@type":"ImageObject","inLanguage":"fr-FR","@id":"https:\/\/stourm.news\/#\/schema\/logo\/image\/","url":"https:\/\/stourm.news\/wp-content\/uploads\/2025\/11\/cropped-Capture-decran-2025-11-28-a-15.19.07.png","contentUrl":"https:\/\/stourm.news\/wp-content\/uploads\/2025\/11\/cropped-Capture-decran-2025-11-28-a-15.19.07.png","width":1855,"height":383,"caption":"Stourm"},"image":{"@id":"https:\/\/stourm.news\/#\/schema\/logo\/image\/"},"sameAs":["https:\/\/www.facebook.com\/stourmnews\/"]},{"@type":"Person","@id":"https:\/\/stourm.news\/#\/schema\/person\/c3e1dc65988632e190969234ef046cf9","name":"La r\u00e9daction","image":{"@type":"ImageObject","inLanguage":"fr-FR","@id":"https:\/\/stourm.news\/#\/schema\/person\/image\/","url":"https:\/\/secure.gravatar.com\/avatar\/7463443f194b6b5fb706b074ca0ef59a0cfcfd720cb47764b0ec5a952ce422b3?s=96&d=mm&r=g","contentUrl":"https:\/\/secure.gravatar.com\/avatar\/7463443f194b6b5fb706b074ca0ef59a0cfcfd720cb47764b0ec5a952ce422b3?s=96&d=mm&r=g","caption":"La r\u00e9daction"},"sameAs":["https:\/\/stourm.news"],"url":"https:\/\/stourm.news\/?author=1"}]}},"_links":{"self":[{"href":"https:\/\/stourm.news\/index.php?rest_route=\/wp\/v2\/posts\/3100","targetHints":{"allow":["GET"]}}],"collection":[{"href":"https:\/\/stourm.news\/index.php?rest_route=\/wp\/v2\/posts"}],"about":[{"href":"https:\/\/stourm.news\/index.php?rest_route=\/wp\/v2\/types\/post"}],"author":[{"embeddable":true,"href":"https:\/\/stourm.news\/index.php?rest_route=\/wp\/v2\/users\/1"}],"replies":[{"embeddable":true,"href":"https:\/\/stourm.news\/index.php?rest_route=%2Fwp%2Fv2%2Fcomments&post=3100"}],"version-history":[{"count":1,"href":"https:\/\/stourm.news\/index.php?rest_route=\/wp\/v2\/posts\/3100\/revisions"}],"predecessor-version":[{"id":3102,"href":"https:\/\/stourm.news\/index.php?rest_route=\/wp\/v2\/posts\/3100\/revisions\/3102"}],"wp:featuredmedia":[{"embeddable":true,"href":"https:\/\/stourm.news\/index.php?rest_route=\/wp\/v2\/media\/3101"}],"wp:attachment":[{"href":"https:\/\/stourm.news\/index.php?rest_route=%2Fwp%2Fv2%2Fmedia&parent=3100"}],"wp:term":[{"taxonomy":"category","embeddable":true,"href":"https:\/\/stourm.news\/index.php?rest_route=%2Fwp%2Fv2%2Fcategories&post=3100"},{"taxonomy":"post_tag","embeddable":true,"href":"https:\/\/stourm.news\/index.php?rest_route=%2Fwp%2Fv2%2Ftags&post=3100"}],"curies":[{"name":"wp","href":"https:\/\/api.w.org\/{rel}","templated":true}]}}