{"id":3107,"date":"2024-12-29T09:13:00","date_gmt":"2024-12-29T09:13:00","guid":{"rendered":"https:\/\/stourm.news\/?p=3107"},"modified":"2024-12-29T09:13:00","modified_gmt":"2024-12-29T09:13:00","slug":"brest-plusieurs-mineurs-blesses-au-couteau-apres-une-violente-rixe-entre-bandes-ethniques-rivales","status":"publish","type":"post","link":"https:\/\/stourm.news\/?p=3107","title":{"rendered":"Brest : plusieurs mineurs bless\u00e9s au couteau apr\u00e8s une violente rixe entre bandes ethniques rivales"},"content":{"rendered":"<p style=\"text-align: justify;\">Ce vendredi 27 d\u00e9cembre, <strong>quatre mineurs ont \u00e9t\u00e9 bless\u00e9s lors de violents d\u2019affrontements<\/strong> dans l\u2019enceinte du Luna Park \u00e0 Guilers, commune situ\u00e9e au nord-ouest de Brest (Finist\u00e8re). \u00ab Vers 20 heures, deux groupes de jeunes, tous mineurs, s\u2019affrontent et un gar\u00e7on est victime <strong>d\u2019un coup de couteau<\/strong> \u00bb, r\u00e9sume au lendemain des faits le procureur Camille Miansoni, cit\u00e9 par Le Parisien.<\/p>\n<p style=\"text-align: justify;\">Mais d\u2019apr\u00e8s ce dernier, les heurts se poursuivent plus tard dans la soir\u00e9e quand, en repr\u00e9sailles, des jeunes obligent un bus \u00e0 freiner pour monter \u00e0 bord et<strong> \u00ab commettre d\u2019autres violences avec notamment des coups de couteau \u00bb<\/strong> contre d\u2019autres adolescents, explique le procureur de Brest. Trois mineurs, \u00e2g\u00e9s de 15 et 16 ans, ont ainsi \u00e9t\u00e9 bless\u00e9s \u2013 <strong>dont l\u2019un avec pronostic vital engag\u00e9<\/strong> \u2013 au cours de cette seconde altercation.<\/p>\n<p style=\"text-align: justify;\">D\u2019apr\u00e8s Le T\u00e9l\u00e9gramme, cette bagarre a \u00e9galement cr\u00e9\u00e9 un mouvement de panique dans le bus concern\u00e9, o\u00f9 se trouvaient de nombreuses familles. Les vitres du v\u00e9hicule ont d\u2019ailleurs \u00e9t\u00e9 bris\u00e9es durant l\u2019affrontement.<\/p>\n<p style=\"text-align: justify;\">Selon plusieurs sources proches du dossier consult\u00e9es par Le Figaro, ce sont en fait<strong> des bandes rivales des quartiers de Bellevue et Pontan\u00e9zen<\/strong> qui se sont affront\u00e9s. Quatre individus, issus des deux camps, ont \u00e9t\u00e9 plac\u00e9s en garde \u00e0 vue.<\/p>\n<p style=\"text-align: justify;\">\u00ab L\u2019enqu\u00eate se poursuit. Elle doit encore d\u00e9terminer la chronologie, et les responsabilit\u00e9s de chacun \u00bb, pr\u00e9cise le parquet aupr\u00e8s du quotidien francilien, indiquant que les investigations pourraient avancer gr\u00e2ce \u00e0 l\u2019exploitation des images de vid\u00e9osurveillance du v\u00e9hicule et des images priv\u00e9es captur\u00e9es par t\u00e9l\u00e9phone. Selon de premiers \u00e9l\u00e9ments qui restent \u00e0 confirmer, \u00ab un contentieux autour d\u2019une jeune fille \u00bb pourrait \u00eatre \u00e0 l\u2019origine de cette flamb\u00e9e de violence.<\/p>\n<p style=\"text-align: justify;\">Source : <a href=\"https:\/\/www.lejdd.fr\/societe\/brest-plusieurs-mineurs-blesses-au-couteau-apres-une-violente-rixe-entre-bandes-rivales-153297\">JDD<\/a><\/p>\n","protected":false},"excerpt":{"rendered":"<p>Ce vendredi 27 d\u00e9cembre, quatre mineurs ont \u00e9t\u00e9 bless\u00e9s lors de violents d\u2019affrontements dans l\u2019enceinte du Luna Park \u00e0 Guilers, commune situ\u00e9e au nord-ouest de Brest (Finist\u00e8re). \u00ab Vers 20 heures, deux groupes de jeunes, tous mineurs, s\u2019affrontent et un gar\u00e7on est victime d\u2019un coup de couteau \u00bb, r\u00e9sume au lendemain des faits le procureur [&hellip;]<\/p>\n","protected":false},"author":1,"featured_media":3108,"comment_status":"open","ping_status":"open","sticky":false,"template":"","format":"standard","meta":{"sb_editor_width":"","footnotes":""},"categories":[31,38,62],"tags":[],"class_list":["post-3107","post","type-post","status-publish","format-standard","has-post-thumbnail","hentry","category-agression","category-finistere","category-revue-de-presse"],"relative_dates":{"created":"1 an ago","modified":"1 an ago"},"yoast_head":"<!-- This site is optimized with the Yoast SEO plugin v26.3 - https:\/\/yoast.com\/wordpress\/plugins\/seo\/ -->\n<title>Brest : plusieurs mineurs bless\u00e9s au couteau apr\u00e8s une violente rixe entre bandes ethniques rivales - STOURM<\/title>\n<meta name=\"robots\" content=\"index, follow, max-snippet:-1, max-image-preview:large, max-video-preview:-1\" \/>\n<link rel=\"canonical\" href=\"https:\/\/stourm.news\/?p=3107\" \/>\n<meta property=\"og:locale\" content=\"fr_FR\" \/>\n<meta property=\"og:type\" content=\"article\" \/>\n<meta property=\"og:title\" content=\"Brest : plusieurs mineurs bless\u00e9s au couteau apr\u00e8s une violente rixe entre bandes ethniques rivales - STOURM\" \/>\n<meta property=\"og:description\" content=\"Ce vendredi 27 d\u00e9cembre, quatre mineurs ont \u00e9t\u00e9 bless\u00e9s lors de violents d\u2019affrontements dans l\u2019enceinte du Luna Park \u00e0 Guilers, commune situ\u00e9e au nord-ouest de Brest (Finist\u00e8re). \u00ab Vers 20 heures, deux groupes de jeunes, tous mineurs, s\u2019affrontent et un gar\u00e7on est victime d\u2019un coup de couteau \u00bb, r\u00e9sume au lendemain des faits le procureur [&hellip;]\" \/>\n<meta property=\"og:url\" content=\"https:\/\/stourm.news\/?p=3107\" \/>\n<meta property=\"og:site_name\" content=\"STOURM\" \/>\n<meta property=\"article:publisher\" content=\"https:\/\/www.facebook.com\/stourmnews\/\" \/>\n<meta property=\"article:published_time\" content=\"2024-12-29T09:13:00+00:00\" \/>\n<meta property=\"og:image\" content=\"https:\/\/stourm.news\/wp-content\/uploads\/2024\/12\/96581200-714264512733033-7222239940631855104-o.jpg\" \/>\n\t<meta property=\"og:image:width\" content=\"1280\" \/>\n\t<meta property=\"og:image:height\" content=\"960\" \/>\n\t<meta property=\"og:image:type\" content=\"image\/jpeg\" \/>\n<meta name=\"author\" content=\"La r\u00e9daction\" \/>\n<meta name=\"twitter:card\" content=\"summary_large_image\" \/>\n<meta name=\"twitter:label1\" content=\"\u00c9crit par\" \/>\n\t<meta name=\"twitter:data1\" content=\"La r\u00e9daction\" \/>\n\t<meta name=\"twitter:label2\" content=\"Dur\u00e9e de lecture estim\u00e9e\" \/>\n\t<meta name=\"twitter:data2\" content=\"2 minutes\" \/>\n<script type=\"application\/ld+json\" class=\"yoast-schema-graph\">{\"@context\":\"https:\/\/schema.org\",\"@graph\":[{\"@type\":\"Article\",\"@id\":\"https:\/\/stourm.news\/?p=3107#article\",\"isPartOf\":{\"@id\":\"https:\/\/stourm.news\/?p=3107\"},\"author\":{\"name\":\"La r\u00e9daction\",\"@id\":\"https:\/\/stourm.news\/#\/schema\/person\/c3e1dc65988632e190969234ef046cf9\"},\"headline\":\"Brest : plusieurs mineurs bless\u00e9s au couteau apr\u00e8s une violente rixe entre bandes ethniques rivales\",\"datePublished\":\"2024-12-29T09:13:00+00:00\",\"mainEntityOfPage\":{\"@id\":\"https:\/\/stourm.news\/?p=3107\"},\"wordCount\":322,\"commentCount\":0,\"publisher\":{\"@id\":\"https:\/\/stourm.news\/#organization\"},\"image\":{\"@id\":\"https:\/\/stourm.news\/?p=3107#primaryimage\"},\"thumbnailUrl\":\"https:\/\/stourm.news\/wp-content\/uploads\/2024\/12\/96581200-714264512733033-7222239940631855104-o.jpg\",\"articleSection\":[\"Agression\",\"Finist\u00e8re\",\"Revue de presse\"],\"inLanguage\":\"fr-FR\",\"potentialAction\":[{\"@type\":\"CommentAction\",\"name\":\"Comment\",\"target\":[\"https:\/\/stourm.news\/?p=3107#respond\"]}]},{\"@type\":\"WebPage\",\"@id\":\"https:\/\/stourm.news\/?p=3107\",\"url\":\"https:\/\/stourm.news\/?p=3107\",\"name\":\"Brest : plusieurs mineurs bless\u00e9s au couteau apr\u00e8s une violente rixe entre bandes ethniques rivales - STOURM\",\"isPartOf\":{\"@id\":\"https:\/\/stourm.news\/#website\"},\"primaryImageOfPage\":{\"@id\":\"https:\/\/stourm.news\/?p=3107#primaryimage\"},\"image\":{\"@id\":\"https:\/\/stourm.news\/?p=3107#primaryimage\"},\"thumbnailUrl\":\"https:\/\/stourm.news\/wp-content\/uploads\/2024\/12\/96581200-714264512733033-7222239940631855104-o.jpg\",\"datePublished\":\"2024-12-29T09:13:00+00:00\",\"breadcrumb\":{\"@id\":\"https:\/\/stourm.news\/?p=3107#breadcrumb\"},\"inLanguage\":\"fr-FR\",\"potentialAction\":[{\"@type\":\"ReadAction\",\"target\":[\"https:\/\/stourm.news\/?p=3107\"]}]},{\"@type\":\"ImageObject\",\"inLanguage\":\"fr-FR\",\"@id\":\"https:\/\/stourm.news\/?p=3107#primaryimage\",\"url\":\"https:\/\/stourm.news\/wp-content\/uploads\/2024\/12\/96581200-714264512733033-7222239940631855104-o.jpg\",\"contentUrl\":\"https:\/\/stourm.news\/wp-content\/uploads\/2024\/12\/96581200-714264512733033-7222239940631855104-o.jpg\",\"width\":1280,\"height\":960},{\"@type\":\"BreadcrumbList\",\"@id\":\"https:\/\/stourm.news\/?p=3107#breadcrumb\",\"itemListElement\":[{\"@type\":\"ListItem\",\"position\":1,\"name\":\"Accueil\",\"item\":\"https:\/\/stourm.news\/\"},{\"@type\":\"ListItem\",\"position\":2,\"name\":\"Brest : plusieurs mineurs bless\u00e9s au couteau apr\u00e8s une violente rixe entre bandes ethniques rivales\"}]},{\"@type\":\"WebSite\",\"@id\":\"https:\/\/stourm.news\/#website\",\"url\":\"https:\/\/stourm.news\/\",\"name\":\"Stourm\",\"description\":\"Kazetenn Strollad Broadel Breizh\",\"publisher\":{\"@id\":\"https:\/\/stourm.news\/#organization\"},\"potentialAction\":[{\"@type\":\"SearchAction\",\"target\":{\"@type\":\"EntryPoint\",\"urlTemplate\":\"https:\/\/stourm.news\/?s={search_term_string}\"},\"query-input\":{\"@type\":\"PropertyValueSpecification\",\"valueRequired\":true,\"valueName\":\"search_term_string\"}}],\"inLanguage\":\"fr-FR\"},{\"@type\":\"Organization\",\"@id\":\"https:\/\/stourm.news\/#organization\",\"name\":\"Stourm\",\"url\":\"https:\/\/stourm.news\/\",\"logo\":{\"@type\":\"ImageObject\",\"inLanguage\":\"fr-FR\",\"@id\":\"https:\/\/stourm.news\/#\/schema\/logo\/image\/\",\"url\":\"https:\/\/stourm.news\/wp-content\/uploads\/2025\/11\/cropped-Capture-decran-2025-11-28-a-15.19.07.png\",\"contentUrl\":\"https:\/\/stourm.news\/wp-content\/uploads\/2025\/11\/cropped-Capture-decran-2025-11-28-a-15.19.07.png\",\"width\":1855,\"height\":383,\"caption\":\"Stourm\"},\"image\":{\"@id\":\"https:\/\/stourm.news\/#\/schema\/logo\/image\/\"},\"sameAs\":[\"https:\/\/www.facebook.com\/stourmnews\/\"]},{\"@type\":\"Person\",\"@id\":\"https:\/\/stourm.news\/#\/schema\/person\/c3e1dc65988632e190969234ef046cf9\",\"name\":\"La r\u00e9daction\",\"image\":{\"@type\":\"ImageObject\",\"inLanguage\":\"fr-FR\",\"@id\":\"https:\/\/stourm.news\/#\/schema\/person\/image\/\",\"url\":\"https:\/\/secure.gravatar.com\/avatar\/7463443f194b6b5fb706b074ca0ef59a0cfcfd720cb47764b0ec5a952ce422b3?s=96&d=mm&r=g\",\"contentUrl\":\"https:\/\/secure.gravatar.com\/avatar\/7463443f194b6b5fb706b074ca0ef59a0cfcfd720cb47764b0ec5a952ce422b3?s=96&d=mm&r=g\",\"caption\":\"La r\u00e9daction\"},\"sameAs\":[\"https:\/\/stourm.news\"],\"url\":\"https:\/\/stourm.news\/?author=1\"}]}<\/script>\n<!-- \/ Yoast SEO plugin. -->","yoast_head_json":{"title":"Brest : plusieurs mineurs bless\u00e9s au couteau apr\u00e8s une violente rixe entre bandes ethniques rivales - STOURM","robots":{"index":"index","follow":"follow","max-snippet":"max-snippet:-1","max-image-preview":"max-image-preview:large","max-video-preview":"max-video-preview:-1"},"canonical":"https:\/\/stourm.news\/?p=3107","og_locale":"fr_FR","og_type":"article","og_title":"Brest : plusieurs mineurs bless\u00e9s au couteau apr\u00e8s une violente rixe entre bandes ethniques rivales - STOURM","og_description":"Ce vendredi 27 d\u00e9cembre, quatre mineurs ont \u00e9t\u00e9 bless\u00e9s lors de violents d\u2019affrontements dans l\u2019enceinte du Luna Park \u00e0 Guilers, commune situ\u00e9e au nord-ouest de Brest (Finist\u00e8re). \u00ab Vers 20 heures, deux groupes de jeunes, tous mineurs, s\u2019affrontent et un gar\u00e7on est victime d\u2019un coup de couteau \u00bb, r\u00e9sume au lendemain des faits le procureur [&hellip;]","og_url":"https:\/\/stourm.news\/?p=3107","og_site_name":"STOURM","article_publisher":"https:\/\/www.facebook.com\/stourmnews\/","article_published_time":"2024-12-29T09:13:00+00:00","og_image":[{"width":1280,"height":960,"url":"https:\/\/stourm.news\/wp-content\/uploads\/2024\/12\/96581200-714264512733033-7222239940631855104-o.jpg","type":"image\/jpeg"}],"author":"La r\u00e9daction","twitter_card":"summary_large_image","twitter_misc":{"\u00c9crit par":"La r\u00e9daction","Dur\u00e9e de lecture estim\u00e9e":"2 minutes"},"schema":{"@context":"https:\/\/schema.org","@graph":[{"@type":"Article","@id":"https:\/\/stourm.news\/?p=3107#article","isPartOf":{"@id":"https:\/\/stourm.news\/?p=3107"},"author":{"name":"La r\u00e9daction","@id":"https:\/\/stourm.news\/#\/schema\/person\/c3e1dc65988632e190969234ef046cf9"},"headline":"Brest : plusieurs mineurs bless\u00e9s au couteau apr\u00e8s une violente rixe entre bandes ethniques rivales","datePublished":"2024-12-29T09:13:00+00:00","mainEntityOfPage":{"@id":"https:\/\/stourm.news\/?p=3107"},"wordCount":322,"commentCount":0,"publisher":{"@id":"https:\/\/stourm.news\/#organization"},"image":{"@id":"https:\/\/stourm.news\/?p=3107#primaryimage"},"thumbnailUrl":"https:\/\/stourm.news\/wp-content\/uploads\/2024\/12\/96581200-714264512733033-7222239940631855104-o.jpg","articleSection":["Agression","Finist\u00e8re","Revue de presse"],"inLanguage":"fr-FR","potentialAction":[{"@type":"CommentAction","name":"Comment","target":["https:\/\/stourm.news\/?p=3107#respond"]}]},{"@type":"WebPage","@id":"https:\/\/stourm.news\/?p=3107","url":"https:\/\/stourm.news\/?p=3107","name":"Brest : plusieurs mineurs bless\u00e9s au couteau apr\u00e8s une violente rixe entre bandes ethniques rivales - STOURM","isPartOf":{"@id":"https:\/\/stourm.news\/#website"},"primaryImageOfPage":{"@id":"https:\/\/stourm.news\/?p=3107#primaryimage"},"image":{"@id":"https:\/\/stourm.news\/?p=3107#primaryimage"},"thumbnailUrl":"https:\/\/stourm.news\/wp-content\/uploads\/2024\/12\/96581200-714264512733033-7222239940631855104-o.jpg","datePublished":"2024-12-29T09:13:00+00:00","breadcrumb":{"@id":"https:\/\/stourm.news\/?p=3107#breadcrumb"},"inLanguage":"fr-FR","potentialAction":[{"@type":"ReadAction","target":["https:\/\/stourm.news\/?p=3107"]}]},{"@type":"ImageObject","inLanguage":"fr-FR","@id":"https:\/\/stourm.news\/?p=3107#primaryimage","url":"https:\/\/stourm.news\/wp-content\/uploads\/2024\/12\/96581200-714264512733033-7222239940631855104-o.jpg","contentUrl":"https:\/\/stourm.news\/wp-content\/uploads\/2024\/12\/96581200-714264512733033-7222239940631855104-o.jpg","width":1280,"height":960},{"@type":"BreadcrumbList","@id":"https:\/\/stourm.news\/?p=3107#breadcrumb","itemListElement":[{"@type":"ListItem","position":1,"name":"Accueil","item":"https:\/\/stourm.news\/"},{"@type":"ListItem","position":2,"name":"Brest : plusieurs mineurs bless\u00e9s au couteau apr\u00e8s une violente rixe entre bandes ethniques rivales"}]},{"@type":"WebSite","@id":"https:\/\/stourm.news\/#website","url":"https:\/\/stourm.news\/","name":"Stourm","description":"Kazetenn Strollad Broadel Breizh","publisher":{"@id":"https:\/\/stourm.news\/#organization"},"potentialAction":[{"@type":"SearchAction","target":{"@type":"EntryPoint","urlTemplate":"https:\/\/stourm.news\/?s={search_term_string}"},"query-input":{"@type":"PropertyValueSpecification","valueRequired":true,"valueName":"search_term_string"}}],"inLanguage":"fr-FR"},{"@type":"Organization","@id":"https:\/\/stourm.news\/#organization","name":"Stourm","url":"https:\/\/stourm.news\/","logo":{"@type":"ImageObject","inLanguage":"fr-FR","@id":"https:\/\/stourm.news\/#\/schema\/logo\/image\/","url":"https:\/\/stourm.news\/wp-content\/uploads\/2025\/11\/cropped-Capture-decran-2025-11-28-a-15.19.07.png","contentUrl":"https:\/\/stourm.news\/wp-content\/uploads\/2025\/11\/cropped-Capture-decran-2025-11-28-a-15.19.07.png","width":1855,"height":383,"caption":"Stourm"},"image":{"@id":"https:\/\/stourm.news\/#\/schema\/logo\/image\/"},"sameAs":["https:\/\/www.facebook.com\/stourmnews\/"]},{"@type":"Person","@id":"https:\/\/stourm.news\/#\/schema\/person\/c3e1dc65988632e190969234ef046cf9","name":"La r\u00e9daction","image":{"@type":"ImageObject","inLanguage":"fr-FR","@id":"https:\/\/stourm.news\/#\/schema\/person\/image\/","url":"https:\/\/secure.gravatar.com\/avatar\/7463443f194b6b5fb706b074ca0ef59a0cfcfd720cb47764b0ec5a952ce422b3?s=96&d=mm&r=g","contentUrl":"https:\/\/secure.gravatar.com\/avatar\/7463443f194b6b5fb706b074ca0ef59a0cfcfd720cb47764b0ec5a952ce422b3?s=96&d=mm&r=g","caption":"La r\u00e9daction"},"sameAs":["https:\/\/stourm.news"],"url":"https:\/\/stourm.news\/?author=1"}]}},"_links":{"self":[{"href":"https:\/\/stourm.news\/index.php?rest_route=\/wp\/v2\/posts\/3107","targetHints":{"allow":["GET"]}}],"collection":[{"href":"https:\/\/stourm.news\/index.php?rest_route=\/wp\/v2\/posts"}],"about":[{"href":"https:\/\/stourm.news\/index.php?rest_route=\/wp\/v2\/types\/post"}],"author":[{"embeddable":true,"href":"https:\/\/stourm.news\/index.php?rest_route=\/wp\/v2\/users\/1"}],"replies":[{"embeddable":true,"href":"https:\/\/stourm.news\/index.php?rest_route=%2Fwp%2Fv2%2Fcomments&post=3107"}],"version-history":[{"count":1,"href":"https:\/\/stourm.news\/index.php?rest_route=\/wp\/v2\/posts\/3107\/revisions"}],"predecessor-version":[{"id":3109,"href":"https:\/\/stourm.news\/index.php?rest_route=\/wp\/v2\/posts\/3107\/revisions\/3109"}],"wp:featuredmedia":[{"embeddable":true,"href":"https:\/\/stourm.news\/index.php?rest_route=\/wp\/v2\/media\/3108"}],"wp:attachment":[{"href":"https:\/\/stourm.news\/index.php?rest_route=%2Fwp%2Fv2%2Fmedia&parent=3107"}],"wp:term":[{"taxonomy":"category","embeddable":true,"href":"https:\/\/stourm.news\/index.php?rest_route=%2Fwp%2Fv2%2Fcategories&post=3107"},{"taxonomy":"post_tag","embeddable":true,"href":"https:\/\/stourm.news\/index.php?rest_route=%2Fwp%2Fv2%2Ftags&post=3107"}],"curies":[{"name":"wp","href":"https:\/\/api.w.org\/{rel}","templated":true}]}}