{"id":3113,"date":"2024-12-29T09:23:04","date_gmt":"2024-12-29T09:23:04","guid":{"rendered":"https:\/\/stourm.news\/?p=3113"},"modified":"2024-12-29T09:23:04","modified_gmt":"2024-12-29T09:23:04","slug":"un-jeune-majeur-aurait-ete-frappe-et-sequestre-a-redon-deux-hommes-sont-en-garde-a-vue","status":"publish","type":"post","link":"https:\/\/stourm.news\/?p=3113","title":{"rendered":"Un jeune majeur aurait \u00e9t\u00e9 frapp\u00e9 et s\u00e9questr\u00e9 \u00e0 Redon, deux hommes sont en garde \u00e0 vue"},"content":{"rendered":"<p style=\"text-align: justify;\">Un jeune adulte s\u2019est pr\u00e9sent\u00e9 samedi 28 d\u00e9cembre 2024 \u00e0 la gendarmerie de Redon (Ille-et-Vilaine) pour d\u00e9poser plainte contre deux autres jeunes \u00e2g\u00e9s d\u2019une vingtaine d\u2019ann\u00e9es. Il aurait \u00e9t\u00e9, la nuit pr\u00e9c\u00e9dente, peu apr\u00e8s minuit, \u00ab selon ses dires, victime de coups et s\u00e9questr\u00e9 pendant 45 minutes, attach\u00e9 \u00e0 une chaise avec une rallonge \u00e9lectrique dans son appartement, avant d\u2019\u00eatre lib\u00e9r\u00e9 \u00bb, selon une source proche de l\u2019enqu\u00eate.<\/p>\n<p style=\"text-align: justify;\">Source : <a href=\"https:\/\/www.ouest-france.fr\/bretagne\/redon-35600\/un-jeune-majeur-aurait-ete-frappe-et-sequestre-45-minutes-a-redon-deux-hommes-sont-en-garde-a-vue-9040dc9c-c540-11ef-bba2-f7c457be7f94\">Ouest-France<\/a><\/p>\n","protected":false},"excerpt":{"rendered":"<p>Un jeune adulte s\u2019est pr\u00e9sent\u00e9 samedi 28 d\u00e9cembre 2024 \u00e0 la gendarmerie de Redon (Ille-et-Vilaine) pour d\u00e9poser plainte contre deux autres jeunes \u00e2g\u00e9s d\u2019une vingtaine d\u2019ann\u00e9es. Il aurait \u00e9t\u00e9, la nuit pr\u00e9c\u00e9dente, peu apr\u00e8s minuit, \u00ab selon ses dires, victime de coups et s\u00e9questr\u00e9 pendant 45 minutes, attach\u00e9 \u00e0 une chaise avec une rallonge \u00e9lectrique [&hellip;]<\/p>\n","protected":false},"author":1,"featured_media":3114,"comment_status":"open","ping_status":"open","sticky":false,"template":"","format":"standard","meta":{"sb_editor_width":"","footnotes":""},"categories":[31,41,62],"tags":[],"class_list":["post-3113","post","type-post","status-publish","format-standard","has-post-thumbnail","hentry","category-agression","category-ille-et-vilaine","category-revue-de-presse"],"relative_dates":{"created":"1 an ago","modified":"1 an ago"},"yoast_head":"<!-- This site is optimized with the Yoast SEO plugin v26.3 - https:\/\/yoast.com\/wordpress\/plugins\/seo\/ -->\n<title>Un jeune majeur aurait \u00e9t\u00e9 frapp\u00e9 et s\u00e9questr\u00e9 \u00e0 Redon, deux hommes sont en garde \u00e0 vue - STOURM<\/title>\n<meta name=\"robots\" content=\"index, follow, max-snippet:-1, max-image-preview:large, max-video-preview:-1\" \/>\n<link rel=\"canonical\" href=\"https:\/\/stourm.news\/?p=3113\" \/>\n<meta property=\"og:locale\" content=\"fr_FR\" \/>\n<meta property=\"og:type\" content=\"article\" \/>\n<meta property=\"og:title\" content=\"Un jeune majeur aurait \u00e9t\u00e9 frapp\u00e9 et s\u00e9questr\u00e9 \u00e0 Redon, deux hommes sont en garde \u00e0 vue - STOURM\" \/>\n<meta property=\"og:description\" content=\"Un jeune adulte s\u2019est pr\u00e9sent\u00e9 samedi 28 d\u00e9cembre 2024 \u00e0 la gendarmerie de Redon (Ille-et-Vilaine) pour d\u00e9poser plainte contre deux autres jeunes \u00e2g\u00e9s d\u2019une vingtaine d\u2019ann\u00e9es. Il aurait \u00e9t\u00e9, la nuit pr\u00e9c\u00e9dente, peu apr\u00e8s minuit, \u00ab selon ses dires, victime de coups et s\u00e9questr\u00e9 pendant 45 minutes, attach\u00e9 \u00e0 une chaise avec une rallonge \u00e9lectrique [&hellip;]\" \/>\n<meta property=\"og:url\" content=\"https:\/\/stourm.news\/?p=3113\" \/>\n<meta property=\"og:site_name\" content=\"STOURM\" \/>\n<meta property=\"article:publisher\" content=\"https:\/\/www.facebook.com\/stourmnews\/\" \/>\n<meta property=\"article:published_time\" content=\"2024-12-29T09:23:04+00:00\" \/>\n<meta property=\"og:image\" content=\"https:\/\/stourm.news\/wp-content\/uploads\/2024\/12\/dji-0019-640x360-1.jpg\" \/>\n\t<meta property=\"og:image:width\" content=\"640\" \/>\n\t<meta property=\"og:image:height\" content=\"360\" \/>\n\t<meta property=\"og:image:type\" content=\"image\/jpeg\" \/>\n<meta name=\"author\" content=\"La r\u00e9daction\" \/>\n<meta name=\"twitter:card\" content=\"summary_large_image\" \/>\n<meta name=\"twitter:label1\" content=\"\u00c9crit par\" \/>\n\t<meta name=\"twitter:data1\" content=\"La r\u00e9daction\" \/>\n\t<meta name=\"twitter:label2\" content=\"Dur\u00e9e de lecture estim\u00e9e\" \/>\n\t<meta name=\"twitter:data2\" content=\"1 minute\" \/>\n<script type=\"application\/ld+json\" class=\"yoast-schema-graph\">{\"@context\":\"https:\/\/schema.org\",\"@graph\":[{\"@type\":\"Article\",\"@id\":\"https:\/\/stourm.news\/?p=3113#article\",\"isPartOf\":{\"@id\":\"https:\/\/stourm.news\/?p=3113\"},\"author\":{\"name\":\"La r\u00e9daction\",\"@id\":\"https:\/\/stourm.news\/#\/schema\/person\/c3e1dc65988632e190969234ef046cf9\"},\"headline\":\"Un jeune majeur aurait \u00e9t\u00e9 frapp\u00e9 et s\u00e9questr\u00e9 \u00e0 Redon, deux hommes sont en garde \u00e0 vue\",\"datePublished\":\"2024-12-29T09:23:04+00:00\",\"mainEntityOfPage\":{\"@id\":\"https:\/\/stourm.news\/?p=3113\"},\"wordCount\":95,\"commentCount\":0,\"publisher\":{\"@id\":\"https:\/\/stourm.news\/#organization\"},\"image\":{\"@id\":\"https:\/\/stourm.news\/?p=3113#primaryimage\"},\"thumbnailUrl\":\"https:\/\/stourm.news\/wp-content\/uploads\/2024\/12\/dji-0019-640x360-1.jpg\",\"articleSection\":[\"Agression\",\"Ille-et-Vilaine\",\"Revue de presse\"],\"inLanguage\":\"fr-FR\",\"potentialAction\":[{\"@type\":\"CommentAction\",\"name\":\"Comment\",\"target\":[\"https:\/\/stourm.news\/?p=3113#respond\"]}]},{\"@type\":\"WebPage\",\"@id\":\"https:\/\/stourm.news\/?p=3113\",\"url\":\"https:\/\/stourm.news\/?p=3113\",\"name\":\"Un jeune majeur aurait \u00e9t\u00e9 frapp\u00e9 et s\u00e9questr\u00e9 \u00e0 Redon, deux hommes sont en garde \u00e0 vue - STOURM\",\"isPartOf\":{\"@id\":\"https:\/\/stourm.news\/#website\"},\"primaryImageOfPage\":{\"@id\":\"https:\/\/stourm.news\/?p=3113#primaryimage\"},\"image\":{\"@id\":\"https:\/\/stourm.news\/?p=3113#primaryimage\"},\"thumbnailUrl\":\"https:\/\/stourm.news\/wp-content\/uploads\/2024\/12\/dji-0019-640x360-1.jpg\",\"datePublished\":\"2024-12-29T09:23:04+00:00\",\"breadcrumb\":{\"@id\":\"https:\/\/stourm.news\/?p=3113#breadcrumb\"},\"inLanguage\":\"fr-FR\",\"potentialAction\":[{\"@type\":\"ReadAction\",\"target\":[\"https:\/\/stourm.news\/?p=3113\"]}]},{\"@type\":\"ImageObject\",\"inLanguage\":\"fr-FR\",\"@id\":\"https:\/\/stourm.news\/?p=3113#primaryimage\",\"url\":\"https:\/\/stourm.news\/wp-content\/uploads\/2024\/12\/dji-0019-640x360-1.jpg\",\"contentUrl\":\"https:\/\/stourm.news\/wp-content\/uploads\/2024\/12\/dji-0019-640x360-1.jpg\",\"width\":640,\"height\":360},{\"@type\":\"BreadcrumbList\",\"@id\":\"https:\/\/stourm.news\/?p=3113#breadcrumb\",\"itemListElement\":[{\"@type\":\"ListItem\",\"position\":1,\"name\":\"Accueil\",\"item\":\"https:\/\/stourm.news\/\"},{\"@type\":\"ListItem\",\"position\":2,\"name\":\"Un jeune majeur aurait \u00e9t\u00e9 frapp\u00e9 et s\u00e9questr\u00e9 \u00e0 Redon, deux hommes sont en garde \u00e0 vue\"}]},{\"@type\":\"WebSite\",\"@id\":\"https:\/\/stourm.news\/#website\",\"url\":\"https:\/\/stourm.news\/\",\"name\":\"Stourm\",\"description\":\"Kazetenn Strollad Broadel Breizh\",\"publisher\":{\"@id\":\"https:\/\/stourm.news\/#organization\"},\"potentialAction\":[{\"@type\":\"SearchAction\",\"target\":{\"@type\":\"EntryPoint\",\"urlTemplate\":\"https:\/\/stourm.news\/?s={search_term_string}\"},\"query-input\":{\"@type\":\"PropertyValueSpecification\",\"valueRequired\":true,\"valueName\":\"search_term_string\"}}],\"inLanguage\":\"fr-FR\"},{\"@type\":\"Organization\",\"@id\":\"https:\/\/stourm.news\/#organization\",\"name\":\"Stourm\",\"url\":\"https:\/\/stourm.news\/\",\"logo\":{\"@type\":\"ImageObject\",\"inLanguage\":\"fr-FR\",\"@id\":\"https:\/\/stourm.news\/#\/schema\/logo\/image\/\",\"url\":\"https:\/\/stourm.news\/wp-content\/uploads\/2025\/11\/cropped-Capture-decran-2025-11-28-a-15.19.07.png\",\"contentUrl\":\"https:\/\/stourm.news\/wp-content\/uploads\/2025\/11\/cropped-Capture-decran-2025-11-28-a-15.19.07.png\",\"width\":1855,\"height\":383,\"caption\":\"Stourm\"},\"image\":{\"@id\":\"https:\/\/stourm.news\/#\/schema\/logo\/image\/\"},\"sameAs\":[\"https:\/\/www.facebook.com\/stourmnews\/\"]},{\"@type\":\"Person\",\"@id\":\"https:\/\/stourm.news\/#\/schema\/person\/c3e1dc65988632e190969234ef046cf9\",\"name\":\"La r\u00e9daction\",\"image\":{\"@type\":\"ImageObject\",\"inLanguage\":\"fr-FR\",\"@id\":\"https:\/\/stourm.news\/#\/schema\/person\/image\/\",\"url\":\"https:\/\/secure.gravatar.com\/avatar\/7463443f194b6b5fb706b074ca0ef59a0cfcfd720cb47764b0ec5a952ce422b3?s=96&d=mm&r=g\",\"contentUrl\":\"https:\/\/secure.gravatar.com\/avatar\/7463443f194b6b5fb706b074ca0ef59a0cfcfd720cb47764b0ec5a952ce422b3?s=96&d=mm&r=g\",\"caption\":\"La r\u00e9daction\"},\"sameAs\":[\"https:\/\/stourm.news\"],\"url\":\"https:\/\/stourm.news\/?author=1\"}]}<\/script>\n<!-- \/ Yoast SEO plugin. -->","yoast_head_json":{"title":"Un jeune majeur aurait \u00e9t\u00e9 frapp\u00e9 et s\u00e9questr\u00e9 \u00e0 Redon, deux hommes sont en garde \u00e0 vue - STOURM","robots":{"index":"index","follow":"follow","max-snippet":"max-snippet:-1","max-image-preview":"max-image-preview:large","max-video-preview":"max-video-preview:-1"},"canonical":"https:\/\/stourm.news\/?p=3113","og_locale":"fr_FR","og_type":"article","og_title":"Un jeune majeur aurait \u00e9t\u00e9 frapp\u00e9 et s\u00e9questr\u00e9 \u00e0 Redon, deux hommes sont en garde \u00e0 vue - STOURM","og_description":"Un jeune adulte s\u2019est pr\u00e9sent\u00e9 samedi 28 d\u00e9cembre 2024 \u00e0 la gendarmerie de Redon (Ille-et-Vilaine) pour d\u00e9poser plainte contre deux autres jeunes \u00e2g\u00e9s d\u2019une vingtaine d\u2019ann\u00e9es. Il aurait \u00e9t\u00e9, la nuit pr\u00e9c\u00e9dente, peu apr\u00e8s minuit, \u00ab selon ses dires, victime de coups et s\u00e9questr\u00e9 pendant 45 minutes, attach\u00e9 \u00e0 une chaise avec une rallonge \u00e9lectrique [&hellip;]","og_url":"https:\/\/stourm.news\/?p=3113","og_site_name":"STOURM","article_publisher":"https:\/\/www.facebook.com\/stourmnews\/","article_published_time":"2024-12-29T09:23:04+00:00","og_image":[{"width":640,"height":360,"url":"https:\/\/stourm.news\/wp-content\/uploads\/2024\/12\/dji-0019-640x360-1.jpg","type":"image\/jpeg"}],"author":"La r\u00e9daction","twitter_card":"summary_large_image","twitter_misc":{"\u00c9crit par":"La r\u00e9daction","Dur\u00e9e de lecture estim\u00e9e":"1 minute"},"schema":{"@context":"https:\/\/schema.org","@graph":[{"@type":"Article","@id":"https:\/\/stourm.news\/?p=3113#article","isPartOf":{"@id":"https:\/\/stourm.news\/?p=3113"},"author":{"name":"La r\u00e9daction","@id":"https:\/\/stourm.news\/#\/schema\/person\/c3e1dc65988632e190969234ef046cf9"},"headline":"Un jeune majeur aurait \u00e9t\u00e9 frapp\u00e9 et s\u00e9questr\u00e9 \u00e0 Redon, deux hommes sont en garde \u00e0 vue","datePublished":"2024-12-29T09:23:04+00:00","mainEntityOfPage":{"@id":"https:\/\/stourm.news\/?p=3113"},"wordCount":95,"commentCount":0,"publisher":{"@id":"https:\/\/stourm.news\/#organization"},"image":{"@id":"https:\/\/stourm.news\/?p=3113#primaryimage"},"thumbnailUrl":"https:\/\/stourm.news\/wp-content\/uploads\/2024\/12\/dji-0019-640x360-1.jpg","articleSection":["Agression","Ille-et-Vilaine","Revue de presse"],"inLanguage":"fr-FR","potentialAction":[{"@type":"CommentAction","name":"Comment","target":["https:\/\/stourm.news\/?p=3113#respond"]}]},{"@type":"WebPage","@id":"https:\/\/stourm.news\/?p=3113","url":"https:\/\/stourm.news\/?p=3113","name":"Un jeune majeur aurait \u00e9t\u00e9 frapp\u00e9 et s\u00e9questr\u00e9 \u00e0 Redon, deux hommes sont en garde \u00e0 vue - STOURM","isPartOf":{"@id":"https:\/\/stourm.news\/#website"},"primaryImageOfPage":{"@id":"https:\/\/stourm.news\/?p=3113#primaryimage"},"image":{"@id":"https:\/\/stourm.news\/?p=3113#primaryimage"},"thumbnailUrl":"https:\/\/stourm.news\/wp-content\/uploads\/2024\/12\/dji-0019-640x360-1.jpg","datePublished":"2024-12-29T09:23:04+00:00","breadcrumb":{"@id":"https:\/\/stourm.news\/?p=3113#breadcrumb"},"inLanguage":"fr-FR","potentialAction":[{"@type":"ReadAction","target":["https:\/\/stourm.news\/?p=3113"]}]},{"@type":"ImageObject","inLanguage":"fr-FR","@id":"https:\/\/stourm.news\/?p=3113#primaryimage","url":"https:\/\/stourm.news\/wp-content\/uploads\/2024\/12\/dji-0019-640x360-1.jpg","contentUrl":"https:\/\/stourm.news\/wp-content\/uploads\/2024\/12\/dji-0019-640x360-1.jpg","width":640,"height":360},{"@type":"BreadcrumbList","@id":"https:\/\/stourm.news\/?p=3113#breadcrumb","itemListElement":[{"@type":"ListItem","position":1,"name":"Accueil","item":"https:\/\/stourm.news\/"},{"@type":"ListItem","position":2,"name":"Un jeune majeur aurait \u00e9t\u00e9 frapp\u00e9 et s\u00e9questr\u00e9 \u00e0 Redon, deux hommes sont en garde \u00e0 vue"}]},{"@type":"WebSite","@id":"https:\/\/stourm.news\/#website","url":"https:\/\/stourm.news\/","name":"Stourm","description":"Kazetenn Strollad Broadel Breizh","publisher":{"@id":"https:\/\/stourm.news\/#organization"},"potentialAction":[{"@type":"SearchAction","target":{"@type":"EntryPoint","urlTemplate":"https:\/\/stourm.news\/?s={search_term_string}"},"query-input":{"@type":"PropertyValueSpecification","valueRequired":true,"valueName":"search_term_string"}}],"inLanguage":"fr-FR"},{"@type":"Organization","@id":"https:\/\/stourm.news\/#organization","name":"Stourm","url":"https:\/\/stourm.news\/","logo":{"@type":"ImageObject","inLanguage":"fr-FR","@id":"https:\/\/stourm.news\/#\/schema\/logo\/image\/","url":"https:\/\/stourm.news\/wp-content\/uploads\/2025\/11\/cropped-Capture-decran-2025-11-28-a-15.19.07.png","contentUrl":"https:\/\/stourm.news\/wp-content\/uploads\/2025\/11\/cropped-Capture-decran-2025-11-28-a-15.19.07.png","width":1855,"height":383,"caption":"Stourm"},"image":{"@id":"https:\/\/stourm.news\/#\/schema\/logo\/image\/"},"sameAs":["https:\/\/www.facebook.com\/stourmnews\/"]},{"@type":"Person","@id":"https:\/\/stourm.news\/#\/schema\/person\/c3e1dc65988632e190969234ef046cf9","name":"La r\u00e9daction","image":{"@type":"ImageObject","inLanguage":"fr-FR","@id":"https:\/\/stourm.news\/#\/schema\/person\/image\/","url":"https:\/\/secure.gravatar.com\/avatar\/7463443f194b6b5fb706b074ca0ef59a0cfcfd720cb47764b0ec5a952ce422b3?s=96&d=mm&r=g","contentUrl":"https:\/\/secure.gravatar.com\/avatar\/7463443f194b6b5fb706b074ca0ef59a0cfcfd720cb47764b0ec5a952ce422b3?s=96&d=mm&r=g","caption":"La r\u00e9daction"},"sameAs":["https:\/\/stourm.news"],"url":"https:\/\/stourm.news\/?author=1"}]}},"_links":{"self":[{"href":"https:\/\/stourm.news\/index.php?rest_route=\/wp\/v2\/posts\/3113","targetHints":{"allow":["GET"]}}],"collection":[{"href":"https:\/\/stourm.news\/index.php?rest_route=\/wp\/v2\/posts"}],"about":[{"href":"https:\/\/stourm.news\/index.php?rest_route=\/wp\/v2\/types\/post"}],"author":[{"embeddable":true,"href":"https:\/\/stourm.news\/index.php?rest_route=\/wp\/v2\/users\/1"}],"replies":[{"embeddable":true,"href":"https:\/\/stourm.news\/index.php?rest_route=%2Fwp%2Fv2%2Fcomments&post=3113"}],"version-history":[{"count":1,"href":"https:\/\/stourm.news\/index.php?rest_route=\/wp\/v2\/posts\/3113\/revisions"}],"predecessor-version":[{"id":3115,"href":"https:\/\/stourm.news\/index.php?rest_route=\/wp\/v2\/posts\/3113\/revisions\/3115"}],"wp:featuredmedia":[{"embeddable":true,"href":"https:\/\/stourm.news\/index.php?rest_route=\/wp\/v2\/media\/3114"}],"wp:attachment":[{"href":"https:\/\/stourm.news\/index.php?rest_route=%2Fwp%2Fv2%2Fmedia&parent=3113"}],"wp:term":[{"taxonomy":"category","embeddable":true,"href":"https:\/\/stourm.news\/index.php?rest_route=%2Fwp%2Fv2%2Fcategories&post=3113"},{"taxonomy":"post_tag","embeddable":true,"href":"https:\/\/stourm.news\/index.php?rest_route=%2Fwp%2Fv2%2Ftags&post=3113"}],"curies":[{"name":"wp","href":"https:\/\/api.w.org\/{rel}","templated":true}]}}