{"id":3116,"date":"2024-12-29T11:24:31","date_gmt":"2024-12-29T11:24:31","guid":{"rendered":"https:\/\/stourm.news\/?p=3116"},"modified":"2024-12-29T11:24:31","modified_gmt":"2024-12-29T11:24:31","slug":"les-raisons-pour-lesquelles-de-plus-en-plus-de-personnes-apprennent-le-breton-de-cornouailles","status":"publish","type":"post","link":"https:\/\/stourm.news\/?p=3116","title":{"rendered":"Les raisons pour lesquelles de plus en plus de personnes apprennent le breton de Cornouailles"},"content":{"rendered":"<p style=\"text-align: justify;\">De nos jours, de plus en plus de Cornouaillais consid\u00e8rent que l&rsquo;apprentissage de la langue officielle de la Cornouailles est d&rsquo;une grande importance pour leur identit\u00e9 et leur patrimoine. Cela a entra\u00een\u00e9 une <strong>renaissance<\/strong> de cette langue ancienne, qui s&rsquo;inscrit dans la modernit\u00e9.<\/p>\n<p style=\"text-align: justify;\">Le kernewek (ou cornique) a \u00e9t\u00e9 reconnu par le gouvernement britannique en vertu de la partie II de<strong> la Charte europ\u00e9enne des langues r\u00e9gionales et minoritaires en 2002<\/strong>. Cette d\u00e9cision a conf\u00e9r\u00e9 au cornique le m\u00eame statut que l&rsquo;\u00e9cossais, le gallois et l&rsquo;irlandais, et signifie qu&rsquo;il a \u00ab le droit d&rsquo;exprimer, de pr\u00e9server, de partager et de d\u00e9velopper sa culture et son identit\u00e9 distinctes \u00bb.<\/p>\n<p style=\"text-align: justify;\">En avril 2014, le gouvernement a officiellement reconnu l&rsquo;identit\u00e9 distincte du peuple cornique en lui accordant <strong>le statut de minorit\u00e9 (nationale, ndlr)<\/strong> au titre de la Convention-cadre europ\u00e9enne pour la protection des minorit\u00e9s nationales.<\/p>\n<p style=\"text-align: justify;\">La langue cornique a des racines qui remontent \u00e0 au moins 4 000 ans, mais elle a \u00e9t\u00e9 d\u00e9clar\u00e9e en voie d&rsquo;extinction au XVIIIe si\u00e8cle. Dolly Pentreath, \u00ab Fishwife \u00bb de Mousehole, a longtemps \u00e9t\u00e9 consid\u00e9r\u00e9e comme la derni\u00e8re locutrice native du cornique avant que la langue ne disparaisse pratiquement apr\u00e8s sa mort en 1777.<\/p>\n<p style=\"text-align: justify;\">Elle a toutefois connu un regain d&rsquo;int\u00e9r\u00eat au d\u00e9but du XXe si\u00e8cle, lorsque Henry Jenner, sp\u00e9cialiste de la langue cornique, a publi\u00e9 en 1904 un manuel de la langue cornique (A Handbook of the Cornish Language). Bien que la langue reste une niche, elle a connu une nouvelle vague de soutien au cours des 20 derni\u00e8res ann\u00e9es, depuis qu&rsquo;elle a \u00e9t\u00e9 reconnue comme <strong>langue minoritaire<\/strong>.<\/p>\n<p style=\"text-align: justify;\">Emma Jenkin, coordinatrice de Kowethas an Yeth Kernewek (The Cornish Language Fellowship), estime que le catalyseur de la hausse soudaine de la popularit\u00e9 du cornique est la pand\u00e9mie de coronavirus, au cours de laquelle un grand nombre de personnes ont commenc\u00e9 \u00e0 apprendre la langue en ligne.<\/p>\n<p style=\"text-align: justify;\">\u00ab Avant la pand\u00e9mie, je connaissais \u00e0 peu pr\u00e8s tous ceux qui parlaient le cornique \u00bb, a-t-elle d\u00e9clar\u00e9. \u00a0\u00ab Les gens avaient plus de temps pour faire des choses qu&rsquo;ils n&rsquo;auraient pas faites auparavant, et ils ont commenc\u00e9 \u00e0 apprendre de mani\u00e8re ind\u00e9pendante gr\u00e2ce aux ressources qu&rsquo;ils trouvaient sur l&rsquo;internet. Un sentiment positif s&rsquo;est alors d\u00e9velopp\u00e9 autour de la langue, et le ph\u00e9nom\u00e8ne s&rsquo;est r\u00e9pandu \u00bb.<\/p>\n<p style=\"text-align: justify;\">Le cornique a rapidement gagn\u00e9 en popularit\u00e9 et s&rsquo;est r\u00e9pandu au fur et \u00e0 mesure que les gens se tournaient vers leurs racines pour d\u00e9couvrir ce que signifie \u00eatre Kernewek. <strong>\u00ab Avec la mondialisation, le fait d&rsquo;avoir un lien avec son patrimoine cr\u00e9e un sentiment d&rsquo;appartenance \u00bb<\/strong>, explique Emma.<\/p>\n<p style=\"text-align: justify;\">\u00ab Il y a des cours de cornique en Australie, en Am\u00e9rique, au Mexique et au Japon. L&rsquo;h\u00e9ritage minier de la Cornouailles fait que les gens ont d\u00e9m\u00e9nag\u00e9 et se sont r\u00e9pandus dans le monde entier, mais ils veulent rester li\u00e9s \u00e0 leur maison d&rsquo;une mani\u00e8re ou d&rsquo;une autre \u00bb.<\/p>\n<p style=\"text-align: justify;\">Kowethas an Yeth organise des groupes de conversation hebdomadaires, connus sous le nom de Yeth an Werin, pour les locuteurs du cornique dans toute la Cornouaille. Il promeut et encourage \u00e9galement l&rsquo;utilisation de la langue par le biais d&rsquo;un certain nombre d&rsquo;\u00e9v\u00e9nements organis\u00e9s tout au long de l&rsquo;ann\u00e9e, notamment la semaine annuelle Speak Cornish Week, qui se tiendra cette ann\u00e9e entre le 22 et le 30 juin.<\/p>\n<p style=\"text-align: justify;\">Plus de 6 000 \u00e9l\u00e8ves de 40 \u00e9coles de Cornouailles apprennent aujourd&rsquo;hui la langue gr\u00e2ce au programme Go Cornish, un projet \u00e9ducatif qui propose des programmes d&rsquo;enseignement du cornique aux \u00e9coles primaires.<\/p>\n<p style=\"text-align: justify;\">Emma pense que la perspective d&rsquo;enseigner le cornique aux enfants dans les \u00e9coles est encourageante. \u00ab C&rsquo;est vraiment splann (g\u00e9nial) \u00bb, dit Emma. \u00ab C&rsquo;est tellement encourageant de continuer. Si tout le monde se demandait \u00e0 quoi \u00e7a sert, \u00e7a ne vaudrait pas la peine d&rsquo;aller de l&rsquo;avant, mais les enfants dans les \u00e9coles sont tellement excit\u00e9s et enthousiastes \u00e0 l&rsquo;id\u00e9e d&rsquo;apprendre le cornique.\u00a0\u00bb<\/p>\n<p style=\"text-align: justify;\">\u00ab Auparavant, ce sont les retrait\u00e9s et les amateurs qui s&rsquo;int\u00e9ressaient \u00e0 l&rsquo;apprentissage de la langue, et c&rsquo;est tr\u00e8s bien ainsi. Mais si l&rsquo;on veut que le cornique soit pr\u00e9sent dans tous les domaines de la soci\u00e9t\u00e9, il faut que les enfants l&rsquo;apprennent aussi.<\/p>\n<p><img fetchpriority=\"high\" decoding=\"async\" class=\"alignnone size-medium\" src=\"https:\/\/i2-prod.cornwalllive.com\/incoming\/article9358150.ece\/ALTERNATES\/s1200e\/0_Golden-Tree-Productions-Go-Cornish-Awards-Image-Credit-Sean-Gee-4.jpg\" width=\"1200\" height=\"800\" \/><\/p>\n<p style=\"text-align: center;\"><em>Will Coleman (\u00e0 droite) lors de la remise des prix Go Cornish de Golden Tree Productions<\/em><\/p>\n<p style=\"text-align: justify;\">Will Coleman, fondateur de Go Cornish, estime toutefois qu&rsquo;il est \u00e0 la fois positif et n\u00e9gatif que davantage de personnes souhaitent apprendre la langue dans les \u00e9coles, car la demande d\u00e9passe les capacit\u00e9s de ces derni\u00e8res. Actuellement, il n&rsquo;y a qu&rsquo;un seul responsable de l&rsquo;engagement scolaire pour toute la Cornouailles, et il ne travaille qu&rsquo;\u00e0 temps partiel, si bien que Go Cornish a une douzaine d&rsquo;\u00e9coles sur une liste d&rsquo;attente pour rejoindre le programme.<\/p>\n<p style=\"text-align: justify;\">\u00ab Nous avons besoin de plus de responsables de la participation des \u00e9coles \u00bb, explique-t-il. \u00ab L&rsquo;id\u00e9e qu&rsquo;un seul responsable de l&rsquo;engagement scolaire puisse s&rsquo;occuper des \u00e9coles de Torpoint, de Lands End et des environs de Bude est tout simplement insens\u00e9e sur le plan g\u00e9ographique.<\/p>\n<p style=\"text-align: justify;\">\u00ab Nous avons un responsable de l&rsquo;engagement scolaire qui travaille \u00e0 temps partiel, alors que nous devrions en avoir cinq. Nous avons \u00e9galement une petite cohorte d&rsquo;enseignants qui auraient vraiment besoin d&rsquo;une formation plus intensive dans la langue elle-m\u00eame et d&rsquo;am\u00e9liorer leur aisance, car cela aurait un impact \u00e9norme dans les \u00e9coles \u00bb.<\/p>\n<p style=\"text-align: justify;\">Will a d\u00e9clar\u00e9 que le programme Go Cornish avait un certain nombre d&rsquo;ambitions, notamment celle d&rsquo;\u00e9tendre son champ d&rsquo;action aux cr\u00e8ches et aux \u00e9coles secondaires, mais que cela d\u00e9pendait du financement, qui, selon lui, n&rsquo;est pas suffisant \u00e0 l&rsquo;heure actuelle. N\u00e9anmoins, il est convaincu que \u00ab Termyn ewn yw dh&rsquo;omlowenhe gans Kernewek\u00ab ( \u00bble moment est venu de s&rsquo;amuser avec le cornique\u00a0\u00bb).<\/p>\n<p style=\"text-align: justify;\">C&rsquo;est un expert en linguistique de son \u00e9cole, qui l&rsquo;a aid\u00e9 \u00e0 apprendre le cornique dans le cadre d&rsquo;un club \u00e0 l&rsquo;heure du d\u00e9jeuner, qui lui a donn\u00e9 l&rsquo;id\u00e9e de mettre sur pied ce programme. C&rsquo;est \u00e0 partir de l\u00e0 que l&rsquo;int\u00e9r\u00eat de Will pour cette langue s&rsquo;est \u00e9veill\u00e9 et qu&rsquo;elle lui a permis de renouer <strong>avec son identit\u00e9 nationale et culturelle.<\/strong><\/p>\n<p style=\"text-align: justify;\">\u00ab Quand tous les enfants cool jouaient au football dans la cour de r\u00e9cr\u00e9ation, j&rsquo;apprenais le cornique \u00bb, dit-il en riant. \u00ab J&rsquo;ai toujours \u00e9t\u00e9 conscient de l&rsquo;existence de cette langue et du fait qu&rsquo;il s&rsquo;agit de quelque chose de vraiment sp\u00e9cial. C&rsquo;est comme un g\u00e9ant endormi ou une graine non germ\u00e9e qui \u00e9tait en train de cuire, attendant de fleurir.<\/p>\n<p style=\"text-align: justify;\">\u00ab <strong>Puis j&rsquo;ai fait un voyage scolaire en Bretagne et j&rsquo;ai r\u00e9alis\u00e9 que je pouvais aussi comprendre leurs noms de lieux.<\/strong> Quand on commence \u00e0 visiter d&rsquo;autres endroits, on se rend compte de l&rsquo;importance de cet aspect de notre identit\u00e9 culturelle et de l&rsquo;avantage qu&rsquo;il y a pour [la Cornouailles] \u00e0 poss\u00e9der un tr\u00e9sor aussi peu exploit\u00e9.\u00a0\u00bb<\/p>\n<p style=\"text-align: justify;\">En 2010, l&rsquo;Unesco a reclass\u00e9 le cornique d&rsquo;\u00ab \u00e9teint \u00bb \u00e0 \u00ab en danger critique d&rsquo;extinction \u00bb, car la langue est pass\u00e9e du monde universitaire \u00e0 l&rsquo;enseignement et \u00e0 l&rsquo;utilisation courants. Le d\u00e9bat sur l&rsquo;extinction de la langue cornique est controvers\u00e9, mais beaucoup s&rsquo;accordent \u00e0 dire qu&rsquo;elle a connu un renouveau, en particulier au cours de la derni\u00e8re d\u00e9cennie.<\/p>\n<p>Source : <a href=\"https:\/\/www.cornwalllive.com\/news\/cornwall-news\/revival-cornwalls-native-language-more-9358145#google_vignette\">Cornwall Live<\/a><\/p>\n","protected":false},"excerpt":{"rendered":"<p>De nos jours, de plus en plus de Cornouaillais consid\u00e8rent que l&rsquo;apprentissage de la langue officielle de la Cornouailles est d&rsquo;une grande importance pour leur identit\u00e9 et leur patrimoine. Cela a entra\u00een\u00e9 une renaissance de cette langue ancienne, qui s&rsquo;inscrit dans la modernit\u00e9. Le kernewek (ou cornique) a \u00e9t\u00e9 reconnu par le gouvernement britannique en [&hellip;]<\/p>\n","protected":false},"author":1,"featured_media":3117,"comment_status":"open","ping_status":"open","sticky":false,"template":"","format":"standard","meta":{"sb_editor_width":"","footnotes":""},"categories":[66,65],"tags":[],"class_list":["post-3116","post","type-post","status-publish","format-standard","has-post-thumbnail","hentry","category-international","category-principale"],"relative_dates":{"created":"1 an ago","modified":"1 an ago"},"yoast_head":"<!-- This site is optimized with the Yoast SEO plugin v26.3 - https:\/\/yoast.com\/wordpress\/plugins\/seo\/ -->\n<title>Les raisons pour lesquelles de plus en plus de personnes apprennent le breton de Cornouailles - STOURM<\/title>\n<meta name=\"robots\" content=\"index, follow, max-snippet:-1, max-image-preview:large, max-video-preview:-1\" \/>\n<link rel=\"canonical\" href=\"https:\/\/stourm.news\/?p=3116\" \/>\n<meta property=\"og:locale\" content=\"fr_FR\" \/>\n<meta property=\"og:type\" content=\"article\" \/>\n<meta property=\"og:title\" content=\"Les raisons pour lesquelles de plus en plus de personnes apprennent le breton de Cornouailles - STOURM\" \/>\n<meta property=\"og:description\" content=\"De nos jours, de plus en plus de Cornouaillais consid\u00e8rent que l&rsquo;apprentissage de la langue officielle de la Cornouailles est d&rsquo;une grande importance pour leur identit\u00e9 et leur patrimoine. Cela a entra\u00een\u00e9 une renaissance de cette langue ancienne, qui s&rsquo;inscrit dans la modernit\u00e9. Le kernewek (ou cornique) a \u00e9t\u00e9 reconnu par le gouvernement britannique en [&hellip;]\" \/>\n<meta property=\"og:url\" content=\"https:\/\/stourm.news\/?p=3116\" \/>\n<meta property=\"og:site_name\" content=\"STOURM\" \/>\n<meta property=\"article:publisher\" content=\"https:\/\/www.facebook.com\/stourmnews\/\" \/>\n<meta property=\"article:published_time\" content=\"2024-12-29T11:24:31+00:00\" \/>\n<meta property=\"og:image\" content=\"https:\/\/stourm.news\/wp-content\/uploads\/2024\/12\/0_JS208014583.webp\" \/>\n\t<meta property=\"og:image:width\" content=\"1200\" \/>\n\t<meta property=\"og:image:height\" content=\"675\" \/>\n\t<meta property=\"og:image:type\" content=\"image\/webp\" \/>\n<meta name=\"author\" content=\"La r\u00e9daction\" \/>\n<meta name=\"twitter:card\" content=\"summary_large_image\" \/>\n<meta name=\"twitter:label1\" content=\"\u00c9crit par\" \/>\n\t<meta name=\"twitter:data1\" content=\"La r\u00e9daction\" \/>\n\t<meta name=\"twitter:label2\" content=\"Dur\u00e9e de lecture estim\u00e9e\" \/>\n\t<meta name=\"twitter:data2\" content=\"7 minutes\" \/>\n<script type=\"application\/ld+json\" class=\"yoast-schema-graph\">{\"@context\":\"https:\/\/schema.org\",\"@graph\":[{\"@type\":\"Article\",\"@id\":\"https:\/\/stourm.news\/?p=3116#article\",\"isPartOf\":{\"@id\":\"https:\/\/stourm.news\/?p=3116\"},\"author\":{\"name\":\"La r\u00e9daction\",\"@id\":\"https:\/\/stourm.news\/#\/schema\/person\/c3e1dc65988632e190969234ef046cf9\"},\"headline\":\"Les raisons pour lesquelles de plus en plus de personnes apprennent le breton de Cornouailles\",\"datePublished\":\"2024-12-29T11:24:31+00:00\",\"mainEntityOfPage\":{\"@id\":\"https:\/\/stourm.news\/?p=3116\"},\"wordCount\":1302,\"commentCount\":1,\"publisher\":{\"@id\":\"https:\/\/stourm.news\/#organization\"},\"image\":{\"@id\":\"https:\/\/stourm.news\/?p=3116#primaryimage\"},\"thumbnailUrl\":\"https:\/\/stourm.news\/wp-content\/uploads\/2024\/12\/0_JS208014583.webp\",\"articleSection\":[\"International\",\"Principale\"],\"inLanguage\":\"fr-FR\",\"potentialAction\":[{\"@type\":\"CommentAction\",\"name\":\"Comment\",\"target\":[\"https:\/\/stourm.news\/?p=3116#respond\"]}]},{\"@type\":\"WebPage\",\"@id\":\"https:\/\/stourm.news\/?p=3116\",\"url\":\"https:\/\/stourm.news\/?p=3116\",\"name\":\"Les raisons pour lesquelles de plus en plus de personnes apprennent le breton de Cornouailles - STOURM\",\"isPartOf\":{\"@id\":\"https:\/\/stourm.news\/#website\"},\"primaryImageOfPage\":{\"@id\":\"https:\/\/stourm.news\/?p=3116#primaryimage\"},\"image\":{\"@id\":\"https:\/\/stourm.news\/?p=3116#primaryimage\"},\"thumbnailUrl\":\"https:\/\/stourm.news\/wp-content\/uploads\/2024\/12\/0_JS208014583.webp\",\"datePublished\":\"2024-12-29T11:24:31+00:00\",\"breadcrumb\":{\"@id\":\"https:\/\/stourm.news\/?p=3116#breadcrumb\"},\"inLanguage\":\"fr-FR\",\"potentialAction\":[{\"@type\":\"ReadAction\",\"target\":[\"https:\/\/stourm.news\/?p=3116\"]}]},{\"@type\":\"ImageObject\",\"inLanguage\":\"fr-FR\",\"@id\":\"https:\/\/stourm.news\/?p=3116#primaryimage\",\"url\":\"https:\/\/stourm.news\/wp-content\/uploads\/2024\/12\/0_JS208014583.webp\",\"contentUrl\":\"https:\/\/stourm.news\/wp-content\/uploads\/2024\/12\/0_JS208014583.webp\",\"width\":1200,\"height\":675},{\"@type\":\"BreadcrumbList\",\"@id\":\"https:\/\/stourm.news\/?p=3116#breadcrumb\",\"itemListElement\":[{\"@type\":\"ListItem\",\"position\":1,\"name\":\"Accueil\",\"item\":\"https:\/\/stourm.news\/\"},{\"@type\":\"ListItem\",\"position\":2,\"name\":\"Les raisons pour lesquelles de plus en plus de personnes apprennent le breton de Cornouailles\"}]},{\"@type\":\"WebSite\",\"@id\":\"https:\/\/stourm.news\/#website\",\"url\":\"https:\/\/stourm.news\/\",\"name\":\"Stourm\",\"description\":\"Kazetenn Strollad Broadel Breizh\",\"publisher\":{\"@id\":\"https:\/\/stourm.news\/#organization\"},\"potentialAction\":[{\"@type\":\"SearchAction\",\"target\":{\"@type\":\"EntryPoint\",\"urlTemplate\":\"https:\/\/stourm.news\/?s={search_term_string}\"},\"query-input\":{\"@type\":\"PropertyValueSpecification\",\"valueRequired\":true,\"valueName\":\"search_term_string\"}}],\"inLanguage\":\"fr-FR\"},{\"@type\":\"Organization\",\"@id\":\"https:\/\/stourm.news\/#organization\",\"name\":\"Stourm\",\"url\":\"https:\/\/stourm.news\/\",\"logo\":{\"@type\":\"ImageObject\",\"inLanguage\":\"fr-FR\",\"@id\":\"https:\/\/stourm.news\/#\/schema\/logo\/image\/\",\"url\":\"https:\/\/stourm.news\/wp-content\/uploads\/2025\/11\/cropped-Capture-decran-2025-11-28-a-15.19.07.png\",\"contentUrl\":\"https:\/\/stourm.news\/wp-content\/uploads\/2025\/11\/cropped-Capture-decran-2025-11-28-a-15.19.07.png\",\"width\":1855,\"height\":383,\"caption\":\"Stourm\"},\"image\":{\"@id\":\"https:\/\/stourm.news\/#\/schema\/logo\/image\/\"},\"sameAs\":[\"https:\/\/www.facebook.com\/stourmnews\/\"]},{\"@type\":\"Person\",\"@id\":\"https:\/\/stourm.news\/#\/schema\/person\/c3e1dc65988632e190969234ef046cf9\",\"name\":\"La r\u00e9daction\",\"image\":{\"@type\":\"ImageObject\",\"inLanguage\":\"fr-FR\",\"@id\":\"https:\/\/stourm.news\/#\/schema\/person\/image\/\",\"url\":\"https:\/\/secure.gravatar.com\/avatar\/7463443f194b6b5fb706b074ca0ef59a0cfcfd720cb47764b0ec5a952ce422b3?s=96&d=mm&r=g\",\"contentUrl\":\"https:\/\/secure.gravatar.com\/avatar\/7463443f194b6b5fb706b074ca0ef59a0cfcfd720cb47764b0ec5a952ce422b3?s=96&d=mm&r=g\",\"caption\":\"La r\u00e9daction\"},\"sameAs\":[\"https:\/\/stourm.news\"],\"url\":\"https:\/\/stourm.news\/?author=1\"}]}<\/script>\n<!-- \/ Yoast SEO plugin. -->","yoast_head_json":{"title":"Les raisons pour lesquelles de plus en plus de personnes apprennent le breton de Cornouailles - STOURM","robots":{"index":"index","follow":"follow","max-snippet":"max-snippet:-1","max-image-preview":"max-image-preview:large","max-video-preview":"max-video-preview:-1"},"canonical":"https:\/\/stourm.news\/?p=3116","og_locale":"fr_FR","og_type":"article","og_title":"Les raisons pour lesquelles de plus en plus de personnes apprennent le breton de Cornouailles - STOURM","og_description":"De nos jours, de plus en plus de Cornouaillais consid\u00e8rent que l&rsquo;apprentissage de la langue officielle de la Cornouailles est d&rsquo;une grande importance pour leur identit\u00e9 et leur patrimoine. Cela a entra\u00een\u00e9 une renaissance de cette langue ancienne, qui s&rsquo;inscrit dans la modernit\u00e9. Le kernewek (ou cornique) a \u00e9t\u00e9 reconnu par le gouvernement britannique en [&hellip;]","og_url":"https:\/\/stourm.news\/?p=3116","og_site_name":"STOURM","article_publisher":"https:\/\/www.facebook.com\/stourmnews\/","article_published_time":"2024-12-29T11:24:31+00:00","og_image":[{"width":1200,"height":675,"url":"https:\/\/stourm.news\/wp-content\/uploads\/2024\/12\/0_JS208014583.webp","type":"image\/webp"}],"author":"La r\u00e9daction","twitter_card":"summary_large_image","twitter_misc":{"\u00c9crit par":"La r\u00e9daction","Dur\u00e9e de lecture estim\u00e9e":"7 minutes"},"schema":{"@context":"https:\/\/schema.org","@graph":[{"@type":"Article","@id":"https:\/\/stourm.news\/?p=3116#article","isPartOf":{"@id":"https:\/\/stourm.news\/?p=3116"},"author":{"name":"La r\u00e9daction","@id":"https:\/\/stourm.news\/#\/schema\/person\/c3e1dc65988632e190969234ef046cf9"},"headline":"Les raisons pour lesquelles de plus en plus de personnes apprennent le breton de Cornouailles","datePublished":"2024-12-29T11:24:31+00:00","mainEntityOfPage":{"@id":"https:\/\/stourm.news\/?p=3116"},"wordCount":1302,"commentCount":1,"publisher":{"@id":"https:\/\/stourm.news\/#organization"},"image":{"@id":"https:\/\/stourm.news\/?p=3116#primaryimage"},"thumbnailUrl":"https:\/\/stourm.news\/wp-content\/uploads\/2024\/12\/0_JS208014583.webp","articleSection":["International","Principale"],"inLanguage":"fr-FR","potentialAction":[{"@type":"CommentAction","name":"Comment","target":["https:\/\/stourm.news\/?p=3116#respond"]}]},{"@type":"WebPage","@id":"https:\/\/stourm.news\/?p=3116","url":"https:\/\/stourm.news\/?p=3116","name":"Les raisons pour lesquelles de plus en plus de personnes apprennent le breton de Cornouailles - STOURM","isPartOf":{"@id":"https:\/\/stourm.news\/#website"},"primaryImageOfPage":{"@id":"https:\/\/stourm.news\/?p=3116#primaryimage"},"image":{"@id":"https:\/\/stourm.news\/?p=3116#primaryimage"},"thumbnailUrl":"https:\/\/stourm.news\/wp-content\/uploads\/2024\/12\/0_JS208014583.webp","datePublished":"2024-12-29T11:24:31+00:00","breadcrumb":{"@id":"https:\/\/stourm.news\/?p=3116#breadcrumb"},"inLanguage":"fr-FR","potentialAction":[{"@type":"ReadAction","target":["https:\/\/stourm.news\/?p=3116"]}]},{"@type":"ImageObject","inLanguage":"fr-FR","@id":"https:\/\/stourm.news\/?p=3116#primaryimage","url":"https:\/\/stourm.news\/wp-content\/uploads\/2024\/12\/0_JS208014583.webp","contentUrl":"https:\/\/stourm.news\/wp-content\/uploads\/2024\/12\/0_JS208014583.webp","width":1200,"height":675},{"@type":"BreadcrumbList","@id":"https:\/\/stourm.news\/?p=3116#breadcrumb","itemListElement":[{"@type":"ListItem","position":1,"name":"Accueil","item":"https:\/\/stourm.news\/"},{"@type":"ListItem","position":2,"name":"Les raisons pour lesquelles de plus en plus de personnes apprennent le breton de Cornouailles"}]},{"@type":"WebSite","@id":"https:\/\/stourm.news\/#website","url":"https:\/\/stourm.news\/","name":"Stourm","description":"Kazetenn Strollad Broadel Breizh","publisher":{"@id":"https:\/\/stourm.news\/#organization"},"potentialAction":[{"@type":"SearchAction","target":{"@type":"EntryPoint","urlTemplate":"https:\/\/stourm.news\/?s={search_term_string}"},"query-input":{"@type":"PropertyValueSpecification","valueRequired":true,"valueName":"search_term_string"}}],"inLanguage":"fr-FR"},{"@type":"Organization","@id":"https:\/\/stourm.news\/#organization","name":"Stourm","url":"https:\/\/stourm.news\/","logo":{"@type":"ImageObject","inLanguage":"fr-FR","@id":"https:\/\/stourm.news\/#\/schema\/logo\/image\/","url":"https:\/\/stourm.news\/wp-content\/uploads\/2025\/11\/cropped-Capture-decran-2025-11-28-a-15.19.07.png","contentUrl":"https:\/\/stourm.news\/wp-content\/uploads\/2025\/11\/cropped-Capture-decran-2025-11-28-a-15.19.07.png","width":1855,"height":383,"caption":"Stourm"},"image":{"@id":"https:\/\/stourm.news\/#\/schema\/logo\/image\/"},"sameAs":["https:\/\/www.facebook.com\/stourmnews\/"]},{"@type":"Person","@id":"https:\/\/stourm.news\/#\/schema\/person\/c3e1dc65988632e190969234ef046cf9","name":"La r\u00e9daction","image":{"@type":"ImageObject","inLanguage":"fr-FR","@id":"https:\/\/stourm.news\/#\/schema\/person\/image\/","url":"https:\/\/secure.gravatar.com\/avatar\/7463443f194b6b5fb706b074ca0ef59a0cfcfd720cb47764b0ec5a952ce422b3?s=96&d=mm&r=g","contentUrl":"https:\/\/secure.gravatar.com\/avatar\/7463443f194b6b5fb706b074ca0ef59a0cfcfd720cb47764b0ec5a952ce422b3?s=96&d=mm&r=g","caption":"La r\u00e9daction"},"sameAs":["https:\/\/stourm.news"],"url":"https:\/\/stourm.news\/?author=1"}]}},"_links":{"self":[{"href":"https:\/\/stourm.news\/index.php?rest_route=\/wp\/v2\/posts\/3116","targetHints":{"allow":["GET"]}}],"collection":[{"href":"https:\/\/stourm.news\/index.php?rest_route=\/wp\/v2\/posts"}],"about":[{"href":"https:\/\/stourm.news\/index.php?rest_route=\/wp\/v2\/types\/post"}],"author":[{"embeddable":true,"href":"https:\/\/stourm.news\/index.php?rest_route=\/wp\/v2\/users\/1"}],"replies":[{"embeddable":true,"href":"https:\/\/stourm.news\/index.php?rest_route=%2Fwp%2Fv2%2Fcomments&post=3116"}],"version-history":[{"count":1,"href":"https:\/\/stourm.news\/index.php?rest_route=\/wp\/v2\/posts\/3116\/revisions"}],"predecessor-version":[{"id":3118,"href":"https:\/\/stourm.news\/index.php?rest_route=\/wp\/v2\/posts\/3116\/revisions\/3118"}],"wp:featuredmedia":[{"embeddable":true,"href":"https:\/\/stourm.news\/index.php?rest_route=\/wp\/v2\/media\/3117"}],"wp:attachment":[{"href":"https:\/\/stourm.news\/index.php?rest_route=%2Fwp%2Fv2%2Fmedia&parent=3116"}],"wp:term":[{"taxonomy":"category","embeddable":true,"href":"https:\/\/stourm.news\/index.php?rest_route=%2Fwp%2Fv2%2Fcategories&post=3116"},{"taxonomy":"post_tag","embeddable":true,"href":"https:\/\/stourm.news\/index.php?rest_route=%2Fwp%2Fv2%2Ftags&post=3116"}],"curies":[{"name":"wp","href":"https:\/\/api.w.org\/{rel}","templated":true}]}}